{"id":2796,"date":"2017-11-07T16:41:15","date_gmt":"2017-11-07T16:41:15","guid":{"rendered":"http:\/\/www.altominho.tv\/site\/?p=2796"},"modified":"2017-11-13T00:42:08","modified_gmt":"2017-11-13T00:42:08","slug":"norte-2020-com-novo-concurso-para-apoiar-aumento-de-areas-de-acolhimento-empresarial","status":"publish","type":"post","link":"https:\/\/www.altominho.tv\/site\/2017\/11\/07\/norte-2020-com-novo-concurso-para-apoiar-aumento-de-areas-de-acolhimento-empresarial\/","title":{"rendered":"Norte 2020 com novo concurso para apoiar aumento de \u00e1reas de acolhimento empresarial"},"content":{"rendered":"<div>A autoridade de gest\u00e3o do programa operacional Norte 2020 lan\u00e7ou um novo concurso, de 22,5 milh\u00f5es de euros, destinado a apoiar investimentos de expans\u00e3o ou aumento de capacidade de \u00e1reas de acolhimento empresarial da regi\u00e3o, foi hoje anunciado.<\/div>\n<div>Segundo a Comiss\u00e3o de Coordena\u00e7\u00e3o e Desenvolvimento Regional do Norte (CCDR-N), entidade gestora do Norte 2020, o objetivo \u00e9 \u201ctornar a regi\u00e3o mais competitiva, capacitando e melhorando as condi\u00e7\u00f5es de instala\u00e7\u00e3o de empresas, bem como potenciando economias de aglomera\u00e7\u00e3o e de rede\u201d, pode ler-se na p\u00e1gina de Internet dedicada ao programa.<\/div>\n<div>Com candidaturas a decorrer at\u00e9 28 de dezembro, o concurso prev\u00ea aplicar 22,5 milh\u00f5es de euros de fundos comunit\u00e1rios e atribuir uma taxa m\u00e1xima de financiamento na ordem dos 85%.<\/div>\n<blockquote>\n<div>\u201cPodem concorrer a este apoio munic\u00edpios, empresas municipais, associa\u00e7\u00f5es de munic\u00edpios ou entidades gestoras de parques empresariais que j\u00e1 tenham uma decis\u00e3o de admissibilidade favor\u00e1vel no \u00e2mbito do concurso anterior \u2018Pr\u00e9-qualifica\u00e7\u00e3o de Opera\u00e7\u00f5es de Acolhimento Empresarial\u2019\u201d, indica a CCDR-N.<\/div>\n<\/blockquote>\n<div><\/div>\n","protected":false},"excerpt":{"rendered":"<p>A autoridade de gest\u00e3o do programa operacional Norte 2020 lan\u00e7ou um novo concurso, de 22,5 milh\u00f5es de euros, destinado a apoiar investimentos de expans\u00e3o ou aumento de capacidade de \u00e1reas de acolhimento empresarial da regi\u00e3o, foi hoje anunciado. Segundo a Comiss\u00e3o de Coordena\u00e7\u00e3o e Desenvolvimento Regional do Norte (CCDR-N), entidade gestora do Norte 2020, o [&hellip;]<\/p>\n","protected":false},"author":6,"featured_media":2797,"comment_status":"open","ping_status":"closed","sticky":false,"template":"","format":"standard","meta":{"_exactmetrics_skip_tracking":false,"_exactmetrics_sitenote_active":false,"_exactmetrics_sitenote_note":"","_exactmetrics_sitenote_category":0,"footnotes":""},"categories":[73],"tags":[21],"class_list":["post-2796","post","type-post","status-publish","format-standard","has-post-thumbnail","hentry","category-alto-minho","tag-economia"],"yoast_head":"<!-- This site is optimized with the Yoast SEO Premium plugin v27.5 (Yoast SEO v27.5) - https:\/\/yoast.com\/product\/yoast-seo-premium-wordpress\/ -->\n<title>Norte 2020 com novo concurso para apoiar aumento de \u00e1reas de acolhimento empresarial<\/title>\n<meta name=\"robots\" content=\"index, follow, max-snippet:-1, max-image-preview:large, max-video-preview:-1\" \/>\n<link rel=\"canonical\" href=\"https:\/\/www.altominho.tv\/site\/2017\/11\/07\/norte-2020-com-novo-concurso-para-apoiar-aumento-de-areas-de-acolhimento-empresarial\/\" \/>\n<meta property=\"og:locale\" content=\"pt_PT\" \/>\n<meta property=\"og:type\" content=\"article\" \/>\n<meta property=\"og:title\" content=\"Norte 2020 com novo concurso para apoiar aumento de \u00e1reas de acolhimento empresarial\" \/>\n<meta property=\"og:description\" content=\"A autoridade de gest\u00e3o do programa operacional Norte 2020 lan\u00e7ou um novo concurso, de 22,5 milh\u00f5es de euros, destinado a apoiar investimentos de expans\u00e3o ou aumento de capacidade de \u00e1reas de acolhimento empresarial da regi\u00e3o, foi hoje anunciado. Segundo a Comiss\u00e3o de Coordena\u00e7\u00e3o e Desenvolvimento Regional do Norte (CCDR-N), entidade gestora do Norte 2020, o [&hellip;]\" \/>\n<meta property=\"og:url\" content=\"https:\/\/www.altominho.tv\/site\/2017\/11\/07\/norte-2020-com-novo-concurso-para-apoiar-aumento-de-areas-de-acolhimento-empresarial\/\" \/>\n<meta property=\"og:site_name\" content=\"Altominho.tv\" \/>\n<meta property=\"article:publisher\" content=\"https:\/\/www.facebook.com\/altominhotv\" \/>\n<meta property=\"article:published_time\" content=\"2017-11-07T16:41:15+00:00\" \/>\n<meta property=\"article:modified_time\" content=\"2017-11-13T00:42:08+00:00\" \/>\n<meta property=\"og:image\" content=\"https:\/\/www.altominho.tv\/site\/wp-content\/uploads\/2017\/11\/2020.jpg\" \/>\n\t<meta property=\"og:image:width\" content=\"600\" \/>\n\t<meta property=\"og:image:height\" content=\"400\" \/>\n\t<meta property=\"og:image:type\" content=\"image\/jpeg\" \/>\n<meta name=\"author\" content=\"C\u00e1tia Malheiro\" \/>\n<meta name=\"twitter:card\" content=\"summary_large_image\" \/>\n<meta name=\"twitter:creator\" content=\"@altominhoTV\" \/>\n<meta name=\"twitter:site\" content=\"@altominhoTV\" \/>\n<meta name=\"twitter:label1\" content=\"Escrito por\" \/>\n\t<meta name=\"twitter:data1\" content=\"C\u00e1tia Malheiro\" \/>\n\t<meta name=\"twitter:label2\" content=\"Tempo estimado de leitura\" \/>\n\t<meta name=\"twitter:data2\" content=\"1 minuto\" \/>\n<script type=\"application\/ld+json\" class=\"yoast-schema-graph\">{\"@context\":\"https:\\\/\\\/schema.org\",\"@graph\":[{\"@type\":\"Article\",\"@id\":\"https:\\\/\\\/www.altominho.tv\\\/site\\\/2017\\\/11\\\/07\\\/norte-2020-com-novo-concurso-para-apoiar-aumento-de-areas-de-acolhimento-empresarial\\\/#article\",\"isPartOf\":{\"@id\":\"https:\\\/\\\/www.altominho.tv\\\/site\\\/2017\\\/11\\\/07\\\/norte-2020-com-novo-concurso-para-apoiar-aumento-de-areas-de-acolhimento-empresarial\\\/\"},\"author\":{\"name\":\"C\u00e1tia Malheiro\",\"@id\":\"https:\\\/\\\/www.altominho.tv\\\/site\\\/#\\\/schema\\\/person\\\/5c9404a8b438614c93da6ca09db92574\"},\"headline\":\"Norte 2020 com novo concurso para apoiar aumento de \u00e1reas de acolhimento empresarial\",\"datePublished\":\"2017-11-07T16:41:15+00:00\",\"dateModified\":\"2017-11-13T00:42:08+00:00\",\"mainEntityOfPage\":{\"@id\":\"https:\\\/\\\/www.altominho.tv\\\/site\\\/2017\\\/11\\\/07\\\/norte-2020-com-novo-concurso-para-apoiar-aumento-de-areas-de-acolhimento-empresarial\\\/\"},\"wordCount\":186,\"commentCount\":0,\"image\":{\"@id\":\"https:\\\/\\\/www.altominho.tv\\\/site\\\/2017\\\/11\\\/07\\\/norte-2020-com-novo-concurso-para-apoiar-aumento-de-areas-de-acolhimento-empresarial\\\/#primaryimage\"},\"thumbnailUrl\":\"https:\\\/\\\/www.altominho.tv\\\/site\\\/wp-content\\\/uploads\\\/2017\\\/11\\\/2020.jpg\",\"keywords\":[\"Economia\"],\"articleSection\":[\"Alto Minho\"],\"inLanguage\":\"pt-PT\",\"potentialAction\":[{\"@type\":\"CommentAction\",\"name\":\"Comment\",\"target\":[\"https:\\\/\\\/www.altominho.tv\\\/site\\\/2017\\\/11\\\/07\\\/norte-2020-com-novo-concurso-para-apoiar-aumento-de-areas-de-acolhimento-empresarial\\\/#respond\"]}],\"copyrightYear\":\"2017\",\"copyrightHolder\":{\"@id\":\"https:\\\/\\\/www.altominho.tv\\\/site\\\/#organization\"}},{\"@type\":\"WebPage\",\"@id\":\"https:\\\/\\\/www.altominho.tv\\\/site\\\/2017\\\/11\\\/07\\\/norte-2020-com-novo-concurso-para-apoiar-aumento-de-areas-de-acolhimento-empresarial\\\/\",\"url\":\"https:\\\/\\\/www.altominho.tv\\\/site\\\/2017\\\/11\\\/07\\\/norte-2020-com-novo-concurso-para-apoiar-aumento-de-areas-de-acolhimento-empresarial\\\/\",\"name\":\"Norte 2020 com novo concurso para apoiar aumento de \u00e1reas de acolhimento empresarial\",\"isPartOf\":{\"@id\":\"https:\\\/\\\/www.altominho.tv\\\/site\\\/#website\"},\"primaryImageOfPage\":{\"@id\":\"https:\\\/\\\/www.altominho.tv\\\/site\\\/2017\\\/11\\\/07\\\/norte-2020-com-novo-concurso-para-apoiar-aumento-de-areas-de-acolhimento-empresarial\\\/#primaryimage\"},\"image\":{\"@id\":\"https:\\\/\\\/www.altominho.tv\\\/site\\\/2017\\\/11\\\/07\\\/norte-2020-com-novo-concurso-para-apoiar-aumento-de-areas-de-acolhimento-empresarial\\\/#primaryimage\"},\"thumbnailUrl\":\"https:\\\/\\\/www.altominho.tv\\\/site\\\/wp-content\\\/uploads\\\/2017\\\/11\\\/2020.jpg\",\"datePublished\":\"2017-11-07T16:41:15+00:00\",\"dateModified\":\"2017-11-13T00:42:08+00:00\",\"author\":{\"@id\":\"https:\\\/\\\/www.altominho.tv\\\/site\\\/#\\\/schema\\\/person\\\/5c9404a8b438614c93da6ca09db92574\"},\"breadcrumb\":{\"@id\":\"https:\\\/\\\/www.altominho.tv\\\/site\\\/2017\\\/11\\\/07\\\/norte-2020-com-novo-concurso-para-apoiar-aumento-de-areas-de-acolhimento-empresarial\\\/#breadcrumb\"},\"inLanguage\":\"pt-PT\",\"potentialAction\":[{\"@type\":\"ReadAction\",\"target\":[\"https:\\\/\\\/www.altominho.tv\\\/site\\\/2017\\\/11\\\/07\\\/norte-2020-com-novo-concurso-para-apoiar-aumento-de-areas-de-acolhimento-empresarial\\\/\"]}]},{\"@type\":\"ImageObject\",\"inLanguage\":\"pt-PT\",\"@id\":\"https:\\\/\\\/www.altominho.tv\\\/site\\\/2017\\\/11\\\/07\\\/norte-2020-com-novo-concurso-para-apoiar-aumento-de-areas-de-acolhimento-empresarial\\\/#primaryimage\",\"url\":\"https:\\\/\\\/www.altominho.tv\\\/site\\\/wp-content\\\/uploads\\\/2017\\\/11\\\/2020.jpg\",\"contentUrl\":\"https:\\\/\\\/www.altominho.tv\\\/site\\\/wp-content\\\/uploads\\\/2017\\\/11\\\/2020.jpg\",\"width\":600,\"height\":400},{\"@type\":\"BreadcrumbList\",\"@id\":\"https:\\\/\\\/www.altominho.tv\\\/site\\\/2017\\\/11\\\/07\\\/norte-2020-com-novo-concurso-para-apoiar-aumento-de-areas-de-acolhimento-empresarial\\\/#breadcrumb\",\"itemListElement\":[{\"@type\":\"ListItem\",\"position\":1,\"name\":\"In\u00edcio\",\"item\":\"https:\\\/\\\/www.altominho.tv\\\/site\\\/\"},{\"@type\":\"ListItem\",\"position\":2,\"name\":\"Norte 2020 com novo concurso para apoiar aumento de \u00e1reas de acolhimento empresarial\"}]},{\"@type\":\"WebSite\",\"@id\":\"https:\\\/\\\/www.altominho.tv\\\/site\\\/#website\",\"url\":\"https:\\\/\\\/www.altominho.tv\\\/site\\\/\",\"name\":\"Altominho.tv\",\"description\":\"A sua regi\u00e3o \u00e0 dist\u00e2ncia de um clique...\",\"potentialAction\":[{\"@type\":\"SearchAction\",\"target\":{\"@type\":\"EntryPoint\",\"urlTemplate\":\"https:\\\/\\\/www.altominho.tv\\\/site\\\/?s={search_term_string}\"},\"query-input\":{\"@type\":\"PropertyValueSpecification\",\"valueRequired\":true,\"valueName\":\"search_term_string\"}}],\"inLanguage\":\"pt-PT\"},{\"@type\":\"Person\",\"@id\":\"https:\\\/\\\/www.altominho.tv\\\/site\\\/#\\\/schema\\\/person\\\/5c9404a8b438614c93da6ca09db92574\",\"name\":\"C\u00e1tia Malheiro\",\"image\":{\"@type\":\"ImageObject\",\"inLanguage\":\"pt-PT\",\"@id\":\"https:\\\/\\\/www.altominho.tv\\\/site\\\/wp-content\\\/uploads\\\/2017\\\/11\\\/Catia_Malheiro-150x150.jpg\",\"url\":\"https:\\\/\\\/www.altominho.tv\\\/site\\\/wp-content\\\/uploads\\\/2017\\\/11\\\/Catia_Malheiro-150x150.jpg\",\"contentUrl\":\"https:\\\/\\\/www.altominho.tv\\\/site\\\/wp-content\\\/uploads\\\/2017\\\/11\\\/Catia_Malheiro-150x150.jpg\",\"caption\":\"C\u00e1tia Malheiro\"},\"url\":\"https:\\\/\\\/www.altominho.tv\\\/site\\\/author\\\/catiamalheiro\\\/\"}]}<\/script>\n<!-- \/ Yoast SEO Premium plugin. -->","yoast_head_json":{"title":"Norte 2020 com novo concurso para apoiar aumento de \u00e1reas de acolhimento empresarial","robots":{"index":"index","follow":"follow","max-snippet":"max-snippet:-1","max-image-preview":"max-image-preview:large","max-video-preview":"max-video-preview:-1"},"canonical":"https:\/\/www.altominho.tv\/site\/2017\/11\/07\/norte-2020-com-novo-concurso-para-apoiar-aumento-de-areas-de-acolhimento-empresarial\/","og_locale":"pt_PT","og_type":"article","og_title":"Norte 2020 com novo concurso para apoiar aumento de \u00e1reas de acolhimento empresarial","og_description":"A autoridade de gest\u00e3o do programa operacional Norte 2020 lan\u00e7ou um novo concurso, de 22,5 milh\u00f5es de euros, destinado a apoiar investimentos de expans\u00e3o ou aumento de capacidade de \u00e1reas de acolhimento empresarial da regi\u00e3o, foi hoje anunciado. Segundo a Comiss\u00e3o de Coordena\u00e7\u00e3o e Desenvolvimento Regional do Norte (CCDR-N), entidade gestora do Norte 2020, o [&hellip;]","og_url":"https:\/\/www.altominho.tv\/site\/2017\/11\/07\/norte-2020-com-novo-concurso-para-apoiar-aumento-de-areas-de-acolhimento-empresarial\/","og_site_name":"Altominho.tv","article_publisher":"https:\/\/www.facebook.com\/altominhotv","article_published_time":"2017-11-07T16:41:15+00:00","article_modified_time":"2017-11-13T00:42:08+00:00","og_image":[{"width":600,"height":400,"url":"https:\/\/www.altominho.tv\/site\/wp-content\/uploads\/2017\/11\/2020.jpg","type":"image\/jpeg"}],"author":"C\u00e1tia Malheiro","twitter_card":"summary_large_image","twitter_creator":"@altominhoTV","twitter_site":"@altominhoTV","twitter_misc":{"Escrito por":"C\u00e1tia Malheiro","Tempo estimado de leitura":"1 minuto"},"schema":{"@context":"https:\/\/schema.org","@graph":[{"@type":"Article","@id":"https:\/\/www.altominho.tv\/site\/2017\/11\/07\/norte-2020-com-novo-concurso-para-apoiar-aumento-de-areas-de-acolhimento-empresarial\/#article","isPartOf":{"@id":"https:\/\/www.altominho.tv\/site\/2017\/11\/07\/norte-2020-com-novo-concurso-para-apoiar-aumento-de-areas-de-acolhimento-empresarial\/"},"author":{"name":"C\u00e1tia Malheiro","@id":"https:\/\/www.altominho.tv\/site\/#\/schema\/person\/5c9404a8b438614c93da6ca09db92574"},"headline":"Norte 2020 com novo concurso para apoiar aumento de \u00e1reas de acolhimento empresarial","datePublished":"2017-11-07T16:41:15+00:00","dateModified":"2017-11-13T00:42:08+00:00","mainEntityOfPage":{"@id":"https:\/\/www.altominho.tv\/site\/2017\/11\/07\/norte-2020-com-novo-concurso-para-apoiar-aumento-de-areas-de-acolhimento-empresarial\/"},"wordCount":186,"commentCount":0,"image":{"@id":"https:\/\/www.altominho.tv\/site\/2017\/11\/07\/norte-2020-com-novo-concurso-para-apoiar-aumento-de-areas-de-acolhimento-empresarial\/#primaryimage"},"thumbnailUrl":"https:\/\/www.altominho.tv\/site\/wp-content\/uploads\/2017\/11\/2020.jpg","keywords":["Economia"],"articleSection":["Alto Minho"],"inLanguage":"pt-PT","potentialAction":[{"@type":"CommentAction","name":"Comment","target":["https:\/\/www.altominho.tv\/site\/2017\/11\/07\/norte-2020-com-novo-concurso-para-apoiar-aumento-de-areas-de-acolhimento-empresarial\/#respond"]}],"copyrightYear":"2017","copyrightHolder":{"@id":"https:\/\/www.altominho.tv\/site\/#organization"}},{"@type":"WebPage","@id":"https:\/\/www.altominho.tv\/site\/2017\/11\/07\/norte-2020-com-novo-concurso-para-apoiar-aumento-de-areas-de-acolhimento-empresarial\/","url":"https:\/\/www.altominho.tv\/site\/2017\/11\/07\/norte-2020-com-novo-concurso-para-apoiar-aumento-de-areas-de-acolhimento-empresarial\/","name":"Norte 2020 com novo concurso para apoiar aumento de \u00e1reas de acolhimento empresarial","isPartOf":{"@id":"https:\/\/www.altominho.tv\/site\/#website"},"primaryImageOfPage":{"@id":"https:\/\/www.altominho.tv\/site\/2017\/11\/07\/norte-2020-com-novo-concurso-para-apoiar-aumento-de-areas-de-acolhimento-empresarial\/#primaryimage"},"image":{"@id":"https:\/\/www.altominho.tv\/site\/2017\/11\/07\/norte-2020-com-novo-concurso-para-apoiar-aumento-de-areas-de-acolhimento-empresarial\/#primaryimage"},"thumbnailUrl":"https:\/\/www.altominho.tv\/site\/wp-content\/uploads\/2017\/11\/2020.jpg","datePublished":"2017-11-07T16:41:15+00:00","dateModified":"2017-11-13T00:42:08+00:00","author":{"@id":"https:\/\/www.altominho.tv\/site\/#\/schema\/person\/5c9404a8b438614c93da6ca09db92574"},"breadcrumb":{"@id":"https:\/\/www.altominho.tv\/site\/2017\/11\/07\/norte-2020-com-novo-concurso-para-apoiar-aumento-de-areas-de-acolhimento-empresarial\/#breadcrumb"},"inLanguage":"pt-PT","potentialAction":[{"@type":"ReadAction","target":["https:\/\/www.altominho.tv\/site\/2017\/11\/07\/norte-2020-com-novo-concurso-para-apoiar-aumento-de-areas-de-acolhimento-empresarial\/"]}]},{"@type":"ImageObject","inLanguage":"pt-PT","@id":"https:\/\/www.altominho.tv\/site\/2017\/11\/07\/norte-2020-com-novo-concurso-para-apoiar-aumento-de-areas-de-acolhimento-empresarial\/#primaryimage","url":"https:\/\/www.altominho.tv\/site\/wp-content\/uploads\/2017\/11\/2020.jpg","contentUrl":"https:\/\/www.altominho.tv\/site\/wp-content\/uploads\/2017\/11\/2020.jpg","width":600,"height":400},{"@type":"BreadcrumbList","@id":"https:\/\/www.altominho.tv\/site\/2017\/11\/07\/norte-2020-com-novo-concurso-para-apoiar-aumento-de-areas-de-acolhimento-empresarial\/#breadcrumb","itemListElement":[{"@type":"ListItem","position":1,"name":"In\u00edcio","item":"https:\/\/www.altominho.tv\/site\/"},{"@type":"ListItem","position":2,"name":"Norte 2020 com novo concurso para apoiar aumento de \u00e1reas de acolhimento empresarial"}]},{"@type":"WebSite","@id":"https:\/\/www.altominho.tv\/site\/#website","url":"https:\/\/www.altominho.tv\/site\/","name":"Altominho.tv","description":"A sua regi\u00e3o \u00e0 dist\u00e2ncia de um clique...","potentialAction":[{"@type":"SearchAction","target":{"@type":"EntryPoint","urlTemplate":"https:\/\/www.altominho.tv\/site\/?s={search_term_string}"},"query-input":{"@type":"PropertyValueSpecification","valueRequired":true,"valueName":"search_term_string"}}],"inLanguage":"pt-PT"},{"@type":"Person","@id":"https:\/\/www.altominho.tv\/site\/#\/schema\/person\/5c9404a8b438614c93da6ca09db92574","name":"C\u00e1tia Malheiro","image":{"@type":"ImageObject","inLanguage":"pt-PT","@id":"https:\/\/www.altominho.tv\/site\/wp-content\/uploads\/2017\/11\/Catia_Malheiro-150x150.jpg","url":"https:\/\/www.altominho.tv\/site\/wp-content\/uploads\/2017\/11\/Catia_Malheiro-150x150.jpg","contentUrl":"https:\/\/www.altominho.tv\/site\/wp-content\/uploads\/2017\/11\/Catia_Malheiro-150x150.jpg","caption":"C\u00e1tia Malheiro"},"url":"https:\/\/www.altominho.tv\/site\/author\/catiamalheiro\/"}]}},"_links":{"self":[{"href":"https:\/\/www.altominho.tv\/site\/wp-json\/wp\/v2\/posts\/2796","targetHints":{"allow":["GET"]}}],"collection":[{"href":"https:\/\/www.altominho.tv\/site\/wp-json\/wp\/v2\/posts"}],"about":[{"href":"https:\/\/www.altominho.tv\/site\/wp-json\/wp\/v2\/types\/post"}],"author":[{"embeddable":true,"href":"https:\/\/www.altominho.tv\/site\/wp-json\/wp\/v2\/users\/6"}],"replies":[{"embeddable":true,"href":"https:\/\/www.altominho.tv\/site\/wp-json\/wp\/v2\/comments?post=2796"}],"version-history":[{"count":0,"href":"https:\/\/www.altominho.tv\/site\/wp-json\/wp\/v2\/posts\/2796\/revisions"}],"wp:featuredmedia":[{"embeddable":true,"href":"https:\/\/www.altominho.tv\/site\/wp-json\/wp\/v2\/media\/2797"}],"wp:attachment":[{"href":"https:\/\/www.altominho.tv\/site\/wp-json\/wp\/v2\/media?parent=2796"}],"wp:term":[{"taxonomy":"category","embeddable":true,"href":"https:\/\/www.altominho.tv\/site\/wp-json\/wp\/v2\/categories?post=2796"},{"taxonomy":"post_tag","embeddable":true,"href":"https:\/\/www.altominho.tv\/site\/wp-json\/wp\/v2\/tags?post=2796"}],"curies":[{"name":"wp","href":"https:\/\/api.w.org\/{rel}","templated":true}]}}