{"id":27496,"date":"2019-04-20T23:00:40","date_gmt":"2019-04-20T22:00:40","guid":{"rendered":"http:\/\/www.altominho.tv\/site\/?p=27496"},"modified":"2019-04-20T23:03:03","modified_gmt":"2019-04-20T22:03:03","slug":"1o-premio-e-medalha-de-ouro-para-o-maestro-lanhelense-lourenco-cruz","status":"publish","type":"post","link":"https:\/\/www.altominho.tv\/site\/2019\/04\/20\/1o-premio-e-medalha-de-ouro-para-o-maestro-lanhelense-lourenco-cruz\/","title":{"rendered":"1\u00ba Pr\u00e9mio e Medalha de Ouro para o Maestro Lanhelense Louren\u00e7o Cruz"},"content":{"rendered":"<h4 dir=\"auto\">O jovem Maestro Lanhelense Louren\u00e7o Cruz foi o grande vencedor do Concurso Internacional de Dire\u00e7\u00e3o de Orquestra, inserido no Workshop de M\u00fasica Sacra 2019, que decorreu entre os dias 8 e 13 de abril, na localidade de Villena, em Alicante, Espanha.<\/h4>\n<div dir=\"auto\">Ap\u00f3s uma semana intensa de forma\u00e7\u00e3o e\u00a0 realiza\u00e7\u00e3o de provas, supervisionadas pelos Maestros Gerardo Estrada (Orquestra da R\u00e1dio e Televis\u00e3o de Bielorr\u00fassia), Yuri Galyas (Orquestra Sinf\u00f3nica do Teatro de Bielorr\u00fassia) e Isidro Alema\u00f1 ( Orquestra Sinf\u00f3nica de Villena), os nove concorrentes oriundos das v\u00e1rias partes do mundo (Col\u00f4mbia, Costa Rica, Equador, Venezuela, It\u00e1lia, Espanha e Portugal) tiveram que prestar provas nas diferentes \u00e1reas da Dire\u00e7\u00e3o Orquestral, demonstrando as suas capacidades em como interagir com uma Orquestra; detetar e solucionar falhas musicais; realizar concertos; planear e organizar ensaios orquestrais, entre outras atividades.<\/div>\n<div dir=\"auto\"><\/div>\n<div dir=\"auto\">\n<div id='gallery-1' class='gallery galleryid-27496 gallery-columns-2 gallery-size-gridlove-single'><figure class='gallery-item'>\n\t\t\t<div class='gallery-icon landscape'>\n\t\t\t\t<a class=\"gridlove-popup\" href='https:\/\/www.altominho.tv\/site\/wp-content\/uploads\/2019\/04\/IMG-20190414-WA0038.jpg'><img loading=\"lazy\" decoding=\"async\" width=\"740\" height=\"622\" src=\"https:\/\/www.altominho.tv\/site\/wp-content\/uploads\/2019\/04\/IMG-20190414-WA0038-740x622.jpg\" class=\"attachment-gridlove-single size-gridlove-single\" alt=\"\" srcset=\"https:\/\/www.altominho.tv\/site\/wp-content\/uploads\/2019\/04\/IMG-20190414-WA0038-740x622.jpg 740w, https:\/\/www.altominho.tv\/site\/wp-content\/uploads\/2019\/04\/IMG-20190414-WA0038-300x252.jpg 300w, https:\/\/www.altominho.tv\/site\/wp-content\/uploads\/2019\/04\/IMG-20190414-WA0038-768x646.jpg 768w, https:\/\/www.altominho.tv\/site\/wp-content\/uploads\/2019\/04\/IMG-20190414-WA0038-1024x861.jpg 1024w, https:\/\/www.altominho.tv\/site\/wp-content\/uploads\/2019\/04\/IMG-20190414-WA0038-370x311.jpg 370w, https:\/\/www.altominho.tv\/site\/wp-content\/uploads\/2019\/04\/IMG-20190414-WA0038-270x227.jpg 270w, https:\/\/www.altominho.tv\/site\/wp-content\/uploads\/2019\/04\/IMG-20190414-WA0038-357x300.jpg 357w, https:\/\/www.altominho.tv\/site\/wp-content\/uploads\/2019\/04\/IMG-20190414-WA0038-800x673.jpg 800w, https:\/\/www.altominho.tv\/site\/wp-content\/uploads\/2019\/04\/IMG-20190414-WA0038-375x315.jpg 375w, https:\/\/www.altominho.tv\/site\/wp-content\/uploads\/2019\/04\/IMG-20190414-WA0038-600x505.jpg 600w, https:\/\/www.altominho.tv\/site\/wp-content\/uploads\/2019\/04\/IMG-20190414-WA0038.jpg 1427w\" sizes=\"auto, (max-width: 740px) 100vw, 740px\" \/><\/a>\n\t\t\t<\/div><\/figure><figure class='gallery-item'>\n\t\t\t<div class='gallery-icon landscape'>\n\t\t\t\t<a class=\"gridlove-popup\" href='https:\/\/www.altominho.tv\/site\/wp-content\/uploads\/2019\/04\/IMG-20190412-WA0051.jpg'><img loading=\"lazy\" decoding=\"async\" width=\"740\" height=\"555\" src=\"https:\/\/www.altominho.tv\/site\/wp-content\/uploads\/2019\/04\/IMG-20190412-WA0051-740x555.jpg\" class=\"attachment-gridlove-single size-gridlove-single\" alt=\"\" srcset=\"https:\/\/www.altominho.tv\/site\/wp-content\/uploads\/2019\/04\/IMG-20190412-WA0051-740x555.jpg 740w, https:\/\/www.altominho.tv\/site\/wp-content\/uploads\/2019\/04\/IMG-20190412-WA0051-300x225.jpg 300w, https:\/\/www.altominho.tv\/site\/wp-content\/uploads\/2019\/04\/IMG-20190412-WA0051-768x576.jpg 768w, https:\/\/www.altominho.tv\/site\/wp-content\/uploads\/2019\/04\/IMG-20190412-WA0051-1024x768.jpg 1024w, https:\/\/www.altominho.tv\/site\/wp-content\/uploads\/2019\/04\/IMG-20190412-WA0051-370x278.jpg 370w, https:\/\/www.altominho.tv\/site\/wp-content\/uploads\/2019\/04\/IMG-20190412-WA0051-270x203.jpg 270w, https:\/\/www.altominho.tv\/site\/wp-content\/uploads\/2019\/04\/IMG-20190412-WA0051-80x60.jpg 80w, https:\/\/www.altominho.tv\/site\/wp-content\/uploads\/2019\/04\/IMG-20190412-WA0051-800x600.jpg 800w, https:\/\/www.altominho.tv\/site\/wp-content\/uploads\/2019\/04\/IMG-20190412-WA0051-420x315.jpg 420w, https:\/\/www.altominho.tv\/site\/wp-content\/uploads\/2019\/04\/IMG-20190412-WA0051-600x450.jpg 600w, https:\/\/www.altominho.tv\/site\/wp-content\/uploads\/2019\/04\/IMG-20190412-WA0051.jpg 1040w\" sizes=\"auto, (max-width: 740px) 100vw, 740px\" \/><\/a>\n\t\t\t<\/div><\/figure>\n\t\t<\/div>\n\n<\/div>\n<div dir=\"auto\">Todos esses par\u00e2metros foram alvo de uma avalia\u00e7\u00e3o cont\u00ednua por parte de um j\u00fari e submetidos a um processo de vota\u00e7\u00e3o entre o concertino, os solistas e da pr\u00f3pria Orquestra Sinf\u00f3nica de Villena.<\/div>\n<div dir=\"auto\"><\/div>\n<div dir=\"auto\">O resultado final do concurso foi o seguinte:<\/div>\n<div dir=\"auto\"><\/div>\n<div dir=\"auto\"><strong>1\u00ba Pr\u00e9mio e Medalha de Ouro<\/strong> atribu\u00eddo ao Maestro Louren\u00e7o Cruz (Portugal);<\/div>\n<div dir=\"auto\"><\/div>\n<div dir=\"auto\">Com este pr\u00e9mio, Louren\u00e7o Cruz ter\u00e1 de dirigir v\u00e1rias Orquestras em Bielorr\u00fassia (Pol\u00f3nia).<\/div>\n<div dir=\"auto\"><\/div>\n<div dir=\"auto\"><strong>2\u00ba Pr\u00e9mio e Medalho de\u00a0 Prata<\/strong> concedido ao Maestro Joaquim de la Cuesta (Espanha);<\/div>\n<div dir=\"auto\"><\/div>\n<div dir=\"auto\"><strong>3\u00ba Pr\u00e9mio e Medalha de Bronze<\/strong> atribu\u00eddo ao Maestro Crist\u00f3bal Quir\u00f3s (Espanha).<\/div>\n<div dir=\"auto\"><\/div>\n<div dir=\"auto\">Pr\u00e9mio especial da Orquestra concedido ao Maestro C\u00e9sar Baldonimo ( Col\u00f4mbia).<\/div>\n<div dir=\"auto\"><\/div>\n<div dir=\"auto\">Pr\u00e9mio Jovem Promessa, o Maestro Manuel Jurado (Venezuela).<\/div>\n<div dir=\"auto\"><\/div>\n<h3 dir=\"auto\"><img loading=\"lazy\" decoding=\"async\" class=\"aligncenter wp-image-27497 size-full\" src=\"http:\/\/www.altominho.tv\/site\/wp-content\/uploads\/2019\/04\/IMG-20190412-WA0076.jpg\" alt=\"\" width=\"1600\" height=\"900\" data-wp-pid=\"27497\" srcset=\"https:\/\/www.altominho.tv\/site\/wp-content\/uploads\/2019\/04\/IMG-20190412-WA0076.jpg 1600w, https:\/\/www.altominho.tv\/site\/wp-content\/uploads\/2019\/04\/IMG-20190412-WA0076-300x169.jpg 300w, https:\/\/www.altominho.tv\/site\/wp-content\/uploads\/2019\/04\/IMG-20190412-WA0076-768x432.jpg 768w, https:\/\/www.altominho.tv\/site\/wp-content\/uploads\/2019\/04\/IMG-20190412-WA0076-1024x576.jpg 1024w, https:\/\/www.altominho.tv\/site\/wp-content\/uploads\/2019\/04\/IMG-20190412-WA0076-370x208.jpg 370w, https:\/\/www.altominho.tv\/site\/wp-content\/uploads\/2019\/04\/IMG-20190412-WA0076-270x152.jpg 270w, https:\/\/www.altominho.tv\/site\/wp-content\/uploads\/2019\/04\/IMG-20190412-WA0076-740x416.jpg 740w, https:\/\/www.altominho.tv\/site\/wp-content\/uploads\/2019\/04\/IMG-20190412-WA0076-800x450.jpg 800w, https:\/\/www.altominho.tv\/site\/wp-content\/uploads\/2019\/04\/IMG-20190412-WA0076-560x315.jpg 560w, https:\/\/www.altominho.tv\/site\/wp-content\/uploads\/2019\/04\/IMG-20190412-WA0076-600x338.jpg 600w\" sizes=\"auto, (max-width: 1600px) 100vw, 1600px\" \/><\/h3>\n","protected":false},"excerpt":{"rendered":"<p>O jovem Maestro Lanhelense Louren\u00e7o Cruz foi o grande vencedor do Concurso Internacional de Dire\u00e7\u00e3o de Orquestra, inserido no Workshop de M\u00fasica Sacra 2019, que decorreu entre os dias 8 e 13 de abril, na localidade de Villena, em Alicante, Espanha. Ap\u00f3s uma semana intensa de forma\u00e7\u00e3o e\u00a0 realiza\u00e7\u00e3o de provas, supervisionadas pelos Maestros Gerardo [&hellip;]<\/p>\n","protected":false},"author":1,"featured_media":27499,"comment_status":"closed","ping_status":"closed","sticky":false,"template":"","format":"standard","meta":{"_exactmetrics_skip_tracking":false,"_exactmetrics_sitenote_active":false,"_exactmetrics_sitenote_note":"","_exactmetrics_sitenote_category":0,"footnotes":""},"categories":[7],"tags":[19],"class_list":["post-27496","post","type-post","status-publish","format-standard","has-post-thumbnail","hentry","category-caminha","tag-cultura"],"yoast_head":"<!-- This site is optimized with the Yoast SEO Premium plugin v27.5 (Yoast SEO v27.5) - https:\/\/yoast.com\/product\/yoast-seo-premium-wordpress\/ -->\n<title>1\u00ba Pr\u00e9mio e Medalha de Ouro para o Maestro Lanhelense Louren\u00e7o Cruz<\/title>\n<meta name=\"robots\" content=\"index, follow, max-snippet:-1, max-image-preview:large, max-video-preview:-1\" \/>\n<link rel=\"canonical\" href=\"https:\/\/www.altominho.tv\/site\/2019\/04\/20\/1o-premio-e-medalha-de-ouro-para-o-maestro-lanhelense-lourenco-cruz\/\" \/>\n<meta property=\"og:locale\" content=\"pt_PT\" \/>\n<meta property=\"og:type\" content=\"article\" \/>\n<meta property=\"og:title\" content=\"1\u00ba Pr\u00e9mio e Medalha de Ouro para o Maestro Lanhelense Louren\u00e7o Cruz\" \/>\n<meta property=\"og:description\" content=\"O jovem Maestro Lanhelense Louren\u00e7o Cruz foi o grande vencedor do Concurso Internacional de Dire\u00e7\u00e3o de Orquestra, inserido no Workshop de M\u00fasica Sacra 2019, que decorreu entre os dias 8 e 13 de abril, na localidade de Villena, em Alicante, Espanha. Ap\u00f3s uma semana intensa de forma\u00e7\u00e3o e\u00a0 realiza\u00e7\u00e3o de provas, supervisionadas pelos Maestros Gerardo [&hellip;]\" \/>\n<meta property=\"og:url\" content=\"https:\/\/www.altominho.tv\/site\/2019\/04\/20\/1o-premio-e-medalha-de-ouro-para-o-maestro-lanhelense-lourenco-cruz\/\" \/>\n<meta property=\"og:site_name\" content=\"Altominho.tv\" \/>\n<meta property=\"article:publisher\" content=\"https:\/\/www.facebook.com\/altominhotv\" \/>\n<meta property=\"article:published_time\" content=\"2019-04-20T22:00:40+00:00\" \/>\n<meta property=\"article:modified_time\" content=\"2019-04-20T22:03:03+00:00\" \/>\n<meta property=\"og:image\" content=\"https:\/\/www.altominho.tv\/site\/wp-content\/uploads\/2019\/04\/IMG-20190414-WA0034.jpg\" \/>\n\t<meta property=\"og:image:width\" content=\"1600\" \/>\n\t<meta property=\"og:image:height\" content=\"900\" \/>\n\t<meta property=\"og:image:type\" content=\"image\/jpeg\" \/>\n<meta name=\"author\" content=\"Altominho.tv\" \/>\n<meta name=\"twitter:card\" content=\"summary_large_image\" \/>\n<meta name=\"twitter:creator\" content=\"@altominhoTV\" \/>\n<meta name=\"twitter:site\" content=\"@altominhoTV\" \/>\n<meta name=\"twitter:label1\" content=\"Escrito por\" \/>\n\t<meta name=\"twitter:data1\" content=\"Altominho.tv\" \/>\n\t<meta name=\"twitter:label2\" content=\"Tempo estimado de leitura\" \/>\n\t<meta name=\"twitter:data2\" content=\"1 minuto\" \/>\n<script type=\"application\/ld+json\" class=\"yoast-schema-graph\">{\"@context\":\"https:\\\/\\\/schema.org\",\"@graph\":[{\"@type\":\"Article\",\"@id\":\"https:\\\/\\\/www.altominho.tv\\\/site\\\/2019\\\/04\\\/20\\\/1o-premio-e-medalha-de-ouro-para-o-maestro-lanhelense-lourenco-cruz\\\/#article\",\"isPartOf\":{\"@id\":\"https:\\\/\\\/www.altominho.tv\\\/site\\\/2019\\\/04\\\/20\\\/1o-premio-e-medalha-de-ouro-para-o-maestro-lanhelense-lourenco-cruz\\\/\"},\"author\":{\"name\":\"Altominho.tv\",\"@id\":\"https:\\\/\\\/www.altominho.tv\\\/site\\\/#\\\/schema\\\/person\\\/4e536851627d7914baf3dac752b6af22\"},\"headline\":\"1\u00ba Pr\u00e9mio e Medalha de Ouro para o Maestro Lanhelense Louren\u00e7o Cruz\",\"datePublished\":\"2019-04-20T22:00:40+00:00\",\"dateModified\":\"2019-04-20T22:03:03+00:00\",\"mainEntityOfPage\":{\"@id\":\"https:\\\/\\\/www.altominho.tv\\\/site\\\/2019\\\/04\\\/20\\\/1o-premio-e-medalha-de-ouro-para-o-maestro-lanhelense-lourenco-cruz\\\/\"},\"wordCount\":293,\"image\":{\"@id\":\"https:\\\/\\\/www.altominho.tv\\\/site\\\/2019\\\/04\\\/20\\\/1o-premio-e-medalha-de-ouro-para-o-maestro-lanhelense-lourenco-cruz\\\/#primaryimage\"},\"thumbnailUrl\":\"https:\\\/\\\/www.altominho.tv\\\/site\\\/wp-content\\\/uploads\\\/2019\\\/04\\\/IMG-20190414-WA0034.jpg\",\"keywords\":[\"Cultura\"],\"articleSection\":[\"Caminha\"],\"inLanguage\":\"pt-PT\",\"copyrightYear\":\"2019\",\"copyrightHolder\":{\"@id\":\"https:\\\/\\\/www.altominho.tv\\\/site\\\/#organization\"}},{\"@type\":\"WebPage\",\"@id\":\"https:\\\/\\\/www.altominho.tv\\\/site\\\/2019\\\/04\\\/20\\\/1o-premio-e-medalha-de-ouro-para-o-maestro-lanhelense-lourenco-cruz\\\/\",\"url\":\"https:\\\/\\\/www.altominho.tv\\\/site\\\/2019\\\/04\\\/20\\\/1o-premio-e-medalha-de-ouro-para-o-maestro-lanhelense-lourenco-cruz\\\/\",\"name\":\"1\u00ba Pr\u00e9mio e Medalha de Ouro para o Maestro Lanhelense Louren\u00e7o Cruz\",\"isPartOf\":{\"@id\":\"https:\\\/\\\/www.altominho.tv\\\/site\\\/#website\"},\"primaryImageOfPage\":{\"@id\":\"https:\\\/\\\/www.altominho.tv\\\/site\\\/2019\\\/04\\\/20\\\/1o-premio-e-medalha-de-ouro-para-o-maestro-lanhelense-lourenco-cruz\\\/#primaryimage\"},\"image\":{\"@id\":\"https:\\\/\\\/www.altominho.tv\\\/site\\\/2019\\\/04\\\/20\\\/1o-premio-e-medalha-de-ouro-para-o-maestro-lanhelense-lourenco-cruz\\\/#primaryimage\"},\"thumbnailUrl\":\"https:\\\/\\\/www.altominho.tv\\\/site\\\/wp-content\\\/uploads\\\/2019\\\/04\\\/IMG-20190414-WA0034.jpg\",\"datePublished\":\"2019-04-20T22:00:40+00:00\",\"dateModified\":\"2019-04-20T22:03:03+00:00\",\"author\":{\"@id\":\"https:\\\/\\\/www.altominho.tv\\\/site\\\/#\\\/schema\\\/person\\\/4e536851627d7914baf3dac752b6af22\"},\"breadcrumb\":{\"@id\":\"https:\\\/\\\/www.altominho.tv\\\/site\\\/2019\\\/04\\\/20\\\/1o-premio-e-medalha-de-ouro-para-o-maestro-lanhelense-lourenco-cruz\\\/#breadcrumb\"},\"inLanguage\":\"pt-PT\",\"potentialAction\":[{\"@type\":\"ReadAction\",\"target\":[\"https:\\\/\\\/www.altominho.tv\\\/site\\\/2019\\\/04\\\/20\\\/1o-premio-e-medalha-de-ouro-para-o-maestro-lanhelense-lourenco-cruz\\\/\"]}]},{\"@type\":\"ImageObject\",\"inLanguage\":\"pt-PT\",\"@id\":\"https:\\\/\\\/www.altominho.tv\\\/site\\\/2019\\\/04\\\/20\\\/1o-premio-e-medalha-de-ouro-para-o-maestro-lanhelense-lourenco-cruz\\\/#primaryimage\",\"url\":\"https:\\\/\\\/www.altominho.tv\\\/site\\\/wp-content\\\/uploads\\\/2019\\\/04\\\/IMG-20190414-WA0034.jpg\",\"contentUrl\":\"https:\\\/\\\/www.altominho.tv\\\/site\\\/wp-content\\\/uploads\\\/2019\\\/04\\\/IMG-20190414-WA0034.jpg\",\"width\":1600,\"height\":900},{\"@type\":\"BreadcrumbList\",\"@id\":\"https:\\\/\\\/www.altominho.tv\\\/site\\\/2019\\\/04\\\/20\\\/1o-premio-e-medalha-de-ouro-para-o-maestro-lanhelense-lourenco-cruz\\\/#breadcrumb\",\"itemListElement\":[{\"@type\":\"ListItem\",\"position\":1,\"name\":\"In\u00edcio\",\"item\":\"https:\\\/\\\/www.altominho.tv\\\/site\\\/\"},{\"@type\":\"ListItem\",\"position\":2,\"name\":\"1\u00ba Pr\u00e9mio e Medalha de Ouro para o Maestro Lanhelense Louren\u00e7o Cruz\"}]},{\"@type\":\"WebSite\",\"@id\":\"https:\\\/\\\/www.altominho.tv\\\/site\\\/#website\",\"url\":\"https:\\\/\\\/www.altominho.tv\\\/site\\\/\",\"name\":\"Altominho.tv\",\"description\":\"A sua regi\u00e3o \u00e0 dist\u00e2ncia de um clique...\",\"potentialAction\":[{\"@type\":\"SearchAction\",\"target\":{\"@type\":\"EntryPoint\",\"urlTemplate\":\"https:\\\/\\\/www.altominho.tv\\\/site\\\/?s={search_term_string}\"},\"query-input\":{\"@type\":\"PropertyValueSpecification\",\"valueRequired\":true,\"valueName\":\"search_term_string\"}}],\"inLanguage\":\"pt-PT\"},{\"@type\":\"Person\",\"@id\":\"https:\\\/\\\/www.altominho.tv\\\/site\\\/#\\\/schema\\\/person\\\/4e536851627d7914baf3dac752b6af22\",\"name\":\"Altominho.tv\",\"image\":{\"@type\":\"ImageObject\",\"inLanguage\":\"pt-PT\",\"@id\":\"https:\\\/\\\/www.altominho.tv\\\/site\\\/wp-content\\\/uploads\\\/2019\\\/11\\\/Logo_Avatar_2-150x150.jpg\",\"url\":\"https:\\\/\\\/www.altominho.tv\\\/site\\\/wp-content\\\/uploads\\\/2019\\\/11\\\/Logo_Avatar_2-150x150.jpg\",\"contentUrl\":\"https:\\\/\\\/www.altominho.tv\\\/site\\\/wp-content\\\/uploads\\\/2019\\\/11\\\/Logo_Avatar_2-150x150.jpg\",\"caption\":\"Altominho.tv\"},\"url\":\"https:\\\/\\\/www.altominho.tv\\\/site\\\/author\\\/altominhotv-tecnico\\\/\"}]}<\/script>\n<!-- \/ Yoast SEO Premium plugin. -->","yoast_head_json":{"title":"1\u00ba Pr\u00e9mio e Medalha de Ouro para o Maestro Lanhelense Louren\u00e7o Cruz","robots":{"index":"index","follow":"follow","max-snippet":"max-snippet:-1","max-image-preview":"max-image-preview:large","max-video-preview":"max-video-preview:-1"},"canonical":"https:\/\/www.altominho.tv\/site\/2019\/04\/20\/1o-premio-e-medalha-de-ouro-para-o-maestro-lanhelense-lourenco-cruz\/","og_locale":"pt_PT","og_type":"article","og_title":"1\u00ba Pr\u00e9mio e Medalha de Ouro para o Maestro Lanhelense Louren\u00e7o Cruz","og_description":"O jovem Maestro Lanhelense Louren\u00e7o Cruz foi o grande vencedor do Concurso Internacional de Dire\u00e7\u00e3o de Orquestra, inserido no Workshop de M\u00fasica Sacra 2019, que decorreu entre os dias 8 e 13 de abril, na localidade de Villena, em Alicante, Espanha. Ap\u00f3s uma semana intensa de forma\u00e7\u00e3o e\u00a0 realiza\u00e7\u00e3o de provas, supervisionadas pelos Maestros Gerardo [&hellip;]","og_url":"https:\/\/www.altominho.tv\/site\/2019\/04\/20\/1o-premio-e-medalha-de-ouro-para-o-maestro-lanhelense-lourenco-cruz\/","og_site_name":"Altominho.tv","article_publisher":"https:\/\/www.facebook.com\/altominhotv","article_published_time":"2019-04-20T22:00:40+00:00","article_modified_time":"2019-04-20T22:03:03+00:00","og_image":[{"width":1600,"height":900,"url":"https:\/\/www.altominho.tv\/site\/wp-content\/uploads\/2019\/04\/IMG-20190414-WA0034.jpg","type":"image\/jpeg"}],"author":"Altominho.tv","twitter_card":"summary_large_image","twitter_creator":"@altominhoTV","twitter_site":"@altominhoTV","twitter_misc":{"Escrito por":"Altominho.tv","Tempo estimado de leitura":"1 minuto"},"schema":{"@context":"https:\/\/schema.org","@graph":[{"@type":"Article","@id":"https:\/\/www.altominho.tv\/site\/2019\/04\/20\/1o-premio-e-medalha-de-ouro-para-o-maestro-lanhelense-lourenco-cruz\/#article","isPartOf":{"@id":"https:\/\/www.altominho.tv\/site\/2019\/04\/20\/1o-premio-e-medalha-de-ouro-para-o-maestro-lanhelense-lourenco-cruz\/"},"author":{"name":"Altominho.tv","@id":"https:\/\/www.altominho.tv\/site\/#\/schema\/person\/4e536851627d7914baf3dac752b6af22"},"headline":"1\u00ba Pr\u00e9mio e Medalha de Ouro para o Maestro Lanhelense Louren\u00e7o Cruz","datePublished":"2019-04-20T22:00:40+00:00","dateModified":"2019-04-20T22:03:03+00:00","mainEntityOfPage":{"@id":"https:\/\/www.altominho.tv\/site\/2019\/04\/20\/1o-premio-e-medalha-de-ouro-para-o-maestro-lanhelense-lourenco-cruz\/"},"wordCount":293,"image":{"@id":"https:\/\/www.altominho.tv\/site\/2019\/04\/20\/1o-premio-e-medalha-de-ouro-para-o-maestro-lanhelense-lourenco-cruz\/#primaryimage"},"thumbnailUrl":"https:\/\/www.altominho.tv\/site\/wp-content\/uploads\/2019\/04\/IMG-20190414-WA0034.jpg","keywords":["Cultura"],"articleSection":["Caminha"],"inLanguage":"pt-PT","copyrightYear":"2019","copyrightHolder":{"@id":"https:\/\/www.altominho.tv\/site\/#organization"}},{"@type":"WebPage","@id":"https:\/\/www.altominho.tv\/site\/2019\/04\/20\/1o-premio-e-medalha-de-ouro-para-o-maestro-lanhelense-lourenco-cruz\/","url":"https:\/\/www.altominho.tv\/site\/2019\/04\/20\/1o-premio-e-medalha-de-ouro-para-o-maestro-lanhelense-lourenco-cruz\/","name":"1\u00ba Pr\u00e9mio e Medalha de Ouro para o Maestro Lanhelense Louren\u00e7o Cruz","isPartOf":{"@id":"https:\/\/www.altominho.tv\/site\/#website"},"primaryImageOfPage":{"@id":"https:\/\/www.altominho.tv\/site\/2019\/04\/20\/1o-premio-e-medalha-de-ouro-para-o-maestro-lanhelense-lourenco-cruz\/#primaryimage"},"image":{"@id":"https:\/\/www.altominho.tv\/site\/2019\/04\/20\/1o-premio-e-medalha-de-ouro-para-o-maestro-lanhelense-lourenco-cruz\/#primaryimage"},"thumbnailUrl":"https:\/\/www.altominho.tv\/site\/wp-content\/uploads\/2019\/04\/IMG-20190414-WA0034.jpg","datePublished":"2019-04-20T22:00:40+00:00","dateModified":"2019-04-20T22:03:03+00:00","author":{"@id":"https:\/\/www.altominho.tv\/site\/#\/schema\/person\/4e536851627d7914baf3dac752b6af22"},"breadcrumb":{"@id":"https:\/\/www.altominho.tv\/site\/2019\/04\/20\/1o-premio-e-medalha-de-ouro-para-o-maestro-lanhelense-lourenco-cruz\/#breadcrumb"},"inLanguage":"pt-PT","potentialAction":[{"@type":"ReadAction","target":["https:\/\/www.altominho.tv\/site\/2019\/04\/20\/1o-premio-e-medalha-de-ouro-para-o-maestro-lanhelense-lourenco-cruz\/"]}]},{"@type":"ImageObject","inLanguage":"pt-PT","@id":"https:\/\/www.altominho.tv\/site\/2019\/04\/20\/1o-premio-e-medalha-de-ouro-para-o-maestro-lanhelense-lourenco-cruz\/#primaryimage","url":"https:\/\/www.altominho.tv\/site\/wp-content\/uploads\/2019\/04\/IMG-20190414-WA0034.jpg","contentUrl":"https:\/\/www.altominho.tv\/site\/wp-content\/uploads\/2019\/04\/IMG-20190414-WA0034.jpg","width":1600,"height":900},{"@type":"BreadcrumbList","@id":"https:\/\/www.altominho.tv\/site\/2019\/04\/20\/1o-premio-e-medalha-de-ouro-para-o-maestro-lanhelense-lourenco-cruz\/#breadcrumb","itemListElement":[{"@type":"ListItem","position":1,"name":"In\u00edcio","item":"https:\/\/www.altominho.tv\/site\/"},{"@type":"ListItem","position":2,"name":"1\u00ba Pr\u00e9mio e Medalha de Ouro para o Maestro Lanhelense Louren\u00e7o Cruz"}]},{"@type":"WebSite","@id":"https:\/\/www.altominho.tv\/site\/#website","url":"https:\/\/www.altominho.tv\/site\/","name":"Altominho.tv","description":"A sua regi\u00e3o \u00e0 dist\u00e2ncia de um clique...","potentialAction":[{"@type":"SearchAction","target":{"@type":"EntryPoint","urlTemplate":"https:\/\/www.altominho.tv\/site\/?s={search_term_string}"},"query-input":{"@type":"PropertyValueSpecification","valueRequired":true,"valueName":"search_term_string"}}],"inLanguage":"pt-PT"},{"@type":"Person","@id":"https:\/\/www.altominho.tv\/site\/#\/schema\/person\/4e536851627d7914baf3dac752b6af22","name":"Altominho.tv","image":{"@type":"ImageObject","inLanguage":"pt-PT","@id":"https:\/\/www.altominho.tv\/site\/wp-content\/uploads\/2019\/11\/Logo_Avatar_2-150x150.jpg","url":"https:\/\/www.altominho.tv\/site\/wp-content\/uploads\/2019\/11\/Logo_Avatar_2-150x150.jpg","contentUrl":"https:\/\/www.altominho.tv\/site\/wp-content\/uploads\/2019\/11\/Logo_Avatar_2-150x150.jpg","caption":"Altominho.tv"},"url":"https:\/\/www.altominho.tv\/site\/author\/altominhotv-tecnico\/"}]}},"_links":{"self":[{"href":"https:\/\/www.altominho.tv\/site\/wp-json\/wp\/v2\/posts\/27496","targetHints":{"allow":["GET"]}}],"collection":[{"href":"https:\/\/www.altominho.tv\/site\/wp-json\/wp\/v2\/posts"}],"about":[{"href":"https:\/\/www.altominho.tv\/site\/wp-json\/wp\/v2\/types\/post"}],"author":[{"embeddable":true,"href":"https:\/\/www.altominho.tv\/site\/wp-json\/wp\/v2\/users\/1"}],"replies":[{"embeddable":true,"href":"https:\/\/www.altominho.tv\/site\/wp-json\/wp\/v2\/comments?post=27496"}],"version-history":[{"count":0,"href":"https:\/\/www.altominho.tv\/site\/wp-json\/wp\/v2\/posts\/27496\/revisions"}],"wp:featuredmedia":[{"embeddable":true,"href":"https:\/\/www.altominho.tv\/site\/wp-json\/wp\/v2\/media\/27499"}],"wp:attachment":[{"href":"https:\/\/www.altominho.tv\/site\/wp-json\/wp\/v2\/media?parent=27496"}],"wp:term":[{"taxonomy":"category","embeddable":true,"href":"https:\/\/www.altominho.tv\/site\/wp-json\/wp\/v2\/categories?post=27496"},{"taxonomy":"post_tag","embeddable":true,"href":"https:\/\/www.altominho.tv\/site\/wp-json\/wp\/v2\/tags?post=27496"}],"curies":[{"name":"wp","href":"https:\/\/api.w.org\/{rel}","templated":true}]}}