{"id":27425,"date":"2019-04-18T15:54:39","date_gmt":"2019-04-18T14:54:39","guid":{"rendered":"http:\/\/www.altominho.tv\/site\/?p=27425"},"modified":"2019-04-18T15:54:39","modified_gmt":"2019-04-18T14:54:39","slug":"alteracao-das-zonas-proibidas-de-pesca-no-rio-minho-aprovada-por-comissao-internacional","status":"publish","type":"post","link":"https:\/\/www.altominho.tv\/site\/2019\/04\/18\/alteracao-das-zonas-proibidas-de-pesca-no-rio-minho-aprovada-por-comissao-internacional\/","title":{"rendered":"Altera\u00e7\u00e3o das zonas proibidas de pesca no rio Minho aprovada por comiss\u00e3o internacional"},"content":{"rendered":"<p>A Comiss\u00e3o Permanente Internacional do Rio Minho (CPIRM) aprovou altera\u00e7\u00f5es \u00e0s zonas proibidas de pesca e a diminui\u00e7\u00e3o do n\u00famero de licen\u00e7as para a atividade da pesca do meix\u00e3o naquele curso internacional de \u00e1gua.<\/p>\n<p>Em declara\u00e7\u00f5es \u00e0 ag\u00eancia Lusa, o capit\u00e3o do porto de Caminha, Pedro Costa, que preside \u00e0 delega\u00e7\u00e3o portuguesa da (CPIRM) explicou que al\u00e9m das altera\u00e7\u00f5es \u00e0s zonas proibidas, denominadas como po\u00e7os, no Tro\u00e7o Internacional do Rio Minho (TIRM), foi decidida &#8220;a redu\u00e7\u00e3o, de 200 para 150, do n\u00famero de licen\u00e7as para a pesca do meix\u00e3o (enguias beb\u00e9) e a altera\u00e7\u00e3o da linha a partir da qual s\u00e3o reconhecidas as pesqueiras, estruturas antigas, em pedra, existentes nos 35 quil\u00f3metros daquele rio&#8221;.<\/p>\n<p>No encontro, realizado esta quarta-feira em Caminha, foi ainda decidida &#8220;a possibilidade da cria\u00e7\u00e3o de janelas de defeso interm\u00e9dias dirigidas para os per\u00edodos considerados mais importantes para a sustentabilidade dos recursos pisc\u00edcolas&#8221;.<\/p>\n<p>O capit\u00e3o do porto e comandante da Pol\u00edcia Mar\u00edtima de Caminha destacou o &#8220;sucesso total&#8221; da obrigatoriedade do uso do colete de salva\u00e7\u00e3o nas pesqueiras do rio Minho.<\/p>\n<p>&#8220;N\u00e3o se registou nenhum acidente, nem foi levantado nenhum auto de not\u00edcia por incumprimento da norma, demonstrativo da elevada recetividade dos pescadores \u00e0 implementa\u00e7\u00e3o desta medida&#8221;, refor\u00e7ou Pedro Costa.<\/p>\n<p>A medida foi aprovada em maio de 2018 pela Comiss\u00e3o Internacional de Limites entre Portugal e Espanha, na sequ\u00eancia dos dois acidentes mortais registados nesse ano no rio, envolvendo aquelas estruturas, em pedra, onde s\u00e3o colocadas redes para a captura da lampreia.<\/p>\n<p>Um dos casos ocorreu em fevereiro de 2018, com um pescador de 56 anos de idade, de Messeg\u00e3es, em Mon\u00e7\u00e3o, e outro em abril do mesmo ano, vitimando um homem de 67 anos, de Alvaredo, Melga\u00e7o.<\/p>\n<p>Segundo Pedro Costa do lado portugu\u00eas do rio, &#8220;est\u00e3o registadas cerca de 600 pesqueiras, 200 encontram-se ativas (podem operar desde que os propriet\u00e1rios solicitem a licen\u00e7a), sendo que 170 est\u00e3o licenciadas para operar na safra que agora vai come\u00e7ar&#8221;.<\/p>\n<p>A pesca daquele cicl\u00f3stomo no rio Minho come\u00e7ou a 02 de janeiro e vai prolongar-se at\u00e9 20 de abril, &#8220;envolvendo 160 embarca\u00e7\u00f5es portuguesas e cerca de uma centena espanholas&#8221;.<\/p>\n<p>O respons\u00e1vel salientou ainda a realiza\u00e7\u00e3o, no dia 24, em Madrid, de uma sess\u00e3o plen\u00e1ria, Comiss\u00e3o Internacional de Limites (CIL) onde ser\u00e3o submetidos \u00e0 aprova\u00e7\u00e3o &#8220;os regulamentos de pesca e ca\u00e7a do TIRM e o regulamento da seguran\u00e7a da navega\u00e7\u00e3o e n\u00e1utica de recreio, exclusivo para o TIRM&#8221;.<\/p>\n<p>A CIL entre Portugal e Espanha \u00e9 constitu\u00edda por representantes de v\u00e1rios sectores da administra\u00e7\u00e3o de ambos os pa\u00edses, que constituem as delega\u00e7\u00f5es portuguesa e espanhola e re\u00fane, pelo menos, uma vez por ano.<\/p>\n<p>Na reuni\u00e3o de quarta-feira, em Caminha, a delega\u00e7\u00e3o portuguesa contou com a presen\u00e7a de representantes da Dire\u00e7\u00e3o-Geral de Recursos Naturais, Seguran\u00e7a e Servi\u00e7os Mar\u00edtimos, do Instituto da Conserva\u00e7\u00e3o da Natureza e das Florestas, do Instituto Portugu\u00eas do Mar e da Atmosfera, do diretor do Aquamuseu do rio Minho, em Vila Nova de Cerveira, e da Administra\u00e7\u00e3o da Regi\u00e3o Hidrogr\u00e1fica do Norte.<\/p>\n<p>A delega\u00e7\u00e3o espanhola, presidida pelo Comandante Naval do rio Minho, integrou representantes da Junta da Galiza, da capitania mar\u00edtima de Vigo, do Servi\u00e7o Provincial de Costas de Pontevedra, do departamento do mar da Junta de Gal\u00edcia, do Servi\u00e7o de Conserva\u00e7\u00e3o da Natureza da Junta de Galiza e da Confedera\u00e7\u00e3o Hidrogr\u00e1fica do Mi\u00f1o-Sil.<\/p>\n<p>Foram ainda convidados os presidentes das C\u00e2maras dos munic\u00edpios banhados pelo rio Minho, bem como representantes dos \u00f3rg\u00e3os com compet\u00eancia fiscalizadora.<\/p>\n<p>Fonte: Lusa<\/p>\n","protected":false},"excerpt":{"rendered":"<p>A Comiss\u00e3o Permanente Internacional do Rio Minho (CPIRM) aprovou altera\u00e7\u00f5es \u00e0s zonas proibidas de pesca e a diminui\u00e7\u00e3o do n\u00famero de licen\u00e7as para a atividade da pesca do meix\u00e3o naquele curso internacional de \u00e1gua. Em declara\u00e7\u00f5es \u00e0 ag\u00eancia Lusa, o capit\u00e3o do porto de Caminha, Pedro Costa, que preside \u00e0 delega\u00e7\u00e3o portuguesa da (CPIRM) explicou [&hellip;]<\/p>\n","protected":false},"author":12,"featured_media":27426,"comment_status":"closed","ping_status":"closed","sticky":false,"template":"","format":"standard","meta":{"_exactmetrics_skip_tracking":false,"_exactmetrics_sitenote_active":false,"_exactmetrics_sitenote_note":"","_exactmetrics_sitenote_category":0,"footnotes":""},"categories":[7],"tags":[27],"class_list":["post-27425","post","type-post","status-publish","format-standard","has-post-thumbnail","hentry","category-caminha","tag-sociedade"],"yoast_head":"<!-- This site is optimized with the Yoast SEO Premium plugin v27.5 (Yoast SEO v27.5) - https:\/\/yoast.com\/product\/yoast-seo-premium-wordpress\/ -->\n<title>Altera\u00e7\u00e3o das zonas proibidas de pesca no rio Minho aprovada por comiss\u00e3o internacional<\/title>\n<meta name=\"robots\" content=\"index, follow, max-snippet:-1, max-image-preview:large, max-video-preview:-1\" \/>\n<link rel=\"canonical\" href=\"https:\/\/www.altominho.tv\/site\/2019\/04\/18\/alteracao-das-zonas-proibidas-de-pesca-no-rio-minho-aprovada-por-comissao-internacional\/\" \/>\n<meta property=\"og:locale\" content=\"pt_PT\" \/>\n<meta property=\"og:type\" content=\"article\" \/>\n<meta property=\"og:title\" content=\"Altera\u00e7\u00e3o das zonas proibidas de pesca no rio Minho aprovada por comiss\u00e3o internacional\" \/>\n<meta property=\"og:description\" content=\"A Comiss\u00e3o Permanente Internacional do Rio Minho (CPIRM) aprovou altera\u00e7\u00f5es \u00e0s zonas proibidas de pesca e a diminui\u00e7\u00e3o do n\u00famero de licen\u00e7as para a atividade da pesca do meix\u00e3o naquele curso internacional de \u00e1gua. Em declara\u00e7\u00f5es \u00e0 ag\u00eancia Lusa, o capit\u00e3o do porto de Caminha, Pedro Costa, que preside \u00e0 delega\u00e7\u00e3o portuguesa da (CPIRM) explicou [&hellip;]\" \/>\n<meta property=\"og:url\" content=\"https:\/\/www.altominho.tv\/site\/2019\/04\/18\/alteracao-das-zonas-proibidas-de-pesca-no-rio-minho-aprovada-por-comissao-internacional\/\" \/>\n<meta property=\"og:site_name\" content=\"Altominho.tv\" \/>\n<meta property=\"article:publisher\" content=\"https:\/\/www.facebook.com\/altominhotv\" \/>\n<meta property=\"article:published_time\" content=\"2019-04-18T14:54:39+00:00\" \/>\n<meta property=\"og:image\" content=\"https:\/\/www.altominho.tv\/site\/wp-content\/uploads\/2019\/04\/Rio-Minho-Caminha.jpg\" \/>\n\t<meta property=\"og:image:width\" content=\"1261\" \/>\n\t<meta property=\"og:image:height\" content=\"590\" \/>\n\t<meta property=\"og:image:type\" content=\"image\/jpeg\" \/>\n<meta name=\"author\" content=\"Andreia Ferreira\" \/>\n<meta name=\"twitter:card\" content=\"summary_large_image\" \/>\n<meta name=\"twitter:creator\" content=\"@altominhoTV\" \/>\n<meta name=\"twitter:site\" content=\"@altominhoTV\" \/>\n<meta name=\"twitter:label1\" content=\"Escrito por\" \/>\n\t<meta name=\"twitter:data1\" content=\"Andreia Ferreira\" \/>\n\t<meta name=\"twitter:label2\" content=\"Tempo estimado de leitura\" \/>\n\t<meta name=\"twitter:data2\" content=\"3 minutos\" \/>\n<script type=\"application\/ld+json\" class=\"yoast-schema-graph\">{\"@context\":\"https:\\\/\\\/schema.org\",\"@graph\":[{\"@type\":\"Article\",\"@id\":\"https:\\\/\\\/www.altominho.tv\\\/site\\\/2019\\\/04\\\/18\\\/alteracao-das-zonas-proibidas-de-pesca-no-rio-minho-aprovada-por-comissao-internacional\\\/#article\",\"isPartOf\":{\"@id\":\"https:\\\/\\\/www.altominho.tv\\\/site\\\/2019\\\/04\\\/18\\\/alteracao-das-zonas-proibidas-de-pesca-no-rio-minho-aprovada-por-comissao-internacional\\\/\"},\"author\":{\"name\":\"Andreia Ferreira\",\"@id\":\"https:\\\/\\\/www.altominho.tv\\\/site\\\/#\\\/schema\\\/person\\\/d9be4265364723f14ea8e0d56a1d38cd\"},\"headline\":\"Altera\u00e7\u00e3o das zonas proibidas de pesca no rio Minho aprovada por comiss\u00e3o internacional\",\"datePublished\":\"2019-04-18T14:54:39+00:00\",\"mainEntityOfPage\":{\"@id\":\"https:\\\/\\\/www.altominho.tv\\\/site\\\/2019\\\/04\\\/18\\\/alteracao-das-zonas-proibidas-de-pesca-no-rio-minho-aprovada-por-comissao-internacional\\\/\"},\"wordCount\":653,\"image\":{\"@id\":\"https:\\\/\\\/www.altominho.tv\\\/site\\\/2019\\\/04\\\/18\\\/alteracao-das-zonas-proibidas-de-pesca-no-rio-minho-aprovada-por-comissao-internacional\\\/#primaryimage\"},\"thumbnailUrl\":\"https:\\\/\\\/www.altominho.tv\\\/site\\\/wp-content\\\/uploads\\\/2019\\\/04\\\/Rio-Minho-Caminha.jpg\",\"keywords\":[\"Sociedade\"],\"articleSection\":[\"Caminha\"],\"inLanguage\":\"pt-PT\",\"copyrightYear\":\"2019\",\"copyrightHolder\":{\"@id\":\"https:\\\/\\\/www.altominho.tv\\\/site\\\/#organization\"}},{\"@type\":\"WebPage\",\"@id\":\"https:\\\/\\\/www.altominho.tv\\\/site\\\/2019\\\/04\\\/18\\\/alteracao-das-zonas-proibidas-de-pesca-no-rio-minho-aprovada-por-comissao-internacional\\\/\",\"url\":\"https:\\\/\\\/www.altominho.tv\\\/site\\\/2019\\\/04\\\/18\\\/alteracao-das-zonas-proibidas-de-pesca-no-rio-minho-aprovada-por-comissao-internacional\\\/\",\"name\":\"Altera\u00e7\u00e3o das zonas proibidas de pesca no rio Minho aprovada por comiss\u00e3o internacional\",\"isPartOf\":{\"@id\":\"https:\\\/\\\/www.altominho.tv\\\/site\\\/#website\"},\"primaryImageOfPage\":{\"@id\":\"https:\\\/\\\/www.altominho.tv\\\/site\\\/2019\\\/04\\\/18\\\/alteracao-das-zonas-proibidas-de-pesca-no-rio-minho-aprovada-por-comissao-internacional\\\/#primaryimage\"},\"image\":{\"@id\":\"https:\\\/\\\/www.altominho.tv\\\/site\\\/2019\\\/04\\\/18\\\/alteracao-das-zonas-proibidas-de-pesca-no-rio-minho-aprovada-por-comissao-internacional\\\/#primaryimage\"},\"thumbnailUrl\":\"https:\\\/\\\/www.altominho.tv\\\/site\\\/wp-content\\\/uploads\\\/2019\\\/04\\\/Rio-Minho-Caminha.jpg\",\"datePublished\":\"2019-04-18T14:54:39+00:00\",\"author\":{\"@id\":\"https:\\\/\\\/www.altominho.tv\\\/site\\\/#\\\/schema\\\/person\\\/d9be4265364723f14ea8e0d56a1d38cd\"},\"breadcrumb\":{\"@id\":\"https:\\\/\\\/www.altominho.tv\\\/site\\\/2019\\\/04\\\/18\\\/alteracao-das-zonas-proibidas-de-pesca-no-rio-minho-aprovada-por-comissao-internacional\\\/#breadcrumb\"},\"inLanguage\":\"pt-PT\",\"potentialAction\":[{\"@type\":\"ReadAction\",\"target\":[\"https:\\\/\\\/www.altominho.tv\\\/site\\\/2019\\\/04\\\/18\\\/alteracao-das-zonas-proibidas-de-pesca-no-rio-minho-aprovada-por-comissao-internacional\\\/\"]}]},{\"@type\":\"ImageObject\",\"inLanguage\":\"pt-PT\",\"@id\":\"https:\\\/\\\/www.altominho.tv\\\/site\\\/2019\\\/04\\\/18\\\/alteracao-das-zonas-proibidas-de-pesca-no-rio-minho-aprovada-por-comissao-internacional\\\/#primaryimage\",\"url\":\"https:\\\/\\\/www.altominho.tv\\\/site\\\/wp-content\\\/uploads\\\/2019\\\/04\\\/Rio-Minho-Caminha.jpg\",\"contentUrl\":\"https:\\\/\\\/www.altominho.tv\\\/site\\\/wp-content\\\/uploads\\\/2019\\\/04\\\/Rio-Minho-Caminha.jpg\",\"width\":1261,\"height\":590},{\"@type\":\"BreadcrumbList\",\"@id\":\"https:\\\/\\\/www.altominho.tv\\\/site\\\/2019\\\/04\\\/18\\\/alteracao-das-zonas-proibidas-de-pesca-no-rio-minho-aprovada-por-comissao-internacional\\\/#breadcrumb\",\"itemListElement\":[{\"@type\":\"ListItem\",\"position\":1,\"name\":\"In\u00edcio\",\"item\":\"https:\\\/\\\/www.altominho.tv\\\/site\\\/\"},{\"@type\":\"ListItem\",\"position\":2,\"name\":\"Altera\u00e7\u00e3o das zonas proibidas de pesca no rio Minho aprovada por comiss\u00e3o internacional\"}]},{\"@type\":\"WebSite\",\"@id\":\"https:\\\/\\\/www.altominho.tv\\\/site\\\/#website\",\"url\":\"https:\\\/\\\/www.altominho.tv\\\/site\\\/\",\"name\":\"Altominho.tv\",\"description\":\"A sua regi\u00e3o \u00e0 dist\u00e2ncia de um clique...\",\"potentialAction\":[{\"@type\":\"SearchAction\",\"target\":{\"@type\":\"EntryPoint\",\"urlTemplate\":\"https:\\\/\\\/www.altominho.tv\\\/site\\\/?s={search_term_string}\"},\"query-input\":{\"@type\":\"PropertyValueSpecification\",\"valueRequired\":true,\"valueName\":\"search_term_string\"}}],\"inLanguage\":\"pt-PT\"},{\"@type\":\"Person\",\"@id\":\"https:\\\/\\\/www.altominho.tv\\\/site\\\/#\\\/schema\\\/person\\\/d9be4265364723f14ea8e0d56a1d38cd\",\"name\":\"Andreia Ferreira\",\"image\":{\"@type\":\"ImageObject\",\"inLanguage\":\"pt-PT\",\"@id\":\"https:\\\/\\\/www.altominho.tv\\\/site\\\/wp-content\\\/uploads\\\/2021\\\/01\\\/AndreiaFerreira-150x150.jpg\",\"url\":\"https:\\\/\\\/www.altominho.tv\\\/site\\\/wp-content\\\/uploads\\\/2021\\\/01\\\/AndreiaFerreira-150x150.jpg\",\"contentUrl\":\"https:\\\/\\\/www.altominho.tv\\\/site\\\/wp-content\\\/uploads\\\/2021\\\/01\\\/AndreiaFerreira-150x150.jpg\",\"caption\":\"Andreia Ferreira\"},\"url\":\"https:\\\/\\\/www.altominho.tv\\\/site\\\/author\\\/andreiaferreira\\\/\"}]}<\/script>\n<!-- \/ Yoast SEO Premium plugin. -->","yoast_head_json":{"title":"Altera\u00e7\u00e3o das zonas proibidas de pesca no rio Minho aprovada por comiss\u00e3o internacional","robots":{"index":"index","follow":"follow","max-snippet":"max-snippet:-1","max-image-preview":"max-image-preview:large","max-video-preview":"max-video-preview:-1"},"canonical":"https:\/\/www.altominho.tv\/site\/2019\/04\/18\/alteracao-das-zonas-proibidas-de-pesca-no-rio-minho-aprovada-por-comissao-internacional\/","og_locale":"pt_PT","og_type":"article","og_title":"Altera\u00e7\u00e3o das zonas proibidas de pesca no rio Minho aprovada por comiss\u00e3o internacional","og_description":"A Comiss\u00e3o Permanente Internacional do Rio Minho (CPIRM) aprovou altera\u00e7\u00f5es \u00e0s zonas proibidas de pesca e a diminui\u00e7\u00e3o do n\u00famero de licen\u00e7as para a atividade da pesca do meix\u00e3o naquele curso internacional de \u00e1gua. Em declara\u00e7\u00f5es \u00e0 ag\u00eancia Lusa, o capit\u00e3o do porto de Caminha, Pedro Costa, que preside \u00e0 delega\u00e7\u00e3o portuguesa da (CPIRM) explicou [&hellip;]","og_url":"https:\/\/www.altominho.tv\/site\/2019\/04\/18\/alteracao-das-zonas-proibidas-de-pesca-no-rio-minho-aprovada-por-comissao-internacional\/","og_site_name":"Altominho.tv","article_publisher":"https:\/\/www.facebook.com\/altominhotv","article_published_time":"2019-04-18T14:54:39+00:00","og_image":[{"width":1261,"height":590,"url":"https:\/\/www.altominho.tv\/site\/wp-content\/uploads\/2019\/04\/Rio-Minho-Caminha.jpg","type":"image\/jpeg"}],"author":"Andreia Ferreira","twitter_card":"summary_large_image","twitter_creator":"@altominhoTV","twitter_site":"@altominhoTV","twitter_misc":{"Escrito por":"Andreia Ferreira","Tempo estimado de leitura":"3 minutos"},"schema":{"@context":"https:\/\/schema.org","@graph":[{"@type":"Article","@id":"https:\/\/www.altominho.tv\/site\/2019\/04\/18\/alteracao-das-zonas-proibidas-de-pesca-no-rio-minho-aprovada-por-comissao-internacional\/#article","isPartOf":{"@id":"https:\/\/www.altominho.tv\/site\/2019\/04\/18\/alteracao-das-zonas-proibidas-de-pesca-no-rio-minho-aprovada-por-comissao-internacional\/"},"author":{"name":"Andreia Ferreira","@id":"https:\/\/www.altominho.tv\/site\/#\/schema\/person\/d9be4265364723f14ea8e0d56a1d38cd"},"headline":"Altera\u00e7\u00e3o das zonas proibidas de pesca no rio Minho aprovada por comiss\u00e3o internacional","datePublished":"2019-04-18T14:54:39+00:00","mainEntityOfPage":{"@id":"https:\/\/www.altominho.tv\/site\/2019\/04\/18\/alteracao-das-zonas-proibidas-de-pesca-no-rio-minho-aprovada-por-comissao-internacional\/"},"wordCount":653,"image":{"@id":"https:\/\/www.altominho.tv\/site\/2019\/04\/18\/alteracao-das-zonas-proibidas-de-pesca-no-rio-minho-aprovada-por-comissao-internacional\/#primaryimage"},"thumbnailUrl":"https:\/\/www.altominho.tv\/site\/wp-content\/uploads\/2019\/04\/Rio-Minho-Caminha.jpg","keywords":["Sociedade"],"articleSection":["Caminha"],"inLanguage":"pt-PT","copyrightYear":"2019","copyrightHolder":{"@id":"https:\/\/www.altominho.tv\/site\/#organization"}},{"@type":"WebPage","@id":"https:\/\/www.altominho.tv\/site\/2019\/04\/18\/alteracao-das-zonas-proibidas-de-pesca-no-rio-minho-aprovada-por-comissao-internacional\/","url":"https:\/\/www.altominho.tv\/site\/2019\/04\/18\/alteracao-das-zonas-proibidas-de-pesca-no-rio-minho-aprovada-por-comissao-internacional\/","name":"Altera\u00e7\u00e3o das zonas proibidas de pesca no rio Minho aprovada por comiss\u00e3o internacional","isPartOf":{"@id":"https:\/\/www.altominho.tv\/site\/#website"},"primaryImageOfPage":{"@id":"https:\/\/www.altominho.tv\/site\/2019\/04\/18\/alteracao-das-zonas-proibidas-de-pesca-no-rio-minho-aprovada-por-comissao-internacional\/#primaryimage"},"image":{"@id":"https:\/\/www.altominho.tv\/site\/2019\/04\/18\/alteracao-das-zonas-proibidas-de-pesca-no-rio-minho-aprovada-por-comissao-internacional\/#primaryimage"},"thumbnailUrl":"https:\/\/www.altominho.tv\/site\/wp-content\/uploads\/2019\/04\/Rio-Minho-Caminha.jpg","datePublished":"2019-04-18T14:54:39+00:00","author":{"@id":"https:\/\/www.altominho.tv\/site\/#\/schema\/person\/d9be4265364723f14ea8e0d56a1d38cd"},"breadcrumb":{"@id":"https:\/\/www.altominho.tv\/site\/2019\/04\/18\/alteracao-das-zonas-proibidas-de-pesca-no-rio-minho-aprovada-por-comissao-internacional\/#breadcrumb"},"inLanguage":"pt-PT","potentialAction":[{"@type":"ReadAction","target":["https:\/\/www.altominho.tv\/site\/2019\/04\/18\/alteracao-das-zonas-proibidas-de-pesca-no-rio-minho-aprovada-por-comissao-internacional\/"]}]},{"@type":"ImageObject","inLanguage":"pt-PT","@id":"https:\/\/www.altominho.tv\/site\/2019\/04\/18\/alteracao-das-zonas-proibidas-de-pesca-no-rio-minho-aprovada-por-comissao-internacional\/#primaryimage","url":"https:\/\/www.altominho.tv\/site\/wp-content\/uploads\/2019\/04\/Rio-Minho-Caminha.jpg","contentUrl":"https:\/\/www.altominho.tv\/site\/wp-content\/uploads\/2019\/04\/Rio-Minho-Caminha.jpg","width":1261,"height":590},{"@type":"BreadcrumbList","@id":"https:\/\/www.altominho.tv\/site\/2019\/04\/18\/alteracao-das-zonas-proibidas-de-pesca-no-rio-minho-aprovada-por-comissao-internacional\/#breadcrumb","itemListElement":[{"@type":"ListItem","position":1,"name":"In\u00edcio","item":"https:\/\/www.altominho.tv\/site\/"},{"@type":"ListItem","position":2,"name":"Altera\u00e7\u00e3o das zonas proibidas de pesca no rio Minho aprovada por comiss\u00e3o internacional"}]},{"@type":"WebSite","@id":"https:\/\/www.altominho.tv\/site\/#website","url":"https:\/\/www.altominho.tv\/site\/","name":"Altominho.tv","description":"A sua regi\u00e3o \u00e0 dist\u00e2ncia de um clique...","potentialAction":[{"@type":"SearchAction","target":{"@type":"EntryPoint","urlTemplate":"https:\/\/www.altominho.tv\/site\/?s={search_term_string}"},"query-input":{"@type":"PropertyValueSpecification","valueRequired":true,"valueName":"search_term_string"}}],"inLanguage":"pt-PT"},{"@type":"Person","@id":"https:\/\/www.altominho.tv\/site\/#\/schema\/person\/d9be4265364723f14ea8e0d56a1d38cd","name":"Andreia Ferreira","image":{"@type":"ImageObject","inLanguage":"pt-PT","@id":"https:\/\/www.altominho.tv\/site\/wp-content\/uploads\/2021\/01\/AndreiaFerreira-150x150.jpg","url":"https:\/\/www.altominho.tv\/site\/wp-content\/uploads\/2021\/01\/AndreiaFerreira-150x150.jpg","contentUrl":"https:\/\/www.altominho.tv\/site\/wp-content\/uploads\/2021\/01\/AndreiaFerreira-150x150.jpg","caption":"Andreia Ferreira"},"url":"https:\/\/www.altominho.tv\/site\/author\/andreiaferreira\/"}]}},"_links":{"self":[{"href":"https:\/\/www.altominho.tv\/site\/wp-json\/wp\/v2\/posts\/27425","targetHints":{"allow":["GET"]}}],"collection":[{"href":"https:\/\/www.altominho.tv\/site\/wp-json\/wp\/v2\/posts"}],"about":[{"href":"https:\/\/www.altominho.tv\/site\/wp-json\/wp\/v2\/types\/post"}],"author":[{"embeddable":true,"href":"https:\/\/www.altominho.tv\/site\/wp-json\/wp\/v2\/users\/12"}],"replies":[{"embeddable":true,"href":"https:\/\/www.altominho.tv\/site\/wp-json\/wp\/v2\/comments?post=27425"}],"version-history":[{"count":0,"href":"https:\/\/www.altominho.tv\/site\/wp-json\/wp\/v2\/posts\/27425\/revisions"}],"wp:featuredmedia":[{"embeddable":true,"href":"https:\/\/www.altominho.tv\/site\/wp-json\/wp\/v2\/media\/27426"}],"wp:attachment":[{"href":"https:\/\/www.altominho.tv\/site\/wp-json\/wp\/v2\/media?parent=27425"}],"wp:term":[{"taxonomy":"category","embeddable":true,"href":"https:\/\/www.altominho.tv\/site\/wp-json\/wp\/v2\/categories?post=27425"},{"taxonomy":"post_tag","embeddable":true,"href":"https:\/\/www.altominho.tv\/site\/wp-json\/wp\/v2\/tags?post=27425"}],"curies":[{"name":"wp","href":"https:\/\/api.w.org\/{rel}","templated":true}]}}