{"id":26769,"date":"2019-04-05T15:55:08","date_gmt":"2019-04-05T14:55:08","guid":{"rendered":"http:\/\/www.altominho.tv\/site\/?p=26769"},"modified":"2019-04-05T15:57:31","modified_gmt":"2019-04-05T14:57:31","slug":"suspensas-jornadas-organizadas-por-associacoes-ligadas-a-caca-em-arcos-de-valdevez","status":"publish","type":"post","link":"https:\/\/www.altominho.tv\/site\/2019\/04\/05\/suspensas-jornadas-organizadas-por-associacoes-ligadas-a-caca-em-arcos-de-valdevez\/","title":{"rendered":"Suspensas jornadas organizadas por associa\u00e7\u00f5es ligadas \u00e0 ca\u00e7a em Arcos de Valdevez"},"content":{"rendered":"<p>O Clube Portugu\u00eas de Monteiros anunciou, esta sexta-feira, a suspens\u00e3o das I Jornadas Internacionais sobre Sustentabilidade Econ\u00f3mica dos Espa\u00e7os Ordenados e Protegidos, previstas para os dias 13 e 14 de abril, em Arcos de Valdevez.<\/p>\n<p>Em resposta escrita ao pedido de esclarecimento enviado pela Lusa, o presidente daquela associa\u00e7\u00e3o, Artur Torres Pereira, invocou &#8220;raz\u00f5es t\u00e9cnicas&#8221; para a suspens\u00e3o do evento.<\/p>\n<p>Na semana passada, em comunicado, o Fundo para a Prote\u00e7\u00e3o dos Animais Selvagens (FAPAS) pediu \u00e0 C\u00e2mara de Valdevez a <a href=\"\/\/www.altominho.tv\/site\/2019\/03\/29\/fapas-pede-a-camara-de-arcos-de-valdevez-anulacao-de-evento-organizado-por-cacadores\/\">anula\u00e7\u00e3o das jornadas<\/a>, alegando serem &#8220;propaganda de ca\u00e7a&#8221;, promovida por associa\u00e7\u00f5es ligadas \u00e0 ca\u00e7a.<\/p>\n<p>Em causa est\u00e1 a preserva\u00e7\u00e3o da cabra-brava do Ger\u00eas, que o FAPAS diz ter sido dada como extinta em 1892 &#8220;devido ao excesso de ca\u00e7a&#8221; e que &#8220;regressou a Portugal em 1998.<\/p>\n<p>&#8220;Ao fim de 20 anos de repovoamento da esp\u00e9cie, j\u00e1 a querem ca\u00e7ar, provavelmente para a levar de novo \u00e0 extin\u00e7\u00e3o&#8221;, frisou a organiza\u00e7\u00e3o ambientalista.<\/p>\n<p>Na quinta-feira, durante o debate mensal no parlamento, o deputado do partido Pessoas-Animais-Natureza (PAN), Andr\u00e9 Silva, questionou o primeiro-ministro sobre o assunto, considerando a considerando a situa\u00e7\u00e3o &#8220;muito grave&#8221; e adiantando que o objetivo das jornadas passaria por &#8220;voltar a ca\u00e7ar a cabra mont\u00eas&#8221; no Parque Nacional da Peneda-Ger\u00eas (PNPG).<\/p>\n<p>Andr\u00e9 Silva referiu que &#8220;mais grave ainda&#8221; era &#8220;a anunciada presen\u00e7a do ministro do Ambiente no evento&#8221;. Na resposta, Ant\u00f3nio Costa disse que nem o ministro do Ambiente nem outro membro do governo &#8220;apadrinhar\u00e1 ou estar\u00e1 presente no evento&#8221;.<\/p>\n<p>Segundo o FAPAS, as jornadas agora suspensas, eram &#8220;promovidas pelo Clube Portugu\u00eas de Monteiros e o Safari Clube Internacional &#8211; Lusit\u00e2nia Chapter\u201d, com \u201co apoio do munic\u00edpio de Arcos de Valdevez, do Minist\u00e9rio da Agricultura, Instituto de Conserva\u00e7\u00e3o da Natureza e Florestas (ICNF), do Turismo do Norte e com a anunciada presen\u00e7a do ministro do Ambiente e do secret\u00e1rio de Estado das Florestas e Desenvolvimento Rural&#8221;.<\/p>\n<p>Tamb\u00e9m na quinta-feira, num requerimento enviado ao Governo, o Bloco de Esquerda questionou o Minist\u00e9rio do Ambiente sobre &#8220;o an\u00fancio de uma ca\u00e7ada \u00e0 cabra mont\u00eas, no Parque Natural da Peneda-Ger\u00eas&#8221;, que teria estado inclu\u00edda no programa daquele evento.<\/p>\n<p>Hoje, o Clube Portugu\u00eas de Monteiros garantiu ser &#8220;absolutamente falso&#8221; a realiza\u00e7\u00e3o de ca\u00e7ada \u00e0 cabra mont\u00eas.<br \/>\n&#8220;N\u00e3o est\u00e1 mencionado em lado nenhum. A cabra mont\u00eas n\u00e3o se pode ca\u00e7ar por n\u00e3o ser considerada uma esp\u00e9cie cineg\u00e9tica&#8221;, sustenta a Associa\u00e7\u00e3o Nacional de Ca\u00e7a Maior.<\/p>\n<p>Na resposta \u00e0 Lusa, Artur Torres Pereira explicou que o objetivo das jornadas agora suspensas &#8220;era avaliar o estado atual do conhecimento sobre a cabra montesa, n\u00e3o s\u00f3 em Portugal, no territ\u00f3rio do Parque Nacional da Peneda-Ger\u00eas (PNPG), mas tamb\u00e9m noutros territ\u00f3rios protegidos de outros pa\u00edses do mundo, em Espanha, em particular&#8221;.<\/p>\n<p>&#8220;Para o efeito foi garantida a participa\u00e7\u00e3o de especialistas, nacionais e estrangeiros, conhecedores da din\u00e2mica populacional da esp\u00e9cie em todo o mundo e da import\u00e2ncia do seu planeamento, da sua gest\u00e3o e, da sua explora\u00e7\u00e3o para a preserva\u00e7\u00e3o dos habitats das regi\u00f5es onde ocorre (normalmente regi\u00f5es deprimidas de montanha e de baixa densidade), e para a melhoria das condi\u00e7\u00f5es de vida das popula\u00e7\u00f5es envolvidas&#8221;, especificou.<\/p>\n<p>Contactado pela Lusa, o presidente da C\u00e2mara de Arcos de Valdevez n\u00e3o quis comentar o assunto, remetendo a posi\u00e7\u00e3o do munic\u00edpio para as declara\u00e7\u00f5es que prestou, na semana passada, na sequ\u00eancia do comunicado do FAPAS.<\/p>\n<p>Na altura, Jo\u00e3o Manuel Esteves referiu que o tema das jornadas &#8220;\u00e9, e sempre foi, do interesse&#8221; do concelho de Arcos de Valdevez, integrado no PNPG, &#8220;assim como deve ser um tema de interesse para todos&#8221;.<\/p>\n<p>O autarca adiantou que &#8220;a ca\u00e7a, desde que devidamente enquadrada na lei e na preserva\u00e7\u00e3o da natureza \u00e9 uma atividade, tal como \u00e9 reconhecido por todos, de grande relev\u00e2ncia econ\u00f3mica&#8221;.<\/p>\n<p>A Lusa contactou o diretor do Departamento de Conserva\u00e7\u00e3o da Natureza e Florestas (DCNF) do Norte, Armando Loureiro, mas at\u00e9 agora sem sucesso.<\/p>\n<p>Hoje come\u00e7ou a circular uma carta aberta de uma empresa que opera no PNPG a &#8220;condenar e rejeitar qualquer tentativa de atribuir uma voca\u00e7\u00e3o cineg\u00e9tica&#8221;, ao \u00fanico parque do pa\u00eds.<\/p>\n<p>A empresa Keen Tours &#8220;exorta o Governo portugu\u00eas, o ICNF e o Turismo de Portugal a revogar o seu endosso a esta iniciativa extempor\u00e2nea&#8221; e &#8220;os munic\u00edpios cujo territ\u00f3rio integra o PNPG a enjeitarem a possibilidade levantada por estas jornadas e, ao inv\u00e9s, exigirem do governo e do ICNF maior investimento na sua conserva\u00e7\u00e3o e vigil\u00e2ncia&#8221;.<\/p>\n<p>Nas redes sociais, um grupo de defensores dos direitos animais criou uma p\u00e1gina intitulada &#8220;Pelo Nosso \u00danico Parque Nacional Peneda-Ger\u00eas&#8221;, a convocar a popula\u00e7\u00e3o para uma manifesta\u00e7\u00e3o, no 13 de abril das 12:00 \u00e0s 15:00.<\/p>\n<p>Fonte: Lusa<\/p>\n","protected":false},"excerpt":{"rendered":"<p>O Clube Portugu\u00eas de Monteiros anunciou, esta sexta-feira, a suspens\u00e3o das I Jornadas Internacionais sobre Sustentabilidade Econ\u00f3mica dos Espa\u00e7os Ordenados e Protegidos, previstas para os dias 13 e 14 de abril, em Arcos de Valdevez. Em resposta escrita ao pedido de esclarecimento enviado pela Lusa, o presidente daquela associa\u00e7\u00e3o, Artur Torres Pereira, invocou &#8220;raz\u00f5es t\u00e9cnicas&#8221; [&hellip;]<\/p>\n","protected":false},"author":12,"featured_media":26770,"comment_status":"closed","ping_status":"closed","sticky":false,"template":"","format":"standard","meta":{"_exactmetrics_skip_tracking":false,"footnotes":""},"categories":[2],"tags":[27],"class_list":["post-26769","post","type-post","status-publish","format-standard","has-post-thumbnail","hentry","category-arcos-de-valdevez","tag-sociedade"],"yoast_head":"<!-- This site is optimized with the Yoast SEO Premium plugin v28.3 (Yoast SEO v28.3) - https:\/\/yoast.com\/product\/yoast-seo-premium-wordpress\/ -->\n<title>Suspensas jornadas organizadas por associa\u00e7\u00f5es ligadas \u00e0 ca\u00e7a em Arcos de Valdevez<\/title>\n<meta name=\"robots\" content=\"index, follow, max-snippet:-1, max-image-preview:large, max-video-preview:-1\" \/>\n<link rel=\"canonical\" href=\"https:\/\/www.altominho.tv\/site\/2019\/04\/05\/suspensas-jornadas-organizadas-por-associacoes-ligadas-a-caca-em-arcos-de-valdevez\/\" \/>\n<meta property=\"og:locale\" content=\"pt_PT\" \/>\n<meta property=\"og:type\" content=\"article\" \/>\n<meta property=\"og:title\" content=\"Suspensas jornadas organizadas por associa\u00e7\u00f5es ligadas \u00e0 ca\u00e7a em Arcos de Valdevez\" \/>\n<meta property=\"og:description\" content=\"O Clube Portugu\u00eas de Monteiros anunciou, esta sexta-feira, a suspens\u00e3o das I Jornadas Internacionais sobre Sustentabilidade Econ\u00f3mica dos Espa\u00e7os Ordenados e Protegidos, previstas para os dias 13 e 14 de abril, em Arcos de Valdevez. Em resposta escrita ao pedido de esclarecimento enviado pela Lusa, o presidente daquela associa\u00e7\u00e3o, Artur Torres Pereira, invocou &#8220;raz\u00f5es t\u00e9cnicas&#8221; [&hellip;]\" \/>\n<meta property=\"og:url\" content=\"https:\/\/www.altominho.tv\/site\/2019\/04\/05\/suspensas-jornadas-organizadas-por-associacoes-ligadas-a-caca-em-arcos-de-valdevez\/\" \/>\n<meta property=\"og:site_name\" content=\"Altominho.tv\" \/>\n<meta property=\"article:publisher\" content=\"https:\/\/www.facebook.com\/altominhotv\" \/>\n<meta property=\"article:published_time\" content=\"2019-04-05T14:55:08+00:00\" \/>\n<meta property=\"article:modified_time\" content=\"2019-04-05T14:57:31+00:00\" \/>\n<meta property=\"og:image\" content=\"https:\/\/www.altominho.tv\/site\/wp-content\/uploads\/2019\/04\/1258097.jpg\" \/>\n\t<meta property=\"og:image:width\" content=\"2048\" \/>\n\t<meta property=\"og:image:height\" content=\"1536\" \/>\n\t<meta property=\"og:image:type\" content=\"image\/jpeg\" \/>\n<meta name=\"author\" content=\"Andreia Ferreira\" \/>\n<meta name=\"twitter:card\" content=\"summary_large_image\" \/>\n<meta name=\"twitter:creator\" content=\"@altominhoTV\" \/>\n<meta name=\"twitter:site\" content=\"@altominhoTV\" \/>\n<meta name=\"twitter:label1\" content=\"Escrito por\" \/>\n\t<meta name=\"twitter:data1\" content=\"Andreia Ferreira\" \/>\n\t<meta name=\"twitter:label2\" content=\"Tempo estimado de leitura\" \/>\n\t<meta name=\"twitter:data2\" content=\"4 minutos\" \/>\n<script type=\"application\/ld+json\" class=\"yoast-schema-graph\">{\"@context\":\"https:\\\/\\\/schema.org\",\"@graph\":[{\"@type\":\"Article\",\"@id\":\"https:\\\/\\\/www.altominho.tv\\\/site\\\/2019\\\/04\\\/05\\\/suspensas-jornadas-organizadas-por-associacoes-ligadas-a-caca-em-arcos-de-valdevez\\\/#article\",\"isPartOf\":{\"@id\":\"https:\\\/\\\/www.altominho.tv\\\/site\\\/2019\\\/04\\\/05\\\/suspensas-jornadas-organizadas-por-associacoes-ligadas-a-caca-em-arcos-de-valdevez\\\/\"},\"author\":{\"name\":\"Andreia Ferreira\",\"@id\":\"https:\\\/\\\/www.altominho.tv\\\/site\\\/#\\\/schema\\\/person\\\/d9be4265364723f14ea8e0d56a1d38cd\"},\"headline\":\"Suspensas jornadas organizadas por associa\u00e7\u00f5es ligadas \u00e0 ca\u00e7a em Arcos de Valdevez\",\"datePublished\":\"2019-04-05T14:55:08+00:00\",\"dateModified\":\"2019-04-05T14:57:31+00:00\",\"mainEntityOfPage\":{\"@id\":\"https:\\\/\\\/www.altominho.tv\\\/site\\\/2019\\\/04\\\/05\\\/suspensas-jornadas-organizadas-por-associacoes-ligadas-a-caca-em-arcos-de-valdevez\\\/\"},\"wordCount\":847,\"image\":{\"@id\":\"https:\\\/\\\/www.altominho.tv\\\/site\\\/2019\\\/04\\\/05\\\/suspensas-jornadas-organizadas-por-associacoes-ligadas-a-caca-em-arcos-de-valdevez\\\/#primaryimage\"},\"thumbnailUrl\":\"https:\\\/\\\/www.altominho.tv\\\/site\\\/wp-content\\\/uploads\\\/2019\\\/04\\\/1258097.jpg\",\"keywords\":[\"Sociedade\"],\"articleSection\":[\"Arcos de Valdevez\"],\"inLanguage\":\"pt-PT\",\"copyrightYear\":\"2019\",\"copyrightHolder\":{\"@id\":\"https:\\\/\\\/www.altominho.tv\\\/site\\\/#organization\"}},{\"@type\":\"WebPage\",\"@id\":\"https:\\\/\\\/www.altominho.tv\\\/site\\\/2019\\\/04\\\/05\\\/suspensas-jornadas-organizadas-por-associacoes-ligadas-a-caca-em-arcos-de-valdevez\\\/\",\"url\":\"https:\\\/\\\/www.altominho.tv\\\/site\\\/2019\\\/04\\\/05\\\/suspensas-jornadas-organizadas-por-associacoes-ligadas-a-caca-em-arcos-de-valdevez\\\/\",\"name\":\"Suspensas jornadas organizadas por associa\u00e7\u00f5es ligadas \u00e0 ca\u00e7a em Arcos de Valdevez\",\"isPartOf\":{\"@id\":\"https:\\\/\\\/www.altominho.tv\\\/site\\\/#website\"},\"primaryImageOfPage\":{\"@id\":\"https:\\\/\\\/www.altominho.tv\\\/site\\\/2019\\\/04\\\/05\\\/suspensas-jornadas-organizadas-por-associacoes-ligadas-a-caca-em-arcos-de-valdevez\\\/#primaryimage\"},\"image\":{\"@id\":\"https:\\\/\\\/www.altominho.tv\\\/site\\\/2019\\\/04\\\/05\\\/suspensas-jornadas-organizadas-por-associacoes-ligadas-a-caca-em-arcos-de-valdevez\\\/#primaryimage\"},\"thumbnailUrl\":\"https:\\\/\\\/www.altominho.tv\\\/site\\\/wp-content\\\/uploads\\\/2019\\\/04\\\/1258097.jpg\",\"datePublished\":\"2019-04-05T14:55:08+00:00\",\"dateModified\":\"2019-04-05T14:57:31+00:00\",\"author\":{\"@id\":\"https:\\\/\\\/www.altominho.tv\\\/site\\\/#\\\/schema\\\/person\\\/d9be4265364723f14ea8e0d56a1d38cd\"},\"breadcrumb\":{\"@id\":\"https:\\\/\\\/www.altominho.tv\\\/site\\\/2019\\\/04\\\/05\\\/suspensas-jornadas-organizadas-por-associacoes-ligadas-a-caca-em-arcos-de-valdevez\\\/#breadcrumb\"},\"inLanguage\":\"pt-PT\",\"potentialAction\":[{\"@type\":\"ReadAction\",\"target\":[\"https:\\\/\\\/www.altominho.tv\\\/site\\\/2019\\\/04\\\/05\\\/suspensas-jornadas-organizadas-por-associacoes-ligadas-a-caca-em-arcos-de-valdevez\\\/\"]}]},{\"@type\":\"ImageObject\",\"inLanguage\":\"pt-PT\",\"@id\":\"https:\\\/\\\/www.altominho.tv\\\/site\\\/2019\\\/04\\\/05\\\/suspensas-jornadas-organizadas-por-associacoes-ligadas-a-caca-em-arcos-de-valdevez\\\/#primaryimage\",\"url\":\"https:\\\/\\\/www.altominho.tv\\\/site\\\/wp-content\\\/uploads\\\/2019\\\/04\\\/1258097.jpg\",\"contentUrl\":\"https:\\\/\\\/www.altominho.tv\\\/site\\\/wp-content\\\/uploads\\\/2019\\\/04\\\/1258097.jpg\",\"width\":2048,\"height\":1536,\"caption\":\"FOTOGRAFIA DE JORNAL P\u00daBLICO\"},{\"@type\":\"BreadcrumbList\",\"@id\":\"https:\\\/\\\/www.altominho.tv\\\/site\\\/2019\\\/04\\\/05\\\/suspensas-jornadas-organizadas-por-associacoes-ligadas-a-caca-em-arcos-de-valdevez\\\/#breadcrumb\",\"itemListElement\":[{\"@type\":\"ListItem\",\"position\":1,\"name\":\"In\u00edcio\",\"item\":\"https:\\\/\\\/www.altominho.tv\\\/site\\\/\"},{\"@type\":\"ListItem\",\"position\":2,\"name\":\"Suspensas jornadas organizadas por associa\u00e7\u00f5es ligadas \u00e0 ca\u00e7a em Arcos de Valdevez\"}]},{\"@type\":\"WebSite\",\"@id\":\"https:\\\/\\\/www.altominho.tv\\\/site\\\/#website\",\"url\":\"https:\\\/\\\/www.altominho.tv\\\/site\\\/\",\"name\":\"Altominho.tv\",\"description\":\"A sua regi\u00e3o \u00e0 dist\u00e2ncia de um clique...\",\"potentialAction\":[{\"@type\":\"SearchAction\",\"target\":{\"@type\":\"EntryPoint\",\"urlTemplate\":\"https:\\\/\\\/www.altominho.tv\\\/site\\\/?s={search_term_string}\"},\"query-input\":{\"@type\":\"PropertyValueSpecification\",\"valueRequired\":true,\"valueName\":\"search_term_string\"}}],\"inLanguage\":\"pt-PT\"},{\"@type\":\"Person\",\"@id\":\"https:\\\/\\\/www.altominho.tv\\\/site\\\/#\\\/schema\\\/person\\\/d9be4265364723f14ea8e0d56a1d38cd\",\"name\":\"Andreia Ferreira\",\"image\":{\"@type\":\"ImageObject\",\"inLanguage\":\"pt-PT\",\"@id\":\"https:\\\/\\\/www.altominho.tv\\\/site\\\/wp-content\\\/uploads\\\/2021\\\/01\\\/AndreiaFerreira-150x150.jpg\",\"url\":\"https:\\\/\\\/www.altominho.tv\\\/site\\\/wp-content\\\/uploads\\\/2021\\\/01\\\/AndreiaFerreira-150x150.jpg\",\"contentUrl\":\"https:\\\/\\\/www.altominho.tv\\\/site\\\/wp-content\\\/uploads\\\/2021\\\/01\\\/AndreiaFerreira-150x150.jpg\",\"caption\":\"Andreia Ferreira\"},\"url\":\"https:\\\/\\\/www.altominho.tv\\\/site\\\/author\\\/andreiaferreira\\\/\"}]}<\/script>\n<!-- \/ Yoast SEO Premium plugin. -->","yoast_head_json":{"title":"Suspensas jornadas organizadas por associa\u00e7\u00f5es ligadas \u00e0 ca\u00e7a em Arcos de Valdevez","robots":{"index":"index","follow":"follow","max-snippet":"max-snippet:-1","max-image-preview":"max-image-preview:large","max-video-preview":"max-video-preview:-1"},"canonical":"https:\/\/www.altominho.tv\/site\/2019\/04\/05\/suspensas-jornadas-organizadas-por-associacoes-ligadas-a-caca-em-arcos-de-valdevez\/","og_locale":"pt_PT","og_type":"article","og_title":"Suspensas jornadas organizadas por associa\u00e7\u00f5es ligadas \u00e0 ca\u00e7a em Arcos de Valdevez","og_description":"O Clube Portugu\u00eas de Monteiros anunciou, esta sexta-feira, a suspens\u00e3o das I Jornadas Internacionais sobre Sustentabilidade Econ\u00f3mica dos Espa\u00e7os Ordenados e Protegidos, previstas para os dias 13 e 14 de abril, em Arcos de Valdevez. Em resposta escrita ao pedido de esclarecimento enviado pela Lusa, o presidente daquela associa\u00e7\u00e3o, Artur Torres Pereira, invocou &#8220;raz\u00f5es t\u00e9cnicas&#8221; [&hellip;]","og_url":"https:\/\/www.altominho.tv\/site\/2019\/04\/05\/suspensas-jornadas-organizadas-por-associacoes-ligadas-a-caca-em-arcos-de-valdevez\/","og_site_name":"Altominho.tv","article_publisher":"https:\/\/www.facebook.com\/altominhotv","article_published_time":"2019-04-05T14:55:08+00:00","article_modified_time":"2019-04-05T14:57:31+00:00","og_image":[{"width":2048,"height":1536,"url":"https:\/\/www.altominho.tv\/site\/wp-content\/uploads\/2019\/04\/1258097.jpg","type":"image\/jpeg"}],"author":"Andreia Ferreira","twitter_card":"summary_large_image","twitter_creator":"@altominhoTV","twitter_site":"@altominhoTV","twitter_misc":{"Escrito por":"Andreia Ferreira","Tempo estimado de leitura":"4 minutos"},"schema":{"@context":"https:\/\/schema.org","@graph":[{"@type":"Article","@id":"https:\/\/www.altominho.tv\/site\/2019\/04\/05\/suspensas-jornadas-organizadas-por-associacoes-ligadas-a-caca-em-arcos-de-valdevez\/#article","isPartOf":{"@id":"https:\/\/www.altominho.tv\/site\/2019\/04\/05\/suspensas-jornadas-organizadas-por-associacoes-ligadas-a-caca-em-arcos-de-valdevez\/"},"author":{"name":"Andreia Ferreira","@id":"https:\/\/www.altominho.tv\/site\/#\/schema\/person\/d9be4265364723f14ea8e0d56a1d38cd"},"headline":"Suspensas jornadas organizadas por associa\u00e7\u00f5es ligadas \u00e0 ca\u00e7a em Arcos de Valdevez","datePublished":"2019-04-05T14:55:08+00:00","dateModified":"2019-04-05T14:57:31+00:00","mainEntityOfPage":{"@id":"https:\/\/www.altominho.tv\/site\/2019\/04\/05\/suspensas-jornadas-organizadas-por-associacoes-ligadas-a-caca-em-arcos-de-valdevez\/"},"wordCount":847,"image":{"@id":"https:\/\/www.altominho.tv\/site\/2019\/04\/05\/suspensas-jornadas-organizadas-por-associacoes-ligadas-a-caca-em-arcos-de-valdevez\/#primaryimage"},"thumbnailUrl":"https:\/\/www.altominho.tv\/site\/wp-content\/uploads\/2019\/04\/1258097.jpg","keywords":["Sociedade"],"articleSection":["Arcos de Valdevez"],"inLanguage":"pt-PT","copyrightYear":"2019","copyrightHolder":{"@id":"https:\/\/www.altominho.tv\/site\/#organization"}},{"@type":"WebPage","@id":"https:\/\/www.altominho.tv\/site\/2019\/04\/05\/suspensas-jornadas-organizadas-por-associacoes-ligadas-a-caca-em-arcos-de-valdevez\/","url":"https:\/\/www.altominho.tv\/site\/2019\/04\/05\/suspensas-jornadas-organizadas-por-associacoes-ligadas-a-caca-em-arcos-de-valdevez\/","name":"Suspensas jornadas organizadas por associa\u00e7\u00f5es ligadas \u00e0 ca\u00e7a em Arcos de Valdevez","isPartOf":{"@id":"https:\/\/www.altominho.tv\/site\/#website"},"primaryImageOfPage":{"@id":"https:\/\/www.altominho.tv\/site\/2019\/04\/05\/suspensas-jornadas-organizadas-por-associacoes-ligadas-a-caca-em-arcos-de-valdevez\/#primaryimage"},"image":{"@id":"https:\/\/www.altominho.tv\/site\/2019\/04\/05\/suspensas-jornadas-organizadas-por-associacoes-ligadas-a-caca-em-arcos-de-valdevez\/#primaryimage"},"thumbnailUrl":"https:\/\/www.altominho.tv\/site\/wp-content\/uploads\/2019\/04\/1258097.jpg","datePublished":"2019-04-05T14:55:08+00:00","dateModified":"2019-04-05T14:57:31+00:00","author":{"@id":"https:\/\/www.altominho.tv\/site\/#\/schema\/person\/d9be4265364723f14ea8e0d56a1d38cd"},"breadcrumb":{"@id":"https:\/\/www.altominho.tv\/site\/2019\/04\/05\/suspensas-jornadas-organizadas-por-associacoes-ligadas-a-caca-em-arcos-de-valdevez\/#breadcrumb"},"inLanguage":"pt-PT","potentialAction":[{"@type":"ReadAction","target":["https:\/\/www.altominho.tv\/site\/2019\/04\/05\/suspensas-jornadas-organizadas-por-associacoes-ligadas-a-caca-em-arcos-de-valdevez\/"]}]},{"@type":"ImageObject","inLanguage":"pt-PT","@id":"https:\/\/www.altominho.tv\/site\/2019\/04\/05\/suspensas-jornadas-organizadas-por-associacoes-ligadas-a-caca-em-arcos-de-valdevez\/#primaryimage","url":"https:\/\/www.altominho.tv\/site\/wp-content\/uploads\/2019\/04\/1258097.jpg","contentUrl":"https:\/\/www.altominho.tv\/site\/wp-content\/uploads\/2019\/04\/1258097.jpg","width":2048,"height":1536,"caption":"FOTOGRAFIA DE JORNAL P\u00daBLICO"},{"@type":"BreadcrumbList","@id":"https:\/\/www.altominho.tv\/site\/2019\/04\/05\/suspensas-jornadas-organizadas-por-associacoes-ligadas-a-caca-em-arcos-de-valdevez\/#breadcrumb","itemListElement":[{"@type":"ListItem","position":1,"name":"In\u00edcio","item":"https:\/\/www.altominho.tv\/site\/"},{"@type":"ListItem","position":2,"name":"Suspensas jornadas organizadas por associa\u00e7\u00f5es ligadas \u00e0 ca\u00e7a em Arcos de Valdevez"}]},{"@type":"WebSite","@id":"https:\/\/www.altominho.tv\/site\/#website","url":"https:\/\/www.altominho.tv\/site\/","name":"Altominho.tv","description":"A sua regi\u00e3o \u00e0 dist\u00e2ncia de um clique...","potentialAction":[{"@type":"SearchAction","target":{"@type":"EntryPoint","urlTemplate":"https:\/\/www.altominho.tv\/site\/?s={search_term_string}"},"query-input":{"@type":"PropertyValueSpecification","valueRequired":true,"valueName":"search_term_string"}}],"inLanguage":"pt-PT"},{"@type":"Person","@id":"https:\/\/www.altominho.tv\/site\/#\/schema\/person\/d9be4265364723f14ea8e0d56a1d38cd","name":"Andreia Ferreira","image":{"@type":"ImageObject","inLanguage":"pt-PT","@id":"https:\/\/www.altominho.tv\/site\/wp-content\/uploads\/2021\/01\/AndreiaFerreira-150x150.jpg","url":"https:\/\/www.altominho.tv\/site\/wp-content\/uploads\/2021\/01\/AndreiaFerreira-150x150.jpg","contentUrl":"https:\/\/www.altominho.tv\/site\/wp-content\/uploads\/2021\/01\/AndreiaFerreira-150x150.jpg","caption":"Andreia Ferreira"},"url":"https:\/\/www.altominho.tv\/site\/author\/andreiaferreira\/"}]}},"_links":{"self":[{"href":"https:\/\/www.altominho.tv\/site\/wp-json\/wp\/v2\/posts\/26769","targetHints":{"allow":["GET"]}}],"collection":[{"href":"https:\/\/www.altominho.tv\/site\/wp-json\/wp\/v2\/posts"}],"about":[{"href":"https:\/\/www.altominho.tv\/site\/wp-json\/wp\/v2\/types\/post"}],"author":[{"embeddable":true,"href":"https:\/\/www.altominho.tv\/site\/wp-json\/wp\/v2\/users\/12"}],"replies":[{"embeddable":true,"href":"https:\/\/www.altominho.tv\/site\/wp-json\/wp\/v2\/comments?post=26769"}],"version-history":[{"count":0,"href":"https:\/\/www.altominho.tv\/site\/wp-json\/wp\/v2\/posts\/26769\/revisions"}],"wp:featuredmedia":[{"embeddable":true,"href":"https:\/\/www.altominho.tv\/site\/wp-json\/wp\/v2\/media\/26770"}],"wp:attachment":[{"href":"https:\/\/www.altominho.tv\/site\/wp-json\/wp\/v2\/media?parent=26769"}],"wp:term":[{"taxonomy":"category","embeddable":true,"href":"https:\/\/www.altominho.tv\/site\/wp-json\/wp\/v2\/categories?post=26769"},{"taxonomy":"post_tag","embeddable":true,"href":"https:\/\/www.altominho.tv\/site\/wp-json\/wp\/v2\/tags?post=26769"}],"curies":[{"name":"wp","href":"https:\/\/api.w.org\/{rel}","templated":true}]}}