{"id":26740,"date":"2019-04-05T12:02:22","date_gmt":"2019-04-05T11:02:22","guid":{"rendered":"http:\/\/www.altominho.tv\/site\/?p=26740"},"modified":"2019-04-05T15:20:32","modified_gmt":"2019-04-05T14:20:32","slug":"psd-critica-aprovacao-de-acordo-de-pescas-no-rio-minho-sem-existir-debate-publico","status":"publish","type":"post","link":"https:\/\/www.altominho.tv\/site\/2019\/04\/05\/psd-critica-aprovacao-de-acordo-de-pescas-no-rio-minho-sem-existir-debate-publico\/","title":{"rendered":"PSD critica aprova\u00e7\u00e3o de acordo de pescas no rio Minho sem existir debate p\u00fablico"},"content":{"rendered":"<p>Um grupo de deputados do PSD que integram a Comiss\u00e3o de Agricultura e Mar e os deputados eleitos pelo Alto Minho informaram hoje ter criticado a aprova\u00e7\u00e3o dos Acordos Fronteiri\u00e7os de Pesca do Rio Minho e do Rio Guadiana, acusando o Governo de &#8220;n\u00e3o ouvir o setor&#8221; .<\/p>\n<p>Em comunicado, Em\u00edlia Cerqueira, Carlos Abreu Amorim e Liliana Silva defendem que &#8220;\u00e9 inaceit\u00e1vel que o processo n\u00e3o tenha sido objeto de debate p\u00fablico e de um aprofundado processo de avalia\u00e7\u00e3o do anterior acordo, tendo presente as conhecidas e generalizadas cr\u00edticas dos pescadores e das Associa\u00e7\u00f5es do setor \u00e0s condi\u00e7\u00f5es e caracter\u00edsticas em que tem vindo a ser desenvolvido o exerc\u00edcio da atividade da frota espanhola em \u00e1guas portuguesas, nomeadamente nas zonas fronteiri\u00e7as do Minho e do Guadiana&#8221;.<\/p>\n<p>&#8220;As condi\u00e7\u00f5es estabelecidas pelos acordos s\u00e3o mais favor\u00e1veis aos pescadores espanh\u00f3is do que aos portugueses, j\u00e1 que, face \u00e0 sobre-explora\u00e7\u00e3o e menor abund\u00e2ncia de recursos nas zonas em causa da costa do pa\u00eds vizinho, os nossos pescadores n\u00e3o utilizam, em plenitude e frequ\u00eancia, as licen\u00e7as que os acordos possibilitam&#8221;, sustentam.<\/p>\n<p>Os\u00a0<span class=\"il\">deputados<\/span>\u00a0eleitos pelo distrito de Viana do Castelo referem que &#8220;\u00e9 pr\u00e1tica corrente dos pescadores e armadores espanh\u00f3is o desrespeito pelas regras e medidas t\u00e9cnicas legalmente estabelecidas, nomeadamente ao n\u00edvel dos hor\u00e1rios de pesca, dos limites de captura di\u00e1rios, dos tamanhos m\u00ednimos de captura de algumas esp\u00e9cies e dos limites das \u00e1reas de pesca&#8221;.<\/p>\n<p>Segundo os deputados s\u00e3o ainda &#8220;conhecidas as dificuldades de fiscaliza\u00e7\u00e3o por parte das autoridades portuguesas \u2013 publicamente reconhecidas\u2013, criando um clima de aparente impunidade e situa\u00e7\u00f5es frequentes de conflito&#8221;.<\/p>\n<p>&#8220;Esta decis\u00e3o do Governo portugu\u00eas, j\u00e1 de si incompreens\u00edvel face ao quadro descrito, \u00e9 ainda mais grave se tivermos em conta que se mant\u00eam, integralmente, as condi\u00e7\u00f5es anteriores, tanto ao n\u00edvel das zonas de pesca como das artes consideradas e do n\u00famero de licen\u00e7as atribu\u00eddas&#8221;, frisam na nota.<\/p>\n<p>Acrescentando que &#8220;a \u00fanica diferen\u00e7a \u00e9 que o per\u00edodo de vig\u00eancia, ao contr\u00e1rio dos dois anos considerados no acordo anterior, \u00e9 agora de cinco anos, renov\u00e1vel automaticamente por um per\u00edodo de dois anos&#8221;.<\/p>\n<p>O PSD conclui lamentando o &#8220;desrespeito que o Governo demonstra pelos interesses, reivindica\u00e7\u00f5es e apelos do setor das pescas&#8221;.<\/p>\n","protected":false},"excerpt":{"rendered":"<p>Um grupo de deputados do PSD que integram a Comiss\u00e3o de Agricultura e Mar e os deputados eleitos pelo Alto Minho informaram hoje ter criticado a aprova\u00e7\u00e3o dos Acordos Fronteiri\u00e7os de Pesca do Rio Minho e do Rio Guadiana, acusando o Governo de &#8220;n\u00e3o ouvir o setor&#8221; . Em comunicado, Em\u00edlia Cerqueira, Carlos Abreu Amorim [&hellip;]<\/p>\n","protected":false},"author":12,"featured_media":26741,"comment_status":"closed","ping_status":"closed","sticky":false,"template":"","format":"standard","meta":{"_exactmetrics_skip_tracking":false,"footnotes":""},"categories":[73],"tags":[27],"class_list":["post-26740","post","type-post","status-publish","format-standard","has-post-thumbnail","hentry","category-alto-minho","tag-sociedade"],"yoast_head":"<!-- This site is optimized with the Yoast SEO Premium plugin v28.3 (Yoast SEO v28.3) - https:\/\/yoast.com\/product\/yoast-seo-premium-wordpress\/ -->\n<title>PSD critica aprova\u00e7\u00e3o de acordo de pescas no rio Minho sem existir debate p\u00fablico<\/title>\n<meta name=\"robots\" content=\"index, follow, max-snippet:-1, max-image-preview:large, max-video-preview:-1\" \/>\n<link rel=\"canonical\" href=\"https:\/\/www.altominho.tv\/site\/2019\/04\/05\/psd-critica-aprovacao-de-acordo-de-pescas-no-rio-minho-sem-existir-debate-publico\/\" \/>\n<meta property=\"og:locale\" content=\"pt_PT\" \/>\n<meta property=\"og:type\" content=\"article\" \/>\n<meta property=\"og:title\" content=\"PSD critica aprova\u00e7\u00e3o de acordo de pescas no rio Minho sem existir debate p\u00fablico\" \/>\n<meta property=\"og:description\" content=\"Um grupo de deputados do PSD que integram a Comiss\u00e3o de Agricultura e Mar e os deputados eleitos pelo Alto Minho informaram hoje ter criticado a aprova\u00e7\u00e3o dos Acordos Fronteiri\u00e7os de Pesca do Rio Minho e do Rio Guadiana, acusando o Governo de &#8220;n\u00e3o ouvir o setor&#8221; . Em comunicado, Em\u00edlia Cerqueira, Carlos Abreu Amorim [&hellip;]\" \/>\n<meta property=\"og:url\" content=\"https:\/\/www.altominho.tv\/site\/2019\/04\/05\/psd-critica-aprovacao-de-acordo-de-pescas-no-rio-minho-sem-existir-debate-publico\/\" \/>\n<meta property=\"og:site_name\" content=\"Altominho.tv\" \/>\n<meta property=\"article:publisher\" content=\"https:\/\/www.facebook.com\/altominhotv\" \/>\n<meta property=\"article:published_time\" content=\"2019-04-05T11:02:22+00:00\" \/>\n<meta property=\"article:modified_time\" content=\"2019-04-05T14:20:32+00:00\" \/>\n<meta property=\"og:image\" content=\"https:\/\/www.altominho.tv\/site\/wp-content\/uploads\/2019\/04\/maxresdefault-12-800x450.jpg\" \/>\n\t<meta property=\"og:image:width\" content=\"800\" \/>\n\t<meta property=\"og:image:height\" content=\"450\" \/>\n\t<meta property=\"og:image:type\" content=\"image\/jpeg\" \/>\n<meta name=\"author\" content=\"Andreia Ferreira\" \/>\n<meta name=\"twitter:card\" content=\"summary_large_image\" \/>\n<meta name=\"twitter:creator\" content=\"@altominhoTV\" \/>\n<meta name=\"twitter:site\" content=\"@altominhoTV\" \/>\n<meta name=\"twitter:label1\" content=\"Escrito por\" \/>\n\t<meta name=\"twitter:data1\" content=\"Andreia Ferreira\" \/>\n\t<meta name=\"twitter:label2\" content=\"Tempo estimado de leitura\" \/>\n\t<meta name=\"twitter:data2\" content=\"2 minutos\" \/>\n<script type=\"application\/ld+json\" class=\"yoast-schema-graph\">{\"@context\":\"https:\\\/\\\/schema.org\",\"@graph\":[{\"@type\":\"Article\",\"@id\":\"https:\\\/\\\/www.altominho.tv\\\/site\\\/2019\\\/04\\\/05\\\/psd-critica-aprovacao-de-acordo-de-pescas-no-rio-minho-sem-existir-debate-publico\\\/#article\",\"isPartOf\":{\"@id\":\"https:\\\/\\\/www.altominho.tv\\\/site\\\/2019\\\/04\\\/05\\\/psd-critica-aprovacao-de-acordo-de-pescas-no-rio-minho-sem-existir-debate-publico\\\/\"},\"author\":{\"name\":\"Andreia Ferreira\",\"@id\":\"https:\\\/\\\/www.altominho.tv\\\/site\\\/#\\\/schema\\\/person\\\/d9be4265364723f14ea8e0d56a1d38cd\"},\"headline\":\"PSD critica aprova\u00e7\u00e3o de acordo de pescas no rio Minho sem existir debate p\u00fablico\",\"datePublished\":\"2019-04-05T11:02:22+00:00\",\"dateModified\":\"2019-04-05T14:20:32+00:00\",\"mainEntityOfPage\":{\"@id\":\"https:\\\/\\\/www.altominho.tv\\\/site\\\/2019\\\/04\\\/05\\\/psd-critica-aprovacao-de-acordo-de-pescas-no-rio-minho-sem-existir-debate-publico\\\/\"},\"wordCount\":420,\"image\":{\"@id\":\"https:\\\/\\\/www.altominho.tv\\\/site\\\/2019\\\/04\\\/05\\\/psd-critica-aprovacao-de-acordo-de-pescas-no-rio-minho-sem-existir-debate-publico\\\/#primaryimage\"},\"thumbnailUrl\":\"https:\\\/\\\/www.altominho.tv\\\/site\\\/wp-content\\\/uploads\\\/2019\\\/04\\\/maxresdefault-12-800x450.jpg\",\"keywords\":[\"Sociedade\"],\"articleSection\":[\"Alto Minho\"],\"inLanguage\":\"pt-PT\",\"copyrightYear\":\"2019\",\"copyrightHolder\":{\"@id\":\"https:\\\/\\\/www.altominho.tv\\\/site\\\/#organization\"}},{\"@type\":\"WebPage\",\"@id\":\"https:\\\/\\\/www.altominho.tv\\\/site\\\/2019\\\/04\\\/05\\\/psd-critica-aprovacao-de-acordo-de-pescas-no-rio-minho-sem-existir-debate-publico\\\/\",\"url\":\"https:\\\/\\\/www.altominho.tv\\\/site\\\/2019\\\/04\\\/05\\\/psd-critica-aprovacao-de-acordo-de-pescas-no-rio-minho-sem-existir-debate-publico\\\/\",\"name\":\"PSD critica aprova\u00e7\u00e3o de acordo de pescas no rio Minho sem existir debate p\u00fablico\",\"isPartOf\":{\"@id\":\"https:\\\/\\\/www.altominho.tv\\\/site\\\/#website\"},\"primaryImageOfPage\":{\"@id\":\"https:\\\/\\\/www.altominho.tv\\\/site\\\/2019\\\/04\\\/05\\\/psd-critica-aprovacao-de-acordo-de-pescas-no-rio-minho-sem-existir-debate-publico\\\/#primaryimage\"},\"image\":{\"@id\":\"https:\\\/\\\/www.altominho.tv\\\/site\\\/2019\\\/04\\\/05\\\/psd-critica-aprovacao-de-acordo-de-pescas-no-rio-minho-sem-existir-debate-publico\\\/#primaryimage\"},\"thumbnailUrl\":\"https:\\\/\\\/www.altominho.tv\\\/site\\\/wp-content\\\/uploads\\\/2019\\\/04\\\/maxresdefault-12-800x450.jpg\",\"datePublished\":\"2019-04-05T11:02:22+00:00\",\"dateModified\":\"2019-04-05T14:20:32+00:00\",\"author\":{\"@id\":\"https:\\\/\\\/www.altominho.tv\\\/site\\\/#\\\/schema\\\/person\\\/d9be4265364723f14ea8e0d56a1d38cd\"},\"breadcrumb\":{\"@id\":\"https:\\\/\\\/www.altominho.tv\\\/site\\\/2019\\\/04\\\/05\\\/psd-critica-aprovacao-de-acordo-de-pescas-no-rio-minho-sem-existir-debate-publico\\\/#breadcrumb\"},\"inLanguage\":\"pt-PT\",\"potentialAction\":[{\"@type\":\"ReadAction\",\"target\":[\"https:\\\/\\\/www.altominho.tv\\\/site\\\/2019\\\/04\\\/05\\\/psd-critica-aprovacao-de-acordo-de-pescas-no-rio-minho-sem-existir-debate-publico\\\/\"]}]},{\"@type\":\"ImageObject\",\"inLanguage\":\"pt-PT\",\"@id\":\"https:\\\/\\\/www.altominho.tv\\\/site\\\/2019\\\/04\\\/05\\\/psd-critica-aprovacao-de-acordo-de-pescas-no-rio-minho-sem-existir-debate-publico\\\/#primaryimage\",\"url\":\"https:\\\/\\\/www.altominho.tv\\\/site\\\/wp-content\\\/uploads\\\/2019\\\/04\\\/maxresdefault-12-800x450.jpg\",\"contentUrl\":\"https:\\\/\\\/www.altominho.tv\\\/site\\\/wp-content\\\/uploads\\\/2019\\\/04\\\/maxresdefault-12-800x450.jpg\",\"width\":800,\"height\":450},{\"@type\":\"BreadcrumbList\",\"@id\":\"https:\\\/\\\/www.altominho.tv\\\/site\\\/2019\\\/04\\\/05\\\/psd-critica-aprovacao-de-acordo-de-pescas-no-rio-minho-sem-existir-debate-publico\\\/#breadcrumb\",\"itemListElement\":[{\"@type\":\"ListItem\",\"position\":1,\"name\":\"In\u00edcio\",\"item\":\"https:\\\/\\\/www.altominho.tv\\\/site\\\/\"},{\"@type\":\"ListItem\",\"position\":2,\"name\":\"PSD critica aprova\u00e7\u00e3o de acordo de pescas no rio Minho sem existir debate p\u00fablico\"}]},{\"@type\":\"WebSite\",\"@id\":\"https:\\\/\\\/www.altominho.tv\\\/site\\\/#website\",\"url\":\"https:\\\/\\\/www.altominho.tv\\\/site\\\/\",\"name\":\"Altominho.tv\",\"description\":\"A sua regi\u00e3o \u00e0 dist\u00e2ncia de um clique...\",\"potentialAction\":[{\"@type\":\"SearchAction\",\"target\":{\"@type\":\"EntryPoint\",\"urlTemplate\":\"https:\\\/\\\/www.altominho.tv\\\/site\\\/?s={search_term_string}\"},\"query-input\":{\"@type\":\"PropertyValueSpecification\",\"valueRequired\":true,\"valueName\":\"search_term_string\"}}],\"inLanguage\":\"pt-PT\"},{\"@type\":\"Person\",\"@id\":\"https:\\\/\\\/www.altominho.tv\\\/site\\\/#\\\/schema\\\/person\\\/d9be4265364723f14ea8e0d56a1d38cd\",\"name\":\"Andreia Ferreira\",\"image\":{\"@type\":\"ImageObject\",\"inLanguage\":\"pt-PT\",\"@id\":\"https:\\\/\\\/www.altominho.tv\\\/site\\\/wp-content\\\/uploads\\\/2021\\\/01\\\/AndreiaFerreira-150x150.jpg\",\"url\":\"https:\\\/\\\/www.altominho.tv\\\/site\\\/wp-content\\\/uploads\\\/2021\\\/01\\\/AndreiaFerreira-150x150.jpg\",\"contentUrl\":\"https:\\\/\\\/www.altominho.tv\\\/site\\\/wp-content\\\/uploads\\\/2021\\\/01\\\/AndreiaFerreira-150x150.jpg\",\"caption\":\"Andreia Ferreira\"},\"url\":\"https:\\\/\\\/www.altominho.tv\\\/site\\\/author\\\/andreiaferreira\\\/\"}]}<\/script>\n<!-- \/ Yoast SEO Premium plugin. -->","yoast_head_json":{"title":"PSD critica aprova\u00e7\u00e3o de acordo de pescas no rio Minho sem existir debate p\u00fablico","robots":{"index":"index","follow":"follow","max-snippet":"max-snippet:-1","max-image-preview":"max-image-preview:large","max-video-preview":"max-video-preview:-1"},"canonical":"https:\/\/www.altominho.tv\/site\/2019\/04\/05\/psd-critica-aprovacao-de-acordo-de-pescas-no-rio-minho-sem-existir-debate-publico\/","og_locale":"pt_PT","og_type":"article","og_title":"PSD critica aprova\u00e7\u00e3o de acordo de pescas no rio Minho sem existir debate p\u00fablico","og_description":"Um grupo de deputados do PSD que integram a Comiss\u00e3o de Agricultura e Mar e os deputados eleitos pelo Alto Minho informaram hoje ter criticado a aprova\u00e7\u00e3o dos Acordos Fronteiri\u00e7os de Pesca do Rio Minho e do Rio Guadiana, acusando o Governo de &#8220;n\u00e3o ouvir o setor&#8221; . Em comunicado, Em\u00edlia Cerqueira, Carlos Abreu Amorim [&hellip;]","og_url":"https:\/\/www.altominho.tv\/site\/2019\/04\/05\/psd-critica-aprovacao-de-acordo-de-pescas-no-rio-minho-sem-existir-debate-publico\/","og_site_name":"Altominho.tv","article_publisher":"https:\/\/www.facebook.com\/altominhotv","article_published_time":"2019-04-05T11:02:22+00:00","article_modified_time":"2019-04-05T14:20:32+00:00","og_image":[{"width":800,"height":450,"url":"https:\/\/www.altominho.tv\/site\/wp-content\/uploads\/2019\/04\/maxresdefault-12-800x450.jpg","type":"image\/jpeg"}],"author":"Andreia Ferreira","twitter_card":"summary_large_image","twitter_creator":"@altominhoTV","twitter_site":"@altominhoTV","twitter_misc":{"Escrito por":"Andreia Ferreira","Tempo estimado de leitura":"2 minutos"},"schema":{"@context":"https:\/\/schema.org","@graph":[{"@type":"Article","@id":"https:\/\/www.altominho.tv\/site\/2019\/04\/05\/psd-critica-aprovacao-de-acordo-de-pescas-no-rio-minho-sem-existir-debate-publico\/#article","isPartOf":{"@id":"https:\/\/www.altominho.tv\/site\/2019\/04\/05\/psd-critica-aprovacao-de-acordo-de-pescas-no-rio-minho-sem-existir-debate-publico\/"},"author":{"name":"Andreia Ferreira","@id":"https:\/\/www.altominho.tv\/site\/#\/schema\/person\/d9be4265364723f14ea8e0d56a1d38cd"},"headline":"PSD critica aprova\u00e7\u00e3o de acordo de pescas no rio Minho sem existir debate p\u00fablico","datePublished":"2019-04-05T11:02:22+00:00","dateModified":"2019-04-05T14:20:32+00:00","mainEntityOfPage":{"@id":"https:\/\/www.altominho.tv\/site\/2019\/04\/05\/psd-critica-aprovacao-de-acordo-de-pescas-no-rio-minho-sem-existir-debate-publico\/"},"wordCount":420,"image":{"@id":"https:\/\/www.altominho.tv\/site\/2019\/04\/05\/psd-critica-aprovacao-de-acordo-de-pescas-no-rio-minho-sem-existir-debate-publico\/#primaryimage"},"thumbnailUrl":"https:\/\/www.altominho.tv\/site\/wp-content\/uploads\/2019\/04\/maxresdefault-12-800x450.jpg","keywords":["Sociedade"],"articleSection":["Alto Minho"],"inLanguage":"pt-PT","copyrightYear":"2019","copyrightHolder":{"@id":"https:\/\/www.altominho.tv\/site\/#organization"}},{"@type":"WebPage","@id":"https:\/\/www.altominho.tv\/site\/2019\/04\/05\/psd-critica-aprovacao-de-acordo-de-pescas-no-rio-minho-sem-existir-debate-publico\/","url":"https:\/\/www.altominho.tv\/site\/2019\/04\/05\/psd-critica-aprovacao-de-acordo-de-pescas-no-rio-minho-sem-existir-debate-publico\/","name":"PSD critica aprova\u00e7\u00e3o de acordo de pescas no rio Minho sem existir debate p\u00fablico","isPartOf":{"@id":"https:\/\/www.altominho.tv\/site\/#website"},"primaryImageOfPage":{"@id":"https:\/\/www.altominho.tv\/site\/2019\/04\/05\/psd-critica-aprovacao-de-acordo-de-pescas-no-rio-minho-sem-existir-debate-publico\/#primaryimage"},"image":{"@id":"https:\/\/www.altominho.tv\/site\/2019\/04\/05\/psd-critica-aprovacao-de-acordo-de-pescas-no-rio-minho-sem-existir-debate-publico\/#primaryimage"},"thumbnailUrl":"https:\/\/www.altominho.tv\/site\/wp-content\/uploads\/2019\/04\/maxresdefault-12-800x450.jpg","datePublished":"2019-04-05T11:02:22+00:00","dateModified":"2019-04-05T14:20:32+00:00","author":{"@id":"https:\/\/www.altominho.tv\/site\/#\/schema\/person\/d9be4265364723f14ea8e0d56a1d38cd"},"breadcrumb":{"@id":"https:\/\/www.altominho.tv\/site\/2019\/04\/05\/psd-critica-aprovacao-de-acordo-de-pescas-no-rio-minho-sem-existir-debate-publico\/#breadcrumb"},"inLanguage":"pt-PT","potentialAction":[{"@type":"ReadAction","target":["https:\/\/www.altominho.tv\/site\/2019\/04\/05\/psd-critica-aprovacao-de-acordo-de-pescas-no-rio-minho-sem-existir-debate-publico\/"]}]},{"@type":"ImageObject","inLanguage":"pt-PT","@id":"https:\/\/www.altominho.tv\/site\/2019\/04\/05\/psd-critica-aprovacao-de-acordo-de-pescas-no-rio-minho-sem-existir-debate-publico\/#primaryimage","url":"https:\/\/www.altominho.tv\/site\/wp-content\/uploads\/2019\/04\/maxresdefault-12-800x450.jpg","contentUrl":"https:\/\/www.altominho.tv\/site\/wp-content\/uploads\/2019\/04\/maxresdefault-12-800x450.jpg","width":800,"height":450},{"@type":"BreadcrumbList","@id":"https:\/\/www.altominho.tv\/site\/2019\/04\/05\/psd-critica-aprovacao-de-acordo-de-pescas-no-rio-minho-sem-existir-debate-publico\/#breadcrumb","itemListElement":[{"@type":"ListItem","position":1,"name":"In\u00edcio","item":"https:\/\/www.altominho.tv\/site\/"},{"@type":"ListItem","position":2,"name":"PSD critica aprova\u00e7\u00e3o de acordo de pescas no rio Minho sem existir debate p\u00fablico"}]},{"@type":"WebSite","@id":"https:\/\/www.altominho.tv\/site\/#website","url":"https:\/\/www.altominho.tv\/site\/","name":"Altominho.tv","description":"A sua regi\u00e3o \u00e0 dist\u00e2ncia de um clique...","potentialAction":[{"@type":"SearchAction","target":{"@type":"EntryPoint","urlTemplate":"https:\/\/www.altominho.tv\/site\/?s={search_term_string}"},"query-input":{"@type":"PropertyValueSpecification","valueRequired":true,"valueName":"search_term_string"}}],"inLanguage":"pt-PT"},{"@type":"Person","@id":"https:\/\/www.altominho.tv\/site\/#\/schema\/person\/d9be4265364723f14ea8e0d56a1d38cd","name":"Andreia Ferreira","image":{"@type":"ImageObject","inLanguage":"pt-PT","@id":"https:\/\/www.altominho.tv\/site\/wp-content\/uploads\/2021\/01\/AndreiaFerreira-150x150.jpg","url":"https:\/\/www.altominho.tv\/site\/wp-content\/uploads\/2021\/01\/AndreiaFerreira-150x150.jpg","contentUrl":"https:\/\/www.altominho.tv\/site\/wp-content\/uploads\/2021\/01\/AndreiaFerreira-150x150.jpg","caption":"Andreia Ferreira"},"url":"https:\/\/www.altominho.tv\/site\/author\/andreiaferreira\/"}]}},"_links":{"self":[{"href":"https:\/\/www.altominho.tv\/site\/wp-json\/wp\/v2\/posts\/26740","targetHints":{"allow":["GET"]}}],"collection":[{"href":"https:\/\/www.altominho.tv\/site\/wp-json\/wp\/v2\/posts"}],"about":[{"href":"https:\/\/www.altominho.tv\/site\/wp-json\/wp\/v2\/types\/post"}],"author":[{"embeddable":true,"href":"https:\/\/www.altominho.tv\/site\/wp-json\/wp\/v2\/users\/12"}],"replies":[{"embeddable":true,"href":"https:\/\/www.altominho.tv\/site\/wp-json\/wp\/v2\/comments?post=26740"}],"version-history":[{"count":0,"href":"https:\/\/www.altominho.tv\/site\/wp-json\/wp\/v2\/posts\/26740\/revisions"}],"wp:featuredmedia":[{"embeddable":true,"href":"https:\/\/www.altominho.tv\/site\/wp-json\/wp\/v2\/media\/26741"}],"wp:attachment":[{"href":"https:\/\/www.altominho.tv\/site\/wp-json\/wp\/v2\/media?parent=26740"}],"wp:term":[{"taxonomy":"category","embeddable":true,"href":"https:\/\/www.altominho.tv\/site\/wp-json\/wp\/v2\/categories?post=26740"},{"taxonomy":"post_tag","embeddable":true,"href":"https:\/\/www.altominho.tv\/site\/wp-json\/wp\/v2\/tags?post=26740"}],"curies":[{"name":"wp","href":"https:\/\/api.w.org\/{rel}","templated":true}]}}