{"id":26705,"date":"2019-04-04T16:28:35","date_gmt":"2019-04-04T15:28:35","guid":{"rendered":"http:\/\/www.altominho.tv\/site\/?p=26705"},"modified":"2019-04-04T16:28:35","modified_gmt":"2019-04-04T15:28:35","slug":"centenas-de-alunos-procuram-na-mostra-da-universidade-do-porto-orientacao-profissional","status":"publish","type":"post","link":"https:\/\/www.altominho.tv\/site\/2019\/04\/04\/centenas-de-alunos-procuram-na-mostra-da-universidade-do-porto-orientacao-profissional\/","title":{"rendered":"Centenas de alunos procuram na Mostra da Universidade do Porto orienta\u00e7\u00e3o profissional"},"content":{"rendered":"<p>Centenas de alunos do 9.\u00ba e 12.\u00ba anos visitaram hoje a 17.\u00aa Mostra da Universidade do Porto (U.Porto) para, atrav\u00e9s das diversas atividades, \u201cse aproximarem das profiss\u00f5es que poder\u00e3o exercer\u201d, disse a professora B\u00e1rbara Rangel.<\/p>\n<p>Esta iniciativa, que decorre este ano na zona da Cordoaria, no Porto, tem como objetivo mostrar a U.Porto \u00e0 cidade e \u00e0 popula\u00e7\u00e3o.<\/p>\n<p>B\u00e1rbara Rangel, docente do departamento de Engenharia Civil da Faculdade de Engenharia (FEUP), explicou que a banca que representa \u201ctenta mostrar, com recurso a equipamentos, onde est\u00e1 a F\u00edsica e a Engenharia Civil\u201d no ambiente da sua institui\u00e7\u00e3o \u201ce o papel do engenheiro civil na constru\u00e7\u00e3o desse ambiente.\u201d<\/p>\n<p>A mostra tem como fun\u00e7\u00e3o \u201caproximar os alunos pr\u00e9-universit\u00e1rios das profiss\u00f5es que poder\u00e3o exercer e perceber como as mat\u00e9rias que lecionam na escola se refletem nas profiss\u00f5es que sonham\u201d, acrescentou a respons\u00e1vel.<\/p>\n<p>Naomi Zangger, presidente do N\u00facleo de Estudantes de Biologia da Faculdade de Ci\u00eancias da U.Porto, explicou que a mostra apresenta atividades que fazem no curso, &#8220;desde a compara\u00e7\u00e3o anat\u00f3mica entre vertebrados e invertebrados, humanos e chimpanz\u00e9s, e ainda a gen\u00e9tica, a microbiologia e a pipetagem\u201d.<\/p>\n<p>A estudante de Biologia contou que aparecem muitos alunos \u201cindecisos entre Biologia, Bioqu\u00edmica e Ci\u00eancias do Meio Aqu\u00e1tico\u201d, e a mostra permite-lhes \u201cretirar imensas d\u00favidas sobre o plano curricular, as sa\u00eddas profissionais e a carga hor\u00e1ria\u201d.<\/p>\n<p>\u201cFui recrutado e estou aqui, na banca da Faculdade de Engenharia, para mostrar que a engenharia eletrot\u00e9cnica pode ser divertida e pode servir para muitas coisas do quotidiano\u201d, explicou \u00e0 Lusa S\u00e9rgio Teixeira, aluno do mestrado em Engenharia Eletrot\u00e9cnica.<\/p>\n<p>O estudante da Faculdade de Engenharia conversava com os alunos do b\u00e1sico e secund\u00e1rio num \u2018stand\u2019 com uma pista de carros que saltam numa curva de 360 graus, numa tentativa de lhes explicar onde entram as disciplinas no quotidiano.<\/p>\n<p>\u201cA pista de carros mostra como se pode misturar engenharia mec\u00e2nica com a energia el\u00e9trica e quem quiser experimentar roda a manivela e os carros andam \u00e0 volta da pista\u201d, descreveu o aluno.<\/p>\n<p>A mostra da Faculdade de Belas Artes oferece aos participantes &#8220;aulas abertas de pintura, desenho e origami e tem ainda dispon\u00edveis di\u00e1rios gr\u00e1ficos para consulta&#8221;, descreveu Raquel Almeida, aluna de Pintura daquela institui\u00e7\u00e3o.<\/p>\n<p>Paula Macedo, professora de Hist\u00f3ria do ensino secund\u00e1rio, levou os seus alunos da Escola B\u00e1sica e Secund\u00e1ria de Infias, em Vizela (Braga), \u00e0 mostra da U.Porto, porque \u201c\u00e9 muito importante (\u2026) para formarem uma ideia sobre as faculdades que est\u00e3o numa \u00e1rea geogr\u00e1fica acess\u00edvel \u00e0 sua forma\u00e7\u00e3o\u201d.<\/p>\n<p>A docente sublinhou a import\u00e2ncia de incluir os alunos dos cursos profissionais a visitas sobre o ensino superior: \u201cOs cursos profissionais j\u00e1 foram vistos como uma limita\u00e7\u00e3o aos alunos no acesso \u00e0 universidade. Mas, neste momento, as pr\u00f3prias institui\u00e7\u00f5es acad\u00e9micas est\u00e3o a criar formas para estes alunos terem um acesso apropriado ao ensino superior\u201d.<\/p>\n<p>Andreia Magalh\u00e3es, aluna de Ci\u00eancias e Tecnologias do 12.\u00ba ano na Escola B\u00e1sica e Secund\u00e1ria de Paredes de Coura (Viana do Castelo), est\u00e1 \u201cinclinada para a \u00e1rea da sa\u00fade\u201d e considerou que esta iniciativa lhe vai permitir retirar muitas d\u00favidas, dando-lhe \u201cuma ideia mais pr\u00e1tica dos conte\u00fados de cada curso\u201d, informa\u00e7\u00e3o que n\u00e3o consegue \u201capenas pesquisando na Internet\u201d.<\/p>\n<p>V\u00edtor Silva, organizador do evento, destacou que esta est\u00e1 \u201ca ser uma edi\u00e7\u00e3o recorde\u201d, com a visita de cerca de \u201ccem grupos de escolas do Norte e Centro\u201d.<\/p>\n<p>\u201cEstamos a falar de dois dias muito intensos, quinta e sexta-feira, com quase dez mil alunos inscritos para visitarem a nossa 17.\u00aa mostra da U.Porto\u201d, disse.<\/p>\n<p>No fim de semana \u00e9 esperado que &#8220;as fam\u00edlias visitem a mostra&#8221;, afirmou V\u00edtor Silva, destacando que, &#8220;para al\u00e9m do espa\u00e7o no cora\u00e7\u00e3o da cidade, a fachada sul do edif\u00edcio da Reitoria da Universidade do Porto recebe um autocarro da Faculdade de Ci\u00eancias, em parceria com a Funda\u00e7\u00e3o \u2018A Caixa\u2019, chamado \u2018Creactivity\u2019\u201d.<\/p>\n<p>A 17.\u00aa edi\u00e7\u00e3o espera, at\u00e9 domingo, ultrapassar os 15.000 visitantes que estiveram presentes na edi\u00e7\u00e3o anterior.<\/p>\n<p>Fonte: Lusa<\/p>\n","protected":false},"excerpt":{"rendered":"<p>Centenas de alunos do 9.\u00ba e 12.\u00ba anos visitaram hoje a 17.\u00aa Mostra da Universidade do Porto (U.Porto) para, atrav\u00e9s das diversas atividades, \u201cse aproximarem das profiss\u00f5es que poder\u00e3o exercer\u201d, disse a professora B\u00e1rbara Rangel. Esta iniciativa, que decorre este ano na zona da Cordoaria, no Porto, tem como objetivo mostrar a U.Porto \u00e0 cidade [&hellip;]<\/p>\n","protected":false},"author":7,"featured_media":26706,"comment_status":"closed","ping_status":"closed","sticky":false,"template":"","format":"standard","meta":{"_exactmetrics_skip_tracking":false,"footnotes":""},"categories":[73],"tags":[22,27],"class_list":["post-26705","post","type-post","status-publish","format-standard","has-post-thumbnail","hentry","category-alto-minho","tag-educacao","tag-sociedade"],"yoast_head":"<!-- This site is optimized with the Yoast SEO Premium plugin v28.3 (Yoast SEO v28.3) - https:\/\/yoast.com\/product\/yoast-seo-premium-wordpress\/ -->\n<title>Centenas de alunos procuram na Mostra da Universidade do Porto orienta\u00e7\u00e3o profissional<\/title>\n<meta name=\"robots\" content=\"index, follow, max-snippet:-1, max-image-preview:large, max-video-preview:-1\" \/>\n<link rel=\"canonical\" href=\"https:\/\/www.altominho.tv\/site\/2019\/04\/04\/centenas-de-alunos-procuram-na-mostra-da-universidade-do-porto-orientacao-profissional\/\" \/>\n<meta property=\"og:locale\" content=\"pt_PT\" \/>\n<meta property=\"og:type\" content=\"article\" \/>\n<meta property=\"og:title\" content=\"Centenas de alunos procuram na Mostra da Universidade do Porto orienta\u00e7\u00e3o profissional\" \/>\n<meta property=\"og:description\" content=\"Centenas de alunos do 9.\u00ba e 12.\u00ba anos visitaram hoje a 17.\u00aa Mostra da Universidade do Porto (U.Porto) para, atrav\u00e9s das diversas atividades, \u201cse aproximarem das profiss\u00f5es que poder\u00e3o exercer\u201d, disse a professora B\u00e1rbara Rangel. Esta iniciativa, que decorre este ano na zona da Cordoaria, no Porto, tem como objetivo mostrar a U.Porto \u00e0 cidade [&hellip;]\" \/>\n<meta property=\"og:url\" content=\"https:\/\/www.altominho.tv\/site\/2019\/04\/04\/centenas-de-alunos-procuram-na-mostra-da-universidade-do-porto-orientacao-profissional\/\" \/>\n<meta property=\"og:site_name\" content=\"Altominho.tv\" \/>\n<meta property=\"article:publisher\" content=\"https:\/\/www.facebook.com\/altominhotv\" \/>\n<meta property=\"article:published_time\" content=\"2019-04-04T15:28:35+00:00\" \/>\n<meta property=\"og:image\" content=\"https:\/\/www.altominho.tv\/site\/wp-content\/uploads\/2019\/04\/uporto.jpeg\" \/>\n\t<meta property=\"og:image:width\" content=\"744\" \/>\n\t<meta property=\"og:image:height\" content=\"495\" \/>\n\t<meta property=\"og:image:type\" content=\"image\/jpeg\" \/>\n<meta name=\"author\" content=\"Andreia Cunha\" \/>\n<meta name=\"twitter:card\" content=\"summary_large_image\" \/>\n<meta name=\"twitter:creator\" content=\"@altominhoTV\" \/>\n<meta name=\"twitter:site\" content=\"@altominhoTV\" \/>\n<meta name=\"twitter:label1\" content=\"Escrito por\" \/>\n\t<meta name=\"twitter:data1\" content=\"Andreia Cunha\" \/>\n\t<meta name=\"twitter:label2\" content=\"Tempo estimado de leitura\" \/>\n\t<meta name=\"twitter:data2\" content=\"4 minutos\" \/>\n<script type=\"application\/ld+json\" class=\"yoast-schema-graph\">{\"@context\":\"https:\\\/\\\/schema.org\",\"@graph\":[{\"@type\":\"Article\",\"@id\":\"https:\\\/\\\/www.altominho.tv\\\/site\\\/2019\\\/04\\\/04\\\/centenas-de-alunos-procuram-na-mostra-da-universidade-do-porto-orientacao-profissional\\\/#article\",\"isPartOf\":{\"@id\":\"https:\\\/\\\/www.altominho.tv\\\/site\\\/2019\\\/04\\\/04\\\/centenas-de-alunos-procuram-na-mostra-da-universidade-do-porto-orientacao-profissional\\\/\"},\"author\":{\"name\":\"Andreia Cunha\",\"@id\":\"https:\\\/\\\/www.altominho.tv\\\/site\\\/#\\\/schema\\\/person\\\/a0e4ef6d041f98ca284393d8f1d97153\"},\"headline\":\"Centenas de alunos procuram na Mostra da Universidade do Porto orienta\u00e7\u00e3o profissional\",\"datePublished\":\"2019-04-04T15:28:35+00:00\",\"mainEntityOfPage\":{\"@id\":\"https:\\\/\\\/www.altominho.tv\\\/site\\\/2019\\\/04\\\/04\\\/centenas-de-alunos-procuram-na-mostra-da-universidade-do-porto-orientacao-profissional\\\/\"},\"wordCount\":722,\"image\":{\"@id\":\"https:\\\/\\\/www.altominho.tv\\\/site\\\/2019\\\/04\\\/04\\\/centenas-de-alunos-procuram-na-mostra-da-universidade-do-porto-orientacao-profissional\\\/#primaryimage\"},\"thumbnailUrl\":\"https:\\\/\\\/www.altominho.tv\\\/site\\\/wp-content\\\/uploads\\\/2019\\\/04\\\/uporto.jpeg\",\"keywords\":[\"Educa\u00e7\u00e3o\",\"Sociedade\"],\"articleSection\":[\"Alto Minho\"],\"inLanguage\":\"pt-PT\",\"copyrightYear\":\"2019\",\"copyrightHolder\":{\"@id\":\"https:\\\/\\\/www.altominho.tv\\\/site\\\/#organization\"}},{\"@type\":\"WebPage\",\"@id\":\"https:\\\/\\\/www.altominho.tv\\\/site\\\/2019\\\/04\\\/04\\\/centenas-de-alunos-procuram-na-mostra-da-universidade-do-porto-orientacao-profissional\\\/\",\"url\":\"https:\\\/\\\/www.altominho.tv\\\/site\\\/2019\\\/04\\\/04\\\/centenas-de-alunos-procuram-na-mostra-da-universidade-do-porto-orientacao-profissional\\\/\",\"name\":\"Centenas de alunos procuram na Mostra da Universidade do Porto orienta\u00e7\u00e3o profissional\",\"isPartOf\":{\"@id\":\"https:\\\/\\\/www.altominho.tv\\\/site\\\/#website\"},\"primaryImageOfPage\":{\"@id\":\"https:\\\/\\\/www.altominho.tv\\\/site\\\/2019\\\/04\\\/04\\\/centenas-de-alunos-procuram-na-mostra-da-universidade-do-porto-orientacao-profissional\\\/#primaryimage\"},\"image\":{\"@id\":\"https:\\\/\\\/www.altominho.tv\\\/site\\\/2019\\\/04\\\/04\\\/centenas-de-alunos-procuram-na-mostra-da-universidade-do-porto-orientacao-profissional\\\/#primaryimage\"},\"thumbnailUrl\":\"https:\\\/\\\/www.altominho.tv\\\/site\\\/wp-content\\\/uploads\\\/2019\\\/04\\\/uporto.jpeg\",\"datePublished\":\"2019-04-04T15:28:35+00:00\",\"author\":{\"@id\":\"https:\\\/\\\/www.altominho.tv\\\/site\\\/#\\\/schema\\\/person\\\/a0e4ef6d041f98ca284393d8f1d97153\"},\"breadcrumb\":{\"@id\":\"https:\\\/\\\/www.altominho.tv\\\/site\\\/2019\\\/04\\\/04\\\/centenas-de-alunos-procuram-na-mostra-da-universidade-do-porto-orientacao-profissional\\\/#breadcrumb\"},\"inLanguage\":\"pt-PT\",\"potentialAction\":[{\"@type\":\"ReadAction\",\"target\":[\"https:\\\/\\\/www.altominho.tv\\\/site\\\/2019\\\/04\\\/04\\\/centenas-de-alunos-procuram-na-mostra-da-universidade-do-porto-orientacao-profissional\\\/\"]}]},{\"@type\":\"ImageObject\",\"inLanguage\":\"pt-PT\",\"@id\":\"https:\\\/\\\/www.altominho.tv\\\/site\\\/2019\\\/04\\\/04\\\/centenas-de-alunos-procuram-na-mostra-da-universidade-do-porto-orientacao-profissional\\\/#primaryimage\",\"url\":\"https:\\\/\\\/www.altominho.tv\\\/site\\\/wp-content\\\/uploads\\\/2019\\\/04\\\/uporto.jpeg\",\"contentUrl\":\"https:\\\/\\\/www.altominho.tv\\\/site\\\/wp-content\\\/uploads\\\/2019\\\/04\\\/uporto.jpeg\",\"width\":744,\"height\":495},{\"@type\":\"BreadcrumbList\",\"@id\":\"https:\\\/\\\/www.altominho.tv\\\/site\\\/2019\\\/04\\\/04\\\/centenas-de-alunos-procuram-na-mostra-da-universidade-do-porto-orientacao-profissional\\\/#breadcrumb\",\"itemListElement\":[{\"@type\":\"ListItem\",\"position\":1,\"name\":\"In\u00edcio\",\"item\":\"https:\\\/\\\/www.altominho.tv\\\/site\\\/\"},{\"@type\":\"ListItem\",\"position\":2,\"name\":\"Centenas de alunos procuram na Mostra da Universidade do Porto orienta\u00e7\u00e3o profissional\"}]},{\"@type\":\"WebSite\",\"@id\":\"https:\\\/\\\/www.altominho.tv\\\/site\\\/#website\",\"url\":\"https:\\\/\\\/www.altominho.tv\\\/site\\\/\",\"name\":\"Altominho.tv\",\"description\":\"A sua regi\u00e3o \u00e0 dist\u00e2ncia de um clique...\",\"potentialAction\":[{\"@type\":\"SearchAction\",\"target\":{\"@type\":\"EntryPoint\",\"urlTemplate\":\"https:\\\/\\\/www.altominho.tv\\\/site\\\/?s={search_term_string}\"},\"query-input\":{\"@type\":\"PropertyValueSpecification\",\"valueRequired\":true,\"valueName\":\"search_term_string\"}}],\"inLanguage\":\"pt-PT\"},{\"@type\":\"Person\",\"@id\":\"https:\\\/\\\/www.altominho.tv\\\/site\\\/#\\\/schema\\\/person\\\/a0e4ef6d041f98ca284393d8f1d97153\",\"name\":\"Andreia Cunha\",\"image\":{\"@type\":\"ImageObject\",\"inLanguage\":\"pt-PT\",\"@id\":\"https:\\\/\\\/www.altominho.tv\\\/site\\\/wp-content\\\/uploads\\\/2017\\\/11\\\/Andreia_Cunha-1-150x150.jpg\",\"url\":\"https:\\\/\\\/www.altominho.tv\\\/site\\\/wp-content\\\/uploads\\\/2017\\\/11\\\/Andreia_Cunha-1-150x150.jpg\",\"contentUrl\":\"https:\\\/\\\/www.altominho.tv\\\/site\\\/wp-content\\\/uploads\\\/2017\\\/11\\\/Andreia_Cunha-1-150x150.jpg\",\"caption\":\"Andreia Cunha\"},\"url\":\"https:\\\/\\\/www.altominho.tv\\\/site\\\/author\\\/andreiacunha\\\/\"}]}<\/script>\n<!-- \/ Yoast SEO Premium plugin. -->","yoast_head_json":{"title":"Centenas de alunos procuram na Mostra da Universidade do Porto orienta\u00e7\u00e3o profissional","robots":{"index":"index","follow":"follow","max-snippet":"max-snippet:-1","max-image-preview":"max-image-preview:large","max-video-preview":"max-video-preview:-1"},"canonical":"https:\/\/www.altominho.tv\/site\/2019\/04\/04\/centenas-de-alunos-procuram-na-mostra-da-universidade-do-porto-orientacao-profissional\/","og_locale":"pt_PT","og_type":"article","og_title":"Centenas de alunos procuram na Mostra da Universidade do Porto orienta\u00e7\u00e3o profissional","og_description":"Centenas de alunos do 9.\u00ba e 12.\u00ba anos visitaram hoje a 17.\u00aa Mostra da Universidade do Porto (U.Porto) para, atrav\u00e9s das diversas atividades, \u201cse aproximarem das profiss\u00f5es que poder\u00e3o exercer\u201d, disse a professora B\u00e1rbara Rangel. Esta iniciativa, que decorre este ano na zona da Cordoaria, no Porto, tem como objetivo mostrar a U.Porto \u00e0 cidade [&hellip;]","og_url":"https:\/\/www.altominho.tv\/site\/2019\/04\/04\/centenas-de-alunos-procuram-na-mostra-da-universidade-do-porto-orientacao-profissional\/","og_site_name":"Altominho.tv","article_publisher":"https:\/\/www.facebook.com\/altominhotv","article_published_time":"2019-04-04T15:28:35+00:00","og_image":[{"width":744,"height":495,"url":"https:\/\/www.altominho.tv\/site\/wp-content\/uploads\/2019\/04\/uporto.jpeg","type":"image\/jpeg"}],"author":"Andreia Cunha","twitter_card":"summary_large_image","twitter_creator":"@altominhoTV","twitter_site":"@altominhoTV","twitter_misc":{"Escrito por":"Andreia Cunha","Tempo estimado de leitura":"4 minutos"},"schema":{"@context":"https:\/\/schema.org","@graph":[{"@type":"Article","@id":"https:\/\/www.altominho.tv\/site\/2019\/04\/04\/centenas-de-alunos-procuram-na-mostra-da-universidade-do-porto-orientacao-profissional\/#article","isPartOf":{"@id":"https:\/\/www.altominho.tv\/site\/2019\/04\/04\/centenas-de-alunos-procuram-na-mostra-da-universidade-do-porto-orientacao-profissional\/"},"author":{"name":"Andreia Cunha","@id":"https:\/\/www.altominho.tv\/site\/#\/schema\/person\/a0e4ef6d041f98ca284393d8f1d97153"},"headline":"Centenas de alunos procuram na Mostra da Universidade do Porto orienta\u00e7\u00e3o profissional","datePublished":"2019-04-04T15:28:35+00:00","mainEntityOfPage":{"@id":"https:\/\/www.altominho.tv\/site\/2019\/04\/04\/centenas-de-alunos-procuram-na-mostra-da-universidade-do-porto-orientacao-profissional\/"},"wordCount":722,"image":{"@id":"https:\/\/www.altominho.tv\/site\/2019\/04\/04\/centenas-de-alunos-procuram-na-mostra-da-universidade-do-porto-orientacao-profissional\/#primaryimage"},"thumbnailUrl":"https:\/\/www.altominho.tv\/site\/wp-content\/uploads\/2019\/04\/uporto.jpeg","keywords":["Educa\u00e7\u00e3o","Sociedade"],"articleSection":["Alto Minho"],"inLanguage":"pt-PT","copyrightYear":"2019","copyrightHolder":{"@id":"https:\/\/www.altominho.tv\/site\/#organization"}},{"@type":"WebPage","@id":"https:\/\/www.altominho.tv\/site\/2019\/04\/04\/centenas-de-alunos-procuram-na-mostra-da-universidade-do-porto-orientacao-profissional\/","url":"https:\/\/www.altominho.tv\/site\/2019\/04\/04\/centenas-de-alunos-procuram-na-mostra-da-universidade-do-porto-orientacao-profissional\/","name":"Centenas de alunos procuram na Mostra da Universidade do Porto orienta\u00e7\u00e3o profissional","isPartOf":{"@id":"https:\/\/www.altominho.tv\/site\/#website"},"primaryImageOfPage":{"@id":"https:\/\/www.altominho.tv\/site\/2019\/04\/04\/centenas-de-alunos-procuram-na-mostra-da-universidade-do-porto-orientacao-profissional\/#primaryimage"},"image":{"@id":"https:\/\/www.altominho.tv\/site\/2019\/04\/04\/centenas-de-alunos-procuram-na-mostra-da-universidade-do-porto-orientacao-profissional\/#primaryimage"},"thumbnailUrl":"https:\/\/www.altominho.tv\/site\/wp-content\/uploads\/2019\/04\/uporto.jpeg","datePublished":"2019-04-04T15:28:35+00:00","author":{"@id":"https:\/\/www.altominho.tv\/site\/#\/schema\/person\/a0e4ef6d041f98ca284393d8f1d97153"},"breadcrumb":{"@id":"https:\/\/www.altominho.tv\/site\/2019\/04\/04\/centenas-de-alunos-procuram-na-mostra-da-universidade-do-porto-orientacao-profissional\/#breadcrumb"},"inLanguage":"pt-PT","potentialAction":[{"@type":"ReadAction","target":["https:\/\/www.altominho.tv\/site\/2019\/04\/04\/centenas-de-alunos-procuram-na-mostra-da-universidade-do-porto-orientacao-profissional\/"]}]},{"@type":"ImageObject","inLanguage":"pt-PT","@id":"https:\/\/www.altominho.tv\/site\/2019\/04\/04\/centenas-de-alunos-procuram-na-mostra-da-universidade-do-porto-orientacao-profissional\/#primaryimage","url":"https:\/\/www.altominho.tv\/site\/wp-content\/uploads\/2019\/04\/uporto.jpeg","contentUrl":"https:\/\/www.altominho.tv\/site\/wp-content\/uploads\/2019\/04\/uporto.jpeg","width":744,"height":495},{"@type":"BreadcrumbList","@id":"https:\/\/www.altominho.tv\/site\/2019\/04\/04\/centenas-de-alunos-procuram-na-mostra-da-universidade-do-porto-orientacao-profissional\/#breadcrumb","itemListElement":[{"@type":"ListItem","position":1,"name":"In\u00edcio","item":"https:\/\/www.altominho.tv\/site\/"},{"@type":"ListItem","position":2,"name":"Centenas de alunos procuram na Mostra da Universidade do Porto orienta\u00e7\u00e3o profissional"}]},{"@type":"WebSite","@id":"https:\/\/www.altominho.tv\/site\/#website","url":"https:\/\/www.altominho.tv\/site\/","name":"Altominho.tv","description":"A sua regi\u00e3o \u00e0 dist\u00e2ncia de um clique...","potentialAction":[{"@type":"SearchAction","target":{"@type":"EntryPoint","urlTemplate":"https:\/\/www.altominho.tv\/site\/?s={search_term_string}"},"query-input":{"@type":"PropertyValueSpecification","valueRequired":true,"valueName":"search_term_string"}}],"inLanguage":"pt-PT"},{"@type":"Person","@id":"https:\/\/www.altominho.tv\/site\/#\/schema\/person\/a0e4ef6d041f98ca284393d8f1d97153","name":"Andreia Cunha","image":{"@type":"ImageObject","inLanguage":"pt-PT","@id":"https:\/\/www.altominho.tv\/site\/wp-content\/uploads\/2017\/11\/Andreia_Cunha-1-150x150.jpg","url":"https:\/\/www.altominho.tv\/site\/wp-content\/uploads\/2017\/11\/Andreia_Cunha-1-150x150.jpg","contentUrl":"https:\/\/www.altominho.tv\/site\/wp-content\/uploads\/2017\/11\/Andreia_Cunha-1-150x150.jpg","caption":"Andreia Cunha"},"url":"https:\/\/www.altominho.tv\/site\/author\/andreiacunha\/"}]}},"_links":{"self":[{"href":"https:\/\/www.altominho.tv\/site\/wp-json\/wp\/v2\/posts\/26705","targetHints":{"allow":["GET"]}}],"collection":[{"href":"https:\/\/www.altominho.tv\/site\/wp-json\/wp\/v2\/posts"}],"about":[{"href":"https:\/\/www.altominho.tv\/site\/wp-json\/wp\/v2\/types\/post"}],"author":[{"embeddable":true,"href":"https:\/\/www.altominho.tv\/site\/wp-json\/wp\/v2\/users\/7"}],"replies":[{"embeddable":true,"href":"https:\/\/www.altominho.tv\/site\/wp-json\/wp\/v2\/comments?post=26705"}],"version-history":[{"count":0,"href":"https:\/\/www.altominho.tv\/site\/wp-json\/wp\/v2\/posts\/26705\/revisions"}],"wp:featuredmedia":[{"embeddable":true,"href":"https:\/\/www.altominho.tv\/site\/wp-json\/wp\/v2\/media\/26706"}],"wp:attachment":[{"href":"https:\/\/www.altominho.tv\/site\/wp-json\/wp\/v2\/media?parent=26705"}],"wp:term":[{"taxonomy":"category","embeddable":true,"href":"https:\/\/www.altominho.tv\/site\/wp-json\/wp\/v2\/categories?post=26705"},{"taxonomy":"post_tag","embeddable":true,"href":"https:\/\/www.altominho.tv\/site\/wp-json\/wp\/v2\/tags?post=26705"}],"curies":[{"name":"wp","href":"https:\/\/api.w.org\/{rel}","templated":true}]}}