{"id":26655,"date":"2019-04-03T18:00:25","date_gmt":"2019-04-03T17:00:25","guid":{"rendered":"http:\/\/www.altominho.tv\/site\/?p=26655"},"modified":"2019-04-03T18:00:25","modified_gmt":"2019-04-03T17:00:25","slug":"paredes-de-coura-distribui-500-garrafas-reutilizaveis-pela-comunidade-escolar","status":"publish","type":"post","link":"https:\/\/www.altominho.tv\/site\/2019\/04\/03\/paredes-de-coura-distribui-500-garrafas-reutilizaveis-pela-comunidade-escolar\/","title":{"rendered":"Paredes de Coura distribui 500 garrafas reutiliz\u00e1veis pela comunidade escolar"},"content":{"rendered":"<p style=\"font-weight: 400\">O munic\u00edpio de Paredes de Coura vai distribuir cerca de 500 garrafas pelos alunos do 2\u00ba e 3\u00ba ciclos e ensino secund\u00e1rio do concelho, durante a\u00a0Semana Jovem promovida pelo Agrupamento de Escolas. O objetivo da iniciativa \u00e9 &#8220;evitar o uso de garrafas descart\u00e1veis e convidar ao consumo da \u00e1gua da torneira&#8221;.<\/p>\n<p style=\"font-weight: 400\">Segundo comunicado da autarquia, a garrafa \u2018Fill Forever by EPAL\u2019, com capacidade para 0,5 litros de \u00e1gua e dispon\u00edvel em v\u00e1rias cores, &#8220;\u00e9 100% nacional, reutiliz\u00e1vel,\u00a0ecol\u00f3gica, ultraleve e funcional na sua utiliza\u00e7\u00e3o, concebida para receber e transportar a \u00e1gua da torneira&#8221;.<\/p>\n<p style=\"font-weight: 400\"><img loading=\"lazy\" decoding=\"async\" class=\"alignnone size-full wp-image-26656\" src=\"http:\/\/www.altominho.tv\/site\/wp-content\/uploads\/2019\/04\/garrafa-Fill-Forever.jpg\" alt=\"\" width=\"927\" height=\"571\" srcset=\"https:\/\/www.altominho.tv\/site\/wp-content\/uploads\/2019\/04\/garrafa-Fill-Forever.jpg 927w, https:\/\/www.altominho.tv\/site\/wp-content\/uploads\/2019\/04\/garrafa-Fill-Forever-300x185.jpg 300w, https:\/\/www.altominho.tv\/site\/wp-content\/uploads\/2019\/04\/garrafa-Fill-Forever-768x473.jpg 768w, https:\/\/www.altominho.tv\/site\/wp-content\/uploads\/2019\/04\/garrafa-Fill-Forever-370x228.jpg 370w, https:\/\/www.altominho.tv\/site\/wp-content\/uploads\/2019\/04\/garrafa-Fill-Forever-270x166.jpg 270w, https:\/\/www.altominho.tv\/site\/wp-content\/uploads\/2019\/04\/garrafa-Fill-Forever-740x456.jpg 740w, https:\/\/www.altominho.tv\/site\/wp-content\/uploads\/2019\/04\/garrafa-Fill-Forever-800x493.jpg 800w, https:\/\/www.altominho.tv\/site\/wp-content\/uploads\/2019\/04\/garrafa-Fill-Forever-511x315.jpg 511w, https:\/\/www.altominho.tv\/site\/wp-content\/uploads\/2019\/04\/garrafa-Fill-Forever-600x370.jpg 600w\" sizes=\"auto, (max-width: 927px) 100vw, 927px\" \/>De acordo com o munic\u00edpio, o pr\u00f3ximo passo \u00e9 &#8220;alargar esta iniciativa \u00e0 restante comunidade educativa e tamb\u00e9m implementar o uso das garrafas reutiliz\u00e1veis nos mais variados atos do munic\u00edpio, como forma de evitar o uso reiterado de garrafas descart\u00e1veis e promover o consumo da sua \u00e1gua de torneira&#8221;.<\/p>\n<p style=\"font-weight: 400\">Paredes de Coura foi galardoada, na cerim\u00f3nia de entrega dos pr\u00e9mios e selos dos Servi\u00e7os de \u00c1guas e Res\u00edduos (Vertente \u00c1guas) no \u00e2mbito da 12\u00aa Expo Confer\u00eancia da \u00c1gua, como o concelho do Alto Minho que disponibiliza a \u00e1gua de maior qualidade aos seus mun\u00edcipes.<\/p>\n<p style=\"font-weight: 400\">De acordo com o relat\u00f3rio &#8220;Controlo da Qualidade da \u00c1gua para Consumo Humano&#8221; divulgado pela Entidade Reguladora dos Servi\u00e7os de \u00c1gua e Res\u00edduos (ERSAR), o concelho disponibiliza a \u00e1gua com um n\u00edvel de seguran\u00e7a de 99,64 por cento, superando a qualidade da \u00e1gua fornecida pelos restantes concelhos do distrito de Viana do Castelo.<\/p>\n<p style=\"font-weight: 400\">A oferta de garrafas reutiliz\u00e1veis acontece no \u00e2mbito da Semana Jovem, promovida pelo Agrupamento de Escolas e apoiada pelo munic\u00edpio, que conta com diversas iniciativas dirigidas \u00e0 comunidade educativa, como encontros com escritores, exposi\u00e7\u00f5es, workshop de cozinha para universit\u00e1rios, degusta\u00e7\u00e3o de alimentos saud\u00e1veis, desporto, dan\u00e7a e sess\u00f5es de debate e esclarecimento sobre preven\u00e7\u00e3o da viol\u00eancia no namoro e sexualidade. Um concerto da Escola de Rock de Paredes de Coura, na Caixa da M\u00fasica, marca o encerramento do evento.<\/p>\n","protected":false},"excerpt":{"rendered":"<p>O munic\u00edpio de Paredes de Coura vai distribuir cerca de 500 garrafas pelos alunos do 2\u00ba e 3\u00ba ciclos e ensino secund\u00e1rio do concelho, durante a\u00a0Semana Jovem promovida pelo Agrupamento de Escolas. O objetivo da iniciativa \u00e9 &#8220;evitar o uso de garrafas descart\u00e1veis e convidar ao consumo da \u00e1gua da torneira&#8221;. Segundo comunicado da autarquia, [&hellip;]<\/p>\n","protected":false},"author":12,"featured_media":26657,"comment_status":"closed","ping_status":"closed","sticky":false,"template":"","format":"standard","meta":{"_exactmetrics_skip_tracking":false,"_exactmetrics_sitenote_active":false,"_exactmetrics_sitenote_note":"","_exactmetrics_sitenote_category":0,"footnotes":""},"categories":[10],"tags":[22],"class_list":["post-26655","post","type-post","status-publish","format-standard","has-post-thumbnail","hentry","category-paredes-de-coura","tag-educacao"],"yoast_head":"<!-- This site is optimized with the Yoast SEO Premium plugin v27.5 (Yoast SEO v27.5) - https:\/\/yoast.com\/product\/yoast-seo-premium-wordpress\/ -->\n<title>Paredes de Coura distribui 500 garrafas reutiliz\u00e1veis pela comunidade escolar<\/title>\n<meta name=\"robots\" content=\"index, follow, max-snippet:-1, max-image-preview:large, max-video-preview:-1\" \/>\n<link rel=\"canonical\" href=\"https:\/\/www.altominho.tv\/site\/2019\/04\/03\/paredes-de-coura-distribui-500-garrafas-reutilizaveis-pela-comunidade-escolar\/\" \/>\n<meta property=\"og:locale\" content=\"pt_PT\" \/>\n<meta property=\"og:type\" content=\"article\" \/>\n<meta property=\"og:title\" content=\"Paredes de Coura distribui 500 garrafas reutiliz\u00e1veis pela comunidade escolar\" \/>\n<meta property=\"og:description\" content=\"O munic\u00edpio de Paredes de Coura vai distribuir cerca de 500 garrafas pelos alunos do 2\u00ba e 3\u00ba ciclos e ensino secund\u00e1rio do concelho, durante a\u00a0Semana Jovem promovida pelo Agrupamento de Escolas. O objetivo da iniciativa \u00e9 &#8220;evitar o uso de garrafas descart\u00e1veis e convidar ao consumo da \u00e1gua da torneira&#8221;. Segundo comunicado da autarquia, [&hellip;]\" \/>\n<meta property=\"og:url\" content=\"https:\/\/www.altominho.tv\/site\/2019\/04\/03\/paredes-de-coura-distribui-500-garrafas-reutilizaveis-pela-comunidade-escolar\/\" \/>\n<meta property=\"og:site_name\" content=\"Altominho.tv\" \/>\n<meta property=\"article:publisher\" content=\"https:\/\/www.facebook.com\/altominhotv\" \/>\n<meta property=\"article:published_time\" content=\"2019-04-03T17:00:25+00:00\" \/>\n<meta property=\"og:image\" content=\"https:\/\/www.altominho.tv\/site\/wp-content\/uploads\/2019\/04\/19665078_LeGg9-e1554310618197.jpeg\" \/>\n\t<meta property=\"og:image:width\" content=\"940\" \/>\n\t<meta property=\"og:image:height\" content=\"538\" \/>\n\t<meta property=\"og:image:type\" content=\"image\/jpeg\" \/>\n<meta name=\"author\" content=\"Andreia Ferreira\" \/>\n<meta name=\"twitter:card\" content=\"summary_large_image\" \/>\n<meta name=\"twitter:creator\" content=\"@altominhoTV\" \/>\n<meta name=\"twitter:site\" content=\"@altominhoTV\" \/>\n<meta name=\"twitter:label1\" content=\"Escrito por\" \/>\n\t<meta name=\"twitter:data1\" content=\"Andreia Ferreira\" \/>\n\t<meta name=\"twitter:label2\" content=\"Tempo estimado de leitura\" \/>\n\t<meta name=\"twitter:data2\" content=\"2 minutos\" \/>\n<script type=\"application\/ld+json\" class=\"yoast-schema-graph\">{\"@context\":\"https:\\\/\\\/schema.org\",\"@graph\":[{\"@type\":\"Article\",\"@id\":\"https:\\\/\\\/www.altominho.tv\\\/site\\\/2019\\\/04\\\/03\\\/paredes-de-coura-distribui-500-garrafas-reutilizaveis-pela-comunidade-escolar\\\/#article\",\"isPartOf\":{\"@id\":\"https:\\\/\\\/www.altominho.tv\\\/site\\\/2019\\\/04\\\/03\\\/paredes-de-coura-distribui-500-garrafas-reutilizaveis-pela-comunidade-escolar\\\/\"},\"author\":{\"name\":\"Andreia Ferreira\",\"@id\":\"https:\\\/\\\/www.altominho.tv\\\/site\\\/#\\\/schema\\\/person\\\/d9be4265364723f14ea8e0d56a1d38cd\"},\"headline\":\"Paredes de Coura distribui 500 garrafas reutiliz\u00e1veis pela comunidade escolar\",\"datePublished\":\"2019-04-03T17:00:25+00:00\",\"mainEntityOfPage\":{\"@id\":\"https:\\\/\\\/www.altominho.tv\\\/site\\\/2019\\\/04\\\/03\\\/paredes-de-coura-distribui-500-garrafas-reutilizaveis-pela-comunidade-escolar\\\/\"},\"wordCount\":353,\"image\":{\"@id\":\"https:\\\/\\\/www.altominho.tv\\\/site\\\/2019\\\/04\\\/03\\\/paredes-de-coura-distribui-500-garrafas-reutilizaveis-pela-comunidade-escolar\\\/#primaryimage\"},\"thumbnailUrl\":\"https:\\\/\\\/www.altominho.tv\\\/site\\\/wp-content\\\/uploads\\\/2019\\\/04\\\/19665078_LeGg9-e1554310618197.jpeg\",\"keywords\":[\"Educa\u00e7\u00e3o\"],\"articleSection\":[\"Paredes de Coura\"],\"inLanguage\":\"pt-PT\",\"copyrightYear\":\"2019\",\"copyrightHolder\":{\"@id\":\"https:\\\/\\\/www.altominho.tv\\\/site\\\/#organization\"}},{\"@type\":\"WebPage\",\"@id\":\"https:\\\/\\\/www.altominho.tv\\\/site\\\/2019\\\/04\\\/03\\\/paredes-de-coura-distribui-500-garrafas-reutilizaveis-pela-comunidade-escolar\\\/\",\"url\":\"https:\\\/\\\/www.altominho.tv\\\/site\\\/2019\\\/04\\\/03\\\/paredes-de-coura-distribui-500-garrafas-reutilizaveis-pela-comunidade-escolar\\\/\",\"name\":\"Paredes de Coura distribui 500 garrafas reutiliz\u00e1veis pela comunidade escolar\",\"isPartOf\":{\"@id\":\"https:\\\/\\\/www.altominho.tv\\\/site\\\/#website\"},\"primaryImageOfPage\":{\"@id\":\"https:\\\/\\\/www.altominho.tv\\\/site\\\/2019\\\/04\\\/03\\\/paredes-de-coura-distribui-500-garrafas-reutilizaveis-pela-comunidade-escolar\\\/#primaryimage\"},\"image\":{\"@id\":\"https:\\\/\\\/www.altominho.tv\\\/site\\\/2019\\\/04\\\/03\\\/paredes-de-coura-distribui-500-garrafas-reutilizaveis-pela-comunidade-escolar\\\/#primaryimage\"},\"thumbnailUrl\":\"https:\\\/\\\/www.altominho.tv\\\/site\\\/wp-content\\\/uploads\\\/2019\\\/04\\\/19665078_LeGg9-e1554310618197.jpeg\",\"datePublished\":\"2019-04-03T17:00:25+00:00\",\"author\":{\"@id\":\"https:\\\/\\\/www.altominho.tv\\\/site\\\/#\\\/schema\\\/person\\\/d9be4265364723f14ea8e0d56a1d38cd\"},\"breadcrumb\":{\"@id\":\"https:\\\/\\\/www.altominho.tv\\\/site\\\/2019\\\/04\\\/03\\\/paredes-de-coura-distribui-500-garrafas-reutilizaveis-pela-comunidade-escolar\\\/#breadcrumb\"},\"inLanguage\":\"pt-PT\",\"potentialAction\":[{\"@type\":\"ReadAction\",\"target\":[\"https:\\\/\\\/www.altominho.tv\\\/site\\\/2019\\\/04\\\/03\\\/paredes-de-coura-distribui-500-garrafas-reutilizaveis-pela-comunidade-escolar\\\/\"]}]},{\"@type\":\"ImageObject\",\"inLanguage\":\"pt-PT\",\"@id\":\"https:\\\/\\\/www.altominho.tv\\\/site\\\/2019\\\/04\\\/03\\\/paredes-de-coura-distribui-500-garrafas-reutilizaveis-pela-comunidade-escolar\\\/#primaryimage\",\"url\":\"https:\\\/\\\/www.altominho.tv\\\/site\\\/wp-content\\\/uploads\\\/2019\\\/04\\\/19665078_LeGg9-e1554310618197.jpeg\",\"contentUrl\":\"https:\\\/\\\/www.altominho.tv\\\/site\\\/wp-content\\\/uploads\\\/2019\\\/04\\\/19665078_LeGg9-e1554310618197.jpeg\",\"width\":940,\"height\":538},{\"@type\":\"BreadcrumbList\",\"@id\":\"https:\\\/\\\/www.altominho.tv\\\/site\\\/2019\\\/04\\\/03\\\/paredes-de-coura-distribui-500-garrafas-reutilizaveis-pela-comunidade-escolar\\\/#breadcrumb\",\"itemListElement\":[{\"@type\":\"ListItem\",\"position\":1,\"name\":\"In\u00edcio\",\"item\":\"https:\\\/\\\/www.altominho.tv\\\/site\\\/\"},{\"@type\":\"ListItem\",\"position\":2,\"name\":\"Paredes de Coura distribui 500 garrafas reutiliz\u00e1veis pela comunidade escolar\"}]},{\"@type\":\"WebSite\",\"@id\":\"https:\\\/\\\/www.altominho.tv\\\/site\\\/#website\",\"url\":\"https:\\\/\\\/www.altominho.tv\\\/site\\\/\",\"name\":\"Altominho.tv\",\"description\":\"A sua regi\u00e3o \u00e0 dist\u00e2ncia de um clique...\",\"potentialAction\":[{\"@type\":\"SearchAction\",\"target\":{\"@type\":\"EntryPoint\",\"urlTemplate\":\"https:\\\/\\\/www.altominho.tv\\\/site\\\/?s={search_term_string}\"},\"query-input\":{\"@type\":\"PropertyValueSpecification\",\"valueRequired\":true,\"valueName\":\"search_term_string\"}}],\"inLanguage\":\"pt-PT\"},{\"@type\":\"Person\",\"@id\":\"https:\\\/\\\/www.altominho.tv\\\/site\\\/#\\\/schema\\\/person\\\/d9be4265364723f14ea8e0d56a1d38cd\",\"name\":\"Andreia Ferreira\",\"image\":{\"@type\":\"ImageObject\",\"inLanguage\":\"pt-PT\",\"@id\":\"https:\\\/\\\/www.altominho.tv\\\/site\\\/wp-content\\\/uploads\\\/2021\\\/01\\\/AndreiaFerreira-150x150.jpg\",\"url\":\"https:\\\/\\\/www.altominho.tv\\\/site\\\/wp-content\\\/uploads\\\/2021\\\/01\\\/AndreiaFerreira-150x150.jpg\",\"contentUrl\":\"https:\\\/\\\/www.altominho.tv\\\/site\\\/wp-content\\\/uploads\\\/2021\\\/01\\\/AndreiaFerreira-150x150.jpg\",\"caption\":\"Andreia Ferreira\"},\"url\":\"https:\\\/\\\/www.altominho.tv\\\/site\\\/author\\\/andreiaferreira\\\/\"}]}<\/script>\n<!-- \/ Yoast SEO Premium plugin. -->","yoast_head_json":{"title":"Paredes de Coura distribui 500 garrafas reutiliz\u00e1veis pela comunidade escolar","robots":{"index":"index","follow":"follow","max-snippet":"max-snippet:-1","max-image-preview":"max-image-preview:large","max-video-preview":"max-video-preview:-1"},"canonical":"https:\/\/www.altominho.tv\/site\/2019\/04\/03\/paredes-de-coura-distribui-500-garrafas-reutilizaveis-pela-comunidade-escolar\/","og_locale":"pt_PT","og_type":"article","og_title":"Paredes de Coura distribui 500 garrafas reutiliz\u00e1veis pela comunidade escolar","og_description":"O munic\u00edpio de Paredes de Coura vai distribuir cerca de 500 garrafas pelos alunos do 2\u00ba e 3\u00ba ciclos e ensino secund\u00e1rio do concelho, durante a\u00a0Semana Jovem promovida pelo Agrupamento de Escolas. O objetivo da iniciativa \u00e9 &#8220;evitar o uso de garrafas descart\u00e1veis e convidar ao consumo da \u00e1gua da torneira&#8221;. Segundo comunicado da autarquia, [&hellip;]","og_url":"https:\/\/www.altominho.tv\/site\/2019\/04\/03\/paredes-de-coura-distribui-500-garrafas-reutilizaveis-pela-comunidade-escolar\/","og_site_name":"Altominho.tv","article_publisher":"https:\/\/www.facebook.com\/altominhotv","article_published_time":"2019-04-03T17:00:25+00:00","og_image":[{"width":940,"height":538,"url":"https:\/\/www.altominho.tv\/site\/wp-content\/uploads\/2019\/04\/19665078_LeGg9-e1554310618197.jpeg","type":"image\/jpeg"}],"author":"Andreia Ferreira","twitter_card":"summary_large_image","twitter_creator":"@altominhoTV","twitter_site":"@altominhoTV","twitter_misc":{"Escrito por":"Andreia Ferreira","Tempo estimado de leitura":"2 minutos"},"schema":{"@context":"https:\/\/schema.org","@graph":[{"@type":"Article","@id":"https:\/\/www.altominho.tv\/site\/2019\/04\/03\/paredes-de-coura-distribui-500-garrafas-reutilizaveis-pela-comunidade-escolar\/#article","isPartOf":{"@id":"https:\/\/www.altominho.tv\/site\/2019\/04\/03\/paredes-de-coura-distribui-500-garrafas-reutilizaveis-pela-comunidade-escolar\/"},"author":{"name":"Andreia Ferreira","@id":"https:\/\/www.altominho.tv\/site\/#\/schema\/person\/d9be4265364723f14ea8e0d56a1d38cd"},"headline":"Paredes de Coura distribui 500 garrafas reutiliz\u00e1veis pela comunidade escolar","datePublished":"2019-04-03T17:00:25+00:00","mainEntityOfPage":{"@id":"https:\/\/www.altominho.tv\/site\/2019\/04\/03\/paredes-de-coura-distribui-500-garrafas-reutilizaveis-pela-comunidade-escolar\/"},"wordCount":353,"image":{"@id":"https:\/\/www.altominho.tv\/site\/2019\/04\/03\/paredes-de-coura-distribui-500-garrafas-reutilizaveis-pela-comunidade-escolar\/#primaryimage"},"thumbnailUrl":"https:\/\/www.altominho.tv\/site\/wp-content\/uploads\/2019\/04\/19665078_LeGg9-e1554310618197.jpeg","keywords":["Educa\u00e7\u00e3o"],"articleSection":["Paredes de Coura"],"inLanguage":"pt-PT","copyrightYear":"2019","copyrightHolder":{"@id":"https:\/\/www.altominho.tv\/site\/#organization"}},{"@type":"WebPage","@id":"https:\/\/www.altominho.tv\/site\/2019\/04\/03\/paredes-de-coura-distribui-500-garrafas-reutilizaveis-pela-comunidade-escolar\/","url":"https:\/\/www.altominho.tv\/site\/2019\/04\/03\/paredes-de-coura-distribui-500-garrafas-reutilizaveis-pela-comunidade-escolar\/","name":"Paredes de Coura distribui 500 garrafas reutiliz\u00e1veis pela comunidade escolar","isPartOf":{"@id":"https:\/\/www.altominho.tv\/site\/#website"},"primaryImageOfPage":{"@id":"https:\/\/www.altominho.tv\/site\/2019\/04\/03\/paredes-de-coura-distribui-500-garrafas-reutilizaveis-pela-comunidade-escolar\/#primaryimage"},"image":{"@id":"https:\/\/www.altominho.tv\/site\/2019\/04\/03\/paredes-de-coura-distribui-500-garrafas-reutilizaveis-pela-comunidade-escolar\/#primaryimage"},"thumbnailUrl":"https:\/\/www.altominho.tv\/site\/wp-content\/uploads\/2019\/04\/19665078_LeGg9-e1554310618197.jpeg","datePublished":"2019-04-03T17:00:25+00:00","author":{"@id":"https:\/\/www.altominho.tv\/site\/#\/schema\/person\/d9be4265364723f14ea8e0d56a1d38cd"},"breadcrumb":{"@id":"https:\/\/www.altominho.tv\/site\/2019\/04\/03\/paredes-de-coura-distribui-500-garrafas-reutilizaveis-pela-comunidade-escolar\/#breadcrumb"},"inLanguage":"pt-PT","potentialAction":[{"@type":"ReadAction","target":["https:\/\/www.altominho.tv\/site\/2019\/04\/03\/paredes-de-coura-distribui-500-garrafas-reutilizaveis-pela-comunidade-escolar\/"]}]},{"@type":"ImageObject","inLanguage":"pt-PT","@id":"https:\/\/www.altominho.tv\/site\/2019\/04\/03\/paredes-de-coura-distribui-500-garrafas-reutilizaveis-pela-comunidade-escolar\/#primaryimage","url":"https:\/\/www.altominho.tv\/site\/wp-content\/uploads\/2019\/04\/19665078_LeGg9-e1554310618197.jpeg","contentUrl":"https:\/\/www.altominho.tv\/site\/wp-content\/uploads\/2019\/04\/19665078_LeGg9-e1554310618197.jpeg","width":940,"height":538},{"@type":"BreadcrumbList","@id":"https:\/\/www.altominho.tv\/site\/2019\/04\/03\/paredes-de-coura-distribui-500-garrafas-reutilizaveis-pela-comunidade-escolar\/#breadcrumb","itemListElement":[{"@type":"ListItem","position":1,"name":"In\u00edcio","item":"https:\/\/www.altominho.tv\/site\/"},{"@type":"ListItem","position":2,"name":"Paredes de Coura distribui 500 garrafas reutiliz\u00e1veis pela comunidade escolar"}]},{"@type":"WebSite","@id":"https:\/\/www.altominho.tv\/site\/#website","url":"https:\/\/www.altominho.tv\/site\/","name":"Altominho.tv","description":"A sua regi\u00e3o \u00e0 dist\u00e2ncia de um clique...","potentialAction":[{"@type":"SearchAction","target":{"@type":"EntryPoint","urlTemplate":"https:\/\/www.altominho.tv\/site\/?s={search_term_string}"},"query-input":{"@type":"PropertyValueSpecification","valueRequired":true,"valueName":"search_term_string"}}],"inLanguage":"pt-PT"},{"@type":"Person","@id":"https:\/\/www.altominho.tv\/site\/#\/schema\/person\/d9be4265364723f14ea8e0d56a1d38cd","name":"Andreia Ferreira","image":{"@type":"ImageObject","inLanguage":"pt-PT","@id":"https:\/\/www.altominho.tv\/site\/wp-content\/uploads\/2021\/01\/AndreiaFerreira-150x150.jpg","url":"https:\/\/www.altominho.tv\/site\/wp-content\/uploads\/2021\/01\/AndreiaFerreira-150x150.jpg","contentUrl":"https:\/\/www.altominho.tv\/site\/wp-content\/uploads\/2021\/01\/AndreiaFerreira-150x150.jpg","caption":"Andreia Ferreira"},"url":"https:\/\/www.altominho.tv\/site\/author\/andreiaferreira\/"}]}},"_links":{"self":[{"href":"https:\/\/www.altominho.tv\/site\/wp-json\/wp\/v2\/posts\/26655","targetHints":{"allow":["GET"]}}],"collection":[{"href":"https:\/\/www.altominho.tv\/site\/wp-json\/wp\/v2\/posts"}],"about":[{"href":"https:\/\/www.altominho.tv\/site\/wp-json\/wp\/v2\/types\/post"}],"author":[{"embeddable":true,"href":"https:\/\/www.altominho.tv\/site\/wp-json\/wp\/v2\/users\/12"}],"replies":[{"embeddable":true,"href":"https:\/\/www.altominho.tv\/site\/wp-json\/wp\/v2\/comments?post=26655"}],"version-history":[{"count":0,"href":"https:\/\/www.altominho.tv\/site\/wp-json\/wp\/v2\/posts\/26655\/revisions"}],"wp:featuredmedia":[{"embeddable":true,"href":"https:\/\/www.altominho.tv\/site\/wp-json\/wp\/v2\/media\/26657"}],"wp:attachment":[{"href":"https:\/\/www.altominho.tv\/site\/wp-json\/wp\/v2\/media?parent=26655"}],"wp:term":[{"taxonomy":"category","embeddable":true,"href":"https:\/\/www.altominho.tv\/site\/wp-json\/wp\/v2\/categories?post=26655"},{"taxonomy":"post_tag","embeddable":true,"href":"https:\/\/www.altominho.tv\/site\/wp-json\/wp\/v2\/tags?post=26655"}],"curies":[{"name":"wp","href":"https:\/\/api.w.org\/{rel}","templated":true}]}}