{"id":26540,"date":"2019-04-01T17:49:35","date_gmt":"2019-04-01T16:49:35","guid":{"rendered":"http:\/\/www.altominho.tv\/site\/?p=26540"},"modified":"2019-04-01T17:51:45","modified_gmt":"2019-04-01T16:51:45","slug":"mais-de-800-novos-empregos-criados-em-ponte-de-lima-em-2018-por-mais-de-94-empresas","status":"publish","type":"post","link":"https:\/\/www.altominho.tv\/site\/2019\/04\/01\/mais-de-800-novos-empregos-criados-em-ponte-de-lima-em-2018-por-mais-de-94-empresas\/","title":{"rendered":"Mais de 800 novos empregos criados em Ponte de Lima em 2018 por mais de 94 empresas"},"content":{"rendered":"<p>A C\u00e2mara de Ponte de Lima informou que os dados da Seguran\u00e7a Social de 2018 apontam para a instala\u00e7\u00e3o de mais 94 empresas e para a cria\u00e7\u00e3o de mais 830 novos empregos, relativamente ao ano anterior.<\/p>\n<p>O munic\u00edpio liderado por Victor Mendes acrescentou, em nota enviada esta segunda-feira \u00e0 imprensa, que a taxa de desemprego de fevereiro de 2018, divulgada pelo Instituto Nacional de Estat\u00edstica (INE) situou-se nos 3,75%, &#8220;uma das mais baixas de sempre e a mais baixa do distrito de Viana do Castelo&#8221;.<\/p>\n<p>Para o executivo municipal &#8220;este cen\u00e1rio tende ainda a melhorar&#8221; face &#8220;aos muitos processos de licenciamento de empresas que se ir\u00e3o instalar nos polos industriais municipais da Queijada e da Gemieira&#8221;.<\/p>\n<p>Al\u00e9m do &#8220;apoio a projetos e ideias que potenciem e valorizem os recursos do concelho e sejam geradores de emprego&#8221;, a C\u00e2mara de Ponte de Lima sublinhou ter &#8220;dispon\u00edveis diversos programas, como Terra Finicia e Terra Incubadora&#8221;.<\/p>\n<p>&#8220;A realiza\u00e7\u00e3o de eventos, feiras e exposi\u00e7\u00f5es ao longo do ano visando a promo\u00e7\u00e3o e valoriza\u00e7\u00e3o dos recursos end\u00f3genos e da economia local, s\u00e3o tamb\u00e9m contributos fundamentais para aquela estrat\u00e9gia&#8221;, sustentou.<\/p>\n<p>Adiantou que &#8220;a autarquia mant\u00e9m benef\u00edcios fiscais que dependem de decis\u00e3o dos \u00f3rg\u00e3os municipais, bem como outras medidas que possam levar a uma redu\u00e7\u00e3o do custo de instala\u00e7\u00e3o ou funcionamento das empresas, permitindo libertar liquidez \u00e0s empresas&#8221;.<\/p>\n<p>&#8220;Estas medidas, associadas \u00e0s excelentes condi\u00e7\u00f5es f\u00edsicas para o acolhimento empresarial, \u00e0s excelentes acessibilidades do concelho e \u00e0 qualidade de vida existente, fizeram aumentar significativamente o n\u00famero de empresas que nos \u00faltimos anos apostaram em Ponte de Lima para concretizar ou expandir os seus investimentos&#8221;, concluiu.<\/p>\n","protected":false},"excerpt":{"rendered":"<p>A C\u00e2mara de Ponte de Lima informou que os dados da Seguran\u00e7a Social de 2018 apontam para a instala\u00e7\u00e3o de mais 94 empresas e para a cria\u00e7\u00e3o de mais 830 novos empregos, relativamente ao ano anterior. O munic\u00edpio liderado por Victor Mendes acrescentou, em nota enviada esta segunda-feira \u00e0 imprensa, que a taxa de desemprego [&hellip;]<\/p>\n","protected":false},"author":12,"featured_media":26541,"comment_status":"closed","ping_status":"closed","sticky":false,"template":"","format":"standard","meta":{"_exactmetrics_skip_tracking":false,"_exactmetrics_sitenote_active":false,"_exactmetrics_sitenote_note":"","_exactmetrics_sitenote_category":0,"footnotes":""},"categories":[12],"tags":[21],"class_list":["post-26540","post","type-post","status-publish","format-standard","has-post-thumbnail","hentry","category-ponte-de-lima","tag-economia"],"yoast_head":"<!-- This site is optimized with the Yoast SEO Premium plugin v27.5 (Yoast SEO v27.5) - https:\/\/yoast.com\/product\/yoast-seo-premium-wordpress\/ -->\n<title>Mais de 800 novos empregos criados em Ponte de Lima em 2018 por mais de 94 empresas<\/title>\n<meta name=\"robots\" content=\"index, follow, max-snippet:-1, max-image-preview:large, max-video-preview:-1\" \/>\n<link rel=\"canonical\" href=\"https:\/\/www.altominho.tv\/site\/2019\/04\/01\/mais-de-800-novos-empregos-criados-em-ponte-de-lima-em-2018-por-mais-de-94-empresas\/\" \/>\n<meta property=\"og:locale\" content=\"pt_PT\" \/>\n<meta property=\"og:type\" content=\"article\" \/>\n<meta property=\"og:title\" content=\"Mais de 800 novos empregos criados em Ponte de Lima em 2018 por mais de 94 empresas\" \/>\n<meta property=\"og:description\" content=\"A C\u00e2mara de Ponte de Lima informou que os dados da Seguran\u00e7a Social de 2018 apontam para a instala\u00e7\u00e3o de mais 94 empresas e para a cria\u00e7\u00e3o de mais 830 novos empregos, relativamente ao ano anterior. O munic\u00edpio liderado por Victor Mendes acrescentou, em nota enviada esta segunda-feira \u00e0 imprensa, que a taxa de desemprego [&hellip;]\" \/>\n<meta property=\"og:url\" content=\"https:\/\/www.altominho.tv\/site\/2019\/04\/01\/mais-de-800-novos-empregos-criados-em-ponte-de-lima-em-2018-por-mais-de-94-empresas\/\" \/>\n<meta property=\"og:site_name\" content=\"Altominho.tv\" \/>\n<meta property=\"article:publisher\" content=\"https:\/\/www.facebook.com\/altominhotv\" \/>\n<meta property=\"article:published_time\" content=\"2019-04-01T16:49:35+00:00\" \/>\n<meta property=\"article:modified_time\" content=\"2019-04-01T16:51:45+00:00\" \/>\n<meta property=\"og:image\" content=\"https:\/\/www.altominho.tv\/site\/wp-content\/uploads\/2019\/04\/pacosconcelho_pontedelima_1_1024_1000.jpg\" \/>\n\t<meta property=\"og:image:width\" content=\"930\" \/>\n\t<meta property=\"og:image:height\" content=\"620\" \/>\n\t<meta property=\"og:image:type\" content=\"image\/jpeg\" \/>\n<meta name=\"author\" content=\"Andreia Ferreira\" \/>\n<meta name=\"twitter:card\" content=\"summary_large_image\" \/>\n<meta name=\"twitter:creator\" content=\"@altominhoTV\" \/>\n<meta name=\"twitter:site\" content=\"@altominhoTV\" \/>\n<meta name=\"twitter:label1\" content=\"Escrito por\" \/>\n\t<meta name=\"twitter:data1\" content=\"Andreia Ferreira\" \/>\n\t<meta name=\"twitter:label2\" content=\"Tempo estimado de leitura\" \/>\n\t<meta name=\"twitter:data2\" content=\"1 minuto\" \/>\n<script type=\"application\/ld+json\" class=\"yoast-schema-graph\">{\"@context\":\"https:\\\/\\\/schema.org\",\"@graph\":[{\"@type\":\"Article\",\"@id\":\"https:\\\/\\\/www.altominho.tv\\\/site\\\/2019\\\/04\\\/01\\\/mais-de-800-novos-empregos-criados-em-ponte-de-lima-em-2018-por-mais-de-94-empresas\\\/#article\",\"isPartOf\":{\"@id\":\"https:\\\/\\\/www.altominho.tv\\\/site\\\/2019\\\/04\\\/01\\\/mais-de-800-novos-empregos-criados-em-ponte-de-lima-em-2018-por-mais-de-94-empresas\\\/\"},\"author\":{\"name\":\"Andreia Ferreira\",\"@id\":\"https:\\\/\\\/www.altominho.tv\\\/site\\\/#\\\/schema\\\/person\\\/d9be4265364723f14ea8e0d56a1d38cd\"},\"headline\":\"Mais de 800 novos empregos criados em Ponte de Lima em 2018 por mais de 94 empresas\",\"datePublished\":\"2019-04-01T16:49:35+00:00\",\"dateModified\":\"2019-04-01T16:51:45+00:00\",\"mainEntityOfPage\":{\"@id\":\"https:\\\/\\\/www.altominho.tv\\\/site\\\/2019\\\/04\\\/01\\\/mais-de-800-novos-empregos-criados-em-ponte-de-lima-em-2018-por-mais-de-94-empresas\\\/\"},\"wordCount\":302,\"image\":{\"@id\":\"https:\\\/\\\/www.altominho.tv\\\/site\\\/2019\\\/04\\\/01\\\/mais-de-800-novos-empregos-criados-em-ponte-de-lima-em-2018-por-mais-de-94-empresas\\\/#primaryimage\"},\"thumbnailUrl\":\"https:\\\/\\\/www.altominho.tv\\\/site\\\/wp-content\\\/uploads\\\/2019\\\/04\\\/pacosconcelho_pontedelima_1_1024_1000.jpg\",\"keywords\":[\"Economia\"],\"articleSection\":[\"Ponte de Lima\"],\"inLanguage\":\"pt-PT\",\"copyrightYear\":\"2019\",\"copyrightHolder\":{\"@id\":\"https:\\\/\\\/www.altominho.tv\\\/site\\\/#organization\"}},{\"@type\":\"WebPage\",\"@id\":\"https:\\\/\\\/www.altominho.tv\\\/site\\\/2019\\\/04\\\/01\\\/mais-de-800-novos-empregos-criados-em-ponte-de-lima-em-2018-por-mais-de-94-empresas\\\/\",\"url\":\"https:\\\/\\\/www.altominho.tv\\\/site\\\/2019\\\/04\\\/01\\\/mais-de-800-novos-empregos-criados-em-ponte-de-lima-em-2018-por-mais-de-94-empresas\\\/\",\"name\":\"Mais de 800 novos empregos criados em Ponte de Lima em 2018 por mais de 94 empresas\",\"isPartOf\":{\"@id\":\"https:\\\/\\\/www.altominho.tv\\\/site\\\/#website\"},\"primaryImageOfPage\":{\"@id\":\"https:\\\/\\\/www.altominho.tv\\\/site\\\/2019\\\/04\\\/01\\\/mais-de-800-novos-empregos-criados-em-ponte-de-lima-em-2018-por-mais-de-94-empresas\\\/#primaryimage\"},\"image\":{\"@id\":\"https:\\\/\\\/www.altominho.tv\\\/site\\\/2019\\\/04\\\/01\\\/mais-de-800-novos-empregos-criados-em-ponte-de-lima-em-2018-por-mais-de-94-empresas\\\/#primaryimage\"},\"thumbnailUrl\":\"https:\\\/\\\/www.altominho.tv\\\/site\\\/wp-content\\\/uploads\\\/2019\\\/04\\\/pacosconcelho_pontedelima_1_1024_1000.jpg\",\"datePublished\":\"2019-04-01T16:49:35+00:00\",\"dateModified\":\"2019-04-01T16:51:45+00:00\",\"author\":{\"@id\":\"https:\\\/\\\/www.altominho.tv\\\/site\\\/#\\\/schema\\\/person\\\/d9be4265364723f14ea8e0d56a1d38cd\"},\"breadcrumb\":{\"@id\":\"https:\\\/\\\/www.altominho.tv\\\/site\\\/2019\\\/04\\\/01\\\/mais-de-800-novos-empregos-criados-em-ponte-de-lima-em-2018-por-mais-de-94-empresas\\\/#breadcrumb\"},\"inLanguage\":\"pt-PT\",\"potentialAction\":[{\"@type\":\"ReadAction\",\"target\":[\"https:\\\/\\\/www.altominho.tv\\\/site\\\/2019\\\/04\\\/01\\\/mais-de-800-novos-empregos-criados-em-ponte-de-lima-em-2018-por-mais-de-94-empresas\\\/\"]}]},{\"@type\":\"ImageObject\",\"inLanguage\":\"pt-PT\",\"@id\":\"https:\\\/\\\/www.altominho.tv\\\/site\\\/2019\\\/04\\\/01\\\/mais-de-800-novos-empregos-criados-em-ponte-de-lima-em-2018-por-mais-de-94-empresas\\\/#primaryimage\",\"url\":\"https:\\\/\\\/www.altominho.tv\\\/site\\\/wp-content\\\/uploads\\\/2019\\\/04\\\/pacosconcelho_pontedelima_1_1024_1000.jpg\",\"contentUrl\":\"https:\\\/\\\/www.altominho.tv\\\/site\\\/wp-content\\\/uploads\\\/2019\\\/04\\\/pacosconcelho_pontedelima_1_1024_1000.jpg\",\"width\":930,\"height\":620},{\"@type\":\"BreadcrumbList\",\"@id\":\"https:\\\/\\\/www.altominho.tv\\\/site\\\/2019\\\/04\\\/01\\\/mais-de-800-novos-empregos-criados-em-ponte-de-lima-em-2018-por-mais-de-94-empresas\\\/#breadcrumb\",\"itemListElement\":[{\"@type\":\"ListItem\",\"position\":1,\"name\":\"In\u00edcio\",\"item\":\"https:\\\/\\\/www.altominho.tv\\\/site\\\/\"},{\"@type\":\"ListItem\",\"position\":2,\"name\":\"Mais de 800 novos empregos criados em Ponte de Lima em 2018 por mais de 94 empresas\"}]},{\"@type\":\"WebSite\",\"@id\":\"https:\\\/\\\/www.altominho.tv\\\/site\\\/#website\",\"url\":\"https:\\\/\\\/www.altominho.tv\\\/site\\\/\",\"name\":\"Altominho.tv\",\"description\":\"A sua regi\u00e3o \u00e0 dist\u00e2ncia de um clique...\",\"potentialAction\":[{\"@type\":\"SearchAction\",\"target\":{\"@type\":\"EntryPoint\",\"urlTemplate\":\"https:\\\/\\\/www.altominho.tv\\\/site\\\/?s={search_term_string}\"},\"query-input\":{\"@type\":\"PropertyValueSpecification\",\"valueRequired\":true,\"valueName\":\"search_term_string\"}}],\"inLanguage\":\"pt-PT\"},{\"@type\":\"Person\",\"@id\":\"https:\\\/\\\/www.altominho.tv\\\/site\\\/#\\\/schema\\\/person\\\/d9be4265364723f14ea8e0d56a1d38cd\",\"name\":\"Andreia Ferreira\",\"image\":{\"@type\":\"ImageObject\",\"inLanguage\":\"pt-PT\",\"@id\":\"https:\\\/\\\/www.altominho.tv\\\/site\\\/wp-content\\\/uploads\\\/2021\\\/01\\\/AndreiaFerreira-150x150.jpg\",\"url\":\"https:\\\/\\\/www.altominho.tv\\\/site\\\/wp-content\\\/uploads\\\/2021\\\/01\\\/AndreiaFerreira-150x150.jpg\",\"contentUrl\":\"https:\\\/\\\/www.altominho.tv\\\/site\\\/wp-content\\\/uploads\\\/2021\\\/01\\\/AndreiaFerreira-150x150.jpg\",\"caption\":\"Andreia Ferreira\"},\"url\":\"https:\\\/\\\/www.altominho.tv\\\/site\\\/author\\\/andreiaferreira\\\/\"}]}<\/script>\n<!-- \/ Yoast SEO Premium plugin. -->","yoast_head_json":{"title":"Mais de 800 novos empregos criados em Ponte de Lima em 2018 por mais de 94 empresas","robots":{"index":"index","follow":"follow","max-snippet":"max-snippet:-1","max-image-preview":"max-image-preview:large","max-video-preview":"max-video-preview:-1"},"canonical":"https:\/\/www.altominho.tv\/site\/2019\/04\/01\/mais-de-800-novos-empregos-criados-em-ponte-de-lima-em-2018-por-mais-de-94-empresas\/","og_locale":"pt_PT","og_type":"article","og_title":"Mais de 800 novos empregos criados em Ponte de Lima em 2018 por mais de 94 empresas","og_description":"A C\u00e2mara de Ponte de Lima informou que os dados da Seguran\u00e7a Social de 2018 apontam para a instala\u00e7\u00e3o de mais 94 empresas e para a cria\u00e7\u00e3o de mais 830 novos empregos, relativamente ao ano anterior. O munic\u00edpio liderado por Victor Mendes acrescentou, em nota enviada esta segunda-feira \u00e0 imprensa, que a taxa de desemprego [&hellip;]","og_url":"https:\/\/www.altominho.tv\/site\/2019\/04\/01\/mais-de-800-novos-empregos-criados-em-ponte-de-lima-em-2018-por-mais-de-94-empresas\/","og_site_name":"Altominho.tv","article_publisher":"https:\/\/www.facebook.com\/altominhotv","article_published_time":"2019-04-01T16:49:35+00:00","article_modified_time":"2019-04-01T16:51:45+00:00","og_image":[{"width":930,"height":620,"url":"https:\/\/www.altominho.tv\/site\/wp-content\/uploads\/2019\/04\/pacosconcelho_pontedelima_1_1024_1000.jpg","type":"image\/jpeg"}],"author":"Andreia Ferreira","twitter_card":"summary_large_image","twitter_creator":"@altominhoTV","twitter_site":"@altominhoTV","twitter_misc":{"Escrito por":"Andreia Ferreira","Tempo estimado de leitura":"1 minuto"},"schema":{"@context":"https:\/\/schema.org","@graph":[{"@type":"Article","@id":"https:\/\/www.altominho.tv\/site\/2019\/04\/01\/mais-de-800-novos-empregos-criados-em-ponte-de-lima-em-2018-por-mais-de-94-empresas\/#article","isPartOf":{"@id":"https:\/\/www.altominho.tv\/site\/2019\/04\/01\/mais-de-800-novos-empregos-criados-em-ponte-de-lima-em-2018-por-mais-de-94-empresas\/"},"author":{"name":"Andreia Ferreira","@id":"https:\/\/www.altominho.tv\/site\/#\/schema\/person\/d9be4265364723f14ea8e0d56a1d38cd"},"headline":"Mais de 800 novos empregos criados em Ponte de Lima em 2018 por mais de 94 empresas","datePublished":"2019-04-01T16:49:35+00:00","dateModified":"2019-04-01T16:51:45+00:00","mainEntityOfPage":{"@id":"https:\/\/www.altominho.tv\/site\/2019\/04\/01\/mais-de-800-novos-empregos-criados-em-ponte-de-lima-em-2018-por-mais-de-94-empresas\/"},"wordCount":302,"image":{"@id":"https:\/\/www.altominho.tv\/site\/2019\/04\/01\/mais-de-800-novos-empregos-criados-em-ponte-de-lima-em-2018-por-mais-de-94-empresas\/#primaryimage"},"thumbnailUrl":"https:\/\/www.altominho.tv\/site\/wp-content\/uploads\/2019\/04\/pacosconcelho_pontedelima_1_1024_1000.jpg","keywords":["Economia"],"articleSection":["Ponte de Lima"],"inLanguage":"pt-PT","copyrightYear":"2019","copyrightHolder":{"@id":"https:\/\/www.altominho.tv\/site\/#organization"}},{"@type":"WebPage","@id":"https:\/\/www.altominho.tv\/site\/2019\/04\/01\/mais-de-800-novos-empregos-criados-em-ponte-de-lima-em-2018-por-mais-de-94-empresas\/","url":"https:\/\/www.altominho.tv\/site\/2019\/04\/01\/mais-de-800-novos-empregos-criados-em-ponte-de-lima-em-2018-por-mais-de-94-empresas\/","name":"Mais de 800 novos empregos criados em Ponte de Lima em 2018 por mais de 94 empresas","isPartOf":{"@id":"https:\/\/www.altominho.tv\/site\/#website"},"primaryImageOfPage":{"@id":"https:\/\/www.altominho.tv\/site\/2019\/04\/01\/mais-de-800-novos-empregos-criados-em-ponte-de-lima-em-2018-por-mais-de-94-empresas\/#primaryimage"},"image":{"@id":"https:\/\/www.altominho.tv\/site\/2019\/04\/01\/mais-de-800-novos-empregos-criados-em-ponte-de-lima-em-2018-por-mais-de-94-empresas\/#primaryimage"},"thumbnailUrl":"https:\/\/www.altominho.tv\/site\/wp-content\/uploads\/2019\/04\/pacosconcelho_pontedelima_1_1024_1000.jpg","datePublished":"2019-04-01T16:49:35+00:00","dateModified":"2019-04-01T16:51:45+00:00","author":{"@id":"https:\/\/www.altominho.tv\/site\/#\/schema\/person\/d9be4265364723f14ea8e0d56a1d38cd"},"breadcrumb":{"@id":"https:\/\/www.altominho.tv\/site\/2019\/04\/01\/mais-de-800-novos-empregos-criados-em-ponte-de-lima-em-2018-por-mais-de-94-empresas\/#breadcrumb"},"inLanguage":"pt-PT","potentialAction":[{"@type":"ReadAction","target":["https:\/\/www.altominho.tv\/site\/2019\/04\/01\/mais-de-800-novos-empregos-criados-em-ponte-de-lima-em-2018-por-mais-de-94-empresas\/"]}]},{"@type":"ImageObject","inLanguage":"pt-PT","@id":"https:\/\/www.altominho.tv\/site\/2019\/04\/01\/mais-de-800-novos-empregos-criados-em-ponte-de-lima-em-2018-por-mais-de-94-empresas\/#primaryimage","url":"https:\/\/www.altominho.tv\/site\/wp-content\/uploads\/2019\/04\/pacosconcelho_pontedelima_1_1024_1000.jpg","contentUrl":"https:\/\/www.altominho.tv\/site\/wp-content\/uploads\/2019\/04\/pacosconcelho_pontedelima_1_1024_1000.jpg","width":930,"height":620},{"@type":"BreadcrumbList","@id":"https:\/\/www.altominho.tv\/site\/2019\/04\/01\/mais-de-800-novos-empregos-criados-em-ponte-de-lima-em-2018-por-mais-de-94-empresas\/#breadcrumb","itemListElement":[{"@type":"ListItem","position":1,"name":"In\u00edcio","item":"https:\/\/www.altominho.tv\/site\/"},{"@type":"ListItem","position":2,"name":"Mais de 800 novos empregos criados em Ponte de Lima em 2018 por mais de 94 empresas"}]},{"@type":"WebSite","@id":"https:\/\/www.altominho.tv\/site\/#website","url":"https:\/\/www.altominho.tv\/site\/","name":"Altominho.tv","description":"A sua regi\u00e3o \u00e0 dist\u00e2ncia de um clique...","potentialAction":[{"@type":"SearchAction","target":{"@type":"EntryPoint","urlTemplate":"https:\/\/www.altominho.tv\/site\/?s={search_term_string}"},"query-input":{"@type":"PropertyValueSpecification","valueRequired":true,"valueName":"search_term_string"}}],"inLanguage":"pt-PT"},{"@type":"Person","@id":"https:\/\/www.altominho.tv\/site\/#\/schema\/person\/d9be4265364723f14ea8e0d56a1d38cd","name":"Andreia Ferreira","image":{"@type":"ImageObject","inLanguage":"pt-PT","@id":"https:\/\/www.altominho.tv\/site\/wp-content\/uploads\/2021\/01\/AndreiaFerreira-150x150.jpg","url":"https:\/\/www.altominho.tv\/site\/wp-content\/uploads\/2021\/01\/AndreiaFerreira-150x150.jpg","contentUrl":"https:\/\/www.altominho.tv\/site\/wp-content\/uploads\/2021\/01\/AndreiaFerreira-150x150.jpg","caption":"Andreia Ferreira"},"url":"https:\/\/www.altominho.tv\/site\/author\/andreiaferreira\/"}]}},"_links":{"self":[{"href":"https:\/\/www.altominho.tv\/site\/wp-json\/wp\/v2\/posts\/26540","targetHints":{"allow":["GET"]}}],"collection":[{"href":"https:\/\/www.altominho.tv\/site\/wp-json\/wp\/v2\/posts"}],"about":[{"href":"https:\/\/www.altominho.tv\/site\/wp-json\/wp\/v2\/types\/post"}],"author":[{"embeddable":true,"href":"https:\/\/www.altominho.tv\/site\/wp-json\/wp\/v2\/users\/12"}],"replies":[{"embeddable":true,"href":"https:\/\/www.altominho.tv\/site\/wp-json\/wp\/v2\/comments?post=26540"}],"version-history":[{"count":0,"href":"https:\/\/www.altominho.tv\/site\/wp-json\/wp\/v2\/posts\/26540\/revisions"}],"wp:featuredmedia":[{"embeddable":true,"href":"https:\/\/www.altominho.tv\/site\/wp-json\/wp\/v2\/media\/26541"}],"wp:attachment":[{"href":"https:\/\/www.altominho.tv\/site\/wp-json\/wp\/v2\/media?parent=26540"}],"wp:term":[{"taxonomy":"category","embeddable":true,"href":"https:\/\/www.altominho.tv\/site\/wp-json\/wp\/v2\/categories?post=26540"},{"taxonomy":"post_tag","embeddable":true,"href":"https:\/\/www.altominho.tv\/site\/wp-json\/wp\/v2\/tags?post=26540"}],"curies":[{"name":"wp","href":"https:\/\/api.w.org\/{rel}","templated":true}]}}