{"id":26408,"date":"2019-03-29T00:14:49","date_gmt":"2019-03-29T00:14:49","guid":{"rendered":"http:\/\/www.altominho.tv\/site\/?p=26408"},"modified":"2019-03-29T00:14:49","modified_gmt":"2019-03-29T00:14:49","slug":"psd-questiona-o-governo-sobre-falta-de-profissionais-de-saude-no-alto-minho","status":"publish","type":"post","link":"https:\/\/www.altominho.tv\/site\/2019\/03\/29\/psd-questiona-o-governo-sobre-falta-de-profissionais-de-saude-no-alto-minho\/","title":{"rendered":"PSD questiona o Governo sobre falta de profissionais de sa\u00fade no Alto Minho"},"content":{"rendered":"<h4>A deputada do PSD eleita pelo distrito de Viana do Castelo, Liliana Silva, questionou hoje o Minist\u00e9rio da Sa\u00fade sobre a falta de profissionais e financiamento em v\u00e1rias estruturas da Unidade Local de Sa\u00fade do Alto Minho (ULSAM).<\/h4>\n<p>No requerimento dirigido \u00e0 ministra Marta Temido, Liliana Silva quer saber porque motivo &#8220;as duas Unidades de Sa\u00fade Familiar (USF) do distrito de Viana do Castelo que progrediram para o Modelo B, n\u00e3o passaram a ser financiadas como tal&#8221;.<br \/>\nA deputada quer ainda saber para quando est\u00e1 prevista a contrata\u00e7\u00e3o de profissionais para fazer face \u00e0s necessidades das Unidades de Cuidados Continuados (UCC) e Unidades de Cuidados Paliativos (UCP) da regi\u00e3o. Liliana Silva pediu ainda explica\u00e7\u00f5es sobre a falta de pediatras no Hospital de Santa Luzia, em Viana do Castelo.<\/p>\n<blockquote><p>\n&#8220;O hospital tem apenas um pediatra a dar resposta, no per\u00edodo noturno, \u00e0 sala de emerg\u00eancia e \u00e0 unidade de cuidados intensivos neonatais, o que \u00e9 manifestamente insuficiente para uma popula\u00e7\u00e3o de mais de 240 mil pessoas servidas pela ULSAM&#8221;, sustenta.<\/p><\/blockquote>\n<p>A deputada social-democrata quer saber se Marta Temido tem conhecimento daquela situa\u00e7\u00e3o e, se sim, que medida est\u00e1 prevista tomar para que exista um pediatra a assegurar, no m\u00ednimo, a urg\u00eancia no per\u00edodo da noite e outro a assegurar a unidade de cuidados intensivos neonatais&#8221;.<\/p>\n<p>&#8220;A ULSAM est\u00e1 situada num territ\u00f3rio que \u00e9 caracterizado por uma dispers\u00e3o geogr\u00e1fica lata o que dificulta, principalmente, a sua gest\u00e3o. Contudo, apesar disso, n\u00e3o podemos aceitar que existam cidad\u00e3os de primeira e outros de segunda&#8221;, refor\u00e7ou.<\/p>\n<p>A ULSAM \u00e9 constitu\u00edda por dois hospitais, o de Santa Luzia, em Viana do Castelo, e o Conde de Bertiandos, em Ponte de Lima. Integra ainda 12 centros de sa\u00fade, uma unidade de sa\u00fade p\u00fablica e duas de convalescen\u00e7a e serve uma popula\u00e7\u00e3o residente superior a 244 mil pessoas, contando com 2.500 profissionais, entre os quais 501 m\u00e9dicos e 892 enfermeiros.<\/p>\n<p>Fonte: Lusa<\/p>\n","protected":false},"excerpt":{"rendered":"<p>A deputada do PSD eleita pelo distrito de Viana do Castelo, Liliana Silva, questionou hoje o Minist\u00e9rio da Sa\u00fade sobre a falta de profissionais e financiamento em v\u00e1rias estruturas da Unidade Local de Sa\u00fade do Alto Minho (ULSAM). No requerimento dirigido \u00e0 ministra Marta Temido, Liliana Silva quer saber porque motivo &#8220;as duas Unidades de [&hellip;]<\/p>\n","protected":false},"author":1,"featured_media":26409,"comment_status":"closed","ping_status":"closed","sticky":false,"template":"","format":"standard","meta":{"_exactmetrics_skip_tracking":false,"footnotes":""},"categories":[73],"tags":[27],"class_list":["post-26408","post","type-post","status-publish","format-standard","has-post-thumbnail","hentry","category-alto-minho","tag-sociedade"],"yoast_head":"<!-- This site is optimized with the Yoast SEO Premium plugin v28.3 (Yoast SEO v28.3) - https:\/\/yoast.com\/product\/yoast-seo-premium-wordpress\/ -->\n<title>PSD questiona o Governo sobre falta de profissionais de sa\u00fade no Alto Minho<\/title>\n<meta name=\"robots\" content=\"index, follow, max-snippet:-1, max-image-preview:large, max-video-preview:-1\" \/>\n<link rel=\"canonical\" href=\"https:\/\/www.altominho.tv\/site\/2019\/03\/29\/psd-questiona-o-governo-sobre-falta-de-profissionais-de-saude-no-alto-minho\/\" \/>\n<meta property=\"og:locale\" content=\"pt_PT\" \/>\n<meta property=\"og:type\" content=\"article\" \/>\n<meta property=\"og:title\" content=\"PSD questiona o Governo sobre falta de profissionais de sa\u00fade no Alto Minho\" \/>\n<meta property=\"og:description\" content=\"A deputada do PSD eleita pelo distrito de Viana do Castelo, Liliana Silva, questionou hoje o Minist\u00e9rio da Sa\u00fade sobre a falta de profissionais e financiamento em v\u00e1rias estruturas da Unidade Local de Sa\u00fade do Alto Minho (ULSAM). No requerimento dirigido \u00e0 ministra Marta Temido, Liliana Silva quer saber porque motivo &#8220;as duas Unidades de [&hellip;]\" \/>\n<meta property=\"og:url\" content=\"https:\/\/www.altominho.tv\/site\/2019\/03\/29\/psd-questiona-o-governo-sobre-falta-de-profissionais-de-saude-no-alto-minho\/\" \/>\n<meta property=\"og:site_name\" content=\"Altominho.tv\" \/>\n<meta property=\"article:publisher\" content=\"https:\/\/www.facebook.com\/altominhotv\" \/>\n<meta property=\"article:published_time\" content=\"2019-03-29T00:14:49+00:00\" \/>\n<meta property=\"og:image\" content=\"https:\/\/www.altominho.tv\/site\/wp-content\/uploads\/2019\/03\/Liliana-Silva-PSD.png\" \/>\n\t<meta property=\"og:image:width\" content=\"679\" \/>\n\t<meta property=\"og:image:height\" content=\"350\" \/>\n\t<meta property=\"og:image:type\" content=\"image\/png\" \/>\n<meta name=\"author\" content=\"Altominho.tv\" \/>\n<meta name=\"twitter:card\" content=\"summary_large_image\" \/>\n<meta name=\"twitter:creator\" content=\"@altominhoTV\" \/>\n<meta name=\"twitter:site\" content=\"@altominhoTV\" \/>\n<meta name=\"twitter:label1\" content=\"Escrito por\" \/>\n\t<meta name=\"twitter:data1\" content=\"Altominho.tv\" \/>\n\t<meta name=\"twitter:label2\" content=\"Tempo estimado de leitura\" \/>\n\t<meta name=\"twitter:data2\" content=\"2 minutos\" \/>\n<script type=\"application\/ld+json\" class=\"yoast-schema-graph\">{\"@context\":\"https:\\\/\\\/schema.org\",\"@graph\":[{\"@type\":\"Article\",\"@id\":\"https:\\\/\\\/www.altominho.tv\\\/site\\\/2019\\\/03\\\/29\\\/psd-questiona-o-governo-sobre-falta-de-profissionais-de-saude-no-alto-minho\\\/#article\",\"isPartOf\":{\"@id\":\"https:\\\/\\\/www.altominho.tv\\\/site\\\/2019\\\/03\\\/29\\\/psd-questiona-o-governo-sobre-falta-de-profissionais-de-saude-no-alto-minho\\\/\"},\"author\":{\"name\":\"Altominho.tv\",\"@id\":\"https:\\\/\\\/www.altominho.tv\\\/site\\\/#\\\/schema\\\/person\\\/4e536851627d7914baf3dac752b6af22\"},\"headline\":\"PSD questiona o Governo sobre falta de profissionais de sa\u00fade no Alto Minho\",\"datePublished\":\"2019-03-29T00:14:49+00:00\",\"mainEntityOfPage\":{\"@id\":\"https:\\\/\\\/www.altominho.tv\\\/site\\\/2019\\\/03\\\/29\\\/psd-questiona-o-governo-sobre-falta-de-profissionais-de-saude-no-alto-minho\\\/\"},\"wordCount\":346,\"image\":{\"@id\":\"https:\\\/\\\/www.altominho.tv\\\/site\\\/2019\\\/03\\\/29\\\/psd-questiona-o-governo-sobre-falta-de-profissionais-de-saude-no-alto-minho\\\/#primaryimage\"},\"thumbnailUrl\":\"https:\\\/\\\/www.altominho.tv\\\/site\\\/wp-content\\\/uploads\\\/2019\\\/03\\\/Liliana-Silva-PSD.png\",\"keywords\":[\"Sociedade\"],\"articleSection\":[\"Alto Minho\"],\"inLanguage\":\"pt-PT\",\"copyrightYear\":\"2019\",\"copyrightHolder\":{\"@id\":\"https:\\\/\\\/www.altominho.tv\\\/site\\\/#organization\"}},{\"@type\":\"WebPage\",\"@id\":\"https:\\\/\\\/www.altominho.tv\\\/site\\\/2019\\\/03\\\/29\\\/psd-questiona-o-governo-sobre-falta-de-profissionais-de-saude-no-alto-minho\\\/\",\"url\":\"https:\\\/\\\/www.altominho.tv\\\/site\\\/2019\\\/03\\\/29\\\/psd-questiona-o-governo-sobre-falta-de-profissionais-de-saude-no-alto-minho\\\/\",\"name\":\"PSD questiona o Governo sobre falta de profissionais de sa\u00fade no Alto Minho\",\"isPartOf\":{\"@id\":\"https:\\\/\\\/www.altominho.tv\\\/site\\\/#website\"},\"primaryImageOfPage\":{\"@id\":\"https:\\\/\\\/www.altominho.tv\\\/site\\\/2019\\\/03\\\/29\\\/psd-questiona-o-governo-sobre-falta-de-profissionais-de-saude-no-alto-minho\\\/#primaryimage\"},\"image\":{\"@id\":\"https:\\\/\\\/www.altominho.tv\\\/site\\\/2019\\\/03\\\/29\\\/psd-questiona-o-governo-sobre-falta-de-profissionais-de-saude-no-alto-minho\\\/#primaryimage\"},\"thumbnailUrl\":\"https:\\\/\\\/www.altominho.tv\\\/site\\\/wp-content\\\/uploads\\\/2019\\\/03\\\/Liliana-Silva-PSD.png\",\"datePublished\":\"2019-03-29T00:14:49+00:00\",\"author\":{\"@id\":\"https:\\\/\\\/www.altominho.tv\\\/site\\\/#\\\/schema\\\/person\\\/4e536851627d7914baf3dac752b6af22\"},\"breadcrumb\":{\"@id\":\"https:\\\/\\\/www.altominho.tv\\\/site\\\/2019\\\/03\\\/29\\\/psd-questiona-o-governo-sobre-falta-de-profissionais-de-saude-no-alto-minho\\\/#breadcrumb\"},\"inLanguage\":\"pt-PT\",\"potentialAction\":[{\"@type\":\"ReadAction\",\"target\":[\"https:\\\/\\\/www.altominho.tv\\\/site\\\/2019\\\/03\\\/29\\\/psd-questiona-o-governo-sobre-falta-de-profissionais-de-saude-no-alto-minho\\\/\"]}]},{\"@type\":\"ImageObject\",\"inLanguage\":\"pt-PT\",\"@id\":\"https:\\\/\\\/www.altominho.tv\\\/site\\\/2019\\\/03\\\/29\\\/psd-questiona-o-governo-sobre-falta-de-profissionais-de-saude-no-alto-minho\\\/#primaryimage\",\"url\":\"https:\\\/\\\/www.altominho.tv\\\/site\\\/wp-content\\\/uploads\\\/2019\\\/03\\\/Liliana-Silva-PSD.png\",\"contentUrl\":\"https:\\\/\\\/www.altominho.tv\\\/site\\\/wp-content\\\/uploads\\\/2019\\\/03\\\/Liliana-Silva-PSD.png\",\"width\":679,\"height\":350,\"caption\":\"AR TV\"},{\"@type\":\"BreadcrumbList\",\"@id\":\"https:\\\/\\\/www.altominho.tv\\\/site\\\/2019\\\/03\\\/29\\\/psd-questiona-o-governo-sobre-falta-de-profissionais-de-saude-no-alto-minho\\\/#breadcrumb\",\"itemListElement\":[{\"@type\":\"ListItem\",\"position\":1,\"name\":\"In\u00edcio\",\"item\":\"https:\\\/\\\/www.altominho.tv\\\/site\\\/\"},{\"@type\":\"ListItem\",\"position\":2,\"name\":\"PSD questiona o Governo sobre falta de profissionais de sa\u00fade no Alto Minho\"}]},{\"@type\":\"WebSite\",\"@id\":\"https:\\\/\\\/www.altominho.tv\\\/site\\\/#website\",\"url\":\"https:\\\/\\\/www.altominho.tv\\\/site\\\/\",\"name\":\"Altominho.tv\",\"description\":\"A sua regi\u00e3o \u00e0 dist\u00e2ncia de um clique...\",\"potentialAction\":[{\"@type\":\"SearchAction\",\"target\":{\"@type\":\"EntryPoint\",\"urlTemplate\":\"https:\\\/\\\/www.altominho.tv\\\/site\\\/?s={search_term_string}\"},\"query-input\":{\"@type\":\"PropertyValueSpecification\",\"valueRequired\":true,\"valueName\":\"search_term_string\"}}],\"inLanguage\":\"pt-PT\"},{\"@type\":\"Person\",\"@id\":\"https:\\\/\\\/www.altominho.tv\\\/site\\\/#\\\/schema\\\/person\\\/4e536851627d7914baf3dac752b6af22\",\"name\":\"Altominho.tv\",\"image\":{\"@type\":\"ImageObject\",\"inLanguage\":\"pt-PT\",\"@id\":\"https:\\\/\\\/www.altominho.tv\\\/site\\\/wp-content\\\/uploads\\\/2019\\\/11\\\/Logo_Avatar_2-150x150.jpg\",\"url\":\"https:\\\/\\\/www.altominho.tv\\\/site\\\/wp-content\\\/uploads\\\/2019\\\/11\\\/Logo_Avatar_2-150x150.jpg\",\"contentUrl\":\"https:\\\/\\\/www.altominho.tv\\\/site\\\/wp-content\\\/uploads\\\/2019\\\/11\\\/Logo_Avatar_2-150x150.jpg\",\"caption\":\"Altominho.tv\"},\"url\":\"https:\\\/\\\/www.altominho.tv\\\/site\\\/author\\\/altominhotv-tecnico\\\/\"}]}<\/script>\n<!-- \/ Yoast SEO Premium plugin. -->","yoast_head_json":{"title":"PSD questiona o Governo sobre falta de profissionais de sa\u00fade no Alto Minho","robots":{"index":"index","follow":"follow","max-snippet":"max-snippet:-1","max-image-preview":"max-image-preview:large","max-video-preview":"max-video-preview:-1"},"canonical":"https:\/\/www.altominho.tv\/site\/2019\/03\/29\/psd-questiona-o-governo-sobre-falta-de-profissionais-de-saude-no-alto-minho\/","og_locale":"pt_PT","og_type":"article","og_title":"PSD questiona o Governo sobre falta de profissionais de sa\u00fade no Alto Minho","og_description":"A deputada do PSD eleita pelo distrito de Viana do Castelo, Liliana Silva, questionou hoje o Minist\u00e9rio da Sa\u00fade sobre a falta de profissionais e financiamento em v\u00e1rias estruturas da Unidade Local de Sa\u00fade do Alto Minho (ULSAM). No requerimento dirigido \u00e0 ministra Marta Temido, Liliana Silva quer saber porque motivo &#8220;as duas Unidades de [&hellip;]","og_url":"https:\/\/www.altominho.tv\/site\/2019\/03\/29\/psd-questiona-o-governo-sobre-falta-de-profissionais-de-saude-no-alto-minho\/","og_site_name":"Altominho.tv","article_publisher":"https:\/\/www.facebook.com\/altominhotv","article_published_time":"2019-03-29T00:14:49+00:00","og_image":[{"width":679,"height":350,"url":"https:\/\/www.altominho.tv\/site\/wp-content\/uploads\/2019\/03\/Liliana-Silva-PSD.png","type":"image\/png"}],"author":"Altominho.tv","twitter_card":"summary_large_image","twitter_creator":"@altominhoTV","twitter_site":"@altominhoTV","twitter_misc":{"Escrito por":"Altominho.tv","Tempo estimado de leitura":"2 minutos"},"schema":{"@context":"https:\/\/schema.org","@graph":[{"@type":"Article","@id":"https:\/\/www.altominho.tv\/site\/2019\/03\/29\/psd-questiona-o-governo-sobre-falta-de-profissionais-de-saude-no-alto-minho\/#article","isPartOf":{"@id":"https:\/\/www.altominho.tv\/site\/2019\/03\/29\/psd-questiona-o-governo-sobre-falta-de-profissionais-de-saude-no-alto-minho\/"},"author":{"name":"Altominho.tv","@id":"https:\/\/www.altominho.tv\/site\/#\/schema\/person\/4e536851627d7914baf3dac752b6af22"},"headline":"PSD questiona o Governo sobre falta de profissionais de sa\u00fade no Alto Minho","datePublished":"2019-03-29T00:14:49+00:00","mainEntityOfPage":{"@id":"https:\/\/www.altominho.tv\/site\/2019\/03\/29\/psd-questiona-o-governo-sobre-falta-de-profissionais-de-saude-no-alto-minho\/"},"wordCount":346,"image":{"@id":"https:\/\/www.altominho.tv\/site\/2019\/03\/29\/psd-questiona-o-governo-sobre-falta-de-profissionais-de-saude-no-alto-minho\/#primaryimage"},"thumbnailUrl":"https:\/\/www.altominho.tv\/site\/wp-content\/uploads\/2019\/03\/Liliana-Silva-PSD.png","keywords":["Sociedade"],"articleSection":["Alto Minho"],"inLanguage":"pt-PT","copyrightYear":"2019","copyrightHolder":{"@id":"https:\/\/www.altominho.tv\/site\/#organization"}},{"@type":"WebPage","@id":"https:\/\/www.altominho.tv\/site\/2019\/03\/29\/psd-questiona-o-governo-sobre-falta-de-profissionais-de-saude-no-alto-minho\/","url":"https:\/\/www.altominho.tv\/site\/2019\/03\/29\/psd-questiona-o-governo-sobre-falta-de-profissionais-de-saude-no-alto-minho\/","name":"PSD questiona o Governo sobre falta de profissionais de sa\u00fade no Alto Minho","isPartOf":{"@id":"https:\/\/www.altominho.tv\/site\/#website"},"primaryImageOfPage":{"@id":"https:\/\/www.altominho.tv\/site\/2019\/03\/29\/psd-questiona-o-governo-sobre-falta-de-profissionais-de-saude-no-alto-minho\/#primaryimage"},"image":{"@id":"https:\/\/www.altominho.tv\/site\/2019\/03\/29\/psd-questiona-o-governo-sobre-falta-de-profissionais-de-saude-no-alto-minho\/#primaryimage"},"thumbnailUrl":"https:\/\/www.altominho.tv\/site\/wp-content\/uploads\/2019\/03\/Liliana-Silva-PSD.png","datePublished":"2019-03-29T00:14:49+00:00","author":{"@id":"https:\/\/www.altominho.tv\/site\/#\/schema\/person\/4e536851627d7914baf3dac752b6af22"},"breadcrumb":{"@id":"https:\/\/www.altominho.tv\/site\/2019\/03\/29\/psd-questiona-o-governo-sobre-falta-de-profissionais-de-saude-no-alto-minho\/#breadcrumb"},"inLanguage":"pt-PT","potentialAction":[{"@type":"ReadAction","target":["https:\/\/www.altominho.tv\/site\/2019\/03\/29\/psd-questiona-o-governo-sobre-falta-de-profissionais-de-saude-no-alto-minho\/"]}]},{"@type":"ImageObject","inLanguage":"pt-PT","@id":"https:\/\/www.altominho.tv\/site\/2019\/03\/29\/psd-questiona-o-governo-sobre-falta-de-profissionais-de-saude-no-alto-minho\/#primaryimage","url":"https:\/\/www.altominho.tv\/site\/wp-content\/uploads\/2019\/03\/Liliana-Silva-PSD.png","contentUrl":"https:\/\/www.altominho.tv\/site\/wp-content\/uploads\/2019\/03\/Liliana-Silva-PSD.png","width":679,"height":350,"caption":"AR TV"},{"@type":"BreadcrumbList","@id":"https:\/\/www.altominho.tv\/site\/2019\/03\/29\/psd-questiona-o-governo-sobre-falta-de-profissionais-de-saude-no-alto-minho\/#breadcrumb","itemListElement":[{"@type":"ListItem","position":1,"name":"In\u00edcio","item":"https:\/\/www.altominho.tv\/site\/"},{"@type":"ListItem","position":2,"name":"PSD questiona o Governo sobre falta de profissionais de sa\u00fade no Alto Minho"}]},{"@type":"WebSite","@id":"https:\/\/www.altominho.tv\/site\/#website","url":"https:\/\/www.altominho.tv\/site\/","name":"Altominho.tv","description":"A sua regi\u00e3o \u00e0 dist\u00e2ncia de um clique...","potentialAction":[{"@type":"SearchAction","target":{"@type":"EntryPoint","urlTemplate":"https:\/\/www.altominho.tv\/site\/?s={search_term_string}"},"query-input":{"@type":"PropertyValueSpecification","valueRequired":true,"valueName":"search_term_string"}}],"inLanguage":"pt-PT"},{"@type":"Person","@id":"https:\/\/www.altominho.tv\/site\/#\/schema\/person\/4e536851627d7914baf3dac752b6af22","name":"Altominho.tv","image":{"@type":"ImageObject","inLanguage":"pt-PT","@id":"https:\/\/www.altominho.tv\/site\/wp-content\/uploads\/2019\/11\/Logo_Avatar_2-150x150.jpg","url":"https:\/\/www.altominho.tv\/site\/wp-content\/uploads\/2019\/11\/Logo_Avatar_2-150x150.jpg","contentUrl":"https:\/\/www.altominho.tv\/site\/wp-content\/uploads\/2019\/11\/Logo_Avatar_2-150x150.jpg","caption":"Altominho.tv"},"url":"https:\/\/www.altominho.tv\/site\/author\/altominhotv-tecnico\/"}]}},"_links":{"self":[{"href":"https:\/\/www.altominho.tv\/site\/wp-json\/wp\/v2\/posts\/26408","targetHints":{"allow":["GET"]}}],"collection":[{"href":"https:\/\/www.altominho.tv\/site\/wp-json\/wp\/v2\/posts"}],"about":[{"href":"https:\/\/www.altominho.tv\/site\/wp-json\/wp\/v2\/types\/post"}],"author":[{"embeddable":true,"href":"https:\/\/www.altominho.tv\/site\/wp-json\/wp\/v2\/users\/1"}],"replies":[{"embeddable":true,"href":"https:\/\/www.altominho.tv\/site\/wp-json\/wp\/v2\/comments?post=26408"}],"version-history":[{"count":0,"href":"https:\/\/www.altominho.tv\/site\/wp-json\/wp\/v2\/posts\/26408\/revisions"}],"wp:featuredmedia":[{"embeddable":true,"href":"https:\/\/www.altominho.tv\/site\/wp-json\/wp\/v2\/media\/26409"}],"wp:attachment":[{"href":"https:\/\/www.altominho.tv\/site\/wp-json\/wp\/v2\/media?parent=26408"}],"wp:term":[{"taxonomy":"category","embeddable":true,"href":"https:\/\/www.altominho.tv\/site\/wp-json\/wp\/v2\/categories?post=26408"},{"taxonomy":"post_tag","embeddable":true,"href":"https:\/\/www.altominho.tv\/site\/wp-json\/wp\/v2\/tags?post=26408"}],"curies":[{"name":"wp","href":"https:\/\/api.w.org\/{rel}","templated":true}]}}