{"id":26373,"date":"2019-03-28T16:10:15","date_gmt":"2019-03-28T16:10:15","guid":{"rendered":"http:\/\/www.altominho.tv\/site\/?p=26373"},"modified":"2019-03-28T16:10:15","modified_gmt":"2019-03-28T16:10:15","slug":"cim-alto-minho-debate-sobre-politicas-de-agricultura-e-desenvolvimento-rural","status":"publish","type":"post","link":"https:\/\/www.altominho.tv\/site\/2019\/03\/28\/cim-alto-minho-debate-sobre-politicas-de-agricultura-e-desenvolvimento-rural\/","title":{"rendered":"CIM Alto Minho debate sobre &#8220;Pol\u00edticas de Agricultura e Desenvolvimento Rural&#8221;"},"content":{"rendered":"<p style=\"font-weight: 400\">\u201cPol\u00edticas de Agricultura e Desenvolvimento Rural\u201d \u00e9 o tema\u00a0da quarta confer\u00eancia que a Comunidade Intermunicipal do Alto Minho (CIM Alto Minho) promove no pr\u00f3ximo dia 2 de abril, em Ponte de Lima, no \u00e2mbito do Ciclo de Confer\u00eancias \u201cAlto Minho 2030: Balan\u00e7o 2014-2020, Perspetivas &amp; Propostas de A\u00e7\u00e3o\u201d, que decorre durante este ano em cada um dos dez concelhos do Alto Minho.<\/p>\n<p>O objetivo \u00e9 consensualizar uma vis\u00e3o coletiva sobre as prioridades de desenvolvimento e as principais iniciativas e projetos a concretizar neste espa\u00e7o regional no horizonte 2030.<\/p>\n<p style=\"font-weight: 400\">A iniciativa ter\u00e1 lugar no edif\u00edcio Villa Moraes, em Ponte de Lima, a partir das 17h15.<\/p>\n<p style=\"font-weight: 400\">O programa da confer\u00eancia inclui as interven\u00e7\u00f5es de Bruno Dimas, subdiretor geral do Gabinete de Planeamento, Pol\u00edticas e Administra\u00e7\u00e3o Geral (GPP); de Ana Soeiro, diretora executiva da Associa\u00e7\u00e3o Qualifica\/ oriGIn Portugal; de Ana Paula Xavier, representante da Federa\u00e7\u00e3o \u201cMinha Terra\u201d; de Adelaide In\u00e1cio, diretora de servi\u00e7os de investimento da Dire\u00e7\u00e3o Regional de Agricultura e Pescas do Norte (DRAP Norte), de representantes da Comiss\u00e3o de Viticultura da Regi\u00e3o dos Vinhos Verdes (CVRVV) e da CIM Alto Minho,\u00a0contando com a modera\u00e7\u00e3o de Carlos Duarte, dirigente do\u00a0Instituto\u00a0para o\u00a0Desenvolvimento\u00a0Agr\u00e1rio da\u00a0Regi\u00e3o Norte (IDARN).<\/p>\n<p style=\"font-weight: 400\">O presidente da C\u00e2mara Municipal de Ponte de Lima, Victor Mendes, far\u00e1 a sess\u00e3o de abertura, e o presidente da CIM Alto Minho, Jos\u00e9 Maria Costa, e a diretora regional da Dire\u00e7\u00e3o Regional de Agricultura e Pescas do Norte, Carla Alves Pereira, v\u00e3o presidir \u00e0 sess\u00e3o de encerramento.<\/p>\n","protected":false},"excerpt":{"rendered":"<p>\u201cPol\u00edticas de Agricultura e Desenvolvimento Rural\u201d \u00e9 o tema\u00a0da quarta confer\u00eancia que a Comunidade Intermunicipal do Alto Minho (CIM Alto Minho) promove no pr\u00f3ximo dia 2 de abril, em Ponte de Lima, no \u00e2mbito do Ciclo de Confer\u00eancias \u201cAlto Minho 2030: Balan\u00e7o 2014-2020, Perspetivas &amp; Propostas de A\u00e7\u00e3o\u201d, que decorre durante este ano em cada [&hellip;]<\/p>\n","protected":false},"author":12,"featured_media":26374,"comment_status":"closed","ping_status":"closed","sticky":false,"template":"","format":"standard","meta":{"_exactmetrics_skip_tracking":false,"_exactmetrics_sitenote_active":false,"_exactmetrics_sitenote_note":"","_exactmetrics_sitenote_category":0,"footnotes":""},"categories":[12],"tags":[27],"class_list":["post-26373","post","type-post","status-publish","format-standard","has-post-thumbnail","hentry","category-ponte-de-lima","tag-sociedade"],"yoast_head":"<!-- This site is optimized with the Yoast SEO Premium plugin v27.5 (Yoast SEO v27.5) - https:\/\/yoast.com\/product\/yoast-seo-premium-wordpress\/ -->\n<title>CIM Alto Minho debate sobre &quot;Pol\u00edticas de Agricultura e Desenvolvimento Rural&quot;<\/title>\n<meta name=\"robots\" content=\"index, follow, max-snippet:-1, max-image-preview:large, max-video-preview:-1\" \/>\n<link rel=\"canonical\" href=\"https:\/\/www.altominho.tv\/site\/2019\/03\/28\/cim-alto-minho-debate-sobre-politicas-de-agricultura-e-desenvolvimento-rural\/\" \/>\n<meta property=\"og:locale\" content=\"pt_PT\" \/>\n<meta property=\"og:type\" content=\"article\" \/>\n<meta property=\"og:title\" content=\"CIM Alto Minho debate sobre &quot;Pol\u00edticas de Agricultura e Desenvolvimento Rural&quot;\" \/>\n<meta property=\"og:description\" content=\"\u201cPol\u00edticas de Agricultura e Desenvolvimento Rural\u201d \u00e9 o tema\u00a0da quarta confer\u00eancia que a Comunidade Intermunicipal do Alto Minho (CIM Alto Minho) promove no pr\u00f3ximo dia 2 de abril, em Ponte de Lima, no \u00e2mbito do Ciclo de Confer\u00eancias \u201cAlto Minho 2030: Balan\u00e7o 2014-2020, Perspetivas &amp; Propostas de A\u00e7\u00e3o\u201d, que decorre durante este ano em cada [&hellip;]\" \/>\n<meta property=\"og:url\" content=\"https:\/\/www.altominho.tv\/site\/2019\/03\/28\/cim-alto-minho-debate-sobre-politicas-de-agricultura-e-desenvolvimento-rural\/\" \/>\n<meta property=\"og:site_name\" content=\"Altominho.tv\" \/>\n<meta property=\"article:publisher\" content=\"https:\/\/www.facebook.com\/altominhotv\" \/>\n<meta property=\"article:published_time\" content=\"2019-03-28T16:10:15+00:00\" \/>\n<meta property=\"og:image\" content=\"https:\/\/www.altominho.tv\/site\/wp-content\/uploads\/2019\/03\/2014-03-23-14.21.54.jpg\" \/>\n\t<meta property=\"og:image:width\" content=\"750\" \/>\n\t<meta property=\"og:image:height\" content=\"408\" \/>\n\t<meta property=\"og:image:type\" content=\"image\/jpeg\" \/>\n<meta name=\"author\" content=\"Andreia Ferreira\" \/>\n<meta name=\"twitter:card\" content=\"summary_large_image\" \/>\n<meta name=\"twitter:creator\" content=\"@altominhoTV\" \/>\n<meta name=\"twitter:site\" content=\"@altominhoTV\" \/>\n<meta name=\"twitter:label1\" content=\"Escrito por\" \/>\n\t<meta name=\"twitter:data1\" content=\"Andreia Ferreira\" \/>\n\t<meta name=\"twitter:label2\" content=\"Tempo estimado de leitura\" \/>\n\t<meta name=\"twitter:data2\" content=\"1 minuto\" \/>\n<script type=\"application\/ld+json\" class=\"yoast-schema-graph\">{\"@context\":\"https:\\\/\\\/schema.org\",\"@graph\":[{\"@type\":\"Article\",\"@id\":\"https:\\\/\\\/www.altominho.tv\\\/site\\\/2019\\\/03\\\/28\\\/cim-alto-minho-debate-sobre-politicas-de-agricultura-e-desenvolvimento-rural\\\/#article\",\"isPartOf\":{\"@id\":\"https:\\\/\\\/www.altominho.tv\\\/site\\\/2019\\\/03\\\/28\\\/cim-alto-minho-debate-sobre-politicas-de-agricultura-e-desenvolvimento-rural\\\/\"},\"author\":{\"name\":\"Andreia Ferreira\",\"@id\":\"https:\\\/\\\/www.altominho.tv\\\/site\\\/#\\\/schema\\\/person\\\/d9be4265364723f14ea8e0d56a1d38cd\"},\"headline\":\"CIM Alto Minho debate sobre &#8220;Pol\u00edticas de Agricultura e Desenvolvimento Rural&#8221;\",\"datePublished\":\"2019-03-28T16:10:15+00:00\",\"mainEntityOfPage\":{\"@id\":\"https:\\\/\\\/www.altominho.tv\\\/site\\\/2019\\\/03\\\/28\\\/cim-alto-minho-debate-sobre-politicas-de-agricultura-e-desenvolvimento-rural\\\/\"},\"wordCount\":281,\"image\":{\"@id\":\"https:\\\/\\\/www.altominho.tv\\\/site\\\/2019\\\/03\\\/28\\\/cim-alto-minho-debate-sobre-politicas-de-agricultura-e-desenvolvimento-rural\\\/#primaryimage\"},\"thumbnailUrl\":\"https:\\\/\\\/www.altominho.tv\\\/site\\\/wp-content\\\/uploads\\\/2019\\\/03\\\/2014-03-23-14.21.54.jpg\",\"keywords\":[\"Sociedade\"],\"articleSection\":[\"Ponte de Lima\"],\"inLanguage\":\"pt-PT\",\"copyrightYear\":\"2019\",\"copyrightHolder\":{\"@id\":\"https:\\\/\\\/www.altominho.tv\\\/site\\\/#organization\"}},{\"@type\":\"WebPage\",\"@id\":\"https:\\\/\\\/www.altominho.tv\\\/site\\\/2019\\\/03\\\/28\\\/cim-alto-minho-debate-sobre-politicas-de-agricultura-e-desenvolvimento-rural\\\/\",\"url\":\"https:\\\/\\\/www.altominho.tv\\\/site\\\/2019\\\/03\\\/28\\\/cim-alto-minho-debate-sobre-politicas-de-agricultura-e-desenvolvimento-rural\\\/\",\"name\":\"CIM Alto Minho debate sobre \\\"Pol\u00edticas de Agricultura e Desenvolvimento Rural\\\"\",\"isPartOf\":{\"@id\":\"https:\\\/\\\/www.altominho.tv\\\/site\\\/#website\"},\"primaryImageOfPage\":{\"@id\":\"https:\\\/\\\/www.altominho.tv\\\/site\\\/2019\\\/03\\\/28\\\/cim-alto-minho-debate-sobre-politicas-de-agricultura-e-desenvolvimento-rural\\\/#primaryimage\"},\"image\":{\"@id\":\"https:\\\/\\\/www.altominho.tv\\\/site\\\/2019\\\/03\\\/28\\\/cim-alto-minho-debate-sobre-politicas-de-agricultura-e-desenvolvimento-rural\\\/#primaryimage\"},\"thumbnailUrl\":\"https:\\\/\\\/www.altominho.tv\\\/site\\\/wp-content\\\/uploads\\\/2019\\\/03\\\/2014-03-23-14.21.54.jpg\",\"datePublished\":\"2019-03-28T16:10:15+00:00\",\"author\":{\"@id\":\"https:\\\/\\\/www.altominho.tv\\\/site\\\/#\\\/schema\\\/person\\\/d9be4265364723f14ea8e0d56a1d38cd\"},\"breadcrumb\":{\"@id\":\"https:\\\/\\\/www.altominho.tv\\\/site\\\/2019\\\/03\\\/28\\\/cim-alto-minho-debate-sobre-politicas-de-agricultura-e-desenvolvimento-rural\\\/#breadcrumb\"},\"inLanguage\":\"pt-PT\",\"potentialAction\":[{\"@type\":\"ReadAction\",\"target\":[\"https:\\\/\\\/www.altominho.tv\\\/site\\\/2019\\\/03\\\/28\\\/cim-alto-minho-debate-sobre-politicas-de-agricultura-e-desenvolvimento-rural\\\/\"]}]},{\"@type\":\"ImageObject\",\"inLanguage\":\"pt-PT\",\"@id\":\"https:\\\/\\\/www.altominho.tv\\\/site\\\/2019\\\/03\\\/28\\\/cim-alto-minho-debate-sobre-politicas-de-agricultura-e-desenvolvimento-rural\\\/#primaryimage\",\"url\":\"https:\\\/\\\/www.altominho.tv\\\/site\\\/wp-content\\\/uploads\\\/2019\\\/03\\\/2014-03-23-14.21.54.jpg\",\"contentUrl\":\"https:\\\/\\\/www.altominho.tv\\\/site\\\/wp-content\\\/uploads\\\/2019\\\/03\\\/2014-03-23-14.21.54.jpg\",\"width\":750,\"height\":408},{\"@type\":\"BreadcrumbList\",\"@id\":\"https:\\\/\\\/www.altominho.tv\\\/site\\\/2019\\\/03\\\/28\\\/cim-alto-minho-debate-sobre-politicas-de-agricultura-e-desenvolvimento-rural\\\/#breadcrumb\",\"itemListElement\":[{\"@type\":\"ListItem\",\"position\":1,\"name\":\"In\u00edcio\",\"item\":\"https:\\\/\\\/www.altominho.tv\\\/site\\\/\"},{\"@type\":\"ListItem\",\"position\":2,\"name\":\"CIM Alto Minho debate sobre &#8220;Pol\u00edticas de Agricultura e Desenvolvimento Rural&#8221;\"}]},{\"@type\":\"WebSite\",\"@id\":\"https:\\\/\\\/www.altominho.tv\\\/site\\\/#website\",\"url\":\"https:\\\/\\\/www.altominho.tv\\\/site\\\/\",\"name\":\"Altominho.tv\",\"description\":\"A sua regi\u00e3o \u00e0 dist\u00e2ncia de um clique...\",\"potentialAction\":[{\"@type\":\"SearchAction\",\"target\":{\"@type\":\"EntryPoint\",\"urlTemplate\":\"https:\\\/\\\/www.altominho.tv\\\/site\\\/?s={search_term_string}\"},\"query-input\":{\"@type\":\"PropertyValueSpecification\",\"valueRequired\":true,\"valueName\":\"search_term_string\"}}],\"inLanguage\":\"pt-PT\"},{\"@type\":\"Person\",\"@id\":\"https:\\\/\\\/www.altominho.tv\\\/site\\\/#\\\/schema\\\/person\\\/d9be4265364723f14ea8e0d56a1d38cd\",\"name\":\"Andreia Ferreira\",\"image\":{\"@type\":\"ImageObject\",\"inLanguage\":\"pt-PT\",\"@id\":\"https:\\\/\\\/www.altominho.tv\\\/site\\\/wp-content\\\/uploads\\\/2021\\\/01\\\/AndreiaFerreira-150x150.jpg\",\"url\":\"https:\\\/\\\/www.altominho.tv\\\/site\\\/wp-content\\\/uploads\\\/2021\\\/01\\\/AndreiaFerreira-150x150.jpg\",\"contentUrl\":\"https:\\\/\\\/www.altominho.tv\\\/site\\\/wp-content\\\/uploads\\\/2021\\\/01\\\/AndreiaFerreira-150x150.jpg\",\"caption\":\"Andreia Ferreira\"},\"url\":\"https:\\\/\\\/www.altominho.tv\\\/site\\\/author\\\/andreiaferreira\\\/\"}]}<\/script>\n<!-- \/ Yoast SEO Premium plugin. -->","yoast_head_json":{"title":"CIM Alto Minho debate sobre \"Pol\u00edticas de Agricultura e Desenvolvimento Rural\"","robots":{"index":"index","follow":"follow","max-snippet":"max-snippet:-1","max-image-preview":"max-image-preview:large","max-video-preview":"max-video-preview:-1"},"canonical":"https:\/\/www.altominho.tv\/site\/2019\/03\/28\/cim-alto-minho-debate-sobre-politicas-de-agricultura-e-desenvolvimento-rural\/","og_locale":"pt_PT","og_type":"article","og_title":"CIM Alto Minho debate sobre \"Pol\u00edticas de Agricultura e Desenvolvimento Rural\"","og_description":"\u201cPol\u00edticas de Agricultura e Desenvolvimento Rural\u201d \u00e9 o tema\u00a0da quarta confer\u00eancia que a Comunidade Intermunicipal do Alto Minho (CIM Alto Minho) promove no pr\u00f3ximo dia 2 de abril, em Ponte de Lima, no \u00e2mbito do Ciclo de Confer\u00eancias \u201cAlto Minho 2030: Balan\u00e7o 2014-2020, Perspetivas &amp; Propostas de A\u00e7\u00e3o\u201d, que decorre durante este ano em cada [&hellip;]","og_url":"https:\/\/www.altominho.tv\/site\/2019\/03\/28\/cim-alto-minho-debate-sobre-politicas-de-agricultura-e-desenvolvimento-rural\/","og_site_name":"Altominho.tv","article_publisher":"https:\/\/www.facebook.com\/altominhotv","article_published_time":"2019-03-28T16:10:15+00:00","og_image":[{"width":750,"height":408,"url":"https:\/\/www.altominho.tv\/site\/wp-content\/uploads\/2019\/03\/2014-03-23-14.21.54.jpg","type":"image\/jpeg"}],"author":"Andreia Ferreira","twitter_card":"summary_large_image","twitter_creator":"@altominhoTV","twitter_site":"@altominhoTV","twitter_misc":{"Escrito por":"Andreia Ferreira","Tempo estimado de leitura":"1 minuto"},"schema":{"@context":"https:\/\/schema.org","@graph":[{"@type":"Article","@id":"https:\/\/www.altominho.tv\/site\/2019\/03\/28\/cim-alto-minho-debate-sobre-politicas-de-agricultura-e-desenvolvimento-rural\/#article","isPartOf":{"@id":"https:\/\/www.altominho.tv\/site\/2019\/03\/28\/cim-alto-minho-debate-sobre-politicas-de-agricultura-e-desenvolvimento-rural\/"},"author":{"name":"Andreia Ferreira","@id":"https:\/\/www.altominho.tv\/site\/#\/schema\/person\/d9be4265364723f14ea8e0d56a1d38cd"},"headline":"CIM Alto Minho debate sobre &#8220;Pol\u00edticas de Agricultura e Desenvolvimento Rural&#8221;","datePublished":"2019-03-28T16:10:15+00:00","mainEntityOfPage":{"@id":"https:\/\/www.altominho.tv\/site\/2019\/03\/28\/cim-alto-minho-debate-sobre-politicas-de-agricultura-e-desenvolvimento-rural\/"},"wordCount":281,"image":{"@id":"https:\/\/www.altominho.tv\/site\/2019\/03\/28\/cim-alto-minho-debate-sobre-politicas-de-agricultura-e-desenvolvimento-rural\/#primaryimage"},"thumbnailUrl":"https:\/\/www.altominho.tv\/site\/wp-content\/uploads\/2019\/03\/2014-03-23-14.21.54.jpg","keywords":["Sociedade"],"articleSection":["Ponte de Lima"],"inLanguage":"pt-PT","copyrightYear":"2019","copyrightHolder":{"@id":"https:\/\/www.altominho.tv\/site\/#organization"}},{"@type":"WebPage","@id":"https:\/\/www.altominho.tv\/site\/2019\/03\/28\/cim-alto-minho-debate-sobre-politicas-de-agricultura-e-desenvolvimento-rural\/","url":"https:\/\/www.altominho.tv\/site\/2019\/03\/28\/cim-alto-minho-debate-sobre-politicas-de-agricultura-e-desenvolvimento-rural\/","name":"CIM Alto Minho debate sobre \"Pol\u00edticas de Agricultura e Desenvolvimento Rural\"","isPartOf":{"@id":"https:\/\/www.altominho.tv\/site\/#website"},"primaryImageOfPage":{"@id":"https:\/\/www.altominho.tv\/site\/2019\/03\/28\/cim-alto-minho-debate-sobre-politicas-de-agricultura-e-desenvolvimento-rural\/#primaryimage"},"image":{"@id":"https:\/\/www.altominho.tv\/site\/2019\/03\/28\/cim-alto-minho-debate-sobre-politicas-de-agricultura-e-desenvolvimento-rural\/#primaryimage"},"thumbnailUrl":"https:\/\/www.altominho.tv\/site\/wp-content\/uploads\/2019\/03\/2014-03-23-14.21.54.jpg","datePublished":"2019-03-28T16:10:15+00:00","author":{"@id":"https:\/\/www.altominho.tv\/site\/#\/schema\/person\/d9be4265364723f14ea8e0d56a1d38cd"},"breadcrumb":{"@id":"https:\/\/www.altominho.tv\/site\/2019\/03\/28\/cim-alto-minho-debate-sobre-politicas-de-agricultura-e-desenvolvimento-rural\/#breadcrumb"},"inLanguage":"pt-PT","potentialAction":[{"@type":"ReadAction","target":["https:\/\/www.altominho.tv\/site\/2019\/03\/28\/cim-alto-minho-debate-sobre-politicas-de-agricultura-e-desenvolvimento-rural\/"]}]},{"@type":"ImageObject","inLanguage":"pt-PT","@id":"https:\/\/www.altominho.tv\/site\/2019\/03\/28\/cim-alto-minho-debate-sobre-politicas-de-agricultura-e-desenvolvimento-rural\/#primaryimage","url":"https:\/\/www.altominho.tv\/site\/wp-content\/uploads\/2019\/03\/2014-03-23-14.21.54.jpg","contentUrl":"https:\/\/www.altominho.tv\/site\/wp-content\/uploads\/2019\/03\/2014-03-23-14.21.54.jpg","width":750,"height":408},{"@type":"BreadcrumbList","@id":"https:\/\/www.altominho.tv\/site\/2019\/03\/28\/cim-alto-minho-debate-sobre-politicas-de-agricultura-e-desenvolvimento-rural\/#breadcrumb","itemListElement":[{"@type":"ListItem","position":1,"name":"In\u00edcio","item":"https:\/\/www.altominho.tv\/site\/"},{"@type":"ListItem","position":2,"name":"CIM Alto Minho debate sobre &#8220;Pol\u00edticas de Agricultura e Desenvolvimento Rural&#8221;"}]},{"@type":"WebSite","@id":"https:\/\/www.altominho.tv\/site\/#website","url":"https:\/\/www.altominho.tv\/site\/","name":"Altominho.tv","description":"A sua regi\u00e3o \u00e0 dist\u00e2ncia de um clique...","potentialAction":[{"@type":"SearchAction","target":{"@type":"EntryPoint","urlTemplate":"https:\/\/www.altominho.tv\/site\/?s={search_term_string}"},"query-input":{"@type":"PropertyValueSpecification","valueRequired":true,"valueName":"search_term_string"}}],"inLanguage":"pt-PT"},{"@type":"Person","@id":"https:\/\/www.altominho.tv\/site\/#\/schema\/person\/d9be4265364723f14ea8e0d56a1d38cd","name":"Andreia Ferreira","image":{"@type":"ImageObject","inLanguage":"pt-PT","@id":"https:\/\/www.altominho.tv\/site\/wp-content\/uploads\/2021\/01\/AndreiaFerreira-150x150.jpg","url":"https:\/\/www.altominho.tv\/site\/wp-content\/uploads\/2021\/01\/AndreiaFerreira-150x150.jpg","contentUrl":"https:\/\/www.altominho.tv\/site\/wp-content\/uploads\/2021\/01\/AndreiaFerreira-150x150.jpg","caption":"Andreia Ferreira"},"url":"https:\/\/www.altominho.tv\/site\/author\/andreiaferreira\/"}]}},"_links":{"self":[{"href":"https:\/\/www.altominho.tv\/site\/wp-json\/wp\/v2\/posts\/26373","targetHints":{"allow":["GET"]}}],"collection":[{"href":"https:\/\/www.altominho.tv\/site\/wp-json\/wp\/v2\/posts"}],"about":[{"href":"https:\/\/www.altominho.tv\/site\/wp-json\/wp\/v2\/types\/post"}],"author":[{"embeddable":true,"href":"https:\/\/www.altominho.tv\/site\/wp-json\/wp\/v2\/users\/12"}],"replies":[{"embeddable":true,"href":"https:\/\/www.altominho.tv\/site\/wp-json\/wp\/v2\/comments?post=26373"}],"version-history":[{"count":0,"href":"https:\/\/www.altominho.tv\/site\/wp-json\/wp\/v2\/posts\/26373\/revisions"}],"wp:featuredmedia":[{"embeddable":true,"href":"https:\/\/www.altominho.tv\/site\/wp-json\/wp\/v2\/media\/26374"}],"wp:attachment":[{"href":"https:\/\/www.altominho.tv\/site\/wp-json\/wp\/v2\/media?parent=26373"}],"wp:term":[{"taxonomy":"category","embeddable":true,"href":"https:\/\/www.altominho.tv\/site\/wp-json\/wp\/v2\/categories?post=26373"},{"taxonomy":"post_tag","embeddable":true,"href":"https:\/\/www.altominho.tv\/site\/wp-json\/wp\/v2\/tags?post=26373"}],"curies":[{"name":"wp","href":"https:\/\/api.w.org\/{rel}","templated":true}]}}