{"id":26272,"date":"2019-03-27T12:00:25","date_gmt":"2019-03-27T12:00:25","guid":{"rendered":"http:\/\/www.altominho.tv\/site\/?p=26272"},"modified":"2019-03-27T12:00:25","modified_gmt":"2019-03-27T12:00:25","slug":"concurso-janelas-varandas-e-montras-floridas-regressa-a-vila-praia-de-ancora","status":"publish","type":"post","link":"https:\/\/www.altominho.tv\/site\/2019\/03\/27\/concurso-janelas-varandas-e-montras-floridas-regressa-a-vila-praia-de-ancora\/","title":{"rendered":"Concurso \u201cJanelas, Varandas e Montras Floridas\u201d regressa a Vila Praia de \u00c2ncora"},"content":{"rendered":"<p>A C\u00e2mara de Caminha anunciou que j\u00e1 est\u00e3o a decorrer as inscri\u00e7\u00f5es para o concurso \u201cJanelas, Varandas e Montras Floridas\u201d, integrado na iniciativa Vila Praia em Flor.<\/p>\n<p>Segundo a autarquia, este concurso &#8220;visa embelezar as ruas durante o evento, incentivar a descoberta e o gosto pelos espa\u00e7os verdes e pela natureza e reavivar a tradi\u00e7\u00e3o portuguesa de florear as janelas e as varandas&#8221;.\u00a0O objetivo \u00e9 &#8220;transformar Vila Praia de \u00c2ncora num imenso jardim de flores&#8221;.<\/p>\n<p>O concurso de ornamenta\u00e7\u00e3o com plantas e flores nas janelas, varandas e montras dos edif\u00edcios das ruas de Vila Praia de \u00c2ncora dirige-se a\u00a0todos os moradores e estabelecimentos comerciais da freguesia, a t\u00edtulo individual ou coletivo (condom\u00ednios), e a todas as entidades p\u00fablicas ou privadas que possuam ou ocupem im\u00f3veis nas ruas.<\/p>\n<p>\u2018Janela florida\u2019, \u2018varanda florida\u2019 e \u2018montra florida\u2019 s\u00e3o as tr\u00eas categorias do concurso. Cada concorrente pode participar em mais do que uma categoria, sem restri\u00e7\u00e3o de n\u00famero de janelas, varandas ou montras floridas, que t\u00eam de ser vis\u00edveis da via p\u00fablica de 15 de abril a 5 de maio, e as plantas e\/ou flores t\u00eam de ser naturais.<\/p>\n<p>Em todas as categorias, o primeiro lugar corresponde a dois passes de tr\u00eas dias para a pr\u00f3xima edi\u00e7\u00e3o do festival de Vilar de Mouros; o segundo pr\u00e9mio \u00e9 um passe de tr\u00eas dias para o festival e o terceiro \u00e9 um bilhete di\u00e1rio para o festival.<\/p>\n<p>As inscri\u00e7\u00f5es s\u00e3o gratuitas e terminam no dia 6 de abril.<\/p>\n<p>O concurso \u201cJanelas, Varandas e Montras Floridas\u201d \u00e9 uma iniciativa integrada no evento Vila Praia em Flor, promovido pelo munic\u00edpio de Caminha, freguesia de Vila Praia de \u00c2ncora e Grupo dos Amigos das Maias, que este ano regressa a Vila Praia de \u00c2ncora de 30 de abril a 5 de maio.<\/p>\n","protected":false},"excerpt":{"rendered":"<p>A C\u00e2mara de Caminha anunciou que j\u00e1 est\u00e3o a decorrer as inscri\u00e7\u00f5es para o concurso \u201cJanelas, Varandas e Montras Floridas\u201d, integrado na iniciativa Vila Praia em Flor. Segundo a autarquia, este concurso &#8220;visa embelezar as ruas durante o evento, incentivar a descoberta e o gosto pelos espa\u00e7os verdes e pela natureza e reavivar a tradi\u00e7\u00e3o [&hellip;]<\/p>\n","protected":false},"author":12,"featured_media":26274,"comment_status":"closed","ping_status":"closed","sticky":false,"template":"","format":"standard","meta":{"_exactmetrics_skip_tracking":false,"_exactmetrics_sitenote_active":false,"_exactmetrics_sitenote_note":"","_exactmetrics_sitenote_category":0,"footnotes":""},"categories":[7],"tags":[27],"class_list":["post-26272","post","type-post","status-publish","format-standard","has-post-thumbnail","hentry","category-caminha","tag-sociedade"],"yoast_head":"<!-- This site is optimized with the Yoast SEO Premium plugin v27.5 (Yoast SEO v27.5) - https:\/\/yoast.com\/product\/yoast-seo-premium-wordpress\/ -->\n<title>Concurso \u201cJanelas, Varandas e Montras Floridas\u201d regressa a Vila Praia de \u00c2ncora<\/title>\n<meta name=\"robots\" content=\"index, follow, max-snippet:-1, max-image-preview:large, max-video-preview:-1\" \/>\n<link rel=\"canonical\" href=\"https:\/\/www.altominho.tv\/site\/2019\/03\/27\/concurso-janelas-varandas-e-montras-floridas-regressa-a-vila-praia-de-ancora\/\" \/>\n<meta property=\"og:locale\" content=\"pt_PT\" \/>\n<meta property=\"og:type\" content=\"article\" \/>\n<meta property=\"og:title\" content=\"Concurso \u201cJanelas, Varandas e Montras Floridas\u201d regressa a Vila Praia de \u00c2ncora\" \/>\n<meta property=\"og:description\" content=\"A C\u00e2mara de Caminha anunciou que j\u00e1 est\u00e3o a decorrer as inscri\u00e7\u00f5es para o concurso \u201cJanelas, Varandas e Montras Floridas\u201d, integrado na iniciativa Vila Praia em Flor. Segundo a autarquia, este concurso &#8220;visa embelezar as ruas durante o evento, incentivar a descoberta e o gosto pelos espa\u00e7os verdes e pela natureza e reavivar a tradi\u00e7\u00e3o [&hellip;]\" \/>\n<meta property=\"og:url\" content=\"https:\/\/www.altominho.tv\/site\/2019\/03\/27\/concurso-janelas-varandas-e-montras-floridas-regressa-a-vila-praia-de-ancora\/\" \/>\n<meta property=\"og:site_name\" content=\"Altominho.tv\" \/>\n<meta property=\"article:publisher\" content=\"https:\/\/www.facebook.com\/altominhotv\" \/>\n<meta property=\"article:published_time\" content=\"2019-03-27T12:00:25+00:00\" \/>\n<meta property=\"og:image\" content=\"https:\/\/www.altominho.tv\/site\/wp-content\/uploads\/2019\/03\/janelas_varandas-e-montras-floridas.jpg\" \/>\n\t<meta property=\"og:image:width\" content=\"1620\" \/>\n\t<meta property=\"og:image:height\" content=\"1080\" \/>\n\t<meta property=\"og:image:type\" content=\"image\/jpeg\" \/>\n<meta name=\"author\" content=\"Andreia Ferreira\" \/>\n<meta name=\"twitter:card\" content=\"summary_large_image\" \/>\n<meta name=\"twitter:creator\" content=\"@altominhoTV\" \/>\n<meta name=\"twitter:site\" content=\"@altominhoTV\" \/>\n<meta name=\"twitter:label1\" content=\"Escrito por\" \/>\n\t<meta name=\"twitter:data1\" content=\"Andreia Ferreira\" \/>\n\t<meta name=\"twitter:label2\" content=\"Tempo estimado de leitura\" \/>\n\t<meta name=\"twitter:data2\" content=\"2 minutos\" \/>\n<script type=\"application\/ld+json\" class=\"yoast-schema-graph\">{\"@context\":\"https:\\\/\\\/schema.org\",\"@graph\":[{\"@type\":\"Article\",\"@id\":\"https:\\\/\\\/www.altominho.tv\\\/site\\\/2019\\\/03\\\/27\\\/concurso-janelas-varandas-e-montras-floridas-regressa-a-vila-praia-de-ancora\\\/#article\",\"isPartOf\":{\"@id\":\"https:\\\/\\\/www.altominho.tv\\\/site\\\/2019\\\/03\\\/27\\\/concurso-janelas-varandas-e-montras-floridas-regressa-a-vila-praia-de-ancora\\\/\"},\"author\":{\"name\":\"Andreia Ferreira\",\"@id\":\"https:\\\/\\\/www.altominho.tv\\\/site\\\/#\\\/schema\\\/person\\\/d9be4265364723f14ea8e0d56a1d38cd\"},\"headline\":\"Concurso \u201cJanelas, Varandas e Montras Floridas\u201d regressa a Vila Praia de \u00c2ncora\",\"datePublished\":\"2019-03-27T12:00:25+00:00\",\"mainEntityOfPage\":{\"@id\":\"https:\\\/\\\/www.altominho.tv\\\/site\\\/2019\\\/03\\\/27\\\/concurso-janelas-varandas-e-montras-floridas-regressa-a-vila-praia-de-ancora\\\/\"},\"wordCount\":327,\"image\":{\"@id\":\"https:\\\/\\\/www.altominho.tv\\\/site\\\/2019\\\/03\\\/27\\\/concurso-janelas-varandas-e-montras-floridas-regressa-a-vila-praia-de-ancora\\\/#primaryimage\"},\"thumbnailUrl\":\"https:\\\/\\\/www.altominho.tv\\\/site\\\/wp-content\\\/uploads\\\/2019\\\/03\\\/janelas_varandas-e-montras-floridas.jpg\",\"keywords\":[\"Sociedade\"],\"articleSection\":[\"Caminha\"],\"inLanguage\":\"pt-PT\",\"copyrightYear\":\"2019\",\"copyrightHolder\":{\"@id\":\"https:\\\/\\\/www.altominho.tv\\\/site\\\/#organization\"}},{\"@type\":\"WebPage\",\"@id\":\"https:\\\/\\\/www.altominho.tv\\\/site\\\/2019\\\/03\\\/27\\\/concurso-janelas-varandas-e-montras-floridas-regressa-a-vila-praia-de-ancora\\\/\",\"url\":\"https:\\\/\\\/www.altominho.tv\\\/site\\\/2019\\\/03\\\/27\\\/concurso-janelas-varandas-e-montras-floridas-regressa-a-vila-praia-de-ancora\\\/\",\"name\":\"Concurso \u201cJanelas, Varandas e Montras Floridas\u201d regressa a Vila Praia de \u00c2ncora\",\"isPartOf\":{\"@id\":\"https:\\\/\\\/www.altominho.tv\\\/site\\\/#website\"},\"primaryImageOfPage\":{\"@id\":\"https:\\\/\\\/www.altominho.tv\\\/site\\\/2019\\\/03\\\/27\\\/concurso-janelas-varandas-e-montras-floridas-regressa-a-vila-praia-de-ancora\\\/#primaryimage\"},\"image\":{\"@id\":\"https:\\\/\\\/www.altominho.tv\\\/site\\\/2019\\\/03\\\/27\\\/concurso-janelas-varandas-e-montras-floridas-regressa-a-vila-praia-de-ancora\\\/#primaryimage\"},\"thumbnailUrl\":\"https:\\\/\\\/www.altominho.tv\\\/site\\\/wp-content\\\/uploads\\\/2019\\\/03\\\/janelas_varandas-e-montras-floridas.jpg\",\"datePublished\":\"2019-03-27T12:00:25+00:00\",\"author\":{\"@id\":\"https:\\\/\\\/www.altominho.tv\\\/site\\\/#\\\/schema\\\/person\\\/d9be4265364723f14ea8e0d56a1d38cd\"},\"breadcrumb\":{\"@id\":\"https:\\\/\\\/www.altominho.tv\\\/site\\\/2019\\\/03\\\/27\\\/concurso-janelas-varandas-e-montras-floridas-regressa-a-vila-praia-de-ancora\\\/#breadcrumb\"},\"inLanguage\":\"pt-PT\",\"potentialAction\":[{\"@type\":\"ReadAction\",\"target\":[\"https:\\\/\\\/www.altominho.tv\\\/site\\\/2019\\\/03\\\/27\\\/concurso-janelas-varandas-e-montras-floridas-regressa-a-vila-praia-de-ancora\\\/\"]}]},{\"@type\":\"ImageObject\",\"inLanguage\":\"pt-PT\",\"@id\":\"https:\\\/\\\/www.altominho.tv\\\/site\\\/2019\\\/03\\\/27\\\/concurso-janelas-varandas-e-montras-floridas-regressa-a-vila-praia-de-ancora\\\/#primaryimage\",\"url\":\"https:\\\/\\\/www.altominho.tv\\\/site\\\/wp-content\\\/uploads\\\/2019\\\/03\\\/janelas_varandas-e-montras-floridas.jpg\",\"contentUrl\":\"https:\\\/\\\/www.altominho.tv\\\/site\\\/wp-content\\\/uploads\\\/2019\\\/03\\\/janelas_varandas-e-montras-floridas.jpg\",\"width\":1620,\"height\":1080},{\"@type\":\"BreadcrumbList\",\"@id\":\"https:\\\/\\\/www.altominho.tv\\\/site\\\/2019\\\/03\\\/27\\\/concurso-janelas-varandas-e-montras-floridas-regressa-a-vila-praia-de-ancora\\\/#breadcrumb\",\"itemListElement\":[{\"@type\":\"ListItem\",\"position\":1,\"name\":\"In\u00edcio\",\"item\":\"https:\\\/\\\/www.altominho.tv\\\/site\\\/\"},{\"@type\":\"ListItem\",\"position\":2,\"name\":\"Concurso \u201cJanelas, Varandas e Montras Floridas\u201d regressa a Vila Praia de \u00c2ncora\"}]},{\"@type\":\"WebSite\",\"@id\":\"https:\\\/\\\/www.altominho.tv\\\/site\\\/#website\",\"url\":\"https:\\\/\\\/www.altominho.tv\\\/site\\\/\",\"name\":\"Altominho.tv\",\"description\":\"A sua regi\u00e3o \u00e0 dist\u00e2ncia de um clique...\",\"potentialAction\":[{\"@type\":\"SearchAction\",\"target\":{\"@type\":\"EntryPoint\",\"urlTemplate\":\"https:\\\/\\\/www.altominho.tv\\\/site\\\/?s={search_term_string}\"},\"query-input\":{\"@type\":\"PropertyValueSpecification\",\"valueRequired\":true,\"valueName\":\"search_term_string\"}}],\"inLanguage\":\"pt-PT\"},{\"@type\":\"Person\",\"@id\":\"https:\\\/\\\/www.altominho.tv\\\/site\\\/#\\\/schema\\\/person\\\/d9be4265364723f14ea8e0d56a1d38cd\",\"name\":\"Andreia Ferreira\",\"image\":{\"@type\":\"ImageObject\",\"inLanguage\":\"pt-PT\",\"@id\":\"https:\\\/\\\/www.altominho.tv\\\/site\\\/wp-content\\\/uploads\\\/2021\\\/01\\\/AndreiaFerreira-150x150.jpg\",\"url\":\"https:\\\/\\\/www.altominho.tv\\\/site\\\/wp-content\\\/uploads\\\/2021\\\/01\\\/AndreiaFerreira-150x150.jpg\",\"contentUrl\":\"https:\\\/\\\/www.altominho.tv\\\/site\\\/wp-content\\\/uploads\\\/2021\\\/01\\\/AndreiaFerreira-150x150.jpg\",\"caption\":\"Andreia Ferreira\"},\"url\":\"https:\\\/\\\/www.altominho.tv\\\/site\\\/author\\\/andreiaferreira\\\/\"}]}<\/script>\n<!-- \/ Yoast SEO Premium plugin. -->","yoast_head_json":{"title":"Concurso \u201cJanelas, Varandas e Montras Floridas\u201d regressa a Vila Praia de \u00c2ncora","robots":{"index":"index","follow":"follow","max-snippet":"max-snippet:-1","max-image-preview":"max-image-preview:large","max-video-preview":"max-video-preview:-1"},"canonical":"https:\/\/www.altominho.tv\/site\/2019\/03\/27\/concurso-janelas-varandas-e-montras-floridas-regressa-a-vila-praia-de-ancora\/","og_locale":"pt_PT","og_type":"article","og_title":"Concurso \u201cJanelas, Varandas e Montras Floridas\u201d regressa a Vila Praia de \u00c2ncora","og_description":"A C\u00e2mara de Caminha anunciou que j\u00e1 est\u00e3o a decorrer as inscri\u00e7\u00f5es para o concurso \u201cJanelas, Varandas e Montras Floridas\u201d, integrado na iniciativa Vila Praia em Flor. Segundo a autarquia, este concurso &#8220;visa embelezar as ruas durante o evento, incentivar a descoberta e o gosto pelos espa\u00e7os verdes e pela natureza e reavivar a tradi\u00e7\u00e3o [&hellip;]","og_url":"https:\/\/www.altominho.tv\/site\/2019\/03\/27\/concurso-janelas-varandas-e-montras-floridas-regressa-a-vila-praia-de-ancora\/","og_site_name":"Altominho.tv","article_publisher":"https:\/\/www.facebook.com\/altominhotv","article_published_time":"2019-03-27T12:00:25+00:00","og_image":[{"width":1620,"height":1080,"url":"https:\/\/www.altominho.tv\/site\/wp-content\/uploads\/2019\/03\/janelas_varandas-e-montras-floridas.jpg","type":"image\/jpeg"}],"author":"Andreia Ferreira","twitter_card":"summary_large_image","twitter_creator":"@altominhoTV","twitter_site":"@altominhoTV","twitter_misc":{"Escrito por":"Andreia Ferreira","Tempo estimado de leitura":"2 minutos"},"schema":{"@context":"https:\/\/schema.org","@graph":[{"@type":"Article","@id":"https:\/\/www.altominho.tv\/site\/2019\/03\/27\/concurso-janelas-varandas-e-montras-floridas-regressa-a-vila-praia-de-ancora\/#article","isPartOf":{"@id":"https:\/\/www.altominho.tv\/site\/2019\/03\/27\/concurso-janelas-varandas-e-montras-floridas-regressa-a-vila-praia-de-ancora\/"},"author":{"name":"Andreia Ferreira","@id":"https:\/\/www.altominho.tv\/site\/#\/schema\/person\/d9be4265364723f14ea8e0d56a1d38cd"},"headline":"Concurso \u201cJanelas, Varandas e Montras Floridas\u201d regressa a Vila Praia de \u00c2ncora","datePublished":"2019-03-27T12:00:25+00:00","mainEntityOfPage":{"@id":"https:\/\/www.altominho.tv\/site\/2019\/03\/27\/concurso-janelas-varandas-e-montras-floridas-regressa-a-vila-praia-de-ancora\/"},"wordCount":327,"image":{"@id":"https:\/\/www.altominho.tv\/site\/2019\/03\/27\/concurso-janelas-varandas-e-montras-floridas-regressa-a-vila-praia-de-ancora\/#primaryimage"},"thumbnailUrl":"https:\/\/www.altominho.tv\/site\/wp-content\/uploads\/2019\/03\/janelas_varandas-e-montras-floridas.jpg","keywords":["Sociedade"],"articleSection":["Caminha"],"inLanguage":"pt-PT","copyrightYear":"2019","copyrightHolder":{"@id":"https:\/\/www.altominho.tv\/site\/#organization"}},{"@type":"WebPage","@id":"https:\/\/www.altominho.tv\/site\/2019\/03\/27\/concurso-janelas-varandas-e-montras-floridas-regressa-a-vila-praia-de-ancora\/","url":"https:\/\/www.altominho.tv\/site\/2019\/03\/27\/concurso-janelas-varandas-e-montras-floridas-regressa-a-vila-praia-de-ancora\/","name":"Concurso \u201cJanelas, Varandas e Montras Floridas\u201d regressa a Vila Praia de \u00c2ncora","isPartOf":{"@id":"https:\/\/www.altominho.tv\/site\/#website"},"primaryImageOfPage":{"@id":"https:\/\/www.altominho.tv\/site\/2019\/03\/27\/concurso-janelas-varandas-e-montras-floridas-regressa-a-vila-praia-de-ancora\/#primaryimage"},"image":{"@id":"https:\/\/www.altominho.tv\/site\/2019\/03\/27\/concurso-janelas-varandas-e-montras-floridas-regressa-a-vila-praia-de-ancora\/#primaryimage"},"thumbnailUrl":"https:\/\/www.altominho.tv\/site\/wp-content\/uploads\/2019\/03\/janelas_varandas-e-montras-floridas.jpg","datePublished":"2019-03-27T12:00:25+00:00","author":{"@id":"https:\/\/www.altominho.tv\/site\/#\/schema\/person\/d9be4265364723f14ea8e0d56a1d38cd"},"breadcrumb":{"@id":"https:\/\/www.altominho.tv\/site\/2019\/03\/27\/concurso-janelas-varandas-e-montras-floridas-regressa-a-vila-praia-de-ancora\/#breadcrumb"},"inLanguage":"pt-PT","potentialAction":[{"@type":"ReadAction","target":["https:\/\/www.altominho.tv\/site\/2019\/03\/27\/concurso-janelas-varandas-e-montras-floridas-regressa-a-vila-praia-de-ancora\/"]}]},{"@type":"ImageObject","inLanguage":"pt-PT","@id":"https:\/\/www.altominho.tv\/site\/2019\/03\/27\/concurso-janelas-varandas-e-montras-floridas-regressa-a-vila-praia-de-ancora\/#primaryimage","url":"https:\/\/www.altominho.tv\/site\/wp-content\/uploads\/2019\/03\/janelas_varandas-e-montras-floridas.jpg","contentUrl":"https:\/\/www.altominho.tv\/site\/wp-content\/uploads\/2019\/03\/janelas_varandas-e-montras-floridas.jpg","width":1620,"height":1080},{"@type":"BreadcrumbList","@id":"https:\/\/www.altominho.tv\/site\/2019\/03\/27\/concurso-janelas-varandas-e-montras-floridas-regressa-a-vila-praia-de-ancora\/#breadcrumb","itemListElement":[{"@type":"ListItem","position":1,"name":"In\u00edcio","item":"https:\/\/www.altominho.tv\/site\/"},{"@type":"ListItem","position":2,"name":"Concurso \u201cJanelas, Varandas e Montras Floridas\u201d regressa a Vila Praia de \u00c2ncora"}]},{"@type":"WebSite","@id":"https:\/\/www.altominho.tv\/site\/#website","url":"https:\/\/www.altominho.tv\/site\/","name":"Altominho.tv","description":"A sua regi\u00e3o \u00e0 dist\u00e2ncia de um clique...","potentialAction":[{"@type":"SearchAction","target":{"@type":"EntryPoint","urlTemplate":"https:\/\/www.altominho.tv\/site\/?s={search_term_string}"},"query-input":{"@type":"PropertyValueSpecification","valueRequired":true,"valueName":"search_term_string"}}],"inLanguage":"pt-PT"},{"@type":"Person","@id":"https:\/\/www.altominho.tv\/site\/#\/schema\/person\/d9be4265364723f14ea8e0d56a1d38cd","name":"Andreia Ferreira","image":{"@type":"ImageObject","inLanguage":"pt-PT","@id":"https:\/\/www.altominho.tv\/site\/wp-content\/uploads\/2021\/01\/AndreiaFerreira-150x150.jpg","url":"https:\/\/www.altominho.tv\/site\/wp-content\/uploads\/2021\/01\/AndreiaFerreira-150x150.jpg","contentUrl":"https:\/\/www.altominho.tv\/site\/wp-content\/uploads\/2021\/01\/AndreiaFerreira-150x150.jpg","caption":"Andreia Ferreira"},"url":"https:\/\/www.altominho.tv\/site\/author\/andreiaferreira\/"}]}},"_links":{"self":[{"href":"https:\/\/www.altominho.tv\/site\/wp-json\/wp\/v2\/posts\/26272","targetHints":{"allow":["GET"]}}],"collection":[{"href":"https:\/\/www.altominho.tv\/site\/wp-json\/wp\/v2\/posts"}],"about":[{"href":"https:\/\/www.altominho.tv\/site\/wp-json\/wp\/v2\/types\/post"}],"author":[{"embeddable":true,"href":"https:\/\/www.altominho.tv\/site\/wp-json\/wp\/v2\/users\/12"}],"replies":[{"embeddable":true,"href":"https:\/\/www.altominho.tv\/site\/wp-json\/wp\/v2\/comments?post=26272"}],"version-history":[{"count":0,"href":"https:\/\/www.altominho.tv\/site\/wp-json\/wp\/v2\/posts\/26272\/revisions"}],"wp:featuredmedia":[{"embeddable":true,"href":"https:\/\/www.altominho.tv\/site\/wp-json\/wp\/v2\/media\/26274"}],"wp:attachment":[{"href":"https:\/\/www.altominho.tv\/site\/wp-json\/wp\/v2\/media?parent=26272"}],"wp:term":[{"taxonomy":"category","embeddable":true,"href":"https:\/\/www.altominho.tv\/site\/wp-json\/wp\/v2\/categories?post=26272"},{"taxonomy":"post_tag","embeddable":true,"href":"https:\/\/www.altominho.tv\/site\/wp-json\/wp\/v2\/tags?post=26272"}],"curies":[{"name":"wp","href":"https:\/\/api.w.org\/{rel}","templated":true}]}}