{"id":26264,"date":"2019-03-27T11:04:48","date_gmt":"2019-03-27T11:04:48","guid":{"rendered":"http:\/\/www.altominho.tv\/site\/?p=26264"},"modified":"2019-03-27T11:04:48","modified_gmt":"2019-03-27T11:04:48","slug":"vila-praia-de-ancora-acolhe-a-maior-mesa-de-pascoa","status":"publish","type":"post","link":"https:\/\/www.altominho.tv\/site\/2019\/03\/27\/vila-praia-de-ancora-acolhe-a-maior-mesa-de-pascoa\/","title":{"rendered":"Vila Praia de \u00c2ncora acolhe &#8220;A Maior Mesa de P\u00e1scoa&#8221;"},"content":{"rendered":"<div class=\"schedule widget_field\">\n<div class=\"widget_value\">\n<div class=\"writer_text\">\n<p>A Maior Mesa de P\u00e1scoa do Pa\u00eds, integra a tradi\u00e7\u00e3o de Vila Praia de \u00c2ncora, no concelho de Caminha.<\/p>\n<p>Em 2018, esta mesa tinha 200 metros de comprimento.<\/p>\n<p>Aqui s\u00e3o apresentados os melhores produtos tradicionais, desde os doces aos salgados, passando pelos vinhos e pelo artesanato.<\/p>\n<p>O evento \u00e9 organizado pelo Movimento de Empres\u00e1rios do concelho de Caminha, com o apoio da C\u00e2mara Municipal e da Junta de Freguesia de Vila Praia de \u00c2ncora.<\/p>\n<p>A Maior Mesa de P\u00e1scoa do Pa\u00eds, est\u00e1 de regresso no dia 20 de abril, entre as 10h00 e as 19h00.<\/p>\n<\/div>\n<\/div>\n<\/div>\n","protected":false},"excerpt":{"rendered":"<p>A Maior Mesa de P\u00e1scoa do Pa\u00eds, integra a tradi\u00e7\u00e3o de Vila Praia de \u00c2ncora, no concelho de Caminha. Em 2018, esta mesa tinha 200 metros de comprimento. Aqui s\u00e3o apresentados os melhores produtos tradicionais, desde os doces aos salgados, passando pelos vinhos e pelo artesanato. O evento \u00e9 organizado pelo Movimento de Empres\u00e1rios do [&hellip;]<\/p>\n","protected":false},"author":7,"featured_media":26265,"comment_status":"closed","ping_status":"closed","sticky":false,"template":"","format":"standard","meta":{"_exactmetrics_skip_tracking":false,"_exactmetrics_sitenote_active":false,"_exactmetrics_sitenote_note":"","_exactmetrics_sitenote_category":0,"footnotes":""},"categories":[7],"tags":[24,27],"class_list":["post-26264","post","type-post","status-publish","format-standard","has-post-thumbnail","hentry","category-caminha","tag-lazer","tag-sociedade"],"yoast_head":"<!-- This site is optimized with the Yoast SEO Premium plugin v27.5 (Yoast SEO v27.5) - https:\/\/yoast.com\/product\/yoast-seo-premium-wordpress\/ -->\n<title>Vila Praia de \u00c2ncora acolhe &quot;A Maior Mesa de P\u00e1scoa&quot;<\/title>\n<meta name=\"robots\" content=\"index, follow, max-snippet:-1, max-image-preview:large, max-video-preview:-1\" \/>\n<link rel=\"canonical\" href=\"https:\/\/www.altominho.tv\/site\/2019\/03\/27\/vila-praia-de-ancora-acolhe-a-maior-mesa-de-pascoa\/\" \/>\n<meta property=\"og:locale\" content=\"pt_PT\" \/>\n<meta property=\"og:type\" content=\"article\" \/>\n<meta property=\"og:title\" content=\"Vila Praia de \u00c2ncora acolhe &quot;A Maior Mesa de P\u00e1scoa&quot;\" \/>\n<meta property=\"og:description\" content=\"A Maior Mesa de P\u00e1scoa do Pa\u00eds, integra a tradi\u00e7\u00e3o de Vila Praia de \u00c2ncora, no concelho de Caminha. Em 2018, esta mesa tinha 200 metros de comprimento. Aqui s\u00e3o apresentados os melhores produtos tradicionais, desde os doces aos salgados, passando pelos vinhos e pelo artesanato. O evento \u00e9 organizado pelo Movimento de Empres\u00e1rios do [&hellip;]\" \/>\n<meta property=\"og:url\" content=\"https:\/\/www.altominho.tv\/site\/2019\/03\/27\/vila-praia-de-ancora-acolhe-a-maior-mesa-de-pascoa\/\" \/>\n<meta property=\"og:site_name\" content=\"Altominho.tv\" \/>\n<meta property=\"article:publisher\" content=\"https:\/\/www.facebook.com\/altominhotv\" \/>\n<meta property=\"article:published_time\" content=\"2019-03-27T11:04:48+00:00\" \/>\n<meta property=\"og:image\" content=\"https:\/\/www.altominho.tv\/site\/wp-content\/uploads\/2019\/03\/ancora.jpg\" \/>\n\t<meta property=\"og:image:width\" content=\"1024\" \/>\n\t<meta property=\"og:image:height\" content=\"576\" \/>\n\t<meta property=\"og:image:type\" content=\"image\/jpeg\" \/>\n<meta name=\"author\" content=\"Andreia Cunha\" \/>\n<meta name=\"twitter:card\" content=\"summary_large_image\" \/>\n<meta name=\"twitter:creator\" content=\"@altominhoTV\" \/>\n<meta name=\"twitter:site\" content=\"@altominhoTV\" \/>\n<meta name=\"twitter:label1\" content=\"Escrito por\" \/>\n\t<meta name=\"twitter:data1\" content=\"Andreia Cunha\" \/>\n<script type=\"application\/ld+json\" class=\"yoast-schema-graph\">{\"@context\":\"https:\\\/\\\/schema.org\",\"@graph\":[{\"@type\":\"Article\",\"@id\":\"https:\\\/\\\/www.altominho.tv\\\/site\\\/2019\\\/03\\\/27\\\/vila-praia-de-ancora-acolhe-a-maior-mesa-de-pascoa\\\/#article\",\"isPartOf\":{\"@id\":\"https:\\\/\\\/www.altominho.tv\\\/site\\\/2019\\\/03\\\/27\\\/vila-praia-de-ancora-acolhe-a-maior-mesa-de-pascoa\\\/\"},\"author\":{\"name\":\"Andreia Cunha\",\"@id\":\"https:\\\/\\\/www.altominho.tv\\\/site\\\/#\\\/schema\\\/person\\\/a0e4ef6d041f98ca284393d8f1d97153\"},\"headline\":\"Vila Praia de \u00c2ncora acolhe &#8220;A Maior Mesa de P\u00e1scoa&#8221;\",\"datePublished\":\"2019-03-27T11:04:48+00:00\",\"mainEntityOfPage\":{\"@id\":\"https:\\\/\\\/www.altominho.tv\\\/site\\\/2019\\\/03\\\/27\\\/vila-praia-de-ancora-acolhe-a-maior-mesa-de-pascoa\\\/\"},\"wordCount\":110,\"image\":{\"@id\":\"https:\\\/\\\/www.altominho.tv\\\/site\\\/2019\\\/03\\\/27\\\/vila-praia-de-ancora-acolhe-a-maior-mesa-de-pascoa\\\/#primaryimage\"},\"thumbnailUrl\":\"https:\\\/\\\/www.altominho.tv\\\/site\\\/wp-content\\\/uploads\\\/2019\\\/03\\\/ancora.jpg\",\"keywords\":[\"Lazer\",\"Sociedade\"],\"articleSection\":[\"Caminha\"],\"inLanguage\":\"pt-PT\",\"copyrightYear\":\"2019\",\"copyrightHolder\":{\"@id\":\"https:\\\/\\\/www.altominho.tv\\\/site\\\/#organization\"}},{\"@type\":\"WebPage\",\"@id\":\"https:\\\/\\\/www.altominho.tv\\\/site\\\/2019\\\/03\\\/27\\\/vila-praia-de-ancora-acolhe-a-maior-mesa-de-pascoa\\\/\",\"url\":\"https:\\\/\\\/www.altominho.tv\\\/site\\\/2019\\\/03\\\/27\\\/vila-praia-de-ancora-acolhe-a-maior-mesa-de-pascoa\\\/\",\"name\":\"Vila Praia de \u00c2ncora acolhe \\\"A Maior Mesa de P\u00e1scoa\\\"\",\"isPartOf\":{\"@id\":\"https:\\\/\\\/www.altominho.tv\\\/site\\\/#website\"},\"primaryImageOfPage\":{\"@id\":\"https:\\\/\\\/www.altominho.tv\\\/site\\\/2019\\\/03\\\/27\\\/vila-praia-de-ancora-acolhe-a-maior-mesa-de-pascoa\\\/#primaryimage\"},\"image\":{\"@id\":\"https:\\\/\\\/www.altominho.tv\\\/site\\\/2019\\\/03\\\/27\\\/vila-praia-de-ancora-acolhe-a-maior-mesa-de-pascoa\\\/#primaryimage\"},\"thumbnailUrl\":\"https:\\\/\\\/www.altominho.tv\\\/site\\\/wp-content\\\/uploads\\\/2019\\\/03\\\/ancora.jpg\",\"datePublished\":\"2019-03-27T11:04:48+00:00\",\"author\":{\"@id\":\"https:\\\/\\\/www.altominho.tv\\\/site\\\/#\\\/schema\\\/person\\\/a0e4ef6d041f98ca284393d8f1d97153\"},\"breadcrumb\":{\"@id\":\"https:\\\/\\\/www.altominho.tv\\\/site\\\/2019\\\/03\\\/27\\\/vila-praia-de-ancora-acolhe-a-maior-mesa-de-pascoa\\\/#breadcrumb\"},\"inLanguage\":\"pt-PT\",\"potentialAction\":[{\"@type\":\"ReadAction\",\"target\":[\"https:\\\/\\\/www.altominho.tv\\\/site\\\/2019\\\/03\\\/27\\\/vila-praia-de-ancora-acolhe-a-maior-mesa-de-pascoa\\\/\"]}]},{\"@type\":\"ImageObject\",\"inLanguage\":\"pt-PT\",\"@id\":\"https:\\\/\\\/www.altominho.tv\\\/site\\\/2019\\\/03\\\/27\\\/vila-praia-de-ancora-acolhe-a-maior-mesa-de-pascoa\\\/#primaryimage\",\"url\":\"https:\\\/\\\/www.altominho.tv\\\/site\\\/wp-content\\\/uploads\\\/2019\\\/03\\\/ancora.jpg\",\"contentUrl\":\"https:\\\/\\\/www.altominho.tv\\\/site\\\/wp-content\\\/uploads\\\/2019\\\/03\\\/ancora.jpg\",\"width\":1024,\"height\":576},{\"@type\":\"BreadcrumbList\",\"@id\":\"https:\\\/\\\/www.altominho.tv\\\/site\\\/2019\\\/03\\\/27\\\/vila-praia-de-ancora-acolhe-a-maior-mesa-de-pascoa\\\/#breadcrumb\",\"itemListElement\":[{\"@type\":\"ListItem\",\"position\":1,\"name\":\"In\u00edcio\",\"item\":\"https:\\\/\\\/www.altominho.tv\\\/site\\\/\"},{\"@type\":\"ListItem\",\"position\":2,\"name\":\"Vila Praia de \u00c2ncora acolhe &#8220;A Maior Mesa de P\u00e1scoa&#8221;\"}]},{\"@type\":\"WebSite\",\"@id\":\"https:\\\/\\\/www.altominho.tv\\\/site\\\/#website\",\"url\":\"https:\\\/\\\/www.altominho.tv\\\/site\\\/\",\"name\":\"Altominho.tv\",\"description\":\"A sua regi\u00e3o \u00e0 dist\u00e2ncia de um clique...\",\"potentialAction\":[{\"@type\":\"SearchAction\",\"target\":{\"@type\":\"EntryPoint\",\"urlTemplate\":\"https:\\\/\\\/www.altominho.tv\\\/site\\\/?s={search_term_string}\"},\"query-input\":{\"@type\":\"PropertyValueSpecification\",\"valueRequired\":true,\"valueName\":\"search_term_string\"}}],\"inLanguage\":\"pt-PT\"},{\"@type\":\"Person\",\"@id\":\"https:\\\/\\\/www.altominho.tv\\\/site\\\/#\\\/schema\\\/person\\\/a0e4ef6d041f98ca284393d8f1d97153\",\"name\":\"Andreia Cunha\",\"image\":{\"@type\":\"ImageObject\",\"inLanguage\":\"pt-PT\",\"@id\":\"https:\\\/\\\/www.altominho.tv\\\/site\\\/wp-content\\\/uploads\\\/2017\\\/11\\\/Andreia_Cunha-1-150x150.jpg\",\"url\":\"https:\\\/\\\/www.altominho.tv\\\/site\\\/wp-content\\\/uploads\\\/2017\\\/11\\\/Andreia_Cunha-1-150x150.jpg\",\"contentUrl\":\"https:\\\/\\\/www.altominho.tv\\\/site\\\/wp-content\\\/uploads\\\/2017\\\/11\\\/Andreia_Cunha-1-150x150.jpg\",\"caption\":\"Andreia Cunha\"},\"url\":\"https:\\\/\\\/www.altominho.tv\\\/site\\\/author\\\/andreiacunha\\\/\"}]}<\/script>\n<!-- \/ Yoast SEO Premium plugin. -->","yoast_head_json":{"title":"Vila Praia de \u00c2ncora acolhe \"A Maior Mesa de P\u00e1scoa\"","robots":{"index":"index","follow":"follow","max-snippet":"max-snippet:-1","max-image-preview":"max-image-preview:large","max-video-preview":"max-video-preview:-1"},"canonical":"https:\/\/www.altominho.tv\/site\/2019\/03\/27\/vila-praia-de-ancora-acolhe-a-maior-mesa-de-pascoa\/","og_locale":"pt_PT","og_type":"article","og_title":"Vila Praia de \u00c2ncora acolhe \"A Maior Mesa de P\u00e1scoa\"","og_description":"A Maior Mesa de P\u00e1scoa do Pa\u00eds, integra a tradi\u00e7\u00e3o de Vila Praia de \u00c2ncora, no concelho de Caminha. Em 2018, esta mesa tinha 200 metros de comprimento. Aqui s\u00e3o apresentados os melhores produtos tradicionais, desde os doces aos salgados, passando pelos vinhos e pelo artesanato. O evento \u00e9 organizado pelo Movimento de Empres\u00e1rios do [&hellip;]","og_url":"https:\/\/www.altominho.tv\/site\/2019\/03\/27\/vila-praia-de-ancora-acolhe-a-maior-mesa-de-pascoa\/","og_site_name":"Altominho.tv","article_publisher":"https:\/\/www.facebook.com\/altominhotv","article_published_time":"2019-03-27T11:04:48+00:00","og_image":[{"width":1024,"height":576,"url":"https:\/\/www.altominho.tv\/site\/wp-content\/uploads\/2019\/03\/ancora.jpg","type":"image\/jpeg"}],"author":"Andreia Cunha","twitter_card":"summary_large_image","twitter_creator":"@altominhoTV","twitter_site":"@altominhoTV","twitter_misc":{"Escrito por":"Andreia Cunha"},"schema":{"@context":"https:\/\/schema.org","@graph":[{"@type":"Article","@id":"https:\/\/www.altominho.tv\/site\/2019\/03\/27\/vila-praia-de-ancora-acolhe-a-maior-mesa-de-pascoa\/#article","isPartOf":{"@id":"https:\/\/www.altominho.tv\/site\/2019\/03\/27\/vila-praia-de-ancora-acolhe-a-maior-mesa-de-pascoa\/"},"author":{"name":"Andreia Cunha","@id":"https:\/\/www.altominho.tv\/site\/#\/schema\/person\/a0e4ef6d041f98ca284393d8f1d97153"},"headline":"Vila Praia de \u00c2ncora acolhe &#8220;A Maior Mesa de P\u00e1scoa&#8221;","datePublished":"2019-03-27T11:04:48+00:00","mainEntityOfPage":{"@id":"https:\/\/www.altominho.tv\/site\/2019\/03\/27\/vila-praia-de-ancora-acolhe-a-maior-mesa-de-pascoa\/"},"wordCount":110,"image":{"@id":"https:\/\/www.altominho.tv\/site\/2019\/03\/27\/vila-praia-de-ancora-acolhe-a-maior-mesa-de-pascoa\/#primaryimage"},"thumbnailUrl":"https:\/\/www.altominho.tv\/site\/wp-content\/uploads\/2019\/03\/ancora.jpg","keywords":["Lazer","Sociedade"],"articleSection":["Caminha"],"inLanguage":"pt-PT","copyrightYear":"2019","copyrightHolder":{"@id":"https:\/\/www.altominho.tv\/site\/#organization"}},{"@type":"WebPage","@id":"https:\/\/www.altominho.tv\/site\/2019\/03\/27\/vila-praia-de-ancora-acolhe-a-maior-mesa-de-pascoa\/","url":"https:\/\/www.altominho.tv\/site\/2019\/03\/27\/vila-praia-de-ancora-acolhe-a-maior-mesa-de-pascoa\/","name":"Vila Praia de \u00c2ncora acolhe \"A Maior Mesa de P\u00e1scoa\"","isPartOf":{"@id":"https:\/\/www.altominho.tv\/site\/#website"},"primaryImageOfPage":{"@id":"https:\/\/www.altominho.tv\/site\/2019\/03\/27\/vila-praia-de-ancora-acolhe-a-maior-mesa-de-pascoa\/#primaryimage"},"image":{"@id":"https:\/\/www.altominho.tv\/site\/2019\/03\/27\/vila-praia-de-ancora-acolhe-a-maior-mesa-de-pascoa\/#primaryimage"},"thumbnailUrl":"https:\/\/www.altominho.tv\/site\/wp-content\/uploads\/2019\/03\/ancora.jpg","datePublished":"2019-03-27T11:04:48+00:00","author":{"@id":"https:\/\/www.altominho.tv\/site\/#\/schema\/person\/a0e4ef6d041f98ca284393d8f1d97153"},"breadcrumb":{"@id":"https:\/\/www.altominho.tv\/site\/2019\/03\/27\/vila-praia-de-ancora-acolhe-a-maior-mesa-de-pascoa\/#breadcrumb"},"inLanguage":"pt-PT","potentialAction":[{"@type":"ReadAction","target":["https:\/\/www.altominho.tv\/site\/2019\/03\/27\/vila-praia-de-ancora-acolhe-a-maior-mesa-de-pascoa\/"]}]},{"@type":"ImageObject","inLanguage":"pt-PT","@id":"https:\/\/www.altominho.tv\/site\/2019\/03\/27\/vila-praia-de-ancora-acolhe-a-maior-mesa-de-pascoa\/#primaryimage","url":"https:\/\/www.altominho.tv\/site\/wp-content\/uploads\/2019\/03\/ancora.jpg","contentUrl":"https:\/\/www.altominho.tv\/site\/wp-content\/uploads\/2019\/03\/ancora.jpg","width":1024,"height":576},{"@type":"BreadcrumbList","@id":"https:\/\/www.altominho.tv\/site\/2019\/03\/27\/vila-praia-de-ancora-acolhe-a-maior-mesa-de-pascoa\/#breadcrumb","itemListElement":[{"@type":"ListItem","position":1,"name":"In\u00edcio","item":"https:\/\/www.altominho.tv\/site\/"},{"@type":"ListItem","position":2,"name":"Vila Praia de \u00c2ncora acolhe &#8220;A Maior Mesa de P\u00e1scoa&#8221;"}]},{"@type":"WebSite","@id":"https:\/\/www.altominho.tv\/site\/#website","url":"https:\/\/www.altominho.tv\/site\/","name":"Altominho.tv","description":"A sua regi\u00e3o \u00e0 dist\u00e2ncia de um clique...","potentialAction":[{"@type":"SearchAction","target":{"@type":"EntryPoint","urlTemplate":"https:\/\/www.altominho.tv\/site\/?s={search_term_string}"},"query-input":{"@type":"PropertyValueSpecification","valueRequired":true,"valueName":"search_term_string"}}],"inLanguage":"pt-PT"},{"@type":"Person","@id":"https:\/\/www.altominho.tv\/site\/#\/schema\/person\/a0e4ef6d041f98ca284393d8f1d97153","name":"Andreia Cunha","image":{"@type":"ImageObject","inLanguage":"pt-PT","@id":"https:\/\/www.altominho.tv\/site\/wp-content\/uploads\/2017\/11\/Andreia_Cunha-1-150x150.jpg","url":"https:\/\/www.altominho.tv\/site\/wp-content\/uploads\/2017\/11\/Andreia_Cunha-1-150x150.jpg","contentUrl":"https:\/\/www.altominho.tv\/site\/wp-content\/uploads\/2017\/11\/Andreia_Cunha-1-150x150.jpg","caption":"Andreia Cunha"},"url":"https:\/\/www.altominho.tv\/site\/author\/andreiacunha\/"}]}},"_links":{"self":[{"href":"https:\/\/www.altominho.tv\/site\/wp-json\/wp\/v2\/posts\/26264","targetHints":{"allow":["GET"]}}],"collection":[{"href":"https:\/\/www.altominho.tv\/site\/wp-json\/wp\/v2\/posts"}],"about":[{"href":"https:\/\/www.altominho.tv\/site\/wp-json\/wp\/v2\/types\/post"}],"author":[{"embeddable":true,"href":"https:\/\/www.altominho.tv\/site\/wp-json\/wp\/v2\/users\/7"}],"replies":[{"embeddable":true,"href":"https:\/\/www.altominho.tv\/site\/wp-json\/wp\/v2\/comments?post=26264"}],"version-history":[{"count":0,"href":"https:\/\/www.altominho.tv\/site\/wp-json\/wp\/v2\/posts\/26264\/revisions"}],"wp:featuredmedia":[{"embeddable":true,"href":"https:\/\/www.altominho.tv\/site\/wp-json\/wp\/v2\/media\/26265"}],"wp:attachment":[{"href":"https:\/\/www.altominho.tv\/site\/wp-json\/wp\/v2\/media?parent=26264"}],"wp:term":[{"taxonomy":"category","embeddable":true,"href":"https:\/\/www.altominho.tv\/site\/wp-json\/wp\/v2\/categories?post=26264"},{"taxonomy":"post_tag","embeddable":true,"href":"https:\/\/www.altominho.tv\/site\/wp-json\/wp\/v2\/tags?post=26264"}],"curies":[{"name":"wp","href":"https:\/\/api.w.org\/{rel}","templated":true}]}}