{"id":26091,"date":"2019-03-22T13:00:56","date_gmt":"2019-03-22T13:00:56","guid":{"rendered":"http:\/\/www.altominho.tv\/site\/?p=26091"},"modified":"2019-03-22T18:03:07","modified_gmt":"2019-03-22T18:03:07","slug":"municipios-do-alto-minho-criam-primeiro-centro-intermunicipal-de-protecao-civil","status":"publish","type":"post","link":"https:\/\/www.altominho.tv\/site\/2019\/03\/22\/municipios-do-alto-minho-criam-primeiro-centro-intermunicipal-de-protecao-civil\/","title":{"rendered":"Munic\u00edpios do Alto Minho criam primeiro centro intermunicipal de Prote\u00e7\u00e3o Civil"},"content":{"rendered":"<p><iframe loading=\"lazy\" width=\"770\" height=\"433\" src=\"https:\/\/www.youtube.com\/embed\/S3BC8Ls0Xwc?feature=oembed\" frameborder=\"0\" allow=\"accelerometer; autoplay; encrypted-media; gyroscope; picture-in-picture\" allowfullscreen><\/iframe><\/p>\n<p>Os munic\u00edpios de Vila Nova de Cerveira, Valen\u00e7a e Paredes de Coura uniram-se para a cria\u00e7\u00e3o do primeiro centro intermunicipal de Prote\u00e7\u00e3o Civil do pa\u00eds. Projeto foi apresentado ao secret\u00e1rio de Estado da Prote\u00e7\u00e3o Civil, Jos\u00e9 Artur Neves, que considera esta parceria um exemplo a seguir no Alto Minho e em Portugal.<\/p>\n","protected":false},"excerpt":{"rendered":"<p>Os munic\u00edpios de Vila Nova de Cerveira, Valen\u00e7a e Paredes de Coura uniram-se para a cria\u00e7\u00e3o do primeiro centro intermunicipal de Prote\u00e7\u00e3o Civil do pa\u00eds. Projeto foi apresentado ao secret\u00e1rio de Estado da Prote\u00e7\u00e3o Civil, Jos\u00e9 Artur Neves, que considera esta parceria um exemplo a seguir no Alto Minho e em Portugal.<\/p>\n","protected":false},"author":12,"featured_media":26096,"comment_status":"closed","ping_status":"closed","sticky":false,"template":"","format":"video","meta":{"_exactmetrics_skip_tracking":false,"_exactmetrics_sitenote_active":false,"_exactmetrics_sitenote_note":"","_exactmetrics_sitenote_category":0,"footnotes":""},"categories":[15],"tags":[27],"class_list":["post-26091","post","type-post","status-publish","format-video","has-post-thumbnail","hentry","category-vila-nova-de-cerveira","tag-sociedade","post_format-post-format-video"],"yoast_head":"<!-- This site is optimized with the Yoast SEO Premium plugin v27.5 (Yoast SEO v27.5) - https:\/\/yoast.com\/product\/yoast-seo-premium-wordpress\/ -->\n<title>Munic\u00edpios do Alto Minho criam primeiro centro intermunicipal de Prote\u00e7\u00e3o Civil<\/title>\n<meta name=\"robots\" content=\"index, follow, max-snippet:-1, max-image-preview:large, max-video-preview:-1\" \/>\n<link rel=\"canonical\" href=\"https:\/\/www.altominho.tv\/site\/2019\/03\/22\/municipios-do-alto-minho-criam-primeiro-centro-intermunicipal-de-protecao-civil\/\" \/>\n<meta property=\"og:locale\" content=\"pt_PT\" \/>\n<meta property=\"og:type\" content=\"article\" \/>\n<meta property=\"og:title\" content=\"Munic\u00edpios do Alto Minho criam primeiro centro intermunicipal de Prote\u00e7\u00e3o Civil\" \/>\n<meta property=\"og:description\" content=\"Os munic\u00edpios de Vila Nova de Cerveira, Valen\u00e7a e Paredes de Coura uniram-se para a cria\u00e7\u00e3o do primeiro centro intermunicipal de Prote\u00e7\u00e3o Civil do pa\u00eds. Projeto foi apresentado ao secret\u00e1rio de Estado da Prote\u00e7\u00e3o Civil, Jos\u00e9 Artur Neves, que considera esta parceria um exemplo a seguir no Alto Minho e em Portugal.\" \/>\n<meta property=\"og:url\" content=\"https:\/\/www.altominho.tv\/site\/2019\/03\/22\/municipios-do-alto-minho-criam-primeiro-centro-intermunicipal-de-protecao-civil\/\" \/>\n<meta property=\"og:site_name\" content=\"Altominho.tv\" \/>\n<meta property=\"article:publisher\" content=\"https:\/\/www.facebook.com\/altominhotv\" \/>\n<meta property=\"article:published_time\" content=\"2019-03-22T13:00:56+00:00\" \/>\n<meta property=\"article:modified_time\" content=\"2019-03-22T18:03:07+00:00\" \/>\n<meta property=\"og:image\" content=\"https:\/\/www.altominho.tv\/site\/wp-content\/uploads\/2019\/03\/maxresdefault-35.jpg\" \/>\n\t<meta property=\"og:image:width\" content=\"1280\" \/>\n\t<meta property=\"og:image:height\" content=\"720\" \/>\n\t<meta property=\"og:image:type\" content=\"image\/jpeg\" \/>\n<meta name=\"author\" content=\"Andreia Ferreira\" \/>\n<meta name=\"twitter:card\" content=\"summary_large_image\" \/>\n<meta name=\"twitter:creator\" content=\"@altominhoTV\" \/>\n<meta name=\"twitter:site\" content=\"@altominhoTV\" \/>\n<meta name=\"twitter:label1\" content=\"Escrito por\" \/>\n\t<meta name=\"twitter:data1\" content=\"Andreia Ferreira\" \/>\n<script type=\"application\/ld+json\" class=\"yoast-schema-graph\">{\"@context\":\"https:\\\/\\\/schema.org\",\"@graph\":[{\"@type\":\"Article\",\"@id\":\"https:\\\/\\\/www.altominho.tv\\\/site\\\/2019\\\/03\\\/22\\\/municipios-do-alto-minho-criam-primeiro-centro-intermunicipal-de-protecao-civil\\\/#article\",\"isPartOf\":{\"@id\":\"https:\\\/\\\/www.altominho.tv\\\/site\\\/2019\\\/03\\\/22\\\/municipios-do-alto-minho-criam-primeiro-centro-intermunicipal-de-protecao-civil\\\/\"},\"author\":{\"name\":\"Andreia Ferreira\",\"@id\":\"https:\\\/\\\/www.altominho.tv\\\/site\\\/#\\\/schema\\\/person\\\/d9be4265364723f14ea8e0d56a1d38cd\"},\"headline\":\"Munic\u00edpios do Alto Minho criam primeiro centro intermunicipal de Prote\u00e7\u00e3o Civil\",\"datePublished\":\"2019-03-22T13:00:56+00:00\",\"dateModified\":\"2019-03-22T18:03:07+00:00\",\"mainEntityOfPage\":{\"@id\":\"https:\\\/\\\/www.altominho.tv\\\/site\\\/2019\\\/03\\\/22\\\/municipios-do-alto-minho-criam-primeiro-centro-intermunicipal-de-protecao-civil\\\/\"},\"wordCount\":81,\"image\":{\"@id\":\"https:\\\/\\\/www.altominho.tv\\\/site\\\/2019\\\/03\\\/22\\\/municipios-do-alto-minho-criam-primeiro-centro-intermunicipal-de-protecao-civil\\\/#primaryimage\"},\"thumbnailUrl\":\"https:\\\/\\\/www.altominho.tv\\\/site\\\/wp-content\\\/uploads\\\/2019\\\/03\\\/maxresdefault-35.jpg\",\"keywords\":[\"Sociedade\"],\"articleSection\":[\"Vila Nova de Cerveira\"],\"inLanguage\":\"pt-PT\",\"copyrightYear\":\"2019\",\"copyrightHolder\":{\"@id\":\"https:\\\/\\\/www.altominho.tv\\\/site\\\/#organization\"}},{\"@type\":\"WebPage\",\"@id\":\"https:\\\/\\\/www.altominho.tv\\\/site\\\/2019\\\/03\\\/22\\\/municipios-do-alto-minho-criam-primeiro-centro-intermunicipal-de-protecao-civil\\\/\",\"url\":\"https:\\\/\\\/www.altominho.tv\\\/site\\\/2019\\\/03\\\/22\\\/municipios-do-alto-minho-criam-primeiro-centro-intermunicipal-de-protecao-civil\\\/\",\"name\":\"Munic\u00edpios do Alto Minho criam primeiro centro intermunicipal de Prote\u00e7\u00e3o Civil\",\"isPartOf\":{\"@id\":\"https:\\\/\\\/www.altominho.tv\\\/site\\\/#website\"},\"primaryImageOfPage\":{\"@id\":\"https:\\\/\\\/www.altominho.tv\\\/site\\\/2019\\\/03\\\/22\\\/municipios-do-alto-minho-criam-primeiro-centro-intermunicipal-de-protecao-civil\\\/#primaryimage\"},\"image\":{\"@id\":\"https:\\\/\\\/www.altominho.tv\\\/site\\\/2019\\\/03\\\/22\\\/municipios-do-alto-minho-criam-primeiro-centro-intermunicipal-de-protecao-civil\\\/#primaryimage\"},\"thumbnailUrl\":\"https:\\\/\\\/www.altominho.tv\\\/site\\\/wp-content\\\/uploads\\\/2019\\\/03\\\/maxresdefault-35.jpg\",\"datePublished\":\"2019-03-22T13:00:56+00:00\",\"dateModified\":\"2019-03-22T18:03:07+00:00\",\"author\":{\"@id\":\"https:\\\/\\\/www.altominho.tv\\\/site\\\/#\\\/schema\\\/person\\\/d9be4265364723f14ea8e0d56a1d38cd\"},\"breadcrumb\":{\"@id\":\"https:\\\/\\\/www.altominho.tv\\\/site\\\/2019\\\/03\\\/22\\\/municipios-do-alto-minho-criam-primeiro-centro-intermunicipal-de-protecao-civil\\\/#breadcrumb\"},\"inLanguage\":\"pt-PT\",\"potentialAction\":[{\"@type\":\"ReadAction\",\"target\":[\"https:\\\/\\\/www.altominho.tv\\\/site\\\/2019\\\/03\\\/22\\\/municipios-do-alto-minho-criam-primeiro-centro-intermunicipal-de-protecao-civil\\\/\"]}]},{\"@type\":\"ImageObject\",\"inLanguage\":\"pt-PT\",\"@id\":\"https:\\\/\\\/www.altominho.tv\\\/site\\\/2019\\\/03\\\/22\\\/municipios-do-alto-minho-criam-primeiro-centro-intermunicipal-de-protecao-civil\\\/#primaryimage\",\"url\":\"https:\\\/\\\/www.altominho.tv\\\/site\\\/wp-content\\\/uploads\\\/2019\\\/03\\\/maxresdefault-35.jpg\",\"contentUrl\":\"https:\\\/\\\/www.altominho.tv\\\/site\\\/wp-content\\\/uploads\\\/2019\\\/03\\\/maxresdefault-35.jpg\",\"width\":1280,\"height\":720},{\"@type\":\"BreadcrumbList\",\"@id\":\"https:\\\/\\\/www.altominho.tv\\\/site\\\/2019\\\/03\\\/22\\\/municipios-do-alto-minho-criam-primeiro-centro-intermunicipal-de-protecao-civil\\\/#breadcrumb\",\"itemListElement\":[{\"@type\":\"ListItem\",\"position\":1,\"name\":\"In\u00edcio\",\"item\":\"https:\\\/\\\/www.altominho.tv\\\/site\\\/\"},{\"@type\":\"ListItem\",\"position\":2,\"name\":\"Munic\u00edpios do Alto Minho criam primeiro centro intermunicipal de Prote\u00e7\u00e3o Civil\"}]},{\"@type\":\"WebSite\",\"@id\":\"https:\\\/\\\/www.altominho.tv\\\/site\\\/#website\",\"url\":\"https:\\\/\\\/www.altominho.tv\\\/site\\\/\",\"name\":\"Altominho.tv\",\"description\":\"A sua regi\u00e3o \u00e0 dist\u00e2ncia de um clique...\",\"potentialAction\":[{\"@type\":\"SearchAction\",\"target\":{\"@type\":\"EntryPoint\",\"urlTemplate\":\"https:\\\/\\\/www.altominho.tv\\\/site\\\/?s={search_term_string}\"},\"query-input\":{\"@type\":\"PropertyValueSpecification\",\"valueRequired\":true,\"valueName\":\"search_term_string\"}}],\"inLanguage\":\"pt-PT\"},{\"@type\":\"Person\",\"@id\":\"https:\\\/\\\/www.altominho.tv\\\/site\\\/#\\\/schema\\\/person\\\/d9be4265364723f14ea8e0d56a1d38cd\",\"name\":\"Andreia Ferreira\",\"image\":{\"@type\":\"ImageObject\",\"inLanguage\":\"pt-PT\",\"@id\":\"https:\\\/\\\/www.altominho.tv\\\/site\\\/wp-content\\\/uploads\\\/2021\\\/01\\\/AndreiaFerreira-150x150.jpg\",\"url\":\"https:\\\/\\\/www.altominho.tv\\\/site\\\/wp-content\\\/uploads\\\/2021\\\/01\\\/AndreiaFerreira-150x150.jpg\",\"contentUrl\":\"https:\\\/\\\/www.altominho.tv\\\/site\\\/wp-content\\\/uploads\\\/2021\\\/01\\\/AndreiaFerreira-150x150.jpg\",\"caption\":\"Andreia Ferreira\"},\"url\":\"https:\\\/\\\/www.altominho.tv\\\/site\\\/author\\\/andreiaferreira\\\/\"}]}<\/script>\n<meta property=\"og:video\" content=\"https:\/\/www.youtube.com\/embed\/S3BC8Ls0Xwc\" \/>\n<meta property=\"og:video:type\" content=\"text\/html\" \/>\n<meta property=\"og:video:duration\" content=\"157\" \/>\n<meta property=\"og:video:width\" content=\"480\" \/>\n<meta property=\"og:video:height\" content=\"270\" \/>\n<meta property=\"ya:ovs:adult\" content=\"false\" \/>\n<meta property=\"ya:ovs:upload_date\" content=\"2019-03-22T13:00:56+00:00\" \/>\n<meta property=\"ya:ovs:allow_embed\" content=\"true\" \/>\n<!-- \/ Yoast SEO Premium plugin. -->","yoast_head_json":{"title":"Munic\u00edpios do Alto Minho criam primeiro centro intermunicipal de Prote\u00e7\u00e3o Civil","robots":{"index":"index","follow":"follow","max-snippet":"max-snippet:-1","max-image-preview":"max-image-preview:large","max-video-preview":"max-video-preview:-1"},"canonical":"https:\/\/www.altominho.tv\/site\/2019\/03\/22\/municipios-do-alto-minho-criam-primeiro-centro-intermunicipal-de-protecao-civil\/","og_locale":"pt_PT","og_type":"article","og_title":"Munic\u00edpios do Alto Minho criam primeiro centro intermunicipal de Prote\u00e7\u00e3o Civil","og_description":"Os munic\u00edpios de Vila Nova de Cerveira, Valen\u00e7a e Paredes de Coura uniram-se para a cria\u00e7\u00e3o do primeiro centro intermunicipal de Prote\u00e7\u00e3o Civil do pa\u00eds. Projeto foi apresentado ao secret\u00e1rio de Estado da Prote\u00e7\u00e3o Civil, Jos\u00e9 Artur Neves, que considera esta parceria um exemplo a seguir no Alto Minho e em Portugal.","og_url":"https:\/\/www.altominho.tv\/site\/2019\/03\/22\/municipios-do-alto-minho-criam-primeiro-centro-intermunicipal-de-protecao-civil\/","og_site_name":"Altominho.tv","article_publisher":"https:\/\/www.facebook.com\/altominhotv","article_published_time":"2019-03-22T13:00:56+00:00","article_modified_time":"2019-03-22T18:03:07+00:00","og_image":[{"width":1280,"height":720,"url":"https:\/\/www.altominho.tv\/site\/wp-content\/uploads\/2019\/03\/maxresdefault-35.jpg","type":"image\/jpeg"}],"author":"Andreia Ferreira","twitter_card":"summary_large_image","twitter_creator":"@altominhoTV","twitter_site":"@altominhoTV","twitter_misc":{"Escrito por":"Andreia Ferreira"},"schema":{"@context":"https:\/\/schema.org","@graph":[{"@type":"Article","@id":"https:\/\/www.altominho.tv\/site\/2019\/03\/22\/municipios-do-alto-minho-criam-primeiro-centro-intermunicipal-de-protecao-civil\/#article","isPartOf":{"@id":"https:\/\/www.altominho.tv\/site\/2019\/03\/22\/municipios-do-alto-minho-criam-primeiro-centro-intermunicipal-de-protecao-civil\/"},"author":{"name":"Andreia Ferreira","@id":"https:\/\/www.altominho.tv\/site\/#\/schema\/person\/d9be4265364723f14ea8e0d56a1d38cd"},"headline":"Munic\u00edpios do Alto Minho criam primeiro centro intermunicipal de Prote\u00e7\u00e3o Civil","datePublished":"2019-03-22T13:00:56+00:00","dateModified":"2019-03-22T18:03:07+00:00","mainEntityOfPage":{"@id":"https:\/\/www.altominho.tv\/site\/2019\/03\/22\/municipios-do-alto-minho-criam-primeiro-centro-intermunicipal-de-protecao-civil\/"},"wordCount":81,"image":{"@id":"https:\/\/www.altominho.tv\/site\/2019\/03\/22\/municipios-do-alto-minho-criam-primeiro-centro-intermunicipal-de-protecao-civil\/#primaryimage"},"thumbnailUrl":"https:\/\/www.altominho.tv\/site\/wp-content\/uploads\/2019\/03\/maxresdefault-35.jpg","keywords":["Sociedade"],"articleSection":["Vila Nova de Cerveira"],"inLanguage":"pt-PT","copyrightYear":"2019","copyrightHolder":{"@id":"https:\/\/www.altominho.tv\/site\/#organization"}},{"@type":"WebPage","@id":"https:\/\/www.altominho.tv\/site\/2019\/03\/22\/municipios-do-alto-minho-criam-primeiro-centro-intermunicipal-de-protecao-civil\/","url":"https:\/\/www.altominho.tv\/site\/2019\/03\/22\/municipios-do-alto-minho-criam-primeiro-centro-intermunicipal-de-protecao-civil\/","name":"Munic\u00edpios do Alto Minho criam primeiro centro intermunicipal de Prote\u00e7\u00e3o Civil","isPartOf":{"@id":"https:\/\/www.altominho.tv\/site\/#website"},"primaryImageOfPage":{"@id":"https:\/\/www.altominho.tv\/site\/2019\/03\/22\/municipios-do-alto-minho-criam-primeiro-centro-intermunicipal-de-protecao-civil\/#primaryimage"},"image":{"@id":"https:\/\/www.altominho.tv\/site\/2019\/03\/22\/municipios-do-alto-minho-criam-primeiro-centro-intermunicipal-de-protecao-civil\/#primaryimage"},"thumbnailUrl":"https:\/\/www.altominho.tv\/site\/wp-content\/uploads\/2019\/03\/maxresdefault-35.jpg","datePublished":"2019-03-22T13:00:56+00:00","dateModified":"2019-03-22T18:03:07+00:00","author":{"@id":"https:\/\/www.altominho.tv\/site\/#\/schema\/person\/d9be4265364723f14ea8e0d56a1d38cd"},"breadcrumb":{"@id":"https:\/\/www.altominho.tv\/site\/2019\/03\/22\/municipios-do-alto-minho-criam-primeiro-centro-intermunicipal-de-protecao-civil\/#breadcrumb"},"inLanguage":"pt-PT","potentialAction":[{"@type":"ReadAction","target":["https:\/\/www.altominho.tv\/site\/2019\/03\/22\/municipios-do-alto-minho-criam-primeiro-centro-intermunicipal-de-protecao-civil\/"]}]},{"@type":"ImageObject","inLanguage":"pt-PT","@id":"https:\/\/www.altominho.tv\/site\/2019\/03\/22\/municipios-do-alto-minho-criam-primeiro-centro-intermunicipal-de-protecao-civil\/#primaryimage","url":"https:\/\/www.altominho.tv\/site\/wp-content\/uploads\/2019\/03\/maxresdefault-35.jpg","contentUrl":"https:\/\/www.altominho.tv\/site\/wp-content\/uploads\/2019\/03\/maxresdefault-35.jpg","width":1280,"height":720},{"@type":"BreadcrumbList","@id":"https:\/\/www.altominho.tv\/site\/2019\/03\/22\/municipios-do-alto-minho-criam-primeiro-centro-intermunicipal-de-protecao-civil\/#breadcrumb","itemListElement":[{"@type":"ListItem","position":1,"name":"In\u00edcio","item":"https:\/\/www.altominho.tv\/site\/"},{"@type":"ListItem","position":2,"name":"Munic\u00edpios do Alto Minho criam primeiro centro intermunicipal de Prote\u00e7\u00e3o Civil"}]},{"@type":"WebSite","@id":"https:\/\/www.altominho.tv\/site\/#website","url":"https:\/\/www.altominho.tv\/site\/","name":"Altominho.tv","description":"A sua regi\u00e3o \u00e0 dist\u00e2ncia de um clique...","potentialAction":[{"@type":"SearchAction","target":{"@type":"EntryPoint","urlTemplate":"https:\/\/www.altominho.tv\/site\/?s={search_term_string}"},"query-input":{"@type":"PropertyValueSpecification","valueRequired":true,"valueName":"search_term_string"}}],"inLanguage":"pt-PT"},{"@type":"Person","@id":"https:\/\/www.altominho.tv\/site\/#\/schema\/person\/d9be4265364723f14ea8e0d56a1d38cd","name":"Andreia Ferreira","image":{"@type":"ImageObject","inLanguage":"pt-PT","@id":"https:\/\/www.altominho.tv\/site\/wp-content\/uploads\/2021\/01\/AndreiaFerreira-150x150.jpg","url":"https:\/\/www.altominho.tv\/site\/wp-content\/uploads\/2021\/01\/AndreiaFerreira-150x150.jpg","contentUrl":"https:\/\/www.altominho.tv\/site\/wp-content\/uploads\/2021\/01\/AndreiaFerreira-150x150.jpg","caption":"Andreia Ferreira"},"url":"https:\/\/www.altominho.tv\/site\/author\/andreiaferreira\/"}]},"og_video":"https:\/\/www.youtube.com\/embed\/S3BC8Ls0Xwc","og_video_type":"text\/html","og_video_duration":"157","og_video_width":"480","og_video_height":"270","ya_ovs_adult":"false","ya_ovs_upload_date":"2019-03-22T13:00:56+00:00","ya_ovs_allow_embed":"true"},"_links":{"self":[{"href":"https:\/\/www.altominho.tv\/site\/wp-json\/wp\/v2\/posts\/26091","targetHints":{"allow":["GET"]}}],"collection":[{"href":"https:\/\/www.altominho.tv\/site\/wp-json\/wp\/v2\/posts"}],"about":[{"href":"https:\/\/www.altominho.tv\/site\/wp-json\/wp\/v2\/types\/post"}],"author":[{"embeddable":true,"href":"https:\/\/www.altominho.tv\/site\/wp-json\/wp\/v2\/users\/12"}],"replies":[{"embeddable":true,"href":"https:\/\/www.altominho.tv\/site\/wp-json\/wp\/v2\/comments?post=26091"}],"version-history":[{"count":0,"href":"https:\/\/www.altominho.tv\/site\/wp-json\/wp\/v2\/posts\/26091\/revisions"}],"wp:featuredmedia":[{"embeddable":true,"href":"https:\/\/www.altominho.tv\/site\/wp-json\/wp\/v2\/media\/26096"}],"wp:attachment":[{"href":"https:\/\/www.altominho.tv\/site\/wp-json\/wp\/v2\/media?parent=26091"}],"wp:term":[{"taxonomy":"category","embeddable":true,"href":"https:\/\/www.altominho.tv\/site\/wp-json\/wp\/v2\/categories?post=26091"},{"taxonomy":"post_tag","embeddable":true,"href":"https:\/\/www.altominho.tv\/site\/wp-json\/wp\/v2\/tags?post=26091"}],"curies":[{"name":"wp","href":"https:\/\/api.w.org\/{rel}","templated":true}]}}