{"id":25893,"date":"2019-03-19T10:48:23","date_gmt":"2019-03-19T10:48:23","guid":{"rendered":"http:\/\/www.altominho.tv\/site\/?p=25893"},"modified":"2019-10-21T15:48:41","modified_gmt":"2019-10-21T14:48:41","slug":"gnr-faz-18-detencoes-e-deteta-366-infracoes-de-transito-no-alto-minho","status":"publish","type":"post","link":"https:\/\/www.altominho.tv\/site\/2019\/03\/19\/gnr-faz-18-detencoes-e-deteta-366-infracoes-de-transito-no-alto-minho\/","title":{"rendered":"GNR faz 18 deten\u00e7\u00f5es e deteta 366 infra\u00e7\u00f5es de tr\u00e2nsito no Alto Minho"},"content":{"rendered":"<p>A GNR deteve, em flagrante delito, na \u00faltima semana, no distrito de Viana do Castelo, 18 pessoas e detetou 366 infra\u00e7\u00f5es de tr\u00e2nsito.<\/p>\n<p>Em comunicado, com o balan\u00e7o da atividade operacional da semana entre os dias 11 e 17 de mar\u00e7o, o Comando Territorial da GNR de Viana do Castelo explicou que entre as 18 deten\u00e7\u00f5es, 10 foram condu\u00e7\u00e3o sob efeito do \u00e1lcool, tr\u00eas por tr\u00e1fico de estupefacientes, duas por deten\u00e7\u00e3o e tr\u00e1fico de armas proibidas e uma por viol\u00eancia dom\u00e9stica.<\/p>\n<p>J\u00e1 entre as 366 infra\u00e7\u00f5es de tr\u00e2nsito detetadas, contam-se 73 por excesso de velocidade, 25 por uso indevido do telem\u00f3vel no exerc\u00edcio da condu\u00e7\u00e3o, 22 por condu\u00e7\u00e3o com taxa de \u00e1lcool no sangue superior ao permitido por lei, 17 por falta de inspe\u00e7\u00e3o peri\u00f3dica obrigat\u00f3ria e 10 por falta ou incorreta utiliza\u00e7\u00e3o do cinto de seguran\u00e7a e\/ou sistema de reten\u00e7\u00e3o para crian\u00e7as.<\/p>\n<p>Durante este per\u00edodo, os militares da GNR apreenderam 242 doses de haxixe, 13 doses de liamba, duas armas de fogo, duas armas brancas, um telem\u00f3vel e uma balan\u00e7a de precis\u00e3o.<\/p>\n<p>A for\u00e7a policial registou ainda 37 acidentes, dos quais resultaram um ferido grave e dez feridos ligeiros.<\/p>\n","protected":false},"excerpt":{"rendered":"<p>A GNR deteve, em flagrante delito, na \u00faltima semana, no distrito de Viana do Castelo, 18 pessoas e detetou 366 infra\u00e7\u00f5es de tr\u00e2nsito. Em comunicado, com o balan\u00e7o da atividade operacional da semana entre os dias 11 e 17 de mar\u00e7o, o Comando Territorial da GNR de Viana do Castelo explicou que entre as 18 [&hellip;]<\/p>\n","protected":false},"author":12,"featured_media":25894,"comment_status":"closed","ping_status":"closed","sticky":false,"template":"","format":"standard","meta":{"_exactmetrics_skip_tracking":false,"footnotes":""},"categories":[73],"tags":[27],"class_list":["post-25893","post","type-post","status-publish","format-standard","has-post-thumbnail","hentry","category-alto-minho","tag-sociedade"],"yoast_head":"<!-- This site is optimized with the Yoast SEO Premium plugin v28.3 (Yoast SEO v28.3) - https:\/\/yoast.com\/product\/yoast-seo-premium-wordpress\/ -->\n<title>GNR faz 18 deten\u00e7\u00f5es e deteta 366 infra\u00e7\u00f5es de tr\u00e2nsito no Alto Minho<\/title>\n<meta name=\"robots\" content=\"index, follow, max-snippet:-1, max-image-preview:large, max-video-preview:-1\" \/>\n<link rel=\"canonical\" href=\"https:\/\/www.altominho.tv\/site\/2019\/03\/19\/gnr-faz-18-detencoes-e-deteta-366-infracoes-de-transito-no-alto-minho\/\" \/>\n<meta property=\"og:locale\" content=\"pt_PT\" \/>\n<meta property=\"og:type\" content=\"article\" \/>\n<meta property=\"og:title\" content=\"GNR faz 18 deten\u00e7\u00f5es e deteta 366 infra\u00e7\u00f5es de tr\u00e2nsito no Alto Minho\" \/>\n<meta property=\"og:description\" content=\"A GNR deteve, em flagrante delito, na \u00faltima semana, no distrito de Viana do Castelo, 18 pessoas e detetou 366 infra\u00e7\u00f5es de tr\u00e2nsito. Em comunicado, com o balan\u00e7o da atividade operacional da semana entre os dias 11 e 17 de mar\u00e7o, o Comando Territorial da GNR de Viana do Castelo explicou que entre as 18 [&hellip;]\" \/>\n<meta property=\"og:url\" content=\"https:\/\/www.altominho.tv\/site\/2019\/03\/19\/gnr-faz-18-detencoes-e-deteta-366-infracoes-de-transito-no-alto-minho\/\" \/>\n<meta property=\"og:site_name\" content=\"Altominho.tv\" \/>\n<meta property=\"article:publisher\" content=\"https:\/\/www.facebook.com\/altominhotv\" \/>\n<meta property=\"article:published_time\" content=\"2019-03-19T10:48:23+00:00\" \/>\n<meta property=\"article:modified_time\" content=\"2019-10-21T14:48:41+00:00\" \/>\n<meta property=\"og:image\" content=\"https:\/\/www.altominho.tv\/site\/wp-content\/uploads\/2019\/03\/gnr-operac\u0327a\u0303o-transito-mercurio.jpg\" \/>\n\t<meta property=\"og:image:width\" content=\"2048\" \/>\n\t<meta property=\"og:image:height\" content=\"1365\" \/>\n\t<meta property=\"og:image:type\" content=\"image\/jpeg\" \/>\n<meta name=\"author\" content=\"Andreia Ferreira\" \/>\n<meta name=\"twitter:card\" content=\"summary_large_image\" \/>\n<meta name=\"twitter:creator\" content=\"@altominhoTV\" \/>\n<meta name=\"twitter:site\" content=\"@altominhoTV\" \/>\n<meta name=\"twitter:label1\" content=\"Escrito por\" \/>\n\t<meta name=\"twitter:data1\" content=\"Andreia Ferreira\" \/>\n\t<meta name=\"twitter:label2\" content=\"Tempo estimado de leitura\" \/>\n\t<meta name=\"twitter:data2\" content=\"1 minuto\" \/>\n<script type=\"application\/ld+json\" class=\"yoast-schema-graph\">{\"@context\":\"https:\\\/\\\/schema.org\",\"@graph\":[{\"@type\":\"Article\",\"@id\":\"https:\\\/\\\/www.altominho.tv\\\/site\\\/2019\\\/03\\\/19\\\/gnr-faz-18-detencoes-e-deteta-366-infracoes-de-transito-no-alto-minho\\\/#article\",\"isPartOf\":{\"@id\":\"https:\\\/\\\/www.altominho.tv\\\/site\\\/2019\\\/03\\\/19\\\/gnr-faz-18-detencoes-e-deteta-366-infracoes-de-transito-no-alto-minho\\\/\"},\"author\":{\"name\":\"Andreia Ferreira\",\"@id\":\"https:\\\/\\\/www.altominho.tv\\\/site\\\/#\\\/schema\\\/person\\\/d9be4265364723f14ea8e0d56a1d38cd\"},\"headline\":\"GNR faz 18 deten\u00e7\u00f5es e deteta 366 infra\u00e7\u00f5es de tr\u00e2nsito no Alto Minho\",\"datePublished\":\"2019-03-19T10:48:23+00:00\",\"dateModified\":\"2019-10-21T14:48:41+00:00\",\"mainEntityOfPage\":{\"@id\":\"https:\\\/\\\/www.altominho.tv\\\/site\\\/2019\\\/03\\\/19\\\/gnr-faz-18-detencoes-e-deteta-366-infracoes-de-transito-no-alto-minho\\\/\"},\"wordCount\":220,\"image\":{\"@id\":\"https:\\\/\\\/www.altominho.tv\\\/site\\\/2019\\\/03\\\/19\\\/gnr-faz-18-detencoes-e-deteta-366-infracoes-de-transito-no-alto-minho\\\/#primaryimage\"},\"thumbnailUrl\":\"https:\\\/\\\/www.altominho.tv\\\/site\\\/wp-content\\\/uploads\\\/2019\\\/03\\\/gnr-operac\u0327a\u0303o-transito-mercurio.jpg\",\"keywords\":[\"Sociedade\"],\"articleSection\":[\"Alto Minho\"],\"inLanguage\":\"pt-PT\",\"copyrightYear\":\"2019\",\"copyrightHolder\":{\"@id\":\"https:\\\/\\\/www.altominho.tv\\\/site\\\/#organization\"}},{\"@type\":\"WebPage\",\"@id\":\"https:\\\/\\\/www.altominho.tv\\\/site\\\/2019\\\/03\\\/19\\\/gnr-faz-18-detencoes-e-deteta-366-infracoes-de-transito-no-alto-minho\\\/\",\"url\":\"https:\\\/\\\/www.altominho.tv\\\/site\\\/2019\\\/03\\\/19\\\/gnr-faz-18-detencoes-e-deteta-366-infracoes-de-transito-no-alto-minho\\\/\",\"name\":\"GNR faz 18 deten\u00e7\u00f5es e deteta 366 infra\u00e7\u00f5es de tr\u00e2nsito no Alto Minho\",\"isPartOf\":{\"@id\":\"https:\\\/\\\/www.altominho.tv\\\/site\\\/#website\"},\"primaryImageOfPage\":{\"@id\":\"https:\\\/\\\/www.altominho.tv\\\/site\\\/2019\\\/03\\\/19\\\/gnr-faz-18-detencoes-e-deteta-366-infracoes-de-transito-no-alto-minho\\\/#primaryimage\"},\"image\":{\"@id\":\"https:\\\/\\\/www.altominho.tv\\\/site\\\/2019\\\/03\\\/19\\\/gnr-faz-18-detencoes-e-deteta-366-infracoes-de-transito-no-alto-minho\\\/#primaryimage\"},\"thumbnailUrl\":\"https:\\\/\\\/www.altominho.tv\\\/site\\\/wp-content\\\/uploads\\\/2019\\\/03\\\/gnr-operac\u0327a\u0303o-transito-mercurio.jpg\",\"datePublished\":\"2019-03-19T10:48:23+00:00\",\"dateModified\":\"2019-10-21T14:48:41+00:00\",\"author\":{\"@id\":\"https:\\\/\\\/www.altominho.tv\\\/site\\\/#\\\/schema\\\/person\\\/d9be4265364723f14ea8e0d56a1d38cd\"},\"breadcrumb\":{\"@id\":\"https:\\\/\\\/www.altominho.tv\\\/site\\\/2019\\\/03\\\/19\\\/gnr-faz-18-detencoes-e-deteta-366-infracoes-de-transito-no-alto-minho\\\/#breadcrumb\"},\"inLanguage\":\"pt-PT\",\"potentialAction\":[{\"@type\":\"ReadAction\",\"target\":[\"https:\\\/\\\/www.altominho.tv\\\/site\\\/2019\\\/03\\\/19\\\/gnr-faz-18-detencoes-e-deteta-366-infracoes-de-transito-no-alto-minho\\\/\"]}]},{\"@type\":\"ImageObject\",\"inLanguage\":\"pt-PT\",\"@id\":\"https:\\\/\\\/www.altominho.tv\\\/site\\\/2019\\\/03\\\/19\\\/gnr-faz-18-detencoes-e-deteta-366-infracoes-de-transito-no-alto-minho\\\/#primaryimage\",\"url\":\"https:\\\/\\\/www.altominho.tv\\\/site\\\/wp-content\\\/uploads\\\/2019\\\/03\\\/gnr-operac\u0327a\u0303o-transito-mercurio.jpg\",\"contentUrl\":\"https:\\\/\\\/www.altominho.tv\\\/site\\\/wp-content\\\/uploads\\\/2019\\\/03\\\/gnr-operac\u0327a\u0303o-transito-mercurio.jpg\",\"width\":2048,\"height\":1365},{\"@type\":\"BreadcrumbList\",\"@id\":\"https:\\\/\\\/www.altominho.tv\\\/site\\\/2019\\\/03\\\/19\\\/gnr-faz-18-detencoes-e-deteta-366-infracoes-de-transito-no-alto-minho\\\/#breadcrumb\",\"itemListElement\":[{\"@type\":\"ListItem\",\"position\":1,\"name\":\"In\u00edcio\",\"item\":\"https:\\\/\\\/www.altominho.tv\\\/site\\\/\"},{\"@type\":\"ListItem\",\"position\":2,\"name\":\"GNR faz 18 deten\u00e7\u00f5es e deteta 366 infra\u00e7\u00f5es de tr\u00e2nsito no Alto Minho\"}]},{\"@type\":\"WebSite\",\"@id\":\"https:\\\/\\\/www.altominho.tv\\\/site\\\/#website\",\"url\":\"https:\\\/\\\/www.altominho.tv\\\/site\\\/\",\"name\":\"Altominho.tv\",\"description\":\"A sua regi\u00e3o \u00e0 dist\u00e2ncia de um clique...\",\"potentialAction\":[{\"@type\":\"SearchAction\",\"target\":{\"@type\":\"EntryPoint\",\"urlTemplate\":\"https:\\\/\\\/www.altominho.tv\\\/site\\\/?s={search_term_string}\"},\"query-input\":{\"@type\":\"PropertyValueSpecification\",\"valueRequired\":true,\"valueName\":\"search_term_string\"}}],\"inLanguage\":\"pt-PT\"},{\"@type\":\"Person\",\"@id\":\"https:\\\/\\\/www.altominho.tv\\\/site\\\/#\\\/schema\\\/person\\\/d9be4265364723f14ea8e0d56a1d38cd\",\"name\":\"Andreia Ferreira\",\"image\":{\"@type\":\"ImageObject\",\"inLanguage\":\"pt-PT\",\"@id\":\"https:\\\/\\\/www.altominho.tv\\\/site\\\/wp-content\\\/uploads\\\/2021\\\/01\\\/AndreiaFerreira-150x150.jpg\",\"url\":\"https:\\\/\\\/www.altominho.tv\\\/site\\\/wp-content\\\/uploads\\\/2021\\\/01\\\/AndreiaFerreira-150x150.jpg\",\"contentUrl\":\"https:\\\/\\\/www.altominho.tv\\\/site\\\/wp-content\\\/uploads\\\/2021\\\/01\\\/AndreiaFerreira-150x150.jpg\",\"caption\":\"Andreia Ferreira\"},\"url\":\"https:\\\/\\\/www.altominho.tv\\\/site\\\/author\\\/andreiaferreira\\\/\"}]}<\/script>\n<!-- \/ Yoast SEO Premium plugin. -->","yoast_head_json":{"title":"GNR faz 18 deten\u00e7\u00f5es e deteta 366 infra\u00e7\u00f5es de tr\u00e2nsito no Alto Minho","robots":{"index":"index","follow":"follow","max-snippet":"max-snippet:-1","max-image-preview":"max-image-preview:large","max-video-preview":"max-video-preview:-1"},"canonical":"https:\/\/www.altominho.tv\/site\/2019\/03\/19\/gnr-faz-18-detencoes-e-deteta-366-infracoes-de-transito-no-alto-minho\/","og_locale":"pt_PT","og_type":"article","og_title":"GNR faz 18 deten\u00e7\u00f5es e deteta 366 infra\u00e7\u00f5es de tr\u00e2nsito no Alto Minho","og_description":"A GNR deteve, em flagrante delito, na \u00faltima semana, no distrito de Viana do Castelo, 18 pessoas e detetou 366 infra\u00e7\u00f5es de tr\u00e2nsito. Em comunicado, com o balan\u00e7o da atividade operacional da semana entre os dias 11 e 17 de mar\u00e7o, o Comando Territorial da GNR de Viana do Castelo explicou que entre as 18 [&hellip;]","og_url":"https:\/\/www.altominho.tv\/site\/2019\/03\/19\/gnr-faz-18-detencoes-e-deteta-366-infracoes-de-transito-no-alto-minho\/","og_site_name":"Altominho.tv","article_publisher":"https:\/\/www.facebook.com\/altominhotv","article_published_time":"2019-03-19T10:48:23+00:00","article_modified_time":"2019-10-21T14:48:41+00:00","og_image":[{"width":2048,"height":1365,"url":"https:\/\/www.altominho.tv\/site\/wp-content\/uploads\/2019\/03\/gnr-operac\u0327a\u0303o-transito-mercurio.jpg","type":"image\/jpeg"}],"author":"Andreia Ferreira","twitter_card":"summary_large_image","twitter_creator":"@altominhoTV","twitter_site":"@altominhoTV","twitter_misc":{"Escrito por":"Andreia Ferreira","Tempo estimado de leitura":"1 minuto"},"schema":{"@context":"https:\/\/schema.org","@graph":[{"@type":"Article","@id":"https:\/\/www.altominho.tv\/site\/2019\/03\/19\/gnr-faz-18-detencoes-e-deteta-366-infracoes-de-transito-no-alto-minho\/#article","isPartOf":{"@id":"https:\/\/www.altominho.tv\/site\/2019\/03\/19\/gnr-faz-18-detencoes-e-deteta-366-infracoes-de-transito-no-alto-minho\/"},"author":{"name":"Andreia Ferreira","@id":"https:\/\/www.altominho.tv\/site\/#\/schema\/person\/d9be4265364723f14ea8e0d56a1d38cd"},"headline":"GNR faz 18 deten\u00e7\u00f5es e deteta 366 infra\u00e7\u00f5es de tr\u00e2nsito no Alto Minho","datePublished":"2019-03-19T10:48:23+00:00","dateModified":"2019-10-21T14:48:41+00:00","mainEntityOfPage":{"@id":"https:\/\/www.altominho.tv\/site\/2019\/03\/19\/gnr-faz-18-detencoes-e-deteta-366-infracoes-de-transito-no-alto-minho\/"},"wordCount":220,"image":{"@id":"https:\/\/www.altominho.tv\/site\/2019\/03\/19\/gnr-faz-18-detencoes-e-deteta-366-infracoes-de-transito-no-alto-minho\/#primaryimage"},"thumbnailUrl":"https:\/\/www.altominho.tv\/site\/wp-content\/uploads\/2019\/03\/gnr-operac\u0327a\u0303o-transito-mercurio.jpg","keywords":["Sociedade"],"articleSection":["Alto Minho"],"inLanguage":"pt-PT","copyrightYear":"2019","copyrightHolder":{"@id":"https:\/\/www.altominho.tv\/site\/#organization"}},{"@type":"WebPage","@id":"https:\/\/www.altominho.tv\/site\/2019\/03\/19\/gnr-faz-18-detencoes-e-deteta-366-infracoes-de-transito-no-alto-minho\/","url":"https:\/\/www.altominho.tv\/site\/2019\/03\/19\/gnr-faz-18-detencoes-e-deteta-366-infracoes-de-transito-no-alto-minho\/","name":"GNR faz 18 deten\u00e7\u00f5es e deteta 366 infra\u00e7\u00f5es de tr\u00e2nsito no Alto Minho","isPartOf":{"@id":"https:\/\/www.altominho.tv\/site\/#website"},"primaryImageOfPage":{"@id":"https:\/\/www.altominho.tv\/site\/2019\/03\/19\/gnr-faz-18-detencoes-e-deteta-366-infracoes-de-transito-no-alto-minho\/#primaryimage"},"image":{"@id":"https:\/\/www.altominho.tv\/site\/2019\/03\/19\/gnr-faz-18-detencoes-e-deteta-366-infracoes-de-transito-no-alto-minho\/#primaryimage"},"thumbnailUrl":"https:\/\/www.altominho.tv\/site\/wp-content\/uploads\/2019\/03\/gnr-operac\u0327a\u0303o-transito-mercurio.jpg","datePublished":"2019-03-19T10:48:23+00:00","dateModified":"2019-10-21T14:48:41+00:00","author":{"@id":"https:\/\/www.altominho.tv\/site\/#\/schema\/person\/d9be4265364723f14ea8e0d56a1d38cd"},"breadcrumb":{"@id":"https:\/\/www.altominho.tv\/site\/2019\/03\/19\/gnr-faz-18-detencoes-e-deteta-366-infracoes-de-transito-no-alto-minho\/#breadcrumb"},"inLanguage":"pt-PT","potentialAction":[{"@type":"ReadAction","target":["https:\/\/www.altominho.tv\/site\/2019\/03\/19\/gnr-faz-18-detencoes-e-deteta-366-infracoes-de-transito-no-alto-minho\/"]}]},{"@type":"ImageObject","inLanguage":"pt-PT","@id":"https:\/\/www.altominho.tv\/site\/2019\/03\/19\/gnr-faz-18-detencoes-e-deteta-366-infracoes-de-transito-no-alto-minho\/#primaryimage","url":"https:\/\/www.altominho.tv\/site\/wp-content\/uploads\/2019\/03\/gnr-operac\u0327a\u0303o-transito-mercurio.jpg","contentUrl":"https:\/\/www.altominho.tv\/site\/wp-content\/uploads\/2019\/03\/gnr-operac\u0327a\u0303o-transito-mercurio.jpg","width":2048,"height":1365},{"@type":"BreadcrumbList","@id":"https:\/\/www.altominho.tv\/site\/2019\/03\/19\/gnr-faz-18-detencoes-e-deteta-366-infracoes-de-transito-no-alto-minho\/#breadcrumb","itemListElement":[{"@type":"ListItem","position":1,"name":"In\u00edcio","item":"https:\/\/www.altominho.tv\/site\/"},{"@type":"ListItem","position":2,"name":"GNR faz 18 deten\u00e7\u00f5es e deteta 366 infra\u00e7\u00f5es de tr\u00e2nsito no Alto Minho"}]},{"@type":"WebSite","@id":"https:\/\/www.altominho.tv\/site\/#website","url":"https:\/\/www.altominho.tv\/site\/","name":"Altominho.tv","description":"A sua regi\u00e3o \u00e0 dist\u00e2ncia de um clique...","potentialAction":[{"@type":"SearchAction","target":{"@type":"EntryPoint","urlTemplate":"https:\/\/www.altominho.tv\/site\/?s={search_term_string}"},"query-input":{"@type":"PropertyValueSpecification","valueRequired":true,"valueName":"search_term_string"}}],"inLanguage":"pt-PT"},{"@type":"Person","@id":"https:\/\/www.altominho.tv\/site\/#\/schema\/person\/d9be4265364723f14ea8e0d56a1d38cd","name":"Andreia Ferreira","image":{"@type":"ImageObject","inLanguage":"pt-PT","@id":"https:\/\/www.altominho.tv\/site\/wp-content\/uploads\/2021\/01\/AndreiaFerreira-150x150.jpg","url":"https:\/\/www.altominho.tv\/site\/wp-content\/uploads\/2021\/01\/AndreiaFerreira-150x150.jpg","contentUrl":"https:\/\/www.altominho.tv\/site\/wp-content\/uploads\/2021\/01\/AndreiaFerreira-150x150.jpg","caption":"Andreia Ferreira"},"url":"https:\/\/www.altominho.tv\/site\/author\/andreiaferreira\/"}]}},"_links":{"self":[{"href":"https:\/\/www.altominho.tv\/site\/wp-json\/wp\/v2\/posts\/25893","targetHints":{"allow":["GET"]}}],"collection":[{"href":"https:\/\/www.altominho.tv\/site\/wp-json\/wp\/v2\/posts"}],"about":[{"href":"https:\/\/www.altominho.tv\/site\/wp-json\/wp\/v2\/types\/post"}],"author":[{"embeddable":true,"href":"https:\/\/www.altominho.tv\/site\/wp-json\/wp\/v2\/users\/12"}],"replies":[{"embeddable":true,"href":"https:\/\/www.altominho.tv\/site\/wp-json\/wp\/v2\/comments?post=25893"}],"version-history":[{"count":0,"href":"https:\/\/www.altominho.tv\/site\/wp-json\/wp\/v2\/posts\/25893\/revisions"}],"wp:featuredmedia":[{"embeddable":true,"href":"https:\/\/www.altominho.tv\/site\/wp-json\/wp\/v2\/media\/25894"}],"wp:attachment":[{"href":"https:\/\/www.altominho.tv\/site\/wp-json\/wp\/v2\/media?parent=25893"}],"wp:term":[{"taxonomy":"category","embeddable":true,"href":"https:\/\/www.altominho.tv\/site\/wp-json\/wp\/v2\/categories?post=25893"},{"taxonomy":"post_tag","embeddable":true,"href":"https:\/\/www.altominho.tv\/site\/wp-json\/wp\/v2\/tags?post=25893"}],"curies":[{"name":"wp","href":"https:\/\/api.w.org\/{rel}","templated":true}]}}