{"id":25842,"date":"2019-03-18T13:36:33","date_gmt":"2019-03-18T13:36:33","guid":{"rendered":"http:\/\/www.altominho.tv\/site\/?p=25842"},"modified":"2019-03-18T13:36:33","modified_gmt":"2019-03-18T13:36:33","slug":"distrito-de-viana-do-castelo-apresenta-32-candidaturas-as-7-maravilhas-doces-de-portugal","status":"publish","type":"post","link":"https:\/\/www.altominho.tv\/site\/2019\/03\/18\/distrito-de-viana-do-castelo-apresenta-32-candidaturas-as-7-maravilhas-doces-de-portugal\/","title":{"rendered":"Distrito de Viana do Castelo apresenta 32 candidaturas \u00e0s 7 Maravilhas Doces de Portugal"},"content":{"rendered":"<p>As candidaturas \u00e0s 7 Maravilhas Doces de Portugal terminaram este domingo, com 907 inscri\u00e7\u00f5es de todo o pa\u00eds nas sete categorias a concurso. No distrito de Viana do Castelo, foram submetidas 32 propostas.<\/p>\n<p>Segundo a organiza\u00e7\u00e3o, a oitava edi\u00e7\u00e3o do evento teve &#8220;o maior envolvimento de sempre numa elei\u00e7\u00e3o das 7 Maravilhas&#8221;.<\/p>\n<p>\u201cEstivemos a receber inscri\u00e7\u00f5es at\u00e9 ao \u00faltimo minuto de ontem, numa mobiliza\u00e7\u00e3o sem precedentes numa elei\u00e7\u00e3o 7 Maravilhas. Nunca t\u00ednhamos recebido tantas candidaturas, o que n\u00e3o s\u00f3 nos permite ter uma representatividade e diversidade extraordin\u00e1rias de toda a do\u00e7aria portuguesa, demonstrando que todo o pa\u00eds vive intensamente os nossos doces\u201d, afirma o presidente das 7 Maravilhas, Luis Segad\u00e3es, na nota enviada \u00e0 imprensa.<\/p>\n<p>Das 907 candidaturas apresentadas, a categoria de \u201cDoces de Territ\u00f3rio\u201d \u00e9 a que conta com mais inscri\u00e7\u00f5es, num total de 246 candidaturas. Seguida pela categoria de \u201cDoces de Inova\u00e7\u00e3o\u201d, que pretende, simultaneamente, valorizar a do\u00e7aria tradicional e apostar na inova\u00e7\u00e3o, incentivando o empreendedorismo local, e que contou com 175 doces candidatos.<\/p>\n<p>A categoria de \u201cDoce de Colher e Doce de Fatia\u201d contou com 126 inscri\u00e7\u00f5es, seguindo-se os \u201cDoces de Pastelaria\u201d com 107 candidaturas, os \u201cDoces Festivos\u201d com 101 candidatos e os \u201cBiscoitos e Bolos Secos\u201d com 91 propostas.<\/p>\n<p>As inscri\u00e7\u00f5es chegaram de\u00a0Aveiro (63), Beja (28), Braga (28), Bragan\u00e7a (41), Castelo Branco (40), Coimbra (62), \u00c9vora (53), Faro (47), Guarda (40),\u00a0Leiria (63), Lisboa (69), Portalegre (35),\u00a0Porto (63), Santar\u00e9m (53),\u00a0Set\u00fabal (60), Viana do Castelo (32),\u00a0Vila Real (36),\u00a0Viseu (47),\u00a0A\u00e7ores (21) e Madeira (26).<\/p>\n<p>As candidaturas submetidas numa plataforma online, por entidades p\u00fablicas, privadas e por pessoas singulares, v\u00e3o ser agora validadas pelo Conselho Cient\u00edfico.<\/p>\n<p>Ap\u00f3s validadas todas as candidaturas, v\u00e3o ser selecionados 21 doces de cada distrito ou regi\u00e3o aut\u00f3noma, organizados pelas sete categorias, sendo tr\u00eas de cada categoria, num total nacional que pode atingir os 420 doces.<\/p>\n<p>Posteriormente, vai decorrer uma nova vota\u00e7\u00e3o para reduzir a lista a sete doces por distrito ou regi\u00e3o aut\u00f3noma, chegando \u00e0 lista final de 140 doces que ser\u00e1 revelada\u00a0no dia 8 de maio.<\/p>\n<p>Estes doces ser\u00e3o votados pelo p\u00fablico em 20 programas emitidos\u00a0em direto pela RTP e, de cada programa, sair\u00e1 um pr\u00e9-finalista que passa \u00e0s semifinais.<\/p>\n<p>Os 28 pr\u00e9-finalistas ser\u00e3o depois divididos por sorteio pelas duas semifinais, transmitidas nos dias 24 e 31 de agosto. Em cada semifinal s\u00e3o apurados os sete doces com mais votos contabilizados.<\/p>\n<p>A gala final vai decorrer a 7 de setembro e ser\u00e1 transmitida pela RTP1, em hor\u00e1rio nobre. Dos 14 finalistas apurados v\u00e3o ser eleitos sete doces pelos portugueses como 7 Maravilhas de Portugal.<\/p>\n","protected":false},"excerpt":{"rendered":"<p>As candidaturas \u00e0s 7 Maravilhas Doces de Portugal terminaram este domingo, com 907 inscri\u00e7\u00f5es de todo o pa\u00eds nas sete categorias a concurso. No distrito de Viana do Castelo, foram submetidas 32 propostas. Segundo a organiza\u00e7\u00e3o, a oitava edi\u00e7\u00e3o do evento teve &#8220;o maior envolvimento de sempre numa elei\u00e7\u00e3o das 7 Maravilhas&#8221;. \u201cEstivemos a receber [&hellip;]<\/p>\n","protected":false},"author":12,"featured_media":25843,"comment_status":"closed","ping_status":"closed","sticky":false,"template":"","format":"standard","meta":{"_exactmetrics_skip_tracking":false,"footnotes":""},"categories":[73],"tags":[19],"class_list":["post-25842","post","type-post","status-publish","format-standard","has-post-thumbnail","hentry","category-alto-minho","tag-cultura"],"yoast_head":"<!-- This site is optimized with the Yoast SEO Premium plugin v28.3 (Yoast SEO v28.3) - https:\/\/yoast.com\/product\/yoast-seo-premium-wordpress\/ -->\n<title>Distrito de Viana do Castelo apresenta 32 candidaturas \u00e0s 7 Maravilhas Doces de Portugal<\/title>\n<meta name=\"robots\" content=\"index, follow, max-snippet:-1, max-image-preview:large, max-video-preview:-1\" \/>\n<link rel=\"canonical\" href=\"https:\/\/www.altominho.tv\/site\/2019\/03\/18\/distrito-de-viana-do-castelo-apresenta-32-candidaturas-as-7-maravilhas-doces-de-portugal\/\" \/>\n<meta property=\"og:locale\" content=\"pt_PT\" \/>\n<meta property=\"og:type\" content=\"article\" \/>\n<meta property=\"og:title\" content=\"Distrito de Viana do Castelo apresenta 32 candidaturas \u00e0s 7 Maravilhas Doces de Portugal\" \/>\n<meta property=\"og:description\" content=\"As candidaturas \u00e0s 7 Maravilhas Doces de Portugal terminaram este domingo, com 907 inscri\u00e7\u00f5es de todo o pa\u00eds nas sete categorias a concurso. No distrito de Viana do Castelo, foram submetidas 32 propostas. Segundo a organiza\u00e7\u00e3o, a oitava edi\u00e7\u00e3o do evento teve &#8220;o maior envolvimento de sempre numa elei\u00e7\u00e3o das 7 Maravilhas&#8221;. \u201cEstivemos a receber [&hellip;]\" \/>\n<meta property=\"og:url\" content=\"https:\/\/www.altominho.tv\/site\/2019\/03\/18\/distrito-de-viana-do-castelo-apresenta-32-candidaturas-as-7-maravilhas-doces-de-portugal\/\" \/>\n<meta property=\"og:site_name\" content=\"Altominho.tv\" \/>\n<meta property=\"article:publisher\" content=\"https:\/\/www.facebook.com\/altominhotv\" \/>\n<meta property=\"article:published_time\" content=\"2019-03-18T13:36:33+00:00\" \/>\n<meta property=\"og:image\" content=\"https:\/\/www.altominho.tv\/site\/wp-content\/uploads\/2019\/03\/Logo_7_Maravilhas_Doces_Portugal_2019-e1552915326647.jpg\" \/>\n\t<meta property=\"og:image:width\" content=\"4961\" \/>\n\t<meta property=\"og:image:height\" content=\"2852\" \/>\n\t<meta property=\"og:image:type\" content=\"image\/jpeg\" \/>\n<meta name=\"author\" content=\"Andreia Ferreira\" \/>\n<meta name=\"twitter:card\" content=\"summary_large_image\" \/>\n<meta name=\"twitter:creator\" content=\"@altominhoTV\" \/>\n<meta name=\"twitter:site\" content=\"@altominhoTV\" \/>\n<meta name=\"twitter:label1\" content=\"Escrito por\" \/>\n\t<meta name=\"twitter:data1\" content=\"Andreia Ferreira\" \/>\n\t<meta name=\"twitter:label2\" content=\"Tempo estimado de leitura\" \/>\n\t<meta name=\"twitter:data2\" content=\"2 minutos\" \/>\n<script type=\"application\/ld+json\" class=\"yoast-schema-graph\">{\"@context\":\"https:\\\/\\\/schema.org\",\"@graph\":[{\"@type\":\"Article\",\"@id\":\"https:\\\/\\\/www.altominho.tv\\\/site\\\/2019\\\/03\\\/18\\\/distrito-de-viana-do-castelo-apresenta-32-candidaturas-as-7-maravilhas-doces-de-portugal\\\/#article\",\"isPartOf\":{\"@id\":\"https:\\\/\\\/www.altominho.tv\\\/site\\\/2019\\\/03\\\/18\\\/distrito-de-viana-do-castelo-apresenta-32-candidaturas-as-7-maravilhas-doces-de-portugal\\\/\"},\"author\":{\"name\":\"Andreia Ferreira\",\"@id\":\"https:\\\/\\\/www.altominho.tv\\\/site\\\/#\\\/schema\\\/person\\\/d9be4265364723f14ea8e0d56a1d38cd\"},\"headline\":\"Distrito de Viana do Castelo apresenta 32 candidaturas \u00e0s 7 Maravilhas Doces de Portugal\",\"datePublished\":\"2019-03-18T13:36:33+00:00\",\"mainEntityOfPage\":{\"@id\":\"https:\\\/\\\/www.altominho.tv\\\/site\\\/2019\\\/03\\\/18\\\/distrito-de-viana-do-castelo-apresenta-32-candidaturas-as-7-maravilhas-doces-de-portugal\\\/\"},\"wordCount\":438,\"image\":{\"@id\":\"https:\\\/\\\/www.altominho.tv\\\/site\\\/2019\\\/03\\\/18\\\/distrito-de-viana-do-castelo-apresenta-32-candidaturas-as-7-maravilhas-doces-de-portugal\\\/#primaryimage\"},\"thumbnailUrl\":\"https:\\\/\\\/www.altominho.tv\\\/site\\\/wp-content\\\/uploads\\\/2019\\\/03\\\/Logo_7_Maravilhas_Doces_Portugal_2019-e1552915326647.jpg\",\"keywords\":[\"Cultura\"],\"articleSection\":[\"Alto Minho\"],\"inLanguage\":\"pt-PT\",\"copyrightYear\":\"2019\",\"copyrightHolder\":{\"@id\":\"https:\\\/\\\/www.altominho.tv\\\/site\\\/#organization\"}},{\"@type\":\"WebPage\",\"@id\":\"https:\\\/\\\/www.altominho.tv\\\/site\\\/2019\\\/03\\\/18\\\/distrito-de-viana-do-castelo-apresenta-32-candidaturas-as-7-maravilhas-doces-de-portugal\\\/\",\"url\":\"https:\\\/\\\/www.altominho.tv\\\/site\\\/2019\\\/03\\\/18\\\/distrito-de-viana-do-castelo-apresenta-32-candidaturas-as-7-maravilhas-doces-de-portugal\\\/\",\"name\":\"Distrito de Viana do Castelo apresenta 32 candidaturas \u00e0s 7 Maravilhas Doces de Portugal\",\"isPartOf\":{\"@id\":\"https:\\\/\\\/www.altominho.tv\\\/site\\\/#website\"},\"primaryImageOfPage\":{\"@id\":\"https:\\\/\\\/www.altominho.tv\\\/site\\\/2019\\\/03\\\/18\\\/distrito-de-viana-do-castelo-apresenta-32-candidaturas-as-7-maravilhas-doces-de-portugal\\\/#primaryimage\"},\"image\":{\"@id\":\"https:\\\/\\\/www.altominho.tv\\\/site\\\/2019\\\/03\\\/18\\\/distrito-de-viana-do-castelo-apresenta-32-candidaturas-as-7-maravilhas-doces-de-portugal\\\/#primaryimage\"},\"thumbnailUrl\":\"https:\\\/\\\/www.altominho.tv\\\/site\\\/wp-content\\\/uploads\\\/2019\\\/03\\\/Logo_7_Maravilhas_Doces_Portugal_2019-e1552915326647.jpg\",\"datePublished\":\"2019-03-18T13:36:33+00:00\",\"author\":{\"@id\":\"https:\\\/\\\/www.altominho.tv\\\/site\\\/#\\\/schema\\\/person\\\/d9be4265364723f14ea8e0d56a1d38cd\"},\"breadcrumb\":{\"@id\":\"https:\\\/\\\/www.altominho.tv\\\/site\\\/2019\\\/03\\\/18\\\/distrito-de-viana-do-castelo-apresenta-32-candidaturas-as-7-maravilhas-doces-de-portugal\\\/#breadcrumb\"},\"inLanguage\":\"pt-PT\",\"potentialAction\":[{\"@type\":\"ReadAction\",\"target\":[\"https:\\\/\\\/www.altominho.tv\\\/site\\\/2019\\\/03\\\/18\\\/distrito-de-viana-do-castelo-apresenta-32-candidaturas-as-7-maravilhas-doces-de-portugal\\\/\"]}]},{\"@type\":\"ImageObject\",\"inLanguage\":\"pt-PT\",\"@id\":\"https:\\\/\\\/www.altominho.tv\\\/site\\\/2019\\\/03\\\/18\\\/distrito-de-viana-do-castelo-apresenta-32-candidaturas-as-7-maravilhas-doces-de-portugal\\\/#primaryimage\",\"url\":\"https:\\\/\\\/www.altominho.tv\\\/site\\\/wp-content\\\/uploads\\\/2019\\\/03\\\/Logo_7_Maravilhas_Doces_Portugal_2019-e1552915326647.jpg\",\"contentUrl\":\"https:\\\/\\\/www.altominho.tv\\\/site\\\/wp-content\\\/uploads\\\/2019\\\/03\\\/Logo_7_Maravilhas_Doces_Portugal_2019-e1552915326647.jpg\",\"width\":4961,\"height\":2852},{\"@type\":\"BreadcrumbList\",\"@id\":\"https:\\\/\\\/www.altominho.tv\\\/site\\\/2019\\\/03\\\/18\\\/distrito-de-viana-do-castelo-apresenta-32-candidaturas-as-7-maravilhas-doces-de-portugal\\\/#breadcrumb\",\"itemListElement\":[{\"@type\":\"ListItem\",\"position\":1,\"name\":\"In\u00edcio\",\"item\":\"https:\\\/\\\/www.altominho.tv\\\/site\\\/\"},{\"@type\":\"ListItem\",\"position\":2,\"name\":\"Distrito de Viana do Castelo apresenta 32 candidaturas \u00e0s 7 Maravilhas Doces de Portugal\"}]},{\"@type\":\"WebSite\",\"@id\":\"https:\\\/\\\/www.altominho.tv\\\/site\\\/#website\",\"url\":\"https:\\\/\\\/www.altominho.tv\\\/site\\\/\",\"name\":\"Altominho.tv\",\"description\":\"A sua regi\u00e3o \u00e0 dist\u00e2ncia de um clique...\",\"potentialAction\":[{\"@type\":\"SearchAction\",\"target\":{\"@type\":\"EntryPoint\",\"urlTemplate\":\"https:\\\/\\\/www.altominho.tv\\\/site\\\/?s={search_term_string}\"},\"query-input\":{\"@type\":\"PropertyValueSpecification\",\"valueRequired\":true,\"valueName\":\"search_term_string\"}}],\"inLanguage\":\"pt-PT\"},{\"@type\":\"Person\",\"@id\":\"https:\\\/\\\/www.altominho.tv\\\/site\\\/#\\\/schema\\\/person\\\/d9be4265364723f14ea8e0d56a1d38cd\",\"name\":\"Andreia Ferreira\",\"image\":{\"@type\":\"ImageObject\",\"inLanguage\":\"pt-PT\",\"@id\":\"https:\\\/\\\/www.altominho.tv\\\/site\\\/wp-content\\\/uploads\\\/2021\\\/01\\\/AndreiaFerreira-150x150.jpg\",\"url\":\"https:\\\/\\\/www.altominho.tv\\\/site\\\/wp-content\\\/uploads\\\/2021\\\/01\\\/AndreiaFerreira-150x150.jpg\",\"contentUrl\":\"https:\\\/\\\/www.altominho.tv\\\/site\\\/wp-content\\\/uploads\\\/2021\\\/01\\\/AndreiaFerreira-150x150.jpg\",\"caption\":\"Andreia Ferreira\"},\"url\":\"https:\\\/\\\/www.altominho.tv\\\/site\\\/author\\\/andreiaferreira\\\/\"}]}<\/script>\n<!-- \/ Yoast SEO Premium plugin. -->","yoast_head_json":{"title":"Distrito de Viana do Castelo apresenta 32 candidaturas \u00e0s 7 Maravilhas Doces de Portugal","robots":{"index":"index","follow":"follow","max-snippet":"max-snippet:-1","max-image-preview":"max-image-preview:large","max-video-preview":"max-video-preview:-1"},"canonical":"https:\/\/www.altominho.tv\/site\/2019\/03\/18\/distrito-de-viana-do-castelo-apresenta-32-candidaturas-as-7-maravilhas-doces-de-portugal\/","og_locale":"pt_PT","og_type":"article","og_title":"Distrito de Viana do Castelo apresenta 32 candidaturas \u00e0s 7 Maravilhas Doces de Portugal","og_description":"As candidaturas \u00e0s 7 Maravilhas Doces de Portugal terminaram este domingo, com 907 inscri\u00e7\u00f5es de todo o pa\u00eds nas sete categorias a concurso. No distrito de Viana do Castelo, foram submetidas 32 propostas. Segundo a organiza\u00e7\u00e3o, a oitava edi\u00e7\u00e3o do evento teve &#8220;o maior envolvimento de sempre numa elei\u00e7\u00e3o das 7 Maravilhas&#8221;. \u201cEstivemos a receber [&hellip;]","og_url":"https:\/\/www.altominho.tv\/site\/2019\/03\/18\/distrito-de-viana-do-castelo-apresenta-32-candidaturas-as-7-maravilhas-doces-de-portugal\/","og_site_name":"Altominho.tv","article_publisher":"https:\/\/www.facebook.com\/altominhotv","article_published_time":"2019-03-18T13:36:33+00:00","og_image":[{"width":4961,"height":2852,"url":"https:\/\/www.altominho.tv\/site\/wp-content\/uploads\/2019\/03\/Logo_7_Maravilhas_Doces_Portugal_2019-e1552915326647.jpg","type":"image\/jpeg"}],"author":"Andreia Ferreira","twitter_card":"summary_large_image","twitter_creator":"@altominhoTV","twitter_site":"@altominhoTV","twitter_misc":{"Escrito por":"Andreia Ferreira","Tempo estimado de leitura":"2 minutos"},"schema":{"@context":"https:\/\/schema.org","@graph":[{"@type":"Article","@id":"https:\/\/www.altominho.tv\/site\/2019\/03\/18\/distrito-de-viana-do-castelo-apresenta-32-candidaturas-as-7-maravilhas-doces-de-portugal\/#article","isPartOf":{"@id":"https:\/\/www.altominho.tv\/site\/2019\/03\/18\/distrito-de-viana-do-castelo-apresenta-32-candidaturas-as-7-maravilhas-doces-de-portugal\/"},"author":{"name":"Andreia Ferreira","@id":"https:\/\/www.altominho.tv\/site\/#\/schema\/person\/d9be4265364723f14ea8e0d56a1d38cd"},"headline":"Distrito de Viana do Castelo apresenta 32 candidaturas \u00e0s 7 Maravilhas Doces de Portugal","datePublished":"2019-03-18T13:36:33+00:00","mainEntityOfPage":{"@id":"https:\/\/www.altominho.tv\/site\/2019\/03\/18\/distrito-de-viana-do-castelo-apresenta-32-candidaturas-as-7-maravilhas-doces-de-portugal\/"},"wordCount":438,"image":{"@id":"https:\/\/www.altominho.tv\/site\/2019\/03\/18\/distrito-de-viana-do-castelo-apresenta-32-candidaturas-as-7-maravilhas-doces-de-portugal\/#primaryimage"},"thumbnailUrl":"https:\/\/www.altominho.tv\/site\/wp-content\/uploads\/2019\/03\/Logo_7_Maravilhas_Doces_Portugal_2019-e1552915326647.jpg","keywords":["Cultura"],"articleSection":["Alto Minho"],"inLanguage":"pt-PT","copyrightYear":"2019","copyrightHolder":{"@id":"https:\/\/www.altominho.tv\/site\/#organization"}},{"@type":"WebPage","@id":"https:\/\/www.altominho.tv\/site\/2019\/03\/18\/distrito-de-viana-do-castelo-apresenta-32-candidaturas-as-7-maravilhas-doces-de-portugal\/","url":"https:\/\/www.altominho.tv\/site\/2019\/03\/18\/distrito-de-viana-do-castelo-apresenta-32-candidaturas-as-7-maravilhas-doces-de-portugal\/","name":"Distrito de Viana do Castelo apresenta 32 candidaturas \u00e0s 7 Maravilhas Doces de Portugal","isPartOf":{"@id":"https:\/\/www.altominho.tv\/site\/#website"},"primaryImageOfPage":{"@id":"https:\/\/www.altominho.tv\/site\/2019\/03\/18\/distrito-de-viana-do-castelo-apresenta-32-candidaturas-as-7-maravilhas-doces-de-portugal\/#primaryimage"},"image":{"@id":"https:\/\/www.altominho.tv\/site\/2019\/03\/18\/distrito-de-viana-do-castelo-apresenta-32-candidaturas-as-7-maravilhas-doces-de-portugal\/#primaryimage"},"thumbnailUrl":"https:\/\/www.altominho.tv\/site\/wp-content\/uploads\/2019\/03\/Logo_7_Maravilhas_Doces_Portugal_2019-e1552915326647.jpg","datePublished":"2019-03-18T13:36:33+00:00","author":{"@id":"https:\/\/www.altominho.tv\/site\/#\/schema\/person\/d9be4265364723f14ea8e0d56a1d38cd"},"breadcrumb":{"@id":"https:\/\/www.altominho.tv\/site\/2019\/03\/18\/distrito-de-viana-do-castelo-apresenta-32-candidaturas-as-7-maravilhas-doces-de-portugal\/#breadcrumb"},"inLanguage":"pt-PT","potentialAction":[{"@type":"ReadAction","target":["https:\/\/www.altominho.tv\/site\/2019\/03\/18\/distrito-de-viana-do-castelo-apresenta-32-candidaturas-as-7-maravilhas-doces-de-portugal\/"]}]},{"@type":"ImageObject","inLanguage":"pt-PT","@id":"https:\/\/www.altominho.tv\/site\/2019\/03\/18\/distrito-de-viana-do-castelo-apresenta-32-candidaturas-as-7-maravilhas-doces-de-portugal\/#primaryimage","url":"https:\/\/www.altominho.tv\/site\/wp-content\/uploads\/2019\/03\/Logo_7_Maravilhas_Doces_Portugal_2019-e1552915326647.jpg","contentUrl":"https:\/\/www.altominho.tv\/site\/wp-content\/uploads\/2019\/03\/Logo_7_Maravilhas_Doces_Portugal_2019-e1552915326647.jpg","width":4961,"height":2852},{"@type":"BreadcrumbList","@id":"https:\/\/www.altominho.tv\/site\/2019\/03\/18\/distrito-de-viana-do-castelo-apresenta-32-candidaturas-as-7-maravilhas-doces-de-portugal\/#breadcrumb","itemListElement":[{"@type":"ListItem","position":1,"name":"In\u00edcio","item":"https:\/\/www.altominho.tv\/site\/"},{"@type":"ListItem","position":2,"name":"Distrito de Viana do Castelo apresenta 32 candidaturas \u00e0s 7 Maravilhas Doces de Portugal"}]},{"@type":"WebSite","@id":"https:\/\/www.altominho.tv\/site\/#website","url":"https:\/\/www.altominho.tv\/site\/","name":"Altominho.tv","description":"A sua regi\u00e3o \u00e0 dist\u00e2ncia de um clique...","potentialAction":[{"@type":"SearchAction","target":{"@type":"EntryPoint","urlTemplate":"https:\/\/www.altominho.tv\/site\/?s={search_term_string}"},"query-input":{"@type":"PropertyValueSpecification","valueRequired":true,"valueName":"search_term_string"}}],"inLanguage":"pt-PT"},{"@type":"Person","@id":"https:\/\/www.altominho.tv\/site\/#\/schema\/person\/d9be4265364723f14ea8e0d56a1d38cd","name":"Andreia Ferreira","image":{"@type":"ImageObject","inLanguage":"pt-PT","@id":"https:\/\/www.altominho.tv\/site\/wp-content\/uploads\/2021\/01\/AndreiaFerreira-150x150.jpg","url":"https:\/\/www.altominho.tv\/site\/wp-content\/uploads\/2021\/01\/AndreiaFerreira-150x150.jpg","contentUrl":"https:\/\/www.altominho.tv\/site\/wp-content\/uploads\/2021\/01\/AndreiaFerreira-150x150.jpg","caption":"Andreia Ferreira"},"url":"https:\/\/www.altominho.tv\/site\/author\/andreiaferreira\/"}]}},"_links":{"self":[{"href":"https:\/\/www.altominho.tv\/site\/wp-json\/wp\/v2\/posts\/25842","targetHints":{"allow":["GET"]}}],"collection":[{"href":"https:\/\/www.altominho.tv\/site\/wp-json\/wp\/v2\/posts"}],"about":[{"href":"https:\/\/www.altominho.tv\/site\/wp-json\/wp\/v2\/types\/post"}],"author":[{"embeddable":true,"href":"https:\/\/www.altominho.tv\/site\/wp-json\/wp\/v2\/users\/12"}],"replies":[{"embeddable":true,"href":"https:\/\/www.altominho.tv\/site\/wp-json\/wp\/v2\/comments?post=25842"}],"version-history":[{"count":0,"href":"https:\/\/www.altominho.tv\/site\/wp-json\/wp\/v2\/posts\/25842\/revisions"}],"wp:featuredmedia":[{"embeddable":true,"href":"https:\/\/www.altominho.tv\/site\/wp-json\/wp\/v2\/media\/25843"}],"wp:attachment":[{"href":"https:\/\/www.altominho.tv\/site\/wp-json\/wp\/v2\/media?parent=25842"}],"wp:term":[{"taxonomy":"category","embeddable":true,"href":"https:\/\/www.altominho.tv\/site\/wp-json\/wp\/v2\/categories?post=25842"},{"taxonomy":"post_tag","embeddable":true,"href":"https:\/\/www.altominho.tv\/site\/wp-json\/wp\/v2\/tags?post=25842"}],"curies":[{"name":"wp","href":"https:\/\/api.w.org\/{rel}","templated":true}]}}