{"id":25785,"date":"2019-03-16T22:31:46","date_gmt":"2019-03-16T22:31:46","guid":{"rendered":"http:\/\/www.altominho.tv\/site\/?p=25785"},"modified":"2019-03-16T22:31:46","modified_gmt":"2019-03-16T22:31:46","slug":"governo-vai-criar-nos-proximos-dias-mais-40-equipas-de-intervencao-permanente-de-bombeiros","status":"publish","type":"post","link":"https:\/\/www.altominho.tv\/site\/2019\/03\/16\/governo-vai-criar-nos-proximos-dias-mais-40-equipas-de-intervencao-permanente-de-bombeiros\/","title":{"rendered":"Governo vai criar nos pr\u00f3ximos dias mais 40 equipas de interven\u00e7\u00e3o permanente de bombeiros"},"content":{"rendered":"<p>O Secret\u00e1rio de Estado da Prote\u00e7\u00e3o Civil, Jos\u00e9 Artur Neves, disse em Coimbra, que, dentro de dias, v\u00e3o ser criadas mais de 40 equipas de interven\u00e7\u00e3o permanentes de bombeiros, maioritariamente no distrito de Portalegre.<\/p>\n<p>&#8220;Vamos constituir, nos pr\u00f3ximos dias, entre 40 a 45, estamos ainda a ver o n\u00famero de acordo com as autarquias, mas ser\u00e1 dessa ordem, o que significa que vamos constituir no total mais de 50% de todas as equipas de interven\u00e7\u00e3o permanentes nestes \u00faltimos tr\u00eas anos&#8221;, disse o governante aos jornalistas.<\/p>\n<p>Jos\u00e9 Artur Neves salientou que o Governo, em 2018, criou 120 equipas de interven\u00e7\u00e3o permanente.<\/p>\n<p>O n\u00famero de equipas constitu\u00eddas &#8220;diz bem a import\u00e2ncia que damos aos profissionais desta \u00e1rea, \u00e0queles que est\u00e3o prontos para sair para a emerg\u00eancia e o socorro nos dias que correm n\u00e3o se coaduna com o modelo em que o volunt\u00e1rio sa\u00eda do seu emprego e se deslocava para o quartel e respondia \u00e0 emerg\u00eancia&#8221;.<\/p>\n<p>&#8220;\u00c9 necess\u00e1rio a todas as horas e em todos os momentos termos profissionais da \u00e1rea permanentemente dispon\u00edveis para socorrer os cidad\u00e3os&#8221;, referiu o secret\u00e1rio de Estado da Prote\u00e7\u00e3o Civil, destacando o &#8220;refor\u00e7o da profissionaliza\u00e7\u00e3o sem se deixar de valorizar o voluntariado, que \u00e9 um ativo not\u00e1vel do pa\u00eds&#8221;, disse.<\/p>\n<p>Segundo o governante, a maioria das equipas a anunciar nos pr\u00f3ximos dias vai ficar instalada no distrito de Portalegre, &#8220;como a \u00faltima entrega de equipas foi maioritariamente para o distrito da Guarda&#8221;, numa l\u00f3gica de privilegiar o interior do pa\u00eds.<\/p>\n<p>&#8220;O crit\u00e9rio de distribui\u00e7\u00e3o \u00e9 mesmo o espa\u00e7o rural onde faz a diferen\u00e7a o emprego na corpora\u00e7\u00e3o de bombeiros e, sobretudo, nas zonas mais desertificadas, com menos capacidade de angariar volunt\u00e1rios&#8221;, sublinhou.<\/p>\n<p>Jos\u00e9 Artur Neves admitiu que, ainda este ano, dever\u00e1 ser alargado a todo o pa\u00eds o processo de cadastro simplificado, no seguimento do projeto-piloto que decorreu em 10 munic\u00edpios &#8211; Pedr\u00f3g\u00e3o Grande, Castanheira de Pera, Figueir\u00f3 dos Vinhos, G\u00f3is, Pampilhosa da Serra, Penela, Sert\u00e3, Caminha, Alf\u00e2ndega da F\u00e9 e Proen\u00e7a-a-Nova.<\/p>\n<p>De acordo com o governante, atrav\u00e9s do projeto-piloto conseguiu-se um modelo que envolveu as autarquias e o Minist\u00e9rio da Justi\u00e7a e que &#8220;deu resultados bel\u00edssimos, fant\u00e1sticos e com custos muito reduzidos&#8221;.<\/p>\n<p>&#8220;Contamos a curt\u00edssimo prazo estender todo o cadastro ao pa\u00eds e isso vai permitir planear melhor o territ\u00f3rio florestal, rural, a preven\u00e7\u00e3o, o combate aos inc\u00eandios, e, sobretudo, planear uma gest\u00e3o integrada que permita ter uma floresta mais resiliente&#8221;, enfatizou.<\/p>\n","protected":false},"excerpt":{"rendered":"<p>O Secret\u00e1rio de Estado da Prote\u00e7\u00e3o Civil, Jos\u00e9 Artur Neves, disse em Coimbra, que, dentro de dias, v\u00e3o ser criadas mais de 40 equipas de interven\u00e7\u00e3o permanentes de bombeiros, maioritariamente no distrito de Portalegre. &#8220;Vamos constituir, nos pr\u00f3ximos dias, entre 40 a 45, estamos ainda a ver o n\u00famero de acordo com as autarquias, mas [&hellip;]<\/p>\n","protected":false},"author":7,"featured_media":25786,"comment_status":"closed","ping_status":"closed","sticky":false,"template":"","format":"standard","meta":{"_exactmetrics_skip_tracking":false,"footnotes":""},"categories":[73],"tags":[27],"class_list":["post-25785","post","type-post","status-publish","format-standard","has-post-thumbnail","hentry","category-alto-minho","tag-sociedade"],"yoast_head":"<!-- This site is optimized with the Yoast SEO Premium plugin v28.3 (Yoast SEO v28.3) - https:\/\/yoast.com\/product\/yoast-seo-premium-wordpress\/ -->\n<title>Governo vai criar nos pr\u00f3ximos dias mais 40 equipas de interven\u00e7\u00e3o permanente de bombeiros<\/title>\n<meta name=\"robots\" content=\"index, follow, max-snippet:-1, max-image-preview:large, max-video-preview:-1\" \/>\n<link rel=\"canonical\" href=\"https:\/\/www.altominho.tv\/site\/2019\/03\/16\/governo-vai-criar-nos-proximos-dias-mais-40-equipas-de-intervencao-permanente-de-bombeiros\/\" \/>\n<meta property=\"og:locale\" content=\"pt_PT\" \/>\n<meta property=\"og:type\" content=\"article\" \/>\n<meta property=\"og:title\" content=\"Governo vai criar nos pr\u00f3ximos dias mais 40 equipas de interven\u00e7\u00e3o permanente de bombeiros\" \/>\n<meta property=\"og:description\" content=\"O Secret\u00e1rio de Estado da Prote\u00e7\u00e3o Civil, Jos\u00e9 Artur Neves, disse em Coimbra, que, dentro de dias, v\u00e3o ser criadas mais de 40 equipas de interven\u00e7\u00e3o permanentes de bombeiros, maioritariamente no distrito de Portalegre. &#8220;Vamos constituir, nos pr\u00f3ximos dias, entre 40 a 45, estamos ainda a ver o n\u00famero de acordo com as autarquias, mas [&hellip;]\" \/>\n<meta property=\"og:url\" content=\"https:\/\/www.altominho.tv\/site\/2019\/03\/16\/governo-vai-criar-nos-proximos-dias-mais-40-equipas-de-intervencao-permanente-de-bombeiros\/\" \/>\n<meta property=\"og:site_name\" content=\"Altominho.tv\" \/>\n<meta property=\"article:publisher\" content=\"https:\/\/www.facebook.com\/altominhotv\" \/>\n<meta property=\"article:published_time\" content=\"2019-03-16T22:31:46+00:00\" \/>\n<meta property=\"og:image\" content=\"https:\/\/www.altominho.tv\/site\/wp-content\/uploads\/2019\/03\/incendios-740x412.png\" \/>\n\t<meta property=\"og:image:width\" content=\"740\" \/>\n\t<meta property=\"og:image:height\" content=\"412\" \/>\n\t<meta property=\"og:image:type\" content=\"image\/png\" \/>\n<meta name=\"author\" content=\"Andreia Cunha\" \/>\n<meta name=\"twitter:card\" content=\"summary_large_image\" \/>\n<meta name=\"twitter:creator\" content=\"@altominhoTV\" \/>\n<meta name=\"twitter:site\" content=\"@altominhoTV\" \/>\n<meta name=\"twitter:label1\" content=\"Escrito por\" \/>\n\t<meta name=\"twitter:data1\" content=\"Andreia Cunha\" \/>\n\t<meta name=\"twitter:label2\" content=\"Tempo estimado de leitura\" \/>\n\t<meta name=\"twitter:data2\" content=\"2 minutos\" \/>\n<script type=\"application\/ld+json\" class=\"yoast-schema-graph\">{\"@context\":\"https:\\\/\\\/schema.org\",\"@graph\":[{\"@type\":\"Article\",\"@id\":\"https:\\\/\\\/www.altominho.tv\\\/site\\\/2019\\\/03\\\/16\\\/governo-vai-criar-nos-proximos-dias-mais-40-equipas-de-intervencao-permanente-de-bombeiros\\\/#article\",\"isPartOf\":{\"@id\":\"https:\\\/\\\/www.altominho.tv\\\/site\\\/2019\\\/03\\\/16\\\/governo-vai-criar-nos-proximos-dias-mais-40-equipas-de-intervencao-permanente-de-bombeiros\\\/\"},\"author\":{\"name\":\"Andreia Cunha\",\"@id\":\"https:\\\/\\\/www.altominho.tv\\\/site\\\/#\\\/schema\\\/person\\\/a0e4ef6d041f98ca284393d8f1d97153\"},\"headline\":\"Governo vai criar nos pr\u00f3ximos dias mais 40 equipas de interven\u00e7\u00e3o permanente de bombeiros\",\"datePublished\":\"2019-03-16T22:31:46+00:00\",\"mainEntityOfPage\":{\"@id\":\"https:\\\/\\\/www.altominho.tv\\\/site\\\/2019\\\/03\\\/16\\\/governo-vai-criar-nos-proximos-dias-mais-40-equipas-de-intervencao-permanente-de-bombeiros\\\/\"},\"wordCount\":455,\"image\":{\"@id\":\"https:\\\/\\\/www.altominho.tv\\\/site\\\/2019\\\/03\\\/16\\\/governo-vai-criar-nos-proximos-dias-mais-40-equipas-de-intervencao-permanente-de-bombeiros\\\/#primaryimage\"},\"thumbnailUrl\":\"https:\\\/\\\/www.altominho.tv\\\/site\\\/wp-content\\\/uploads\\\/2019\\\/03\\\/incendios-740x412.png\",\"keywords\":[\"Sociedade\"],\"articleSection\":[\"Alto Minho\"],\"inLanguage\":\"pt-PT\",\"copyrightYear\":\"2019\",\"copyrightHolder\":{\"@id\":\"https:\\\/\\\/www.altominho.tv\\\/site\\\/#organization\"}},{\"@type\":\"WebPage\",\"@id\":\"https:\\\/\\\/www.altominho.tv\\\/site\\\/2019\\\/03\\\/16\\\/governo-vai-criar-nos-proximos-dias-mais-40-equipas-de-intervencao-permanente-de-bombeiros\\\/\",\"url\":\"https:\\\/\\\/www.altominho.tv\\\/site\\\/2019\\\/03\\\/16\\\/governo-vai-criar-nos-proximos-dias-mais-40-equipas-de-intervencao-permanente-de-bombeiros\\\/\",\"name\":\"Governo vai criar nos pr\u00f3ximos dias mais 40 equipas de interven\u00e7\u00e3o permanente de bombeiros\",\"isPartOf\":{\"@id\":\"https:\\\/\\\/www.altominho.tv\\\/site\\\/#website\"},\"primaryImageOfPage\":{\"@id\":\"https:\\\/\\\/www.altominho.tv\\\/site\\\/2019\\\/03\\\/16\\\/governo-vai-criar-nos-proximos-dias-mais-40-equipas-de-intervencao-permanente-de-bombeiros\\\/#primaryimage\"},\"image\":{\"@id\":\"https:\\\/\\\/www.altominho.tv\\\/site\\\/2019\\\/03\\\/16\\\/governo-vai-criar-nos-proximos-dias-mais-40-equipas-de-intervencao-permanente-de-bombeiros\\\/#primaryimage\"},\"thumbnailUrl\":\"https:\\\/\\\/www.altominho.tv\\\/site\\\/wp-content\\\/uploads\\\/2019\\\/03\\\/incendios-740x412.png\",\"datePublished\":\"2019-03-16T22:31:46+00:00\",\"author\":{\"@id\":\"https:\\\/\\\/www.altominho.tv\\\/site\\\/#\\\/schema\\\/person\\\/a0e4ef6d041f98ca284393d8f1d97153\"},\"breadcrumb\":{\"@id\":\"https:\\\/\\\/www.altominho.tv\\\/site\\\/2019\\\/03\\\/16\\\/governo-vai-criar-nos-proximos-dias-mais-40-equipas-de-intervencao-permanente-de-bombeiros\\\/#breadcrumb\"},\"inLanguage\":\"pt-PT\",\"potentialAction\":[{\"@type\":\"ReadAction\",\"target\":[\"https:\\\/\\\/www.altominho.tv\\\/site\\\/2019\\\/03\\\/16\\\/governo-vai-criar-nos-proximos-dias-mais-40-equipas-de-intervencao-permanente-de-bombeiros\\\/\"]}]},{\"@type\":\"ImageObject\",\"inLanguage\":\"pt-PT\",\"@id\":\"https:\\\/\\\/www.altominho.tv\\\/site\\\/2019\\\/03\\\/16\\\/governo-vai-criar-nos-proximos-dias-mais-40-equipas-de-intervencao-permanente-de-bombeiros\\\/#primaryimage\",\"url\":\"https:\\\/\\\/www.altominho.tv\\\/site\\\/wp-content\\\/uploads\\\/2019\\\/03\\\/incendios-740x412.png\",\"contentUrl\":\"https:\\\/\\\/www.altominho.tv\\\/site\\\/wp-content\\\/uploads\\\/2019\\\/03\\\/incendios-740x412.png\",\"width\":740,\"height\":412},{\"@type\":\"BreadcrumbList\",\"@id\":\"https:\\\/\\\/www.altominho.tv\\\/site\\\/2019\\\/03\\\/16\\\/governo-vai-criar-nos-proximos-dias-mais-40-equipas-de-intervencao-permanente-de-bombeiros\\\/#breadcrumb\",\"itemListElement\":[{\"@type\":\"ListItem\",\"position\":1,\"name\":\"In\u00edcio\",\"item\":\"https:\\\/\\\/www.altominho.tv\\\/site\\\/\"},{\"@type\":\"ListItem\",\"position\":2,\"name\":\"Governo vai criar nos pr\u00f3ximos dias mais 40 equipas de interven\u00e7\u00e3o permanente de bombeiros\"}]},{\"@type\":\"WebSite\",\"@id\":\"https:\\\/\\\/www.altominho.tv\\\/site\\\/#website\",\"url\":\"https:\\\/\\\/www.altominho.tv\\\/site\\\/\",\"name\":\"Altominho.tv\",\"description\":\"A sua regi\u00e3o \u00e0 dist\u00e2ncia de um clique...\",\"potentialAction\":[{\"@type\":\"SearchAction\",\"target\":{\"@type\":\"EntryPoint\",\"urlTemplate\":\"https:\\\/\\\/www.altominho.tv\\\/site\\\/?s={search_term_string}\"},\"query-input\":{\"@type\":\"PropertyValueSpecification\",\"valueRequired\":true,\"valueName\":\"search_term_string\"}}],\"inLanguage\":\"pt-PT\"},{\"@type\":\"Person\",\"@id\":\"https:\\\/\\\/www.altominho.tv\\\/site\\\/#\\\/schema\\\/person\\\/a0e4ef6d041f98ca284393d8f1d97153\",\"name\":\"Andreia Cunha\",\"image\":{\"@type\":\"ImageObject\",\"inLanguage\":\"pt-PT\",\"@id\":\"https:\\\/\\\/www.altominho.tv\\\/site\\\/wp-content\\\/uploads\\\/2017\\\/11\\\/Andreia_Cunha-1-150x150.jpg\",\"url\":\"https:\\\/\\\/www.altominho.tv\\\/site\\\/wp-content\\\/uploads\\\/2017\\\/11\\\/Andreia_Cunha-1-150x150.jpg\",\"contentUrl\":\"https:\\\/\\\/www.altominho.tv\\\/site\\\/wp-content\\\/uploads\\\/2017\\\/11\\\/Andreia_Cunha-1-150x150.jpg\",\"caption\":\"Andreia Cunha\"},\"url\":\"https:\\\/\\\/www.altominho.tv\\\/site\\\/author\\\/andreiacunha\\\/\"}]}<\/script>\n<!-- \/ Yoast SEO Premium plugin. -->","yoast_head_json":{"title":"Governo vai criar nos pr\u00f3ximos dias mais 40 equipas de interven\u00e7\u00e3o permanente de bombeiros","robots":{"index":"index","follow":"follow","max-snippet":"max-snippet:-1","max-image-preview":"max-image-preview:large","max-video-preview":"max-video-preview:-1"},"canonical":"https:\/\/www.altominho.tv\/site\/2019\/03\/16\/governo-vai-criar-nos-proximos-dias-mais-40-equipas-de-intervencao-permanente-de-bombeiros\/","og_locale":"pt_PT","og_type":"article","og_title":"Governo vai criar nos pr\u00f3ximos dias mais 40 equipas de interven\u00e7\u00e3o permanente de bombeiros","og_description":"O Secret\u00e1rio de Estado da Prote\u00e7\u00e3o Civil, Jos\u00e9 Artur Neves, disse em Coimbra, que, dentro de dias, v\u00e3o ser criadas mais de 40 equipas de interven\u00e7\u00e3o permanentes de bombeiros, maioritariamente no distrito de Portalegre. &#8220;Vamos constituir, nos pr\u00f3ximos dias, entre 40 a 45, estamos ainda a ver o n\u00famero de acordo com as autarquias, mas [&hellip;]","og_url":"https:\/\/www.altominho.tv\/site\/2019\/03\/16\/governo-vai-criar-nos-proximos-dias-mais-40-equipas-de-intervencao-permanente-de-bombeiros\/","og_site_name":"Altominho.tv","article_publisher":"https:\/\/www.facebook.com\/altominhotv","article_published_time":"2019-03-16T22:31:46+00:00","og_image":[{"width":740,"height":412,"url":"https:\/\/www.altominho.tv\/site\/wp-content\/uploads\/2019\/03\/incendios-740x412.png","type":"image\/png"}],"author":"Andreia Cunha","twitter_card":"summary_large_image","twitter_creator":"@altominhoTV","twitter_site":"@altominhoTV","twitter_misc":{"Escrito por":"Andreia Cunha","Tempo estimado de leitura":"2 minutos"},"schema":{"@context":"https:\/\/schema.org","@graph":[{"@type":"Article","@id":"https:\/\/www.altominho.tv\/site\/2019\/03\/16\/governo-vai-criar-nos-proximos-dias-mais-40-equipas-de-intervencao-permanente-de-bombeiros\/#article","isPartOf":{"@id":"https:\/\/www.altominho.tv\/site\/2019\/03\/16\/governo-vai-criar-nos-proximos-dias-mais-40-equipas-de-intervencao-permanente-de-bombeiros\/"},"author":{"name":"Andreia Cunha","@id":"https:\/\/www.altominho.tv\/site\/#\/schema\/person\/a0e4ef6d041f98ca284393d8f1d97153"},"headline":"Governo vai criar nos pr\u00f3ximos dias mais 40 equipas de interven\u00e7\u00e3o permanente de bombeiros","datePublished":"2019-03-16T22:31:46+00:00","mainEntityOfPage":{"@id":"https:\/\/www.altominho.tv\/site\/2019\/03\/16\/governo-vai-criar-nos-proximos-dias-mais-40-equipas-de-intervencao-permanente-de-bombeiros\/"},"wordCount":455,"image":{"@id":"https:\/\/www.altominho.tv\/site\/2019\/03\/16\/governo-vai-criar-nos-proximos-dias-mais-40-equipas-de-intervencao-permanente-de-bombeiros\/#primaryimage"},"thumbnailUrl":"https:\/\/www.altominho.tv\/site\/wp-content\/uploads\/2019\/03\/incendios-740x412.png","keywords":["Sociedade"],"articleSection":["Alto Minho"],"inLanguage":"pt-PT","copyrightYear":"2019","copyrightHolder":{"@id":"https:\/\/www.altominho.tv\/site\/#organization"}},{"@type":"WebPage","@id":"https:\/\/www.altominho.tv\/site\/2019\/03\/16\/governo-vai-criar-nos-proximos-dias-mais-40-equipas-de-intervencao-permanente-de-bombeiros\/","url":"https:\/\/www.altominho.tv\/site\/2019\/03\/16\/governo-vai-criar-nos-proximos-dias-mais-40-equipas-de-intervencao-permanente-de-bombeiros\/","name":"Governo vai criar nos pr\u00f3ximos dias mais 40 equipas de interven\u00e7\u00e3o permanente de bombeiros","isPartOf":{"@id":"https:\/\/www.altominho.tv\/site\/#website"},"primaryImageOfPage":{"@id":"https:\/\/www.altominho.tv\/site\/2019\/03\/16\/governo-vai-criar-nos-proximos-dias-mais-40-equipas-de-intervencao-permanente-de-bombeiros\/#primaryimage"},"image":{"@id":"https:\/\/www.altominho.tv\/site\/2019\/03\/16\/governo-vai-criar-nos-proximos-dias-mais-40-equipas-de-intervencao-permanente-de-bombeiros\/#primaryimage"},"thumbnailUrl":"https:\/\/www.altominho.tv\/site\/wp-content\/uploads\/2019\/03\/incendios-740x412.png","datePublished":"2019-03-16T22:31:46+00:00","author":{"@id":"https:\/\/www.altominho.tv\/site\/#\/schema\/person\/a0e4ef6d041f98ca284393d8f1d97153"},"breadcrumb":{"@id":"https:\/\/www.altominho.tv\/site\/2019\/03\/16\/governo-vai-criar-nos-proximos-dias-mais-40-equipas-de-intervencao-permanente-de-bombeiros\/#breadcrumb"},"inLanguage":"pt-PT","potentialAction":[{"@type":"ReadAction","target":["https:\/\/www.altominho.tv\/site\/2019\/03\/16\/governo-vai-criar-nos-proximos-dias-mais-40-equipas-de-intervencao-permanente-de-bombeiros\/"]}]},{"@type":"ImageObject","inLanguage":"pt-PT","@id":"https:\/\/www.altominho.tv\/site\/2019\/03\/16\/governo-vai-criar-nos-proximos-dias-mais-40-equipas-de-intervencao-permanente-de-bombeiros\/#primaryimage","url":"https:\/\/www.altominho.tv\/site\/wp-content\/uploads\/2019\/03\/incendios-740x412.png","contentUrl":"https:\/\/www.altominho.tv\/site\/wp-content\/uploads\/2019\/03\/incendios-740x412.png","width":740,"height":412},{"@type":"BreadcrumbList","@id":"https:\/\/www.altominho.tv\/site\/2019\/03\/16\/governo-vai-criar-nos-proximos-dias-mais-40-equipas-de-intervencao-permanente-de-bombeiros\/#breadcrumb","itemListElement":[{"@type":"ListItem","position":1,"name":"In\u00edcio","item":"https:\/\/www.altominho.tv\/site\/"},{"@type":"ListItem","position":2,"name":"Governo vai criar nos pr\u00f3ximos dias mais 40 equipas de interven\u00e7\u00e3o permanente de bombeiros"}]},{"@type":"WebSite","@id":"https:\/\/www.altominho.tv\/site\/#website","url":"https:\/\/www.altominho.tv\/site\/","name":"Altominho.tv","description":"A sua regi\u00e3o \u00e0 dist\u00e2ncia de um clique...","potentialAction":[{"@type":"SearchAction","target":{"@type":"EntryPoint","urlTemplate":"https:\/\/www.altominho.tv\/site\/?s={search_term_string}"},"query-input":{"@type":"PropertyValueSpecification","valueRequired":true,"valueName":"search_term_string"}}],"inLanguage":"pt-PT"},{"@type":"Person","@id":"https:\/\/www.altominho.tv\/site\/#\/schema\/person\/a0e4ef6d041f98ca284393d8f1d97153","name":"Andreia Cunha","image":{"@type":"ImageObject","inLanguage":"pt-PT","@id":"https:\/\/www.altominho.tv\/site\/wp-content\/uploads\/2017\/11\/Andreia_Cunha-1-150x150.jpg","url":"https:\/\/www.altominho.tv\/site\/wp-content\/uploads\/2017\/11\/Andreia_Cunha-1-150x150.jpg","contentUrl":"https:\/\/www.altominho.tv\/site\/wp-content\/uploads\/2017\/11\/Andreia_Cunha-1-150x150.jpg","caption":"Andreia Cunha"},"url":"https:\/\/www.altominho.tv\/site\/author\/andreiacunha\/"}]}},"_links":{"self":[{"href":"https:\/\/www.altominho.tv\/site\/wp-json\/wp\/v2\/posts\/25785","targetHints":{"allow":["GET"]}}],"collection":[{"href":"https:\/\/www.altominho.tv\/site\/wp-json\/wp\/v2\/posts"}],"about":[{"href":"https:\/\/www.altominho.tv\/site\/wp-json\/wp\/v2\/types\/post"}],"author":[{"embeddable":true,"href":"https:\/\/www.altominho.tv\/site\/wp-json\/wp\/v2\/users\/7"}],"replies":[{"embeddable":true,"href":"https:\/\/www.altominho.tv\/site\/wp-json\/wp\/v2\/comments?post=25785"}],"version-history":[{"count":0,"href":"https:\/\/www.altominho.tv\/site\/wp-json\/wp\/v2\/posts\/25785\/revisions"}],"wp:featuredmedia":[{"embeddable":true,"href":"https:\/\/www.altominho.tv\/site\/wp-json\/wp\/v2\/media\/25786"}],"wp:attachment":[{"href":"https:\/\/www.altominho.tv\/site\/wp-json\/wp\/v2\/media?parent=25785"}],"wp:term":[{"taxonomy":"category","embeddable":true,"href":"https:\/\/www.altominho.tv\/site\/wp-json\/wp\/v2\/categories?post=25785"},{"taxonomy":"post_tag","embeddable":true,"href":"https:\/\/www.altominho.tv\/site\/wp-json\/wp\/v2\/tags?post=25785"}],"curies":[{"name":"wp","href":"https:\/\/api.w.org\/{rel}","templated":true}]}}