{"id":25749,"date":"2019-03-15T01:15:57","date_gmt":"2019-03-15T01:15:57","guid":{"rendered":"http:\/\/www.altominho.tv\/site\/?p=25749"},"modified":"2019-03-15T01:15:57","modified_gmt":"2019-03-15T01:15:57","slug":"praia-da-foz-do-minho-em-caminha-no-top-das-melhores-praias-da-europa","status":"publish","type":"post","link":"https:\/\/www.altominho.tv\/site\/2019\/03\/15\/praia-da-foz-do-minho-em-caminha-no-top-das-melhores-praias-da-europa\/","title":{"rendered":"Praia da Foz do Minho em Caminha no top das melhores praias da Europa"},"content":{"rendered":"<p>O jornal brit\u00e2nico \u201cThe Guardian\u201d escolheu as 40 melhores praias europeias, de acordo com a opini\u00e3o de escritores de viagens. <strong>No Top est\u00e3o cinco praias portuguesas, <\/strong>Praia Grande de Porto C\u00f4vo, no Alentejo; Praia da Vila da Nazar\u00e9 e a Costa da Prata; Praia da Fal\u00e9sia, Algarve; Praia da Foz do Minho, em Caminha; e a Praia dos Galapinhos, em Set\u00fabal.<\/p>\n<p>A <strong>Praia da Foz do Minho<\/strong> situada em Caminha, na fronteira natural entre o Norte de Portugal e Espanha \u201coferecem uma pausa das ondas do Atl\u00e2ntico\u201d. <strong>De acordo com a publica\u00e7\u00e3o brit\u00e2nica, a vista desde o monte de Santa Tecla \u00e9 um dos \u201ccen\u00e1rios mais impressionantes de qualquer praia do mundo\u201d<\/strong>. Que destaca tamb\u00e9m o percurso pela mata do camarido at\u00e9 chegar \u00e0 \u201catraente\u201d praia do Moledo, assim como o &#8220;regalo para os olhos&#8221; que representa o cen\u00e1rio com o forte da \u00ednsua.<\/p>\n<p>Na <a href=\"https:\/\/www.theguardian.com\/travel\/2019\/mar\/09\/40-best-beaches-europe-spain-portugal-france-italy-greece-turkey-croatia\">restante lista<\/a> est\u00e3o representadas praias de Espanha, Cro\u00e1cia, Fran\u00e7a, It\u00e1lia, Gr\u00e9cia, Turquia e da regi\u00e3o do B\u00e1ltico.<\/p>\n","protected":false},"excerpt":{"rendered":"<p>O jornal brit\u00e2nico \u201cThe Guardian\u201d escolheu as 40 melhores praias europeias, de acordo com a opini\u00e3o de escritores de viagens. No Top est\u00e3o cinco praias portuguesas, Praia Grande de Porto C\u00f4vo, no Alentejo; Praia da Vila da Nazar\u00e9 e a Costa da Prata; Praia da Fal\u00e9sia, Algarve; Praia da Foz do Minho, em Caminha; e [&hellip;]<\/p>\n","protected":false},"author":1,"featured_media":25750,"comment_status":"closed","ping_status":"closed","sticky":false,"template":"","format":"standard","meta":{"_exactmetrics_skip_tracking":false,"_exactmetrics_sitenote_active":false,"_exactmetrics_sitenote_note":"","_exactmetrics_sitenote_category":0,"footnotes":""},"categories":[7],"tags":[24],"class_list":["post-25749","post","type-post","status-publish","format-standard","has-post-thumbnail","hentry","category-caminha","tag-lazer"],"yoast_head":"<!-- This site is optimized with the Yoast SEO Premium plugin v27.5 (Yoast SEO v27.5) - https:\/\/yoast.com\/product\/yoast-seo-premium-wordpress\/ -->\n<title>Praia da Foz do Minho em Caminha no top das melhores praias da Europa<\/title>\n<meta name=\"robots\" content=\"index, follow, max-snippet:-1, max-image-preview:large, max-video-preview:-1\" \/>\n<link rel=\"canonical\" href=\"https:\/\/www.altominho.tv\/site\/2019\/03\/15\/praia-da-foz-do-minho-em-caminha-no-top-das-melhores-praias-da-europa\/\" \/>\n<meta property=\"og:locale\" content=\"pt_PT\" \/>\n<meta property=\"og:type\" content=\"article\" \/>\n<meta property=\"og:title\" content=\"Praia da Foz do Minho em Caminha no top das melhores praias da Europa\" \/>\n<meta property=\"og:description\" content=\"O jornal brit\u00e2nico \u201cThe Guardian\u201d escolheu as 40 melhores praias europeias, de acordo com a opini\u00e3o de escritores de viagens. No Top est\u00e3o cinco praias portuguesas, Praia Grande de Porto C\u00f4vo, no Alentejo; Praia da Vila da Nazar\u00e9 e a Costa da Prata; Praia da Fal\u00e9sia, Algarve; Praia da Foz do Minho, em Caminha; e [&hellip;]\" \/>\n<meta property=\"og:url\" content=\"https:\/\/www.altominho.tv\/site\/2019\/03\/15\/praia-da-foz-do-minho-em-caminha-no-top-das-melhores-praias-da-europa\/\" \/>\n<meta property=\"og:site_name\" content=\"Altominho.tv\" \/>\n<meta property=\"article:publisher\" content=\"https:\/\/www.facebook.com\/altominhotv\" \/>\n<meta property=\"article:published_time\" content=\"2019-03-15T01:15:57+00:00\" \/>\n<meta property=\"og:image\" content=\"https:\/\/www.altominho.tv\/site\/wp-content\/uploads\/2019\/03\/Monte-de-santa-tecla.jpg\" \/>\n\t<meta property=\"og:image:width\" content=\"1600\" \/>\n\t<meta property=\"og:image:height\" content=\"1200\" \/>\n\t<meta property=\"og:image:type\" content=\"image\/jpeg\" \/>\n<meta name=\"author\" content=\"Altominho.tv\" \/>\n<meta name=\"twitter:card\" content=\"summary_large_image\" \/>\n<meta name=\"twitter:creator\" content=\"@altominhoTV\" \/>\n<meta name=\"twitter:site\" content=\"@altominhoTV\" \/>\n<meta name=\"twitter:label1\" content=\"Escrito por\" \/>\n\t<meta name=\"twitter:data1\" content=\"Altominho.tv\" \/>\n\t<meta name=\"twitter:label2\" content=\"Tempo estimado de leitura\" \/>\n\t<meta name=\"twitter:data2\" content=\"1 minuto\" \/>\n<script type=\"application\/ld+json\" class=\"yoast-schema-graph\">{\"@context\":\"https:\\\/\\\/schema.org\",\"@graph\":[{\"@type\":\"Article\",\"@id\":\"https:\\\/\\\/www.altominho.tv\\\/site\\\/2019\\\/03\\\/15\\\/praia-da-foz-do-minho-em-caminha-no-top-das-melhores-praias-da-europa\\\/#article\",\"isPartOf\":{\"@id\":\"https:\\\/\\\/www.altominho.tv\\\/site\\\/2019\\\/03\\\/15\\\/praia-da-foz-do-minho-em-caminha-no-top-das-melhores-praias-da-europa\\\/\"},\"author\":{\"name\":\"Altominho.tv\",\"@id\":\"https:\\\/\\\/www.altominho.tv\\\/site\\\/#\\\/schema\\\/person\\\/4e536851627d7914baf3dac752b6af22\"},\"headline\":\"Praia da Foz do Minho em Caminha no top das melhores praias da Europa\",\"datePublished\":\"2019-03-15T01:15:57+00:00\",\"mainEntityOfPage\":{\"@id\":\"https:\\\/\\\/www.altominho.tv\\\/site\\\/2019\\\/03\\\/15\\\/praia-da-foz-do-minho-em-caminha-no-top-das-melhores-praias-da-europa\\\/\"},\"wordCount\":192,\"image\":{\"@id\":\"https:\\\/\\\/www.altominho.tv\\\/site\\\/2019\\\/03\\\/15\\\/praia-da-foz-do-minho-em-caminha-no-top-das-melhores-praias-da-europa\\\/#primaryimage\"},\"thumbnailUrl\":\"https:\\\/\\\/www.altominho.tv\\\/site\\\/wp-content\\\/uploads\\\/2019\\\/03\\\/Monte-de-santa-tecla.jpg\",\"keywords\":[\"Lazer\"],\"articleSection\":[\"Caminha\"],\"inLanguage\":\"pt-PT\",\"copyrightYear\":\"2019\",\"copyrightHolder\":{\"@id\":\"https:\\\/\\\/www.altominho.tv\\\/site\\\/#organization\"}},{\"@type\":\"WebPage\",\"@id\":\"https:\\\/\\\/www.altominho.tv\\\/site\\\/2019\\\/03\\\/15\\\/praia-da-foz-do-minho-em-caminha-no-top-das-melhores-praias-da-europa\\\/\",\"url\":\"https:\\\/\\\/www.altominho.tv\\\/site\\\/2019\\\/03\\\/15\\\/praia-da-foz-do-minho-em-caminha-no-top-das-melhores-praias-da-europa\\\/\",\"name\":\"Praia da Foz do Minho em Caminha no top das melhores praias da Europa\",\"isPartOf\":{\"@id\":\"https:\\\/\\\/www.altominho.tv\\\/site\\\/#website\"},\"primaryImageOfPage\":{\"@id\":\"https:\\\/\\\/www.altominho.tv\\\/site\\\/2019\\\/03\\\/15\\\/praia-da-foz-do-minho-em-caminha-no-top-das-melhores-praias-da-europa\\\/#primaryimage\"},\"image\":{\"@id\":\"https:\\\/\\\/www.altominho.tv\\\/site\\\/2019\\\/03\\\/15\\\/praia-da-foz-do-minho-em-caminha-no-top-das-melhores-praias-da-europa\\\/#primaryimage\"},\"thumbnailUrl\":\"https:\\\/\\\/www.altominho.tv\\\/site\\\/wp-content\\\/uploads\\\/2019\\\/03\\\/Monte-de-santa-tecla.jpg\",\"datePublished\":\"2019-03-15T01:15:57+00:00\",\"author\":{\"@id\":\"https:\\\/\\\/www.altominho.tv\\\/site\\\/#\\\/schema\\\/person\\\/4e536851627d7914baf3dac752b6af22\"},\"breadcrumb\":{\"@id\":\"https:\\\/\\\/www.altominho.tv\\\/site\\\/2019\\\/03\\\/15\\\/praia-da-foz-do-minho-em-caminha-no-top-das-melhores-praias-da-europa\\\/#breadcrumb\"},\"inLanguage\":\"pt-PT\",\"potentialAction\":[{\"@type\":\"ReadAction\",\"target\":[\"https:\\\/\\\/www.altominho.tv\\\/site\\\/2019\\\/03\\\/15\\\/praia-da-foz-do-minho-em-caminha-no-top-das-melhores-praias-da-europa\\\/\"]}]},{\"@type\":\"ImageObject\",\"inLanguage\":\"pt-PT\",\"@id\":\"https:\\\/\\\/www.altominho.tv\\\/site\\\/2019\\\/03\\\/15\\\/praia-da-foz-do-minho-em-caminha-no-top-das-melhores-praias-da-europa\\\/#primaryimage\",\"url\":\"https:\\\/\\\/www.altominho.tv\\\/site\\\/wp-content\\\/uploads\\\/2019\\\/03\\\/Monte-de-santa-tecla.jpg\",\"contentUrl\":\"https:\\\/\\\/www.altominho.tv\\\/site\\\/wp-content\\\/uploads\\\/2019\\\/03\\\/Monte-de-santa-tecla.jpg\",\"width\":1600,\"height\":1200,\"caption\":\"El Mapa del Viajero\"},{\"@type\":\"BreadcrumbList\",\"@id\":\"https:\\\/\\\/www.altominho.tv\\\/site\\\/2019\\\/03\\\/15\\\/praia-da-foz-do-minho-em-caminha-no-top-das-melhores-praias-da-europa\\\/#breadcrumb\",\"itemListElement\":[{\"@type\":\"ListItem\",\"position\":1,\"name\":\"In\u00edcio\",\"item\":\"https:\\\/\\\/www.altominho.tv\\\/site\\\/\"},{\"@type\":\"ListItem\",\"position\":2,\"name\":\"Praia da Foz do Minho em Caminha no top das melhores praias da Europa\"}]},{\"@type\":\"WebSite\",\"@id\":\"https:\\\/\\\/www.altominho.tv\\\/site\\\/#website\",\"url\":\"https:\\\/\\\/www.altominho.tv\\\/site\\\/\",\"name\":\"Altominho.tv\",\"description\":\"A sua regi\u00e3o \u00e0 dist\u00e2ncia de um clique...\",\"potentialAction\":[{\"@type\":\"SearchAction\",\"target\":{\"@type\":\"EntryPoint\",\"urlTemplate\":\"https:\\\/\\\/www.altominho.tv\\\/site\\\/?s={search_term_string}\"},\"query-input\":{\"@type\":\"PropertyValueSpecification\",\"valueRequired\":true,\"valueName\":\"search_term_string\"}}],\"inLanguage\":\"pt-PT\"},{\"@type\":\"Person\",\"@id\":\"https:\\\/\\\/www.altominho.tv\\\/site\\\/#\\\/schema\\\/person\\\/4e536851627d7914baf3dac752b6af22\",\"name\":\"Altominho.tv\",\"image\":{\"@type\":\"ImageObject\",\"inLanguage\":\"pt-PT\",\"@id\":\"https:\\\/\\\/www.altominho.tv\\\/site\\\/wp-content\\\/uploads\\\/2019\\\/11\\\/Logo_Avatar_2-150x150.jpg\",\"url\":\"https:\\\/\\\/www.altominho.tv\\\/site\\\/wp-content\\\/uploads\\\/2019\\\/11\\\/Logo_Avatar_2-150x150.jpg\",\"contentUrl\":\"https:\\\/\\\/www.altominho.tv\\\/site\\\/wp-content\\\/uploads\\\/2019\\\/11\\\/Logo_Avatar_2-150x150.jpg\",\"caption\":\"Altominho.tv\"},\"url\":\"https:\\\/\\\/www.altominho.tv\\\/site\\\/author\\\/altominhotv-tecnico\\\/\"}]}<\/script>\n<!-- \/ Yoast SEO Premium plugin. -->","yoast_head_json":{"title":"Praia da Foz do Minho em Caminha no top das melhores praias da Europa","robots":{"index":"index","follow":"follow","max-snippet":"max-snippet:-1","max-image-preview":"max-image-preview:large","max-video-preview":"max-video-preview:-1"},"canonical":"https:\/\/www.altominho.tv\/site\/2019\/03\/15\/praia-da-foz-do-minho-em-caminha-no-top-das-melhores-praias-da-europa\/","og_locale":"pt_PT","og_type":"article","og_title":"Praia da Foz do Minho em Caminha no top das melhores praias da Europa","og_description":"O jornal brit\u00e2nico \u201cThe Guardian\u201d escolheu as 40 melhores praias europeias, de acordo com a opini\u00e3o de escritores de viagens. No Top est\u00e3o cinco praias portuguesas, Praia Grande de Porto C\u00f4vo, no Alentejo; Praia da Vila da Nazar\u00e9 e a Costa da Prata; Praia da Fal\u00e9sia, Algarve; Praia da Foz do Minho, em Caminha; e [&hellip;]","og_url":"https:\/\/www.altominho.tv\/site\/2019\/03\/15\/praia-da-foz-do-minho-em-caminha-no-top-das-melhores-praias-da-europa\/","og_site_name":"Altominho.tv","article_publisher":"https:\/\/www.facebook.com\/altominhotv","article_published_time":"2019-03-15T01:15:57+00:00","og_image":[{"width":1600,"height":1200,"url":"https:\/\/www.altominho.tv\/site\/wp-content\/uploads\/2019\/03\/Monte-de-santa-tecla.jpg","type":"image\/jpeg"}],"author":"Altominho.tv","twitter_card":"summary_large_image","twitter_creator":"@altominhoTV","twitter_site":"@altominhoTV","twitter_misc":{"Escrito por":"Altominho.tv","Tempo estimado de leitura":"1 minuto"},"schema":{"@context":"https:\/\/schema.org","@graph":[{"@type":"Article","@id":"https:\/\/www.altominho.tv\/site\/2019\/03\/15\/praia-da-foz-do-minho-em-caminha-no-top-das-melhores-praias-da-europa\/#article","isPartOf":{"@id":"https:\/\/www.altominho.tv\/site\/2019\/03\/15\/praia-da-foz-do-minho-em-caminha-no-top-das-melhores-praias-da-europa\/"},"author":{"name":"Altominho.tv","@id":"https:\/\/www.altominho.tv\/site\/#\/schema\/person\/4e536851627d7914baf3dac752b6af22"},"headline":"Praia da Foz do Minho em Caminha no top das melhores praias da Europa","datePublished":"2019-03-15T01:15:57+00:00","mainEntityOfPage":{"@id":"https:\/\/www.altominho.tv\/site\/2019\/03\/15\/praia-da-foz-do-minho-em-caminha-no-top-das-melhores-praias-da-europa\/"},"wordCount":192,"image":{"@id":"https:\/\/www.altominho.tv\/site\/2019\/03\/15\/praia-da-foz-do-minho-em-caminha-no-top-das-melhores-praias-da-europa\/#primaryimage"},"thumbnailUrl":"https:\/\/www.altominho.tv\/site\/wp-content\/uploads\/2019\/03\/Monte-de-santa-tecla.jpg","keywords":["Lazer"],"articleSection":["Caminha"],"inLanguage":"pt-PT","copyrightYear":"2019","copyrightHolder":{"@id":"https:\/\/www.altominho.tv\/site\/#organization"}},{"@type":"WebPage","@id":"https:\/\/www.altominho.tv\/site\/2019\/03\/15\/praia-da-foz-do-minho-em-caminha-no-top-das-melhores-praias-da-europa\/","url":"https:\/\/www.altominho.tv\/site\/2019\/03\/15\/praia-da-foz-do-minho-em-caminha-no-top-das-melhores-praias-da-europa\/","name":"Praia da Foz do Minho em Caminha no top das melhores praias da Europa","isPartOf":{"@id":"https:\/\/www.altominho.tv\/site\/#website"},"primaryImageOfPage":{"@id":"https:\/\/www.altominho.tv\/site\/2019\/03\/15\/praia-da-foz-do-minho-em-caminha-no-top-das-melhores-praias-da-europa\/#primaryimage"},"image":{"@id":"https:\/\/www.altominho.tv\/site\/2019\/03\/15\/praia-da-foz-do-minho-em-caminha-no-top-das-melhores-praias-da-europa\/#primaryimage"},"thumbnailUrl":"https:\/\/www.altominho.tv\/site\/wp-content\/uploads\/2019\/03\/Monte-de-santa-tecla.jpg","datePublished":"2019-03-15T01:15:57+00:00","author":{"@id":"https:\/\/www.altominho.tv\/site\/#\/schema\/person\/4e536851627d7914baf3dac752b6af22"},"breadcrumb":{"@id":"https:\/\/www.altominho.tv\/site\/2019\/03\/15\/praia-da-foz-do-minho-em-caminha-no-top-das-melhores-praias-da-europa\/#breadcrumb"},"inLanguage":"pt-PT","potentialAction":[{"@type":"ReadAction","target":["https:\/\/www.altominho.tv\/site\/2019\/03\/15\/praia-da-foz-do-minho-em-caminha-no-top-das-melhores-praias-da-europa\/"]}]},{"@type":"ImageObject","inLanguage":"pt-PT","@id":"https:\/\/www.altominho.tv\/site\/2019\/03\/15\/praia-da-foz-do-minho-em-caminha-no-top-das-melhores-praias-da-europa\/#primaryimage","url":"https:\/\/www.altominho.tv\/site\/wp-content\/uploads\/2019\/03\/Monte-de-santa-tecla.jpg","contentUrl":"https:\/\/www.altominho.tv\/site\/wp-content\/uploads\/2019\/03\/Monte-de-santa-tecla.jpg","width":1600,"height":1200,"caption":"El Mapa del Viajero"},{"@type":"BreadcrumbList","@id":"https:\/\/www.altominho.tv\/site\/2019\/03\/15\/praia-da-foz-do-minho-em-caminha-no-top-das-melhores-praias-da-europa\/#breadcrumb","itemListElement":[{"@type":"ListItem","position":1,"name":"In\u00edcio","item":"https:\/\/www.altominho.tv\/site\/"},{"@type":"ListItem","position":2,"name":"Praia da Foz do Minho em Caminha no top das melhores praias da Europa"}]},{"@type":"WebSite","@id":"https:\/\/www.altominho.tv\/site\/#website","url":"https:\/\/www.altominho.tv\/site\/","name":"Altominho.tv","description":"A sua regi\u00e3o \u00e0 dist\u00e2ncia de um clique...","potentialAction":[{"@type":"SearchAction","target":{"@type":"EntryPoint","urlTemplate":"https:\/\/www.altominho.tv\/site\/?s={search_term_string}"},"query-input":{"@type":"PropertyValueSpecification","valueRequired":true,"valueName":"search_term_string"}}],"inLanguage":"pt-PT"},{"@type":"Person","@id":"https:\/\/www.altominho.tv\/site\/#\/schema\/person\/4e536851627d7914baf3dac752b6af22","name":"Altominho.tv","image":{"@type":"ImageObject","inLanguage":"pt-PT","@id":"https:\/\/www.altominho.tv\/site\/wp-content\/uploads\/2019\/11\/Logo_Avatar_2-150x150.jpg","url":"https:\/\/www.altominho.tv\/site\/wp-content\/uploads\/2019\/11\/Logo_Avatar_2-150x150.jpg","contentUrl":"https:\/\/www.altominho.tv\/site\/wp-content\/uploads\/2019\/11\/Logo_Avatar_2-150x150.jpg","caption":"Altominho.tv"},"url":"https:\/\/www.altominho.tv\/site\/author\/altominhotv-tecnico\/"}]}},"_links":{"self":[{"href":"https:\/\/www.altominho.tv\/site\/wp-json\/wp\/v2\/posts\/25749","targetHints":{"allow":["GET"]}}],"collection":[{"href":"https:\/\/www.altominho.tv\/site\/wp-json\/wp\/v2\/posts"}],"about":[{"href":"https:\/\/www.altominho.tv\/site\/wp-json\/wp\/v2\/types\/post"}],"author":[{"embeddable":true,"href":"https:\/\/www.altominho.tv\/site\/wp-json\/wp\/v2\/users\/1"}],"replies":[{"embeddable":true,"href":"https:\/\/www.altominho.tv\/site\/wp-json\/wp\/v2\/comments?post=25749"}],"version-history":[{"count":0,"href":"https:\/\/www.altominho.tv\/site\/wp-json\/wp\/v2\/posts\/25749\/revisions"}],"wp:featuredmedia":[{"embeddable":true,"href":"https:\/\/www.altominho.tv\/site\/wp-json\/wp\/v2\/media\/25750"}],"wp:attachment":[{"href":"https:\/\/www.altominho.tv\/site\/wp-json\/wp\/v2\/media?parent=25749"}],"wp:term":[{"taxonomy":"category","embeddable":true,"href":"https:\/\/www.altominho.tv\/site\/wp-json\/wp\/v2\/categories?post=25749"},{"taxonomy":"post_tag","embeddable":true,"href":"https:\/\/www.altominho.tv\/site\/wp-json\/wp\/v2\/tags?post=25749"}],"curies":[{"name":"wp","href":"https:\/\/api.w.org\/{rel}","templated":true}]}}