{"id":25366,"date":"2019-03-06T15:06:13","date_gmt":"2019-03-06T15:06:13","guid":{"rendered":"http:\/\/www.altominho.tv\/site\/?p=25366"},"modified":"2019-03-06T15:06:13","modified_gmt":"2019-03-06T15:06:13","slug":"wake-park-de-viana-do-castelo-abre-em-abril-e-espera-atrair-10-mil-praticantes-por-ano","status":"publish","type":"post","link":"https:\/\/www.altominho.tv\/site\/2019\/03\/06\/wake-park-de-viana-do-castelo-abre-em-abril-e-espera-atrair-10-mil-praticantes-por-ano\/","title":{"rendered":"Wake Park de Viana do Castelo abre em abril e espera atrair 10 mil praticantes por ano"},"content":{"rendered":"<p>O primeiro Wake Park do Alto Minho entra em funcionamento no dia 13 de abril, em Viana do Castelo, num investimento de 400 mil euros, estimando atrair, por ano, dez mil praticantes de wakeboard e wakesurf.<\/p>\n<p>&#8220;Existem tr\u00eas milh\u00f5es de praticantes de wakeboard e wakesurf na Europa. Com o Wake Park de Viana do Castelo estimamos a atrair \u00e0 cidade cerca de 10 mil pessoas por ano, refor\u00e7ando assim a atratividade tur\u00edstica de Viana do Castelo&#8221;, afirmou Jos\u00e9 Sampaio.<\/p>\n<p>O administrador do FeelViana Sport Hotel e promotor do Wake Park justificou o investimento com a &#8220;necessidade de valoriza\u00e7\u00e3o da oferta da regi\u00e3o, de combate \u00e0 sazonalidade e de refor\u00e7o de Viana do Castelo como destino de refer\u00eancia nas atividades n\u00e1uticas&#8221;.<\/p>\n<p>O equipamento, a criar no Cabedelo, numa bacia situada junto ao porto comercial de Viana do Castelo, na margem esquerda do rio Lima, ir\u00e1 criar seis novos postos de trabalho.<\/p>\n<p>Concessionado pela Administra\u00e7\u00e3o do Porto do Douro, Leix\u00f5es e Viana do Castelo (APDL), a estrutura vai permitir a pr\u00e1tica de Wakeboard e WakeSurf, atrav\u00e9s de um sistema de cabos ou atrav\u00e9s de uma embarca\u00e7\u00e3o.<\/p>\n<p><img loading=\"lazy\" decoding=\"async\" class=\"alignnone size-large wp-image-25367\" src=\"http:\/\/www.altominho.tv\/site\/wp-content\/uploads\/2019\/03\/Wake-1024x793.jpeg\" alt=\"\" width=\"770\" height=\"596\" srcset=\"https:\/\/www.altominho.tv\/site\/wp-content\/uploads\/2019\/03\/Wake-1024x793.jpeg 1024w, https:\/\/www.altominho.tv\/site\/wp-content\/uploads\/2019\/03\/Wake-300x232.jpeg 300w, https:\/\/www.altominho.tv\/site\/wp-content\/uploads\/2019\/03\/Wake-768x595.jpeg 768w, https:\/\/www.altominho.tv\/site\/wp-content\/uploads\/2019\/03\/Wake-370x286.jpeg 370w, https:\/\/www.altominho.tv\/site\/wp-content\/uploads\/2019\/03\/Wake-270x209.jpeg 270w, https:\/\/www.altominho.tv\/site\/wp-content\/uploads\/2019\/03\/Wake-740x573.jpeg 740w, https:\/\/www.altominho.tv\/site\/wp-content\/uploads\/2019\/03\/Wake.jpeg 1280w\" sizes=\"auto, (max-width: 770px) 100vw, 770px\" \/><\/p>\n<p>Presente na apresenta\u00e7\u00e3o do novo equipamento, o presidente da Associa\u00e7\u00e3o Portuguesa de Wake (APW), Lu\u00eds Segad\u00e3es, real\u00e7ou que Viana do Castelo &#8220;\u00e9 a segunda regi\u00e3o do pa\u00eds a dispor de um equipamento que permite a pr\u00e1tica daquelas modalidades quer atrav\u00e9s de cabo, quer de uma embarca\u00e7\u00e3o&#8221;.<\/p>\n<p>Segundo o respons\u00e1vel, o primeiro Wake Park do pa\u00eds entrou em funcionamento, em 2015, na albufeira de Castelo de Bode, em Tomar.<\/p>\n<p>Lu\u00eds Segad\u00e3es adiantou que o plano de atividades da APW para 2019 vai &#8220;arrancar em Viana do Castelo, com a atividade Feel de Wake em Viana&#8221;, entre 8 e 10 de junho, que contar\u00e1 com o apoio do hotel e da C\u00e2mara Municipal&#8221;.<\/p>\n<p>Al\u00e9m da primeira prova do campeonato nacional de Wakeboard, de cabo e de barco, a a\u00e7\u00e3o integrar\u00e1 ainda \u2018open days&#8217; para &#8220;aumentar o n\u00famero de praticantes, aumentar a representatividade do desporto em Portugal.<\/p>\n<p>Lu\u00eds Segad\u00e3es acrescentou que naquele evento, &#8220;a APW vai proporcionar a 20 crian\u00e7as de escolas locais a experi\u00eancia do wakeboard, de forma gratuita&#8221;.<\/p>\n<p>A proximidade com a Galiza, foi outros dos aspetos real\u00e7ados pelo respons\u00e1vel, garantindo que o equipamento permitir\u00e1 &#8220;expandir o calend\u00e1rio de eventos e contribuir para o acesso dos melhores talentos aos eventos internacionais&#8221;.<\/p>\n<p>Para o presidente da C\u00e2mara de Viana do Castelo, Jos\u00e9 Maria Costa, a cria\u00e7\u00e3o do Wake Park vem &#8220;aumentar a atratividade de Viana do Castelo nas vertentes do turismo de natureza e do desporto&#8221;, referiu.<\/p>\n<p>O autarca sublinhou que &#8220;os indicadores tur\u00edsticos de que o munic\u00edpio disp\u00f5e referem que Viana do Castelo tem crescido ao dobro da velocidade da regi\u00e3o Norte e do pa\u00eds, tendo duplicado o n\u00famero de dormidas, entre 2014 e 2017, para 267 mil&#8221;.<\/p>\n<p>&#8220;Em algumas unidades hoteleiras estamos com taxas de crescimento na ordem dos 37%. De acordo com informa\u00e7\u00f5es que me foram transmitidas por algumas unidades hoteleiras, os primeiros dois meses desde ano foram os melhores dois meses da \u00faltima d\u00e9cada. Estes n\u00fameros v\u00eam confirmar que Viana do Castelo j\u00e1 n\u00e3o tem \u00e9poca baixa&#8221;, frisou.<\/p>\n<p>Fonte: Lusa<\/p>\n","protected":false},"excerpt":{"rendered":"<p>O primeiro Wake Park do Alto Minho entra em funcionamento no dia 13 de abril, em Viana do Castelo, num investimento de 400 mil euros, estimando atrair, por ano, dez mil praticantes de wakeboard e wakesurf. &#8220;Existem tr\u00eas milh\u00f5es de praticantes de wakeboard e wakesurf na Europa. Com o Wake Park de Viana do Castelo [&hellip;]<\/p>\n","protected":false},"author":12,"featured_media":25369,"comment_status":"closed","ping_status":"closed","sticky":false,"template":"","format":"standard","meta":{"_exactmetrics_skip_tracking":false,"_exactmetrics_sitenote_active":false,"_exactmetrics_sitenote_note":"","_exactmetrics_sitenote_category":0,"footnotes":""},"categories":[14],"tags":[20],"class_list":["post-25366","post","type-post","status-publish","format-standard","has-post-thumbnail","hentry","category-viana-do-castelo","tag-desporto"],"yoast_head":"<!-- This site is optimized with the Yoast SEO Premium plugin v27.5 (Yoast SEO v27.5) - https:\/\/yoast.com\/product\/yoast-seo-premium-wordpress\/ -->\n<title>Wake Park de Viana do Castelo abre em abril e espera atrair 10 mil praticantes por ano<\/title>\n<meta name=\"robots\" content=\"index, follow, max-snippet:-1, max-image-preview:large, max-video-preview:-1\" \/>\n<link rel=\"canonical\" href=\"https:\/\/www.altominho.tv\/site\/2019\/03\/06\/wake-park-de-viana-do-castelo-abre-em-abril-e-espera-atrair-10-mil-praticantes-por-ano\/\" \/>\n<meta property=\"og:locale\" content=\"pt_PT\" \/>\n<meta property=\"og:type\" content=\"article\" \/>\n<meta property=\"og:title\" content=\"Wake Park de Viana do Castelo abre em abril e espera atrair 10 mil praticantes por ano\" \/>\n<meta property=\"og:description\" content=\"O primeiro Wake Park do Alto Minho entra em funcionamento no dia 13 de abril, em Viana do Castelo, num investimento de 400 mil euros, estimando atrair, por ano, dez mil praticantes de wakeboard e wakesurf. &#8220;Existem tr\u00eas milh\u00f5es de praticantes de wakeboard e wakesurf na Europa. Com o Wake Park de Viana do Castelo [&hellip;]\" \/>\n<meta property=\"og:url\" content=\"https:\/\/www.altominho.tv\/site\/2019\/03\/06\/wake-park-de-viana-do-castelo-abre-em-abril-e-espera-atrair-10-mil-praticantes-por-ano\/\" \/>\n<meta property=\"og:site_name\" content=\"Altominho.tv\" \/>\n<meta property=\"article:publisher\" content=\"https:\/\/www.facebook.com\/altominhotv\" \/>\n<meta property=\"article:published_time\" content=\"2019-03-06T15:06:13+00:00\" \/>\n<meta property=\"og:image\" content=\"https:\/\/www.altominho.tv\/site\/wp-content\/uploads\/2019\/03\/Wake-park.png\" \/>\n\t<meta property=\"og:image:width\" content=\"724\" \/>\n\t<meta property=\"og:image:height\" content=\"406\" \/>\n\t<meta property=\"og:image:type\" content=\"image\/png\" \/>\n<meta name=\"author\" content=\"Andreia Ferreira\" \/>\n<meta name=\"twitter:card\" content=\"summary_large_image\" \/>\n<meta name=\"twitter:creator\" content=\"@altominhoTV\" \/>\n<meta name=\"twitter:site\" content=\"@altominhoTV\" \/>\n<meta name=\"twitter:label1\" content=\"Escrito por\" \/>\n\t<meta name=\"twitter:data1\" content=\"Andreia Ferreira\" \/>\n\t<meta name=\"twitter:label2\" content=\"Tempo estimado de leitura\" \/>\n\t<meta name=\"twitter:data2\" content=\"3 minutos\" \/>\n<script type=\"application\/ld+json\" class=\"yoast-schema-graph\">{\"@context\":\"https:\\\/\\\/schema.org\",\"@graph\":[{\"@type\":\"Article\",\"@id\":\"https:\\\/\\\/www.altominho.tv\\\/site\\\/2019\\\/03\\\/06\\\/wake-park-de-viana-do-castelo-abre-em-abril-e-espera-atrair-10-mil-praticantes-por-ano\\\/#article\",\"isPartOf\":{\"@id\":\"https:\\\/\\\/www.altominho.tv\\\/site\\\/2019\\\/03\\\/06\\\/wake-park-de-viana-do-castelo-abre-em-abril-e-espera-atrair-10-mil-praticantes-por-ano\\\/\"},\"author\":{\"name\":\"Andreia Ferreira\",\"@id\":\"https:\\\/\\\/www.altominho.tv\\\/site\\\/#\\\/schema\\\/person\\\/d9be4265364723f14ea8e0d56a1d38cd\"},\"headline\":\"Wake Park de Viana do Castelo abre em abril e espera atrair 10 mil praticantes por ano\",\"datePublished\":\"2019-03-06T15:06:13+00:00\",\"mainEntityOfPage\":{\"@id\":\"https:\\\/\\\/www.altominho.tv\\\/site\\\/2019\\\/03\\\/06\\\/wake-park-de-viana-do-castelo-abre-em-abril-e-espera-atrair-10-mil-praticantes-por-ano\\\/\"},\"wordCount\":570,\"image\":{\"@id\":\"https:\\\/\\\/www.altominho.tv\\\/site\\\/2019\\\/03\\\/06\\\/wake-park-de-viana-do-castelo-abre-em-abril-e-espera-atrair-10-mil-praticantes-por-ano\\\/#primaryimage\"},\"thumbnailUrl\":\"https:\\\/\\\/www.altominho.tv\\\/site\\\/wp-content\\\/uploads\\\/2019\\\/03\\\/Wake-park.png\",\"keywords\":[\"Desporto\"],\"articleSection\":[\"Viana do Castelo\"],\"inLanguage\":\"pt-PT\",\"copyrightYear\":\"2019\",\"copyrightHolder\":{\"@id\":\"https:\\\/\\\/www.altominho.tv\\\/site\\\/#organization\"}},{\"@type\":\"WebPage\",\"@id\":\"https:\\\/\\\/www.altominho.tv\\\/site\\\/2019\\\/03\\\/06\\\/wake-park-de-viana-do-castelo-abre-em-abril-e-espera-atrair-10-mil-praticantes-por-ano\\\/\",\"url\":\"https:\\\/\\\/www.altominho.tv\\\/site\\\/2019\\\/03\\\/06\\\/wake-park-de-viana-do-castelo-abre-em-abril-e-espera-atrair-10-mil-praticantes-por-ano\\\/\",\"name\":\"Wake Park de Viana do Castelo abre em abril e espera atrair 10 mil praticantes por ano\",\"isPartOf\":{\"@id\":\"https:\\\/\\\/www.altominho.tv\\\/site\\\/#website\"},\"primaryImageOfPage\":{\"@id\":\"https:\\\/\\\/www.altominho.tv\\\/site\\\/2019\\\/03\\\/06\\\/wake-park-de-viana-do-castelo-abre-em-abril-e-espera-atrair-10-mil-praticantes-por-ano\\\/#primaryimage\"},\"image\":{\"@id\":\"https:\\\/\\\/www.altominho.tv\\\/site\\\/2019\\\/03\\\/06\\\/wake-park-de-viana-do-castelo-abre-em-abril-e-espera-atrair-10-mil-praticantes-por-ano\\\/#primaryimage\"},\"thumbnailUrl\":\"https:\\\/\\\/www.altominho.tv\\\/site\\\/wp-content\\\/uploads\\\/2019\\\/03\\\/Wake-park.png\",\"datePublished\":\"2019-03-06T15:06:13+00:00\",\"author\":{\"@id\":\"https:\\\/\\\/www.altominho.tv\\\/site\\\/#\\\/schema\\\/person\\\/d9be4265364723f14ea8e0d56a1d38cd\"},\"breadcrumb\":{\"@id\":\"https:\\\/\\\/www.altominho.tv\\\/site\\\/2019\\\/03\\\/06\\\/wake-park-de-viana-do-castelo-abre-em-abril-e-espera-atrair-10-mil-praticantes-por-ano\\\/#breadcrumb\"},\"inLanguage\":\"pt-PT\",\"potentialAction\":[{\"@type\":\"ReadAction\",\"target\":[\"https:\\\/\\\/www.altominho.tv\\\/site\\\/2019\\\/03\\\/06\\\/wake-park-de-viana-do-castelo-abre-em-abril-e-espera-atrair-10-mil-praticantes-por-ano\\\/\"]}]},{\"@type\":\"ImageObject\",\"inLanguage\":\"pt-PT\",\"@id\":\"https:\\\/\\\/www.altominho.tv\\\/site\\\/2019\\\/03\\\/06\\\/wake-park-de-viana-do-castelo-abre-em-abril-e-espera-atrair-10-mil-praticantes-por-ano\\\/#primaryimage\",\"url\":\"https:\\\/\\\/www.altominho.tv\\\/site\\\/wp-content\\\/uploads\\\/2019\\\/03\\\/Wake-park.png\",\"contentUrl\":\"https:\\\/\\\/www.altominho.tv\\\/site\\\/wp-content\\\/uploads\\\/2019\\\/03\\\/Wake-park.png\",\"width\":724,\"height\":406,\"caption\":\"FEEL VIANA\"},{\"@type\":\"BreadcrumbList\",\"@id\":\"https:\\\/\\\/www.altominho.tv\\\/site\\\/2019\\\/03\\\/06\\\/wake-park-de-viana-do-castelo-abre-em-abril-e-espera-atrair-10-mil-praticantes-por-ano\\\/#breadcrumb\",\"itemListElement\":[{\"@type\":\"ListItem\",\"position\":1,\"name\":\"In\u00edcio\",\"item\":\"https:\\\/\\\/www.altominho.tv\\\/site\\\/\"},{\"@type\":\"ListItem\",\"position\":2,\"name\":\"Wake Park de Viana do Castelo abre em abril e espera atrair 10 mil praticantes por ano\"}]},{\"@type\":\"WebSite\",\"@id\":\"https:\\\/\\\/www.altominho.tv\\\/site\\\/#website\",\"url\":\"https:\\\/\\\/www.altominho.tv\\\/site\\\/\",\"name\":\"Altominho.tv\",\"description\":\"A sua regi\u00e3o \u00e0 dist\u00e2ncia de um clique...\",\"potentialAction\":[{\"@type\":\"SearchAction\",\"target\":{\"@type\":\"EntryPoint\",\"urlTemplate\":\"https:\\\/\\\/www.altominho.tv\\\/site\\\/?s={search_term_string}\"},\"query-input\":{\"@type\":\"PropertyValueSpecification\",\"valueRequired\":true,\"valueName\":\"search_term_string\"}}],\"inLanguage\":\"pt-PT\"},{\"@type\":\"Person\",\"@id\":\"https:\\\/\\\/www.altominho.tv\\\/site\\\/#\\\/schema\\\/person\\\/d9be4265364723f14ea8e0d56a1d38cd\",\"name\":\"Andreia Ferreira\",\"image\":{\"@type\":\"ImageObject\",\"inLanguage\":\"pt-PT\",\"@id\":\"https:\\\/\\\/www.altominho.tv\\\/site\\\/wp-content\\\/uploads\\\/2021\\\/01\\\/AndreiaFerreira-150x150.jpg\",\"url\":\"https:\\\/\\\/www.altominho.tv\\\/site\\\/wp-content\\\/uploads\\\/2021\\\/01\\\/AndreiaFerreira-150x150.jpg\",\"contentUrl\":\"https:\\\/\\\/www.altominho.tv\\\/site\\\/wp-content\\\/uploads\\\/2021\\\/01\\\/AndreiaFerreira-150x150.jpg\",\"caption\":\"Andreia Ferreira\"},\"url\":\"https:\\\/\\\/www.altominho.tv\\\/site\\\/author\\\/andreiaferreira\\\/\"}]}<\/script>\n<!-- \/ Yoast SEO Premium plugin. -->","yoast_head_json":{"title":"Wake Park de Viana do Castelo abre em abril e espera atrair 10 mil praticantes por ano","robots":{"index":"index","follow":"follow","max-snippet":"max-snippet:-1","max-image-preview":"max-image-preview:large","max-video-preview":"max-video-preview:-1"},"canonical":"https:\/\/www.altominho.tv\/site\/2019\/03\/06\/wake-park-de-viana-do-castelo-abre-em-abril-e-espera-atrair-10-mil-praticantes-por-ano\/","og_locale":"pt_PT","og_type":"article","og_title":"Wake Park de Viana do Castelo abre em abril e espera atrair 10 mil praticantes por ano","og_description":"O primeiro Wake Park do Alto Minho entra em funcionamento no dia 13 de abril, em Viana do Castelo, num investimento de 400 mil euros, estimando atrair, por ano, dez mil praticantes de wakeboard e wakesurf. &#8220;Existem tr\u00eas milh\u00f5es de praticantes de wakeboard e wakesurf na Europa. Com o Wake Park de Viana do Castelo [&hellip;]","og_url":"https:\/\/www.altominho.tv\/site\/2019\/03\/06\/wake-park-de-viana-do-castelo-abre-em-abril-e-espera-atrair-10-mil-praticantes-por-ano\/","og_site_name":"Altominho.tv","article_publisher":"https:\/\/www.facebook.com\/altominhotv","article_published_time":"2019-03-06T15:06:13+00:00","og_image":[{"width":724,"height":406,"url":"https:\/\/www.altominho.tv\/site\/wp-content\/uploads\/2019\/03\/Wake-park.png","type":"image\/png"}],"author":"Andreia Ferreira","twitter_card":"summary_large_image","twitter_creator":"@altominhoTV","twitter_site":"@altominhoTV","twitter_misc":{"Escrito por":"Andreia Ferreira","Tempo estimado de leitura":"3 minutos"},"schema":{"@context":"https:\/\/schema.org","@graph":[{"@type":"Article","@id":"https:\/\/www.altominho.tv\/site\/2019\/03\/06\/wake-park-de-viana-do-castelo-abre-em-abril-e-espera-atrair-10-mil-praticantes-por-ano\/#article","isPartOf":{"@id":"https:\/\/www.altominho.tv\/site\/2019\/03\/06\/wake-park-de-viana-do-castelo-abre-em-abril-e-espera-atrair-10-mil-praticantes-por-ano\/"},"author":{"name":"Andreia Ferreira","@id":"https:\/\/www.altominho.tv\/site\/#\/schema\/person\/d9be4265364723f14ea8e0d56a1d38cd"},"headline":"Wake Park de Viana do Castelo abre em abril e espera atrair 10 mil praticantes por ano","datePublished":"2019-03-06T15:06:13+00:00","mainEntityOfPage":{"@id":"https:\/\/www.altominho.tv\/site\/2019\/03\/06\/wake-park-de-viana-do-castelo-abre-em-abril-e-espera-atrair-10-mil-praticantes-por-ano\/"},"wordCount":570,"image":{"@id":"https:\/\/www.altominho.tv\/site\/2019\/03\/06\/wake-park-de-viana-do-castelo-abre-em-abril-e-espera-atrair-10-mil-praticantes-por-ano\/#primaryimage"},"thumbnailUrl":"https:\/\/www.altominho.tv\/site\/wp-content\/uploads\/2019\/03\/Wake-park.png","keywords":["Desporto"],"articleSection":["Viana do Castelo"],"inLanguage":"pt-PT","copyrightYear":"2019","copyrightHolder":{"@id":"https:\/\/www.altominho.tv\/site\/#organization"}},{"@type":"WebPage","@id":"https:\/\/www.altominho.tv\/site\/2019\/03\/06\/wake-park-de-viana-do-castelo-abre-em-abril-e-espera-atrair-10-mil-praticantes-por-ano\/","url":"https:\/\/www.altominho.tv\/site\/2019\/03\/06\/wake-park-de-viana-do-castelo-abre-em-abril-e-espera-atrair-10-mil-praticantes-por-ano\/","name":"Wake Park de Viana do Castelo abre em abril e espera atrair 10 mil praticantes por ano","isPartOf":{"@id":"https:\/\/www.altominho.tv\/site\/#website"},"primaryImageOfPage":{"@id":"https:\/\/www.altominho.tv\/site\/2019\/03\/06\/wake-park-de-viana-do-castelo-abre-em-abril-e-espera-atrair-10-mil-praticantes-por-ano\/#primaryimage"},"image":{"@id":"https:\/\/www.altominho.tv\/site\/2019\/03\/06\/wake-park-de-viana-do-castelo-abre-em-abril-e-espera-atrair-10-mil-praticantes-por-ano\/#primaryimage"},"thumbnailUrl":"https:\/\/www.altominho.tv\/site\/wp-content\/uploads\/2019\/03\/Wake-park.png","datePublished":"2019-03-06T15:06:13+00:00","author":{"@id":"https:\/\/www.altominho.tv\/site\/#\/schema\/person\/d9be4265364723f14ea8e0d56a1d38cd"},"breadcrumb":{"@id":"https:\/\/www.altominho.tv\/site\/2019\/03\/06\/wake-park-de-viana-do-castelo-abre-em-abril-e-espera-atrair-10-mil-praticantes-por-ano\/#breadcrumb"},"inLanguage":"pt-PT","potentialAction":[{"@type":"ReadAction","target":["https:\/\/www.altominho.tv\/site\/2019\/03\/06\/wake-park-de-viana-do-castelo-abre-em-abril-e-espera-atrair-10-mil-praticantes-por-ano\/"]}]},{"@type":"ImageObject","inLanguage":"pt-PT","@id":"https:\/\/www.altominho.tv\/site\/2019\/03\/06\/wake-park-de-viana-do-castelo-abre-em-abril-e-espera-atrair-10-mil-praticantes-por-ano\/#primaryimage","url":"https:\/\/www.altominho.tv\/site\/wp-content\/uploads\/2019\/03\/Wake-park.png","contentUrl":"https:\/\/www.altominho.tv\/site\/wp-content\/uploads\/2019\/03\/Wake-park.png","width":724,"height":406,"caption":"FEEL VIANA"},{"@type":"BreadcrumbList","@id":"https:\/\/www.altominho.tv\/site\/2019\/03\/06\/wake-park-de-viana-do-castelo-abre-em-abril-e-espera-atrair-10-mil-praticantes-por-ano\/#breadcrumb","itemListElement":[{"@type":"ListItem","position":1,"name":"In\u00edcio","item":"https:\/\/www.altominho.tv\/site\/"},{"@type":"ListItem","position":2,"name":"Wake Park de Viana do Castelo abre em abril e espera atrair 10 mil praticantes por ano"}]},{"@type":"WebSite","@id":"https:\/\/www.altominho.tv\/site\/#website","url":"https:\/\/www.altominho.tv\/site\/","name":"Altominho.tv","description":"A sua regi\u00e3o \u00e0 dist\u00e2ncia de um clique...","potentialAction":[{"@type":"SearchAction","target":{"@type":"EntryPoint","urlTemplate":"https:\/\/www.altominho.tv\/site\/?s={search_term_string}"},"query-input":{"@type":"PropertyValueSpecification","valueRequired":true,"valueName":"search_term_string"}}],"inLanguage":"pt-PT"},{"@type":"Person","@id":"https:\/\/www.altominho.tv\/site\/#\/schema\/person\/d9be4265364723f14ea8e0d56a1d38cd","name":"Andreia Ferreira","image":{"@type":"ImageObject","inLanguage":"pt-PT","@id":"https:\/\/www.altominho.tv\/site\/wp-content\/uploads\/2021\/01\/AndreiaFerreira-150x150.jpg","url":"https:\/\/www.altominho.tv\/site\/wp-content\/uploads\/2021\/01\/AndreiaFerreira-150x150.jpg","contentUrl":"https:\/\/www.altominho.tv\/site\/wp-content\/uploads\/2021\/01\/AndreiaFerreira-150x150.jpg","caption":"Andreia Ferreira"},"url":"https:\/\/www.altominho.tv\/site\/author\/andreiaferreira\/"}]}},"_links":{"self":[{"href":"https:\/\/www.altominho.tv\/site\/wp-json\/wp\/v2\/posts\/25366","targetHints":{"allow":["GET"]}}],"collection":[{"href":"https:\/\/www.altominho.tv\/site\/wp-json\/wp\/v2\/posts"}],"about":[{"href":"https:\/\/www.altominho.tv\/site\/wp-json\/wp\/v2\/types\/post"}],"author":[{"embeddable":true,"href":"https:\/\/www.altominho.tv\/site\/wp-json\/wp\/v2\/users\/12"}],"replies":[{"embeddable":true,"href":"https:\/\/www.altominho.tv\/site\/wp-json\/wp\/v2\/comments?post=25366"}],"version-history":[{"count":0,"href":"https:\/\/www.altominho.tv\/site\/wp-json\/wp\/v2\/posts\/25366\/revisions"}],"wp:featuredmedia":[{"embeddable":true,"href":"https:\/\/www.altominho.tv\/site\/wp-json\/wp\/v2\/media\/25369"}],"wp:attachment":[{"href":"https:\/\/www.altominho.tv\/site\/wp-json\/wp\/v2\/media?parent=25366"}],"wp:term":[{"taxonomy":"category","embeddable":true,"href":"https:\/\/www.altominho.tv\/site\/wp-json\/wp\/v2\/categories?post=25366"},{"taxonomy":"post_tag","embeddable":true,"href":"https:\/\/www.altominho.tv\/site\/wp-json\/wp\/v2\/tags?post=25366"}],"curies":[{"name":"wp","href":"https:\/\/api.w.org\/{rel}","templated":true}]}}