{"id":25046,"date":"2019-02-26T15:43:20","date_gmt":"2019-02-26T15:43:20","guid":{"rendered":"http:\/\/www.altominho.tv\/site\/?p=25046"},"modified":"2019-02-26T15:43:20","modified_gmt":"2019-02-26T15:43:20","slug":"cerca-de-1me-de-investimento-publico-reabilita-tres-freguesias-de-arcos-de-valdevez","status":"publish","type":"post","link":"https:\/\/www.altominho.tv\/site\/2019\/02\/26\/cerca-de-1me-de-investimento-publico-reabilita-tres-freguesias-de-arcos-de-valdevez\/","title":{"rendered":"Cerca de 1ME de investimento p\u00fablico reabilita tr\u00eas freguesias de Arcos de Valdevez"},"content":{"rendered":"<p>A C\u00e2mara de Arcos de Valdevez vai investir cerca de um milh\u00e3o de euros no espa\u00e7o p\u00fablico das freguesias de Ermelo, Soajo e Sistelo, que passaram a integrar \u00c1reas de Reabilita\u00e7\u00e3o Urbana (ARU), revelou hoje \u00e0 Lusa o presidente.<\/p>\n<p>&#8220;O investimento p\u00fablico em v\u00e1rios lugares das aldeias de Ermelo e Sistelo e da vila do Soajo ser\u00e1 de cerca de um milh\u00e3o de euros. O que esperamos \u00e9 que venha a alavancar um montante muito mais elevado de investimento privado&#8221;, afirmou Jo\u00e3o Manuel Esteves.<\/p>\n<p>O autarca social-democrata, que falava a prop\u00f3sito da aprova\u00e7\u00e3o, pelo executivo municipal, da constitui\u00e7\u00e3o das ARU de Ermelo (lugar de Igreja), da vila de Soajo e de Sistelo (lugares de Igreja, Padr\u00e3o e Porto Cova), referiu que em Sistelo &#8220;est\u00e1 em curso uma obra financiada pelo programa Valorizar, do Turismo de Portugal, para reabilita\u00e7\u00e3o e transforma\u00e7\u00e3o da antiga Casa Castelo em centro de biodiversidade do Alto Vez&#8221;, no valor de 280 mil euros.<\/p>\n<p>&#8220;Est\u00e3o em prepara\u00e7\u00e3o mais duas candidaturas, com investimento estimado de mais de 250 mil euros, para reabilitar os espigueiros e moinhos da aldeia&#8221; de Sistelo, especificou, referindo aquela aldeia classificada como monumento nacional.<\/p>\n<p>Encaixada no fundo de um vale, situado \u00e0s portas do Parque Nacional da Peneda-Ger\u00eas (PNPG), a aldeia de Sistelo, considerada &#8220;o pequeno Tibete portugu\u00eas&#8221;.<\/p>\n<p>J\u00e1 na vila do Soajo, adiantou Jo\u00e3o Manuel Esteves, &#8220;foi apresentada, tamb\u00e9m ao VALORIZAR uma candidatura para arranjo urban\u00edstico do largo do Eir\u00f3, do centro etnogr\u00e1fico e para a cria\u00e7\u00e3o de circuitos tem\u00e1ticos&#8221;.<\/p>\n<p>&#8220;Essa candidatura, no valor de meio milh\u00e3o de euros, j\u00e1 foi apresentada e est\u00e1 a aguardar aprova\u00e7\u00e3o do programa valorizar&#8221;, revelou.<\/p>\n<p>J\u00e1 em Ermelo, aldeia situada junto \u00e0 margem direita do rio Lima, na serra do Soajo, a cerca de 20 quil\u00f3metros da sede de concelho, o autarca social-democrata adiantou que o munic\u00edpio vai reabilitar espa\u00e7o p\u00fablico ap\u00f3s a interven\u00e7\u00e3o, conclu\u00edda, em 2015, do mosteiro local, erguido pelos monges de Cister, patrim\u00f3nio nacional desde 1977.<\/p>\n<p>Situado nas proximidades do rio Lima, na margem direita, a igreja do mosteiro beneditino de Ermelo come\u00e7ou a ser recuperada a 21 de mar\u00e7o de 2014 e reabriu, um ano depois, no mesmo dia, num investimento pr\u00f3ximo dos 180 mil euros.<\/p>\n<p>Daquele montante, 70% foi comparticipado por fundos do Novo Norte &#8211; Programa Operacional Regional Norte. O restante foi suportado pela par\u00f3quia.<\/p>\n<p>Para Jo\u00e3o Manuel Esteves, a cria\u00e7\u00e3o das novas ARU, a que se junta a da sede do concelho, pretende &#8220;incentivar os privados a reabilitarem os seus edif\u00edcios, a dinamizar o tecido urbano, fomentar o turismo, a cultura e o lazer, qualificar o espa\u00e7o p\u00fablico e aumentar a atratividade regional&#8221;.<\/p>\n<p>&#8220;Os lugares das duas aldeias e da vila do Soajo que agora v\u00e3o ser alvo de interven\u00e7\u00e3o p\u00fablica s\u00e3o s\u00edtios que possuem patrim\u00f3nio valioso e onde j\u00e1 desenvolvemos projetos no espa\u00e7o publico&#8221;, especificou.<\/p>\n<p>Com a aprova\u00e7\u00e3o destas ARU, &#8220;as pessoas que promovem a reabilita\u00e7\u00e3o de edif\u00edcios podem obter benef\u00edcios fiscais ou redu\u00e7\u00e3o de impostos e taxas municipais&#8221;.<\/p>\n<p>Apontou &#8220;a redu\u00e7\u00e3o do IVA da taxa normal (23%) para a taxa para 6% nas empreitadas de reabilita\u00e7\u00e3o urbana, a dedu\u00e7\u00e3o \u00e0 coleta de 30% dos encargos suportados pelos propriet\u00e1rios, com um limite de 500 euros, a redu\u00e7\u00e3o da taxa sobre mais-valias para os 5%, a isen\u00e7\u00e3o de IMI, a isen\u00e7\u00e3o de IMT, a redu\u00e7\u00e3o em 50% das taxas relativas a processos de reabilita\u00e7\u00e3o de edif\u00edcios e ainda a redu\u00e7\u00e3o para 5% da taxa relativa aos rendimentos prediais ap\u00f3s opera\u00e7\u00e3o de reabilita\u00e7\u00e3o&#8221;.<\/p>\n<p>Fonte: Lusa<\/p>\n","protected":false},"excerpt":{"rendered":"<p>A C\u00e2mara de Arcos de Valdevez vai investir cerca de um milh\u00e3o de euros no espa\u00e7o p\u00fablico das freguesias de Ermelo, Soajo e Sistelo, que passaram a integrar \u00c1reas de Reabilita\u00e7\u00e3o Urbana (ARU), revelou hoje \u00e0 Lusa o presidente. &#8220;O investimento p\u00fablico em v\u00e1rios lugares das aldeias de Ermelo e Sistelo e da vila do [&hellip;]<\/p>\n","protected":false},"author":7,"featured_media":25047,"comment_status":"closed","ping_status":"closed","sticky":false,"template":"","format":"standard","meta":{"_exactmetrics_skip_tracking":false,"_exactmetrics_sitenote_active":false,"_exactmetrics_sitenote_note":"","_exactmetrics_sitenote_category":0,"footnotes":""},"categories":[2],"tags":[27],"class_list":["post-25046","post","type-post","status-publish","format-standard","has-post-thumbnail","hentry","category-arcos-de-valdevez","tag-sociedade"],"yoast_head":"<!-- This site is optimized with the Yoast SEO Premium plugin v27.5 (Yoast SEO v27.5) - https:\/\/yoast.com\/product\/yoast-seo-premium-wordpress\/ -->\n<title>Cerca de 1ME de investimento p\u00fablico reabilita tr\u00eas freguesias de Arcos de Valdevez<\/title>\n<meta name=\"robots\" content=\"index, follow, max-snippet:-1, max-image-preview:large, max-video-preview:-1\" \/>\n<link rel=\"canonical\" href=\"https:\/\/www.altominho.tv\/site\/2019\/02\/26\/cerca-de-1me-de-investimento-publico-reabilita-tres-freguesias-de-arcos-de-valdevez\/\" \/>\n<meta property=\"og:locale\" content=\"pt_PT\" \/>\n<meta property=\"og:type\" content=\"article\" \/>\n<meta property=\"og:title\" content=\"Cerca de 1ME de investimento p\u00fablico reabilita tr\u00eas freguesias de Arcos de Valdevez\" \/>\n<meta property=\"og:description\" content=\"A C\u00e2mara de Arcos de Valdevez vai investir cerca de um milh\u00e3o de euros no espa\u00e7o p\u00fablico das freguesias de Ermelo, Soajo e Sistelo, que passaram a integrar \u00c1reas de Reabilita\u00e7\u00e3o Urbana (ARU), revelou hoje \u00e0 Lusa o presidente. &#8220;O investimento p\u00fablico em v\u00e1rios lugares das aldeias de Ermelo e Sistelo e da vila do [&hellip;]\" \/>\n<meta property=\"og:url\" content=\"https:\/\/www.altominho.tv\/site\/2019\/02\/26\/cerca-de-1me-de-investimento-publico-reabilita-tres-freguesias-de-arcos-de-valdevez\/\" \/>\n<meta property=\"og:site_name\" content=\"Altominho.tv\" \/>\n<meta property=\"article:publisher\" content=\"https:\/\/www.facebook.com\/altominhotv\" \/>\n<meta property=\"article:published_time\" content=\"2019-02-26T15:43:20+00:00\" \/>\n<meta property=\"og:image\" content=\"https:\/\/www.altominho.tv\/site\/wp-content\/uploads\/2019\/02\/arcos-de-valdevez.jpg\" \/>\n\t<meta property=\"og:image:width\" content=\"770\" \/>\n\t<meta property=\"og:image:height\" content=\"439\" \/>\n\t<meta property=\"og:image:type\" content=\"image\/jpeg\" \/>\n<meta name=\"author\" content=\"Andreia Cunha\" \/>\n<meta name=\"twitter:card\" content=\"summary_large_image\" \/>\n<meta name=\"twitter:creator\" content=\"@altominhoTV\" \/>\n<meta name=\"twitter:site\" content=\"@altominhoTV\" \/>\n<meta name=\"twitter:label1\" content=\"Escrito por\" \/>\n\t<meta name=\"twitter:data1\" content=\"Andreia Cunha\" \/>\n\t<meta name=\"twitter:label2\" content=\"Tempo estimado de leitura\" \/>\n\t<meta name=\"twitter:data2\" content=\"3 minutos\" \/>\n<script type=\"application\/ld+json\" class=\"yoast-schema-graph\">{\"@context\":\"https:\\\/\\\/schema.org\",\"@graph\":[{\"@type\":\"Article\",\"@id\":\"https:\\\/\\\/www.altominho.tv\\\/site\\\/2019\\\/02\\\/26\\\/cerca-de-1me-de-investimento-publico-reabilita-tres-freguesias-de-arcos-de-valdevez\\\/#article\",\"isPartOf\":{\"@id\":\"https:\\\/\\\/www.altominho.tv\\\/site\\\/2019\\\/02\\\/26\\\/cerca-de-1me-de-investimento-publico-reabilita-tres-freguesias-de-arcos-de-valdevez\\\/\"},\"author\":{\"name\":\"Andreia Cunha\",\"@id\":\"https:\\\/\\\/www.altominho.tv\\\/site\\\/#\\\/schema\\\/person\\\/a0e4ef6d041f98ca284393d8f1d97153\"},\"headline\":\"Cerca de 1ME de investimento p\u00fablico reabilita tr\u00eas freguesias de Arcos de Valdevez\",\"datePublished\":\"2019-02-26T15:43:20+00:00\",\"mainEntityOfPage\":{\"@id\":\"https:\\\/\\\/www.altominho.tv\\\/site\\\/2019\\\/02\\\/26\\\/cerca-de-1me-de-investimento-publico-reabilita-tres-freguesias-de-arcos-de-valdevez\\\/\"},\"wordCount\":639,\"image\":{\"@id\":\"https:\\\/\\\/www.altominho.tv\\\/site\\\/2019\\\/02\\\/26\\\/cerca-de-1me-de-investimento-publico-reabilita-tres-freguesias-de-arcos-de-valdevez\\\/#primaryimage\"},\"thumbnailUrl\":\"https:\\\/\\\/www.altominho.tv\\\/site\\\/wp-content\\\/uploads\\\/2019\\\/02\\\/arcos-de-valdevez.jpg\",\"keywords\":[\"Sociedade\"],\"articleSection\":[\"Arcos de Valdevez\"],\"inLanguage\":\"pt-PT\",\"copyrightYear\":\"2019\",\"copyrightHolder\":{\"@id\":\"https:\\\/\\\/www.altominho.tv\\\/site\\\/#organization\"}},{\"@type\":\"WebPage\",\"@id\":\"https:\\\/\\\/www.altominho.tv\\\/site\\\/2019\\\/02\\\/26\\\/cerca-de-1me-de-investimento-publico-reabilita-tres-freguesias-de-arcos-de-valdevez\\\/\",\"url\":\"https:\\\/\\\/www.altominho.tv\\\/site\\\/2019\\\/02\\\/26\\\/cerca-de-1me-de-investimento-publico-reabilita-tres-freguesias-de-arcos-de-valdevez\\\/\",\"name\":\"Cerca de 1ME de investimento p\u00fablico reabilita tr\u00eas freguesias de Arcos de Valdevez\",\"isPartOf\":{\"@id\":\"https:\\\/\\\/www.altominho.tv\\\/site\\\/#website\"},\"primaryImageOfPage\":{\"@id\":\"https:\\\/\\\/www.altominho.tv\\\/site\\\/2019\\\/02\\\/26\\\/cerca-de-1me-de-investimento-publico-reabilita-tres-freguesias-de-arcos-de-valdevez\\\/#primaryimage\"},\"image\":{\"@id\":\"https:\\\/\\\/www.altominho.tv\\\/site\\\/2019\\\/02\\\/26\\\/cerca-de-1me-de-investimento-publico-reabilita-tres-freguesias-de-arcos-de-valdevez\\\/#primaryimage\"},\"thumbnailUrl\":\"https:\\\/\\\/www.altominho.tv\\\/site\\\/wp-content\\\/uploads\\\/2019\\\/02\\\/arcos-de-valdevez.jpg\",\"datePublished\":\"2019-02-26T15:43:20+00:00\",\"author\":{\"@id\":\"https:\\\/\\\/www.altominho.tv\\\/site\\\/#\\\/schema\\\/person\\\/a0e4ef6d041f98ca284393d8f1d97153\"},\"breadcrumb\":{\"@id\":\"https:\\\/\\\/www.altominho.tv\\\/site\\\/2019\\\/02\\\/26\\\/cerca-de-1me-de-investimento-publico-reabilita-tres-freguesias-de-arcos-de-valdevez\\\/#breadcrumb\"},\"inLanguage\":\"pt-PT\",\"potentialAction\":[{\"@type\":\"ReadAction\",\"target\":[\"https:\\\/\\\/www.altominho.tv\\\/site\\\/2019\\\/02\\\/26\\\/cerca-de-1me-de-investimento-publico-reabilita-tres-freguesias-de-arcos-de-valdevez\\\/\"]}]},{\"@type\":\"ImageObject\",\"inLanguage\":\"pt-PT\",\"@id\":\"https:\\\/\\\/www.altominho.tv\\\/site\\\/2019\\\/02\\\/26\\\/cerca-de-1me-de-investimento-publico-reabilita-tres-freguesias-de-arcos-de-valdevez\\\/#primaryimage\",\"url\":\"https:\\\/\\\/www.altominho.tv\\\/site\\\/wp-content\\\/uploads\\\/2019\\\/02\\\/arcos-de-valdevez.jpg\",\"contentUrl\":\"https:\\\/\\\/www.altominho.tv\\\/site\\\/wp-content\\\/uploads\\\/2019\\\/02\\\/arcos-de-valdevez.jpg\",\"width\":770,\"height\":439},{\"@type\":\"BreadcrumbList\",\"@id\":\"https:\\\/\\\/www.altominho.tv\\\/site\\\/2019\\\/02\\\/26\\\/cerca-de-1me-de-investimento-publico-reabilita-tres-freguesias-de-arcos-de-valdevez\\\/#breadcrumb\",\"itemListElement\":[{\"@type\":\"ListItem\",\"position\":1,\"name\":\"In\u00edcio\",\"item\":\"https:\\\/\\\/www.altominho.tv\\\/site\\\/\"},{\"@type\":\"ListItem\",\"position\":2,\"name\":\"Cerca de 1ME de investimento p\u00fablico reabilita tr\u00eas freguesias de Arcos de Valdevez\"}]},{\"@type\":\"WebSite\",\"@id\":\"https:\\\/\\\/www.altominho.tv\\\/site\\\/#website\",\"url\":\"https:\\\/\\\/www.altominho.tv\\\/site\\\/\",\"name\":\"Altominho.tv\",\"description\":\"A sua regi\u00e3o \u00e0 dist\u00e2ncia de um clique...\",\"potentialAction\":[{\"@type\":\"SearchAction\",\"target\":{\"@type\":\"EntryPoint\",\"urlTemplate\":\"https:\\\/\\\/www.altominho.tv\\\/site\\\/?s={search_term_string}\"},\"query-input\":{\"@type\":\"PropertyValueSpecification\",\"valueRequired\":true,\"valueName\":\"search_term_string\"}}],\"inLanguage\":\"pt-PT\"},{\"@type\":\"Person\",\"@id\":\"https:\\\/\\\/www.altominho.tv\\\/site\\\/#\\\/schema\\\/person\\\/a0e4ef6d041f98ca284393d8f1d97153\",\"name\":\"Andreia Cunha\",\"image\":{\"@type\":\"ImageObject\",\"inLanguage\":\"pt-PT\",\"@id\":\"https:\\\/\\\/www.altominho.tv\\\/site\\\/wp-content\\\/uploads\\\/2017\\\/11\\\/Andreia_Cunha-1-150x150.jpg\",\"url\":\"https:\\\/\\\/www.altominho.tv\\\/site\\\/wp-content\\\/uploads\\\/2017\\\/11\\\/Andreia_Cunha-1-150x150.jpg\",\"contentUrl\":\"https:\\\/\\\/www.altominho.tv\\\/site\\\/wp-content\\\/uploads\\\/2017\\\/11\\\/Andreia_Cunha-1-150x150.jpg\",\"caption\":\"Andreia Cunha\"},\"url\":\"https:\\\/\\\/www.altominho.tv\\\/site\\\/author\\\/andreiacunha\\\/\"}]}<\/script>\n<!-- \/ Yoast SEO Premium plugin. -->","yoast_head_json":{"title":"Cerca de 1ME de investimento p\u00fablico reabilita tr\u00eas freguesias de Arcos de Valdevez","robots":{"index":"index","follow":"follow","max-snippet":"max-snippet:-1","max-image-preview":"max-image-preview:large","max-video-preview":"max-video-preview:-1"},"canonical":"https:\/\/www.altominho.tv\/site\/2019\/02\/26\/cerca-de-1me-de-investimento-publico-reabilita-tres-freguesias-de-arcos-de-valdevez\/","og_locale":"pt_PT","og_type":"article","og_title":"Cerca de 1ME de investimento p\u00fablico reabilita tr\u00eas freguesias de Arcos de Valdevez","og_description":"A C\u00e2mara de Arcos de Valdevez vai investir cerca de um milh\u00e3o de euros no espa\u00e7o p\u00fablico das freguesias de Ermelo, Soajo e Sistelo, que passaram a integrar \u00c1reas de Reabilita\u00e7\u00e3o Urbana (ARU), revelou hoje \u00e0 Lusa o presidente. &#8220;O investimento p\u00fablico em v\u00e1rios lugares das aldeias de Ermelo e Sistelo e da vila do [&hellip;]","og_url":"https:\/\/www.altominho.tv\/site\/2019\/02\/26\/cerca-de-1me-de-investimento-publico-reabilita-tres-freguesias-de-arcos-de-valdevez\/","og_site_name":"Altominho.tv","article_publisher":"https:\/\/www.facebook.com\/altominhotv","article_published_time":"2019-02-26T15:43:20+00:00","og_image":[{"width":770,"height":439,"url":"https:\/\/www.altominho.tv\/site\/wp-content\/uploads\/2019\/02\/arcos-de-valdevez.jpg","type":"image\/jpeg"}],"author":"Andreia Cunha","twitter_card":"summary_large_image","twitter_creator":"@altominhoTV","twitter_site":"@altominhoTV","twitter_misc":{"Escrito por":"Andreia Cunha","Tempo estimado de leitura":"3 minutos"},"schema":{"@context":"https:\/\/schema.org","@graph":[{"@type":"Article","@id":"https:\/\/www.altominho.tv\/site\/2019\/02\/26\/cerca-de-1me-de-investimento-publico-reabilita-tres-freguesias-de-arcos-de-valdevez\/#article","isPartOf":{"@id":"https:\/\/www.altominho.tv\/site\/2019\/02\/26\/cerca-de-1me-de-investimento-publico-reabilita-tres-freguesias-de-arcos-de-valdevez\/"},"author":{"name":"Andreia Cunha","@id":"https:\/\/www.altominho.tv\/site\/#\/schema\/person\/a0e4ef6d041f98ca284393d8f1d97153"},"headline":"Cerca de 1ME de investimento p\u00fablico reabilita tr\u00eas freguesias de Arcos de Valdevez","datePublished":"2019-02-26T15:43:20+00:00","mainEntityOfPage":{"@id":"https:\/\/www.altominho.tv\/site\/2019\/02\/26\/cerca-de-1me-de-investimento-publico-reabilita-tres-freguesias-de-arcos-de-valdevez\/"},"wordCount":639,"image":{"@id":"https:\/\/www.altominho.tv\/site\/2019\/02\/26\/cerca-de-1me-de-investimento-publico-reabilita-tres-freguesias-de-arcos-de-valdevez\/#primaryimage"},"thumbnailUrl":"https:\/\/www.altominho.tv\/site\/wp-content\/uploads\/2019\/02\/arcos-de-valdevez.jpg","keywords":["Sociedade"],"articleSection":["Arcos de Valdevez"],"inLanguage":"pt-PT","copyrightYear":"2019","copyrightHolder":{"@id":"https:\/\/www.altominho.tv\/site\/#organization"}},{"@type":"WebPage","@id":"https:\/\/www.altominho.tv\/site\/2019\/02\/26\/cerca-de-1me-de-investimento-publico-reabilita-tres-freguesias-de-arcos-de-valdevez\/","url":"https:\/\/www.altominho.tv\/site\/2019\/02\/26\/cerca-de-1me-de-investimento-publico-reabilita-tres-freguesias-de-arcos-de-valdevez\/","name":"Cerca de 1ME de investimento p\u00fablico reabilita tr\u00eas freguesias de Arcos de Valdevez","isPartOf":{"@id":"https:\/\/www.altominho.tv\/site\/#website"},"primaryImageOfPage":{"@id":"https:\/\/www.altominho.tv\/site\/2019\/02\/26\/cerca-de-1me-de-investimento-publico-reabilita-tres-freguesias-de-arcos-de-valdevez\/#primaryimage"},"image":{"@id":"https:\/\/www.altominho.tv\/site\/2019\/02\/26\/cerca-de-1me-de-investimento-publico-reabilita-tres-freguesias-de-arcos-de-valdevez\/#primaryimage"},"thumbnailUrl":"https:\/\/www.altominho.tv\/site\/wp-content\/uploads\/2019\/02\/arcos-de-valdevez.jpg","datePublished":"2019-02-26T15:43:20+00:00","author":{"@id":"https:\/\/www.altominho.tv\/site\/#\/schema\/person\/a0e4ef6d041f98ca284393d8f1d97153"},"breadcrumb":{"@id":"https:\/\/www.altominho.tv\/site\/2019\/02\/26\/cerca-de-1me-de-investimento-publico-reabilita-tres-freguesias-de-arcos-de-valdevez\/#breadcrumb"},"inLanguage":"pt-PT","potentialAction":[{"@type":"ReadAction","target":["https:\/\/www.altominho.tv\/site\/2019\/02\/26\/cerca-de-1me-de-investimento-publico-reabilita-tres-freguesias-de-arcos-de-valdevez\/"]}]},{"@type":"ImageObject","inLanguage":"pt-PT","@id":"https:\/\/www.altominho.tv\/site\/2019\/02\/26\/cerca-de-1me-de-investimento-publico-reabilita-tres-freguesias-de-arcos-de-valdevez\/#primaryimage","url":"https:\/\/www.altominho.tv\/site\/wp-content\/uploads\/2019\/02\/arcos-de-valdevez.jpg","contentUrl":"https:\/\/www.altominho.tv\/site\/wp-content\/uploads\/2019\/02\/arcos-de-valdevez.jpg","width":770,"height":439},{"@type":"BreadcrumbList","@id":"https:\/\/www.altominho.tv\/site\/2019\/02\/26\/cerca-de-1me-de-investimento-publico-reabilita-tres-freguesias-de-arcos-de-valdevez\/#breadcrumb","itemListElement":[{"@type":"ListItem","position":1,"name":"In\u00edcio","item":"https:\/\/www.altominho.tv\/site\/"},{"@type":"ListItem","position":2,"name":"Cerca de 1ME de investimento p\u00fablico reabilita tr\u00eas freguesias de Arcos de Valdevez"}]},{"@type":"WebSite","@id":"https:\/\/www.altominho.tv\/site\/#website","url":"https:\/\/www.altominho.tv\/site\/","name":"Altominho.tv","description":"A sua regi\u00e3o \u00e0 dist\u00e2ncia de um clique...","potentialAction":[{"@type":"SearchAction","target":{"@type":"EntryPoint","urlTemplate":"https:\/\/www.altominho.tv\/site\/?s={search_term_string}"},"query-input":{"@type":"PropertyValueSpecification","valueRequired":true,"valueName":"search_term_string"}}],"inLanguage":"pt-PT"},{"@type":"Person","@id":"https:\/\/www.altominho.tv\/site\/#\/schema\/person\/a0e4ef6d041f98ca284393d8f1d97153","name":"Andreia Cunha","image":{"@type":"ImageObject","inLanguage":"pt-PT","@id":"https:\/\/www.altominho.tv\/site\/wp-content\/uploads\/2017\/11\/Andreia_Cunha-1-150x150.jpg","url":"https:\/\/www.altominho.tv\/site\/wp-content\/uploads\/2017\/11\/Andreia_Cunha-1-150x150.jpg","contentUrl":"https:\/\/www.altominho.tv\/site\/wp-content\/uploads\/2017\/11\/Andreia_Cunha-1-150x150.jpg","caption":"Andreia Cunha"},"url":"https:\/\/www.altominho.tv\/site\/author\/andreiacunha\/"}]}},"_links":{"self":[{"href":"https:\/\/www.altominho.tv\/site\/wp-json\/wp\/v2\/posts\/25046","targetHints":{"allow":["GET"]}}],"collection":[{"href":"https:\/\/www.altominho.tv\/site\/wp-json\/wp\/v2\/posts"}],"about":[{"href":"https:\/\/www.altominho.tv\/site\/wp-json\/wp\/v2\/types\/post"}],"author":[{"embeddable":true,"href":"https:\/\/www.altominho.tv\/site\/wp-json\/wp\/v2\/users\/7"}],"replies":[{"embeddable":true,"href":"https:\/\/www.altominho.tv\/site\/wp-json\/wp\/v2\/comments?post=25046"}],"version-history":[{"count":0,"href":"https:\/\/www.altominho.tv\/site\/wp-json\/wp\/v2\/posts\/25046\/revisions"}],"wp:featuredmedia":[{"embeddable":true,"href":"https:\/\/www.altominho.tv\/site\/wp-json\/wp\/v2\/media\/25047"}],"wp:attachment":[{"href":"https:\/\/www.altominho.tv\/site\/wp-json\/wp\/v2\/media?parent=25046"}],"wp:term":[{"taxonomy":"category","embeddable":true,"href":"https:\/\/www.altominho.tv\/site\/wp-json\/wp\/v2\/categories?post=25046"},{"taxonomy":"post_tag","embeddable":true,"href":"https:\/\/www.altominho.tv\/site\/wp-json\/wp\/v2\/tags?post=25046"}],"curies":[{"name":"wp","href":"https:\/\/api.w.org\/{rel}","templated":true}]}}