{"id":23954,"date":"2019-02-15T12:16:28","date_gmt":"2019-02-15T12:16:28","guid":{"rendered":"http:\/\/www.altominho.tv\/site\/?p=23954"},"modified":"2019-02-15T12:16:28","modified_gmt":"2019-02-15T12:16:28","slug":"andebol-e-a-nova-aposta-desportiva-de-melgaco","status":"publish","type":"post","link":"https:\/\/www.altominho.tv\/site\/2019\/02\/15\/andebol-e-a-nova-aposta-desportiva-de-melgaco\/","title":{"rendered":"Andebol \u00e9 a nova aposta desportiva de Melga\u00e7o"},"content":{"rendered":"<p>Melga\u00e7o assinou um protocolo de coopera\u00e7\u00e3o com a Federa\u00e7\u00e3o de Andebol de Portugal para lan\u00e7ar esta modalidade desportiva no concelho.<\/p>\n<p>Em comunicado enviado pela\u00a0Federa\u00e7\u00e3o de Andebol de Portugal, o presidente da C\u00e2mara, Manoel Batista, sublinha que a assinatura deste protocolo\u00a0&#8220;poder\u00e1 ser uma rampa de lan\u00e7amento para o andebol em Melga\u00e7o&#8221;.<\/p>\n<p>&#8220;\u00c9 um desafio grande esta possibilidade de agarrarmos o andebol como modalidade a introduzir e a desenvolver no nosso munic\u00edpio. Temos feito isso com outras modalidades, aproveitando as condi\u00e7\u00f5es instaladas como \u00e9 o caso do nosso Centro de Est\u00e1gios, instalado em Melga\u00e7o, aplicando essa utilidade para que as modalidades comecem a ser alavancadas no nosso munic\u00edpio; afirmando Melga\u00e7o, n\u00e3o s\u00f3, como um um destino de natureza mas onde o desporto se encaixa perfeitamente&#8221;, adiantou o autarca.<\/p>\n<p>O protocolo de coopera\u00e7\u00e3o foi assinado pelo presidente da Federa\u00e7\u00e3o de Andebol,\u00a0Miguel Laranjeiro, e pelo presidente do Conselho de Administra\u00e7\u00e3o da Melsport \u2013 Melga\u00e7o, Desporto e Lazer EM e tamb\u00e9m vereador da C\u00e2mara de Melga\u00e7o,\u00a0Jos\u00e9 Adriano Lima.<\/p>\n","protected":false},"excerpt":{"rendered":"<p>Melga\u00e7o assinou um protocolo de coopera\u00e7\u00e3o com a Federa\u00e7\u00e3o de Andebol de Portugal para lan\u00e7ar esta modalidade desportiva no concelho. Em comunicado enviado pela\u00a0Federa\u00e7\u00e3o de Andebol de Portugal, o presidente da C\u00e2mara, Manoel Batista, sublinha que a assinatura deste protocolo\u00a0&#8220;poder\u00e1 ser uma rampa de lan\u00e7amento para o andebol em Melga\u00e7o&#8221;. &#8220;\u00c9 um desafio grande esta [&hellip;]<\/p>\n","protected":false},"author":12,"featured_media":23955,"comment_status":"closed","ping_status":"closed","sticky":false,"template":"","format":"standard","meta":{"_exactmetrics_skip_tracking":false,"_exactmetrics_sitenote_active":false,"_exactmetrics_sitenote_note":"","_exactmetrics_sitenote_category":0,"footnotes":""},"categories":[8],"tags":[20],"class_list":["post-23954","post","type-post","status-publish","format-standard","has-post-thumbnail","hentry","category-melgaco","tag-desporto"],"yoast_head":"<!-- This site is optimized with the Yoast SEO Premium plugin v27.4 (Yoast SEO v27.4) - https:\/\/yoast.com\/product\/yoast-seo-premium-wordpress\/ -->\n<title>Andebol \u00e9 a nova aposta desportiva de Melga\u00e7o<\/title>\n<meta name=\"robots\" content=\"index, follow, max-snippet:-1, max-image-preview:large, max-video-preview:-1\" \/>\n<link rel=\"canonical\" href=\"https:\/\/www.altominho.tv\/site\/2019\/02\/15\/andebol-e-a-nova-aposta-desportiva-de-melgaco\/\" \/>\n<meta property=\"og:locale\" content=\"pt_PT\" \/>\n<meta property=\"og:type\" content=\"article\" \/>\n<meta property=\"og:title\" content=\"Andebol \u00e9 a nova aposta desportiva de Melga\u00e7o\" \/>\n<meta property=\"og:description\" content=\"Melga\u00e7o assinou um protocolo de coopera\u00e7\u00e3o com a Federa\u00e7\u00e3o de Andebol de Portugal para lan\u00e7ar esta modalidade desportiva no concelho. Em comunicado enviado pela\u00a0Federa\u00e7\u00e3o de Andebol de Portugal, o presidente da C\u00e2mara, Manoel Batista, sublinha que a assinatura deste protocolo\u00a0&#8220;poder\u00e1 ser uma rampa de lan\u00e7amento para o andebol em Melga\u00e7o&#8221;. &#8220;\u00c9 um desafio grande esta [&hellip;]\" \/>\n<meta property=\"og:url\" content=\"https:\/\/www.altominho.tv\/site\/2019\/02\/15\/andebol-e-a-nova-aposta-desportiva-de-melgaco\/\" \/>\n<meta property=\"og:site_name\" content=\"Altominho.tv\" \/>\n<meta property=\"article:publisher\" content=\"https:\/\/www.facebook.com\/altominhotv\" \/>\n<meta property=\"article:published_time\" content=\"2019-02-15T12:16:28+00:00\" \/>\n<meta property=\"og:image\" content=\"https:\/\/www.altominho.tv\/site\/wp-content\/uploads\/2019\/02\/IMG_6167-min.jpg\" \/>\n\t<meta property=\"og:image:width\" content=\"5080\" \/>\n\t<meta property=\"og:image:height\" content=\"3387\" \/>\n\t<meta property=\"og:image:type\" content=\"image\/jpeg\" \/>\n<meta name=\"author\" content=\"Andreia Ferreira\" \/>\n<meta name=\"twitter:card\" content=\"summary_large_image\" \/>\n<meta name=\"twitter:creator\" content=\"@altominhoTV\" \/>\n<meta name=\"twitter:site\" content=\"@altominhoTV\" \/>\n<meta name=\"twitter:label1\" content=\"Escrito por\" \/>\n\t<meta name=\"twitter:data1\" content=\"Andreia Ferreira\" \/>\n\t<meta name=\"twitter:label2\" content=\"Tempo estimado de leitura\" \/>\n\t<meta name=\"twitter:data2\" content=\"1 minuto\" \/>\n<script type=\"application\/ld+json\" class=\"yoast-schema-graph\">{\"@context\":\"https:\\\/\\\/schema.org\",\"@graph\":[{\"@type\":\"Article\",\"@id\":\"https:\\\/\\\/www.altominho.tv\\\/site\\\/2019\\\/02\\\/15\\\/andebol-e-a-nova-aposta-desportiva-de-melgaco\\\/#article\",\"isPartOf\":{\"@id\":\"https:\\\/\\\/www.altominho.tv\\\/site\\\/2019\\\/02\\\/15\\\/andebol-e-a-nova-aposta-desportiva-de-melgaco\\\/\"},\"author\":{\"name\":\"Andreia Ferreira\",\"@id\":\"https:\\\/\\\/www.altominho.tv\\\/site\\\/#\\\/schema\\\/person\\\/d9be4265364723f14ea8e0d56a1d38cd\"},\"headline\":\"Andebol \u00e9 a nova aposta desportiva de Melga\u00e7o\",\"datePublished\":\"2019-02-15T12:16:28+00:00\",\"mainEntityOfPage\":{\"@id\":\"https:\\\/\\\/www.altominho.tv\\\/site\\\/2019\\\/02\\\/15\\\/andebol-e-a-nova-aposta-desportiva-de-melgaco\\\/\"},\"wordCount\":194,\"image\":{\"@id\":\"https:\\\/\\\/www.altominho.tv\\\/site\\\/2019\\\/02\\\/15\\\/andebol-e-a-nova-aposta-desportiva-de-melgaco\\\/#primaryimage\"},\"thumbnailUrl\":\"https:\\\/\\\/www.altominho.tv\\\/site\\\/wp-content\\\/uploads\\\/2019\\\/02\\\/IMG_6167-min.jpg\",\"keywords\":[\"Desporto\"],\"articleSection\":[\"Melga\u00e7o\"],\"inLanguage\":\"pt-PT\",\"copyrightYear\":\"2019\",\"copyrightHolder\":{\"@id\":\"https:\\\/\\\/www.altominho.tv\\\/site\\\/#organization\"}},{\"@type\":\"WebPage\",\"@id\":\"https:\\\/\\\/www.altominho.tv\\\/site\\\/2019\\\/02\\\/15\\\/andebol-e-a-nova-aposta-desportiva-de-melgaco\\\/\",\"url\":\"https:\\\/\\\/www.altominho.tv\\\/site\\\/2019\\\/02\\\/15\\\/andebol-e-a-nova-aposta-desportiva-de-melgaco\\\/\",\"name\":\"Andebol \u00e9 a nova aposta desportiva de Melga\u00e7o\",\"isPartOf\":{\"@id\":\"https:\\\/\\\/www.altominho.tv\\\/site\\\/#website\"},\"primaryImageOfPage\":{\"@id\":\"https:\\\/\\\/www.altominho.tv\\\/site\\\/2019\\\/02\\\/15\\\/andebol-e-a-nova-aposta-desportiva-de-melgaco\\\/#primaryimage\"},\"image\":{\"@id\":\"https:\\\/\\\/www.altominho.tv\\\/site\\\/2019\\\/02\\\/15\\\/andebol-e-a-nova-aposta-desportiva-de-melgaco\\\/#primaryimage\"},\"thumbnailUrl\":\"https:\\\/\\\/www.altominho.tv\\\/site\\\/wp-content\\\/uploads\\\/2019\\\/02\\\/IMG_6167-min.jpg\",\"datePublished\":\"2019-02-15T12:16:28+00:00\",\"author\":{\"@id\":\"https:\\\/\\\/www.altominho.tv\\\/site\\\/#\\\/schema\\\/person\\\/d9be4265364723f14ea8e0d56a1d38cd\"},\"breadcrumb\":{\"@id\":\"https:\\\/\\\/www.altominho.tv\\\/site\\\/2019\\\/02\\\/15\\\/andebol-e-a-nova-aposta-desportiva-de-melgaco\\\/#breadcrumb\"},\"inLanguage\":\"pt-PT\",\"potentialAction\":[{\"@type\":\"ReadAction\",\"target\":[\"https:\\\/\\\/www.altominho.tv\\\/site\\\/2019\\\/02\\\/15\\\/andebol-e-a-nova-aposta-desportiva-de-melgaco\\\/\"]}]},{\"@type\":\"ImageObject\",\"inLanguage\":\"pt-PT\",\"@id\":\"https:\\\/\\\/www.altominho.tv\\\/site\\\/2019\\\/02\\\/15\\\/andebol-e-a-nova-aposta-desportiva-de-melgaco\\\/#primaryimage\",\"url\":\"https:\\\/\\\/www.altominho.tv\\\/site\\\/wp-content\\\/uploads\\\/2019\\\/02\\\/IMG_6167-min.jpg\",\"contentUrl\":\"https:\\\/\\\/www.altominho.tv\\\/site\\\/wp-content\\\/uploads\\\/2019\\\/02\\\/IMG_6167-min.jpg\",\"width\":5080,\"height\":3387},{\"@type\":\"BreadcrumbList\",\"@id\":\"https:\\\/\\\/www.altominho.tv\\\/site\\\/2019\\\/02\\\/15\\\/andebol-e-a-nova-aposta-desportiva-de-melgaco\\\/#breadcrumb\",\"itemListElement\":[{\"@type\":\"ListItem\",\"position\":1,\"name\":\"In\u00edcio\",\"item\":\"https:\\\/\\\/www.altominho.tv\\\/site\\\/\"},{\"@type\":\"ListItem\",\"position\":2,\"name\":\"Andebol \u00e9 a nova aposta desportiva de Melga\u00e7o\"}]},{\"@type\":\"WebSite\",\"@id\":\"https:\\\/\\\/www.altominho.tv\\\/site\\\/#website\",\"url\":\"https:\\\/\\\/www.altominho.tv\\\/site\\\/\",\"name\":\"Altominho.tv\",\"description\":\"A sua regi\u00e3o \u00e0 dist\u00e2ncia de um clique...\",\"potentialAction\":[{\"@type\":\"SearchAction\",\"target\":{\"@type\":\"EntryPoint\",\"urlTemplate\":\"https:\\\/\\\/www.altominho.tv\\\/site\\\/?s={search_term_string}\"},\"query-input\":{\"@type\":\"PropertyValueSpecification\",\"valueRequired\":true,\"valueName\":\"search_term_string\"}}],\"inLanguage\":\"pt-PT\"},{\"@type\":\"Person\",\"@id\":\"https:\\\/\\\/www.altominho.tv\\\/site\\\/#\\\/schema\\\/person\\\/d9be4265364723f14ea8e0d56a1d38cd\",\"name\":\"Andreia Ferreira\",\"image\":{\"@type\":\"ImageObject\",\"inLanguage\":\"pt-PT\",\"@id\":\"https:\\\/\\\/www.altominho.tv\\\/site\\\/wp-content\\\/uploads\\\/2021\\\/01\\\/AndreiaFerreira-150x150.jpg\",\"url\":\"https:\\\/\\\/www.altominho.tv\\\/site\\\/wp-content\\\/uploads\\\/2021\\\/01\\\/AndreiaFerreira-150x150.jpg\",\"contentUrl\":\"https:\\\/\\\/www.altominho.tv\\\/site\\\/wp-content\\\/uploads\\\/2021\\\/01\\\/AndreiaFerreira-150x150.jpg\",\"caption\":\"Andreia Ferreira\"},\"url\":\"https:\\\/\\\/www.altominho.tv\\\/site\\\/author\\\/andreiaferreira\\\/\"}]}<\/script>\n<!-- \/ Yoast SEO Premium plugin. -->","yoast_head_json":{"title":"Andebol \u00e9 a nova aposta desportiva de Melga\u00e7o","robots":{"index":"index","follow":"follow","max-snippet":"max-snippet:-1","max-image-preview":"max-image-preview:large","max-video-preview":"max-video-preview:-1"},"canonical":"https:\/\/www.altominho.tv\/site\/2019\/02\/15\/andebol-e-a-nova-aposta-desportiva-de-melgaco\/","og_locale":"pt_PT","og_type":"article","og_title":"Andebol \u00e9 a nova aposta desportiva de Melga\u00e7o","og_description":"Melga\u00e7o assinou um protocolo de coopera\u00e7\u00e3o com a Federa\u00e7\u00e3o de Andebol de Portugal para lan\u00e7ar esta modalidade desportiva no concelho. Em comunicado enviado pela\u00a0Federa\u00e7\u00e3o de Andebol de Portugal, o presidente da C\u00e2mara, Manoel Batista, sublinha que a assinatura deste protocolo\u00a0&#8220;poder\u00e1 ser uma rampa de lan\u00e7amento para o andebol em Melga\u00e7o&#8221;. &#8220;\u00c9 um desafio grande esta [&hellip;]","og_url":"https:\/\/www.altominho.tv\/site\/2019\/02\/15\/andebol-e-a-nova-aposta-desportiva-de-melgaco\/","og_site_name":"Altominho.tv","article_publisher":"https:\/\/www.facebook.com\/altominhotv","article_published_time":"2019-02-15T12:16:28+00:00","og_image":[{"width":5080,"height":3387,"url":"https:\/\/www.altominho.tv\/site\/wp-content\/uploads\/2019\/02\/IMG_6167-min.jpg","type":"image\/jpeg"}],"author":"Andreia Ferreira","twitter_card":"summary_large_image","twitter_creator":"@altominhoTV","twitter_site":"@altominhoTV","twitter_misc":{"Escrito por":"Andreia Ferreira","Tempo estimado de leitura":"1 minuto"},"schema":{"@context":"https:\/\/schema.org","@graph":[{"@type":"Article","@id":"https:\/\/www.altominho.tv\/site\/2019\/02\/15\/andebol-e-a-nova-aposta-desportiva-de-melgaco\/#article","isPartOf":{"@id":"https:\/\/www.altominho.tv\/site\/2019\/02\/15\/andebol-e-a-nova-aposta-desportiva-de-melgaco\/"},"author":{"name":"Andreia Ferreira","@id":"https:\/\/www.altominho.tv\/site\/#\/schema\/person\/d9be4265364723f14ea8e0d56a1d38cd"},"headline":"Andebol \u00e9 a nova aposta desportiva de Melga\u00e7o","datePublished":"2019-02-15T12:16:28+00:00","mainEntityOfPage":{"@id":"https:\/\/www.altominho.tv\/site\/2019\/02\/15\/andebol-e-a-nova-aposta-desportiva-de-melgaco\/"},"wordCount":194,"image":{"@id":"https:\/\/www.altominho.tv\/site\/2019\/02\/15\/andebol-e-a-nova-aposta-desportiva-de-melgaco\/#primaryimage"},"thumbnailUrl":"https:\/\/www.altominho.tv\/site\/wp-content\/uploads\/2019\/02\/IMG_6167-min.jpg","keywords":["Desporto"],"articleSection":["Melga\u00e7o"],"inLanguage":"pt-PT","copyrightYear":"2019","copyrightHolder":{"@id":"https:\/\/www.altominho.tv\/site\/#organization"}},{"@type":"WebPage","@id":"https:\/\/www.altominho.tv\/site\/2019\/02\/15\/andebol-e-a-nova-aposta-desportiva-de-melgaco\/","url":"https:\/\/www.altominho.tv\/site\/2019\/02\/15\/andebol-e-a-nova-aposta-desportiva-de-melgaco\/","name":"Andebol \u00e9 a nova aposta desportiva de Melga\u00e7o","isPartOf":{"@id":"https:\/\/www.altominho.tv\/site\/#website"},"primaryImageOfPage":{"@id":"https:\/\/www.altominho.tv\/site\/2019\/02\/15\/andebol-e-a-nova-aposta-desportiva-de-melgaco\/#primaryimage"},"image":{"@id":"https:\/\/www.altominho.tv\/site\/2019\/02\/15\/andebol-e-a-nova-aposta-desportiva-de-melgaco\/#primaryimage"},"thumbnailUrl":"https:\/\/www.altominho.tv\/site\/wp-content\/uploads\/2019\/02\/IMG_6167-min.jpg","datePublished":"2019-02-15T12:16:28+00:00","author":{"@id":"https:\/\/www.altominho.tv\/site\/#\/schema\/person\/d9be4265364723f14ea8e0d56a1d38cd"},"breadcrumb":{"@id":"https:\/\/www.altominho.tv\/site\/2019\/02\/15\/andebol-e-a-nova-aposta-desportiva-de-melgaco\/#breadcrumb"},"inLanguage":"pt-PT","potentialAction":[{"@type":"ReadAction","target":["https:\/\/www.altominho.tv\/site\/2019\/02\/15\/andebol-e-a-nova-aposta-desportiva-de-melgaco\/"]}]},{"@type":"ImageObject","inLanguage":"pt-PT","@id":"https:\/\/www.altominho.tv\/site\/2019\/02\/15\/andebol-e-a-nova-aposta-desportiva-de-melgaco\/#primaryimage","url":"https:\/\/www.altominho.tv\/site\/wp-content\/uploads\/2019\/02\/IMG_6167-min.jpg","contentUrl":"https:\/\/www.altominho.tv\/site\/wp-content\/uploads\/2019\/02\/IMG_6167-min.jpg","width":5080,"height":3387},{"@type":"BreadcrumbList","@id":"https:\/\/www.altominho.tv\/site\/2019\/02\/15\/andebol-e-a-nova-aposta-desportiva-de-melgaco\/#breadcrumb","itemListElement":[{"@type":"ListItem","position":1,"name":"In\u00edcio","item":"https:\/\/www.altominho.tv\/site\/"},{"@type":"ListItem","position":2,"name":"Andebol \u00e9 a nova aposta desportiva de Melga\u00e7o"}]},{"@type":"WebSite","@id":"https:\/\/www.altominho.tv\/site\/#website","url":"https:\/\/www.altominho.tv\/site\/","name":"Altominho.tv","description":"A sua regi\u00e3o \u00e0 dist\u00e2ncia de um clique...","potentialAction":[{"@type":"SearchAction","target":{"@type":"EntryPoint","urlTemplate":"https:\/\/www.altominho.tv\/site\/?s={search_term_string}"},"query-input":{"@type":"PropertyValueSpecification","valueRequired":true,"valueName":"search_term_string"}}],"inLanguage":"pt-PT"},{"@type":"Person","@id":"https:\/\/www.altominho.tv\/site\/#\/schema\/person\/d9be4265364723f14ea8e0d56a1d38cd","name":"Andreia Ferreira","image":{"@type":"ImageObject","inLanguage":"pt-PT","@id":"https:\/\/www.altominho.tv\/site\/wp-content\/uploads\/2021\/01\/AndreiaFerreira-150x150.jpg","url":"https:\/\/www.altominho.tv\/site\/wp-content\/uploads\/2021\/01\/AndreiaFerreira-150x150.jpg","contentUrl":"https:\/\/www.altominho.tv\/site\/wp-content\/uploads\/2021\/01\/AndreiaFerreira-150x150.jpg","caption":"Andreia Ferreira"},"url":"https:\/\/www.altominho.tv\/site\/author\/andreiaferreira\/"}]}},"_links":{"self":[{"href":"https:\/\/www.altominho.tv\/site\/wp-json\/wp\/v2\/posts\/23954","targetHints":{"allow":["GET"]}}],"collection":[{"href":"https:\/\/www.altominho.tv\/site\/wp-json\/wp\/v2\/posts"}],"about":[{"href":"https:\/\/www.altominho.tv\/site\/wp-json\/wp\/v2\/types\/post"}],"author":[{"embeddable":true,"href":"https:\/\/www.altominho.tv\/site\/wp-json\/wp\/v2\/users\/12"}],"replies":[{"embeddable":true,"href":"https:\/\/www.altominho.tv\/site\/wp-json\/wp\/v2\/comments?post=23954"}],"version-history":[{"count":0,"href":"https:\/\/www.altominho.tv\/site\/wp-json\/wp\/v2\/posts\/23954\/revisions"}],"wp:featuredmedia":[{"embeddable":true,"href":"https:\/\/www.altominho.tv\/site\/wp-json\/wp\/v2\/media\/23955"}],"wp:attachment":[{"href":"https:\/\/www.altominho.tv\/site\/wp-json\/wp\/v2\/media?parent=23954"}],"wp:term":[{"taxonomy":"category","embeddable":true,"href":"https:\/\/www.altominho.tv\/site\/wp-json\/wp\/v2\/categories?post=23954"},{"taxonomy":"post_tag","embeddable":true,"href":"https:\/\/www.altominho.tv\/site\/wp-json\/wp\/v2\/tags?post=23954"}],"curies":[{"name":"wp","href":"https:\/\/api.w.org\/{rel}","templated":true}]}}