{"id":23908,"date":"2019-02-14T15:04:42","date_gmt":"2019-02-14T15:04:42","guid":{"rendered":"http:\/\/www.altominho.tv\/site\/?p=23908"},"modified":"2019-02-14T15:04:42","modified_gmt":"2019-02-14T15:04:42","slug":"psd-quer-porto-de-mar-de-vila-praia-de-ancora-no-plano-nacional-de-investimentos","status":"publish","type":"post","link":"https:\/\/www.altominho.tv\/site\/2019\/02\/14\/psd-quer-porto-de-mar-de-vila-praia-de-ancora-no-plano-nacional-de-investimentos\/","title":{"rendered":"PSD quer porto de mar de Vila Praia de \u00c2ncora no Plano Nacional de Investimentos"},"content":{"rendered":"<p>Os tr\u00eas deputados do PSD eleitos pelo Alto Minho informaram hoje ter solicitado ao Minist\u00e9rio do Mar a inclus\u00e3o do porto de mar de Vila Praia de \u00c2ncora, em Caminha, no Plano Nacional de Investimentos (PNI) 2030.<\/p>\n<p>Em comunicado, Liliana Silva, Carlos Abreu Amorim e Em\u00edlia Cerqueira defendem que &#8220;o quadro comunit\u00e1rio 2030 tem uma forte vertente de incentivos para a frente atl\u00e2ntica e deve ser aproveitado para resolver quest\u00f5es maiores e atenuar problemas existentes nos portos de mar que j\u00e1 existem em todo o pa\u00eds&#8221;.<\/p>\n<p>&#8220;O Porto de mar em Vila Praia de \u00c2ncora tem um problema estrutural de g\u00e9nese que leva a assoreamentos constantes. Ao longo dos anos, os sucessivos governos t\u00eam despendido milh\u00f5es de euros no seu desassoreamento de forma a permitir que os pescadores possam exercer a sua atividade econ\u00f3mica de forma segura e produtiva&#8221;, sustentam.<\/p>\n<p>Os deputados eleitos pelo distrito de Viana do Castelo acrescentam que, &#8220;uma boa forma de gest\u00e3o do er\u00e1rio p\u00fablico seria aproveitar o quadro comunit\u00e1rio 2030, que se afigura com impulsos fortes e relevantes para a frente atl\u00e2ntica, para resolver o problema daquele porto, com uma obra estrutural e acabar de vez com esta fonte inesgot\u00e1vel, mas necess\u00e1ria, de despesa p\u00fablica&#8221;.<\/p>\n<p>O PNI abrange infraestruturas de n\u00edvel nacional localizadas em Portugal Continental, com projetos ou programas com investimentos superiores a 75 milh\u00f5es de euros e tem um horizonte temporal de 10 anos.<\/p>\n<p>Fonte: Lusa<\/p>\n","protected":false},"excerpt":{"rendered":"<p>Os tr\u00eas deputados do PSD eleitos pelo Alto Minho informaram hoje ter solicitado ao Minist\u00e9rio do Mar a inclus\u00e3o do porto de mar de Vila Praia de \u00c2ncora, em Caminha, no Plano Nacional de Investimentos (PNI) 2030. Em comunicado, Liliana Silva, Carlos Abreu Amorim e Em\u00edlia Cerqueira defendem que &#8220;o quadro comunit\u00e1rio 2030 tem uma [&hellip;]<\/p>\n","protected":false},"author":12,"featured_media":23912,"comment_status":"closed","ping_status":"closed","sticky":false,"template":"","format":"standard","meta":{"_exactmetrics_skip_tracking":false,"_exactmetrics_sitenote_active":false,"_exactmetrics_sitenote_note":"","_exactmetrics_sitenote_category":0,"footnotes":""},"categories":[7],"tags":[27],"class_list":["post-23908","post","type-post","status-publish","format-standard","has-post-thumbnail","hentry","category-caminha","tag-sociedade"],"yoast_head":"<!-- This site is optimized with the Yoast SEO Premium plugin v27.5 (Yoast SEO v27.5) - https:\/\/yoast.com\/product\/yoast-seo-premium-wordpress\/ -->\n<title>PSD quer porto de mar de Vila Praia de \u00c2ncora no Plano Nacional de Investimentos<\/title>\n<meta name=\"robots\" content=\"index, follow, max-snippet:-1, max-image-preview:large, max-video-preview:-1\" \/>\n<link rel=\"canonical\" href=\"https:\/\/www.altominho.tv\/site\/2019\/02\/14\/psd-quer-porto-de-mar-de-vila-praia-de-ancora-no-plano-nacional-de-investimentos\/\" \/>\n<meta property=\"og:locale\" content=\"pt_PT\" \/>\n<meta property=\"og:type\" content=\"article\" \/>\n<meta property=\"og:title\" content=\"PSD quer porto de mar de Vila Praia de \u00c2ncora no Plano Nacional de Investimentos\" \/>\n<meta property=\"og:description\" content=\"Os tr\u00eas deputados do PSD eleitos pelo Alto Minho informaram hoje ter solicitado ao Minist\u00e9rio do Mar a inclus\u00e3o do porto de mar de Vila Praia de \u00c2ncora, em Caminha, no Plano Nacional de Investimentos (PNI) 2030. Em comunicado, Liliana Silva, Carlos Abreu Amorim e Em\u00edlia Cerqueira defendem que &#8220;o quadro comunit\u00e1rio 2030 tem uma [&hellip;]\" \/>\n<meta property=\"og:url\" content=\"https:\/\/www.altominho.tv\/site\/2019\/02\/14\/psd-quer-porto-de-mar-de-vila-praia-de-ancora-no-plano-nacional-de-investimentos\/\" \/>\n<meta property=\"og:site_name\" content=\"Altominho.tv\" \/>\n<meta property=\"article:publisher\" content=\"https:\/\/www.facebook.com\/altominhotv\" \/>\n<meta property=\"article:published_time\" content=\"2019-02-14T15:04:42+00:00\" \/>\n<meta property=\"og:image\" content=\"https:\/\/www.altominho.tv\/site\/wp-content\/uploads\/2019\/02\/Porto-Ancora.jpg\" \/>\n\t<meta property=\"og:image:width\" content=\"960\" \/>\n\t<meta property=\"og:image:height\" content=\"600\" \/>\n\t<meta property=\"og:image:type\" content=\"image\/jpeg\" \/>\n<meta name=\"author\" content=\"Andreia Ferreira\" \/>\n<meta name=\"twitter:card\" content=\"summary_large_image\" \/>\n<meta name=\"twitter:creator\" content=\"@altominhoTV\" \/>\n<meta name=\"twitter:site\" content=\"@altominhoTV\" \/>\n<meta name=\"twitter:label1\" content=\"Escrito por\" \/>\n\t<meta name=\"twitter:data1\" content=\"Andreia Ferreira\" \/>\n\t<meta name=\"twitter:label2\" content=\"Tempo estimado de leitura\" \/>\n\t<meta name=\"twitter:data2\" content=\"1 minuto\" \/>\n<script type=\"application\/ld+json\" class=\"yoast-schema-graph\">{\"@context\":\"https:\\\/\\\/schema.org\",\"@graph\":[{\"@type\":\"Article\",\"@id\":\"https:\\\/\\\/www.altominho.tv\\\/site\\\/2019\\\/02\\\/14\\\/psd-quer-porto-de-mar-de-vila-praia-de-ancora-no-plano-nacional-de-investimentos\\\/#article\",\"isPartOf\":{\"@id\":\"https:\\\/\\\/www.altominho.tv\\\/site\\\/2019\\\/02\\\/14\\\/psd-quer-porto-de-mar-de-vila-praia-de-ancora-no-plano-nacional-de-investimentos\\\/\"},\"author\":{\"name\":\"Andreia Ferreira\",\"@id\":\"https:\\\/\\\/www.altominho.tv\\\/site\\\/#\\\/schema\\\/person\\\/d9be4265364723f14ea8e0d56a1d38cd\"},\"headline\":\"PSD quer porto de mar de Vila Praia de \u00c2ncora no Plano Nacional de Investimentos\",\"datePublished\":\"2019-02-14T15:04:42+00:00\",\"mainEntityOfPage\":{\"@id\":\"https:\\\/\\\/www.altominho.tv\\\/site\\\/2019\\\/02\\\/14\\\/psd-quer-porto-de-mar-de-vila-praia-de-ancora-no-plano-nacional-de-investimentos\\\/\"},\"wordCount\":265,\"image\":{\"@id\":\"https:\\\/\\\/www.altominho.tv\\\/site\\\/2019\\\/02\\\/14\\\/psd-quer-porto-de-mar-de-vila-praia-de-ancora-no-plano-nacional-de-investimentos\\\/#primaryimage\"},\"thumbnailUrl\":\"https:\\\/\\\/www.altominho.tv\\\/site\\\/wp-content\\\/uploads\\\/2019\\\/02\\\/Porto-Ancora.jpg\",\"keywords\":[\"Sociedade\"],\"articleSection\":[\"Caminha\"],\"inLanguage\":\"pt-PT\",\"copyrightYear\":\"2019\",\"copyrightHolder\":{\"@id\":\"https:\\\/\\\/www.altominho.tv\\\/site\\\/#organization\"}},{\"@type\":\"WebPage\",\"@id\":\"https:\\\/\\\/www.altominho.tv\\\/site\\\/2019\\\/02\\\/14\\\/psd-quer-porto-de-mar-de-vila-praia-de-ancora-no-plano-nacional-de-investimentos\\\/\",\"url\":\"https:\\\/\\\/www.altominho.tv\\\/site\\\/2019\\\/02\\\/14\\\/psd-quer-porto-de-mar-de-vila-praia-de-ancora-no-plano-nacional-de-investimentos\\\/\",\"name\":\"PSD quer porto de mar de Vila Praia de \u00c2ncora no Plano Nacional de Investimentos\",\"isPartOf\":{\"@id\":\"https:\\\/\\\/www.altominho.tv\\\/site\\\/#website\"},\"primaryImageOfPage\":{\"@id\":\"https:\\\/\\\/www.altominho.tv\\\/site\\\/2019\\\/02\\\/14\\\/psd-quer-porto-de-mar-de-vila-praia-de-ancora-no-plano-nacional-de-investimentos\\\/#primaryimage\"},\"image\":{\"@id\":\"https:\\\/\\\/www.altominho.tv\\\/site\\\/2019\\\/02\\\/14\\\/psd-quer-porto-de-mar-de-vila-praia-de-ancora-no-plano-nacional-de-investimentos\\\/#primaryimage\"},\"thumbnailUrl\":\"https:\\\/\\\/www.altominho.tv\\\/site\\\/wp-content\\\/uploads\\\/2019\\\/02\\\/Porto-Ancora.jpg\",\"datePublished\":\"2019-02-14T15:04:42+00:00\",\"author\":{\"@id\":\"https:\\\/\\\/www.altominho.tv\\\/site\\\/#\\\/schema\\\/person\\\/d9be4265364723f14ea8e0d56a1d38cd\"},\"breadcrumb\":{\"@id\":\"https:\\\/\\\/www.altominho.tv\\\/site\\\/2019\\\/02\\\/14\\\/psd-quer-porto-de-mar-de-vila-praia-de-ancora-no-plano-nacional-de-investimentos\\\/#breadcrumb\"},\"inLanguage\":\"pt-PT\",\"potentialAction\":[{\"@type\":\"ReadAction\",\"target\":[\"https:\\\/\\\/www.altominho.tv\\\/site\\\/2019\\\/02\\\/14\\\/psd-quer-porto-de-mar-de-vila-praia-de-ancora-no-plano-nacional-de-investimentos\\\/\"]}]},{\"@type\":\"ImageObject\",\"inLanguage\":\"pt-PT\",\"@id\":\"https:\\\/\\\/www.altominho.tv\\\/site\\\/2019\\\/02\\\/14\\\/psd-quer-porto-de-mar-de-vila-praia-de-ancora-no-plano-nacional-de-investimentos\\\/#primaryimage\",\"url\":\"https:\\\/\\\/www.altominho.tv\\\/site\\\/wp-content\\\/uploads\\\/2019\\\/02\\\/Porto-Ancora.jpg\",\"contentUrl\":\"https:\\\/\\\/www.altominho.tv\\\/site\\\/wp-content\\\/uploads\\\/2019\\\/02\\\/Porto-Ancora.jpg\",\"width\":960,\"height\":600},{\"@type\":\"BreadcrumbList\",\"@id\":\"https:\\\/\\\/www.altominho.tv\\\/site\\\/2019\\\/02\\\/14\\\/psd-quer-porto-de-mar-de-vila-praia-de-ancora-no-plano-nacional-de-investimentos\\\/#breadcrumb\",\"itemListElement\":[{\"@type\":\"ListItem\",\"position\":1,\"name\":\"In\u00edcio\",\"item\":\"https:\\\/\\\/www.altominho.tv\\\/site\\\/\"},{\"@type\":\"ListItem\",\"position\":2,\"name\":\"PSD quer porto de mar de Vila Praia de \u00c2ncora no Plano Nacional de Investimentos\"}]},{\"@type\":\"WebSite\",\"@id\":\"https:\\\/\\\/www.altominho.tv\\\/site\\\/#website\",\"url\":\"https:\\\/\\\/www.altominho.tv\\\/site\\\/\",\"name\":\"Altominho.tv\",\"description\":\"A sua regi\u00e3o \u00e0 dist\u00e2ncia de um clique...\",\"potentialAction\":[{\"@type\":\"SearchAction\",\"target\":{\"@type\":\"EntryPoint\",\"urlTemplate\":\"https:\\\/\\\/www.altominho.tv\\\/site\\\/?s={search_term_string}\"},\"query-input\":{\"@type\":\"PropertyValueSpecification\",\"valueRequired\":true,\"valueName\":\"search_term_string\"}}],\"inLanguage\":\"pt-PT\"},{\"@type\":\"Person\",\"@id\":\"https:\\\/\\\/www.altominho.tv\\\/site\\\/#\\\/schema\\\/person\\\/d9be4265364723f14ea8e0d56a1d38cd\",\"name\":\"Andreia Ferreira\",\"image\":{\"@type\":\"ImageObject\",\"inLanguage\":\"pt-PT\",\"@id\":\"https:\\\/\\\/www.altominho.tv\\\/site\\\/wp-content\\\/uploads\\\/2021\\\/01\\\/AndreiaFerreira-150x150.jpg\",\"url\":\"https:\\\/\\\/www.altominho.tv\\\/site\\\/wp-content\\\/uploads\\\/2021\\\/01\\\/AndreiaFerreira-150x150.jpg\",\"contentUrl\":\"https:\\\/\\\/www.altominho.tv\\\/site\\\/wp-content\\\/uploads\\\/2021\\\/01\\\/AndreiaFerreira-150x150.jpg\",\"caption\":\"Andreia Ferreira\"},\"url\":\"https:\\\/\\\/www.altominho.tv\\\/site\\\/author\\\/andreiaferreira\\\/\"}]}<\/script>\n<!-- \/ Yoast SEO Premium plugin. -->","yoast_head_json":{"title":"PSD quer porto de mar de Vila Praia de \u00c2ncora no Plano Nacional de Investimentos","robots":{"index":"index","follow":"follow","max-snippet":"max-snippet:-1","max-image-preview":"max-image-preview:large","max-video-preview":"max-video-preview:-1"},"canonical":"https:\/\/www.altominho.tv\/site\/2019\/02\/14\/psd-quer-porto-de-mar-de-vila-praia-de-ancora-no-plano-nacional-de-investimentos\/","og_locale":"pt_PT","og_type":"article","og_title":"PSD quer porto de mar de Vila Praia de \u00c2ncora no Plano Nacional de Investimentos","og_description":"Os tr\u00eas deputados do PSD eleitos pelo Alto Minho informaram hoje ter solicitado ao Minist\u00e9rio do Mar a inclus\u00e3o do porto de mar de Vila Praia de \u00c2ncora, em Caminha, no Plano Nacional de Investimentos (PNI) 2030. Em comunicado, Liliana Silva, Carlos Abreu Amorim e Em\u00edlia Cerqueira defendem que &#8220;o quadro comunit\u00e1rio 2030 tem uma [&hellip;]","og_url":"https:\/\/www.altominho.tv\/site\/2019\/02\/14\/psd-quer-porto-de-mar-de-vila-praia-de-ancora-no-plano-nacional-de-investimentos\/","og_site_name":"Altominho.tv","article_publisher":"https:\/\/www.facebook.com\/altominhotv","article_published_time":"2019-02-14T15:04:42+00:00","og_image":[{"width":960,"height":600,"url":"https:\/\/www.altominho.tv\/site\/wp-content\/uploads\/2019\/02\/Porto-Ancora.jpg","type":"image\/jpeg"}],"author":"Andreia Ferreira","twitter_card":"summary_large_image","twitter_creator":"@altominhoTV","twitter_site":"@altominhoTV","twitter_misc":{"Escrito por":"Andreia Ferreira","Tempo estimado de leitura":"1 minuto"},"schema":{"@context":"https:\/\/schema.org","@graph":[{"@type":"Article","@id":"https:\/\/www.altominho.tv\/site\/2019\/02\/14\/psd-quer-porto-de-mar-de-vila-praia-de-ancora-no-plano-nacional-de-investimentos\/#article","isPartOf":{"@id":"https:\/\/www.altominho.tv\/site\/2019\/02\/14\/psd-quer-porto-de-mar-de-vila-praia-de-ancora-no-plano-nacional-de-investimentos\/"},"author":{"name":"Andreia Ferreira","@id":"https:\/\/www.altominho.tv\/site\/#\/schema\/person\/d9be4265364723f14ea8e0d56a1d38cd"},"headline":"PSD quer porto de mar de Vila Praia de \u00c2ncora no Plano Nacional de Investimentos","datePublished":"2019-02-14T15:04:42+00:00","mainEntityOfPage":{"@id":"https:\/\/www.altominho.tv\/site\/2019\/02\/14\/psd-quer-porto-de-mar-de-vila-praia-de-ancora-no-plano-nacional-de-investimentos\/"},"wordCount":265,"image":{"@id":"https:\/\/www.altominho.tv\/site\/2019\/02\/14\/psd-quer-porto-de-mar-de-vila-praia-de-ancora-no-plano-nacional-de-investimentos\/#primaryimage"},"thumbnailUrl":"https:\/\/www.altominho.tv\/site\/wp-content\/uploads\/2019\/02\/Porto-Ancora.jpg","keywords":["Sociedade"],"articleSection":["Caminha"],"inLanguage":"pt-PT","copyrightYear":"2019","copyrightHolder":{"@id":"https:\/\/www.altominho.tv\/site\/#organization"}},{"@type":"WebPage","@id":"https:\/\/www.altominho.tv\/site\/2019\/02\/14\/psd-quer-porto-de-mar-de-vila-praia-de-ancora-no-plano-nacional-de-investimentos\/","url":"https:\/\/www.altominho.tv\/site\/2019\/02\/14\/psd-quer-porto-de-mar-de-vila-praia-de-ancora-no-plano-nacional-de-investimentos\/","name":"PSD quer porto de mar de Vila Praia de \u00c2ncora no Plano Nacional de Investimentos","isPartOf":{"@id":"https:\/\/www.altominho.tv\/site\/#website"},"primaryImageOfPage":{"@id":"https:\/\/www.altominho.tv\/site\/2019\/02\/14\/psd-quer-porto-de-mar-de-vila-praia-de-ancora-no-plano-nacional-de-investimentos\/#primaryimage"},"image":{"@id":"https:\/\/www.altominho.tv\/site\/2019\/02\/14\/psd-quer-porto-de-mar-de-vila-praia-de-ancora-no-plano-nacional-de-investimentos\/#primaryimage"},"thumbnailUrl":"https:\/\/www.altominho.tv\/site\/wp-content\/uploads\/2019\/02\/Porto-Ancora.jpg","datePublished":"2019-02-14T15:04:42+00:00","author":{"@id":"https:\/\/www.altominho.tv\/site\/#\/schema\/person\/d9be4265364723f14ea8e0d56a1d38cd"},"breadcrumb":{"@id":"https:\/\/www.altominho.tv\/site\/2019\/02\/14\/psd-quer-porto-de-mar-de-vila-praia-de-ancora-no-plano-nacional-de-investimentos\/#breadcrumb"},"inLanguage":"pt-PT","potentialAction":[{"@type":"ReadAction","target":["https:\/\/www.altominho.tv\/site\/2019\/02\/14\/psd-quer-porto-de-mar-de-vila-praia-de-ancora-no-plano-nacional-de-investimentos\/"]}]},{"@type":"ImageObject","inLanguage":"pt-PT","@id":"https:\/\/www.altominho.tv\/site\/2019\/02\/14\/psd-quer-porto-de-mar-de-vila-praia-de-ancora-no-plano-nacional-de-investimentos\/#primaryimage","url":"https:\/\/www.altominho.tv\/site\/wp-content\/uploads\/2019\/02\/Porto-Ancora.jpg","contentUrl":"https:\/\/www.altominho.tv\/site\/wp-content\/uploads\/2019\/02\/Porto-Ancora.jpg","width":960,"height":600},{"@type":"BreadcrumbList","@id":"https:\/\/www.altominho.tv\/site\/2019\/02\/14\/psd-quer-porto-de-mar-de-vila-praia-de-ancora-no-plano-nacional-de-investimentos\/#breadcrumb","itemListElement":[{"@type":"ListItem","position":1,"name":"In\u00edcio","item":"https:\/\/www.altominho.tv\/site\/"},{"@type":"ListItem","position":2,"name":"PSD quer porto de mar de Vila Praia de \u00c2ncora no Plano Nacional de Investimentos"}]},{"@type":"WebSite","@id":"https:\/\/www.altominho.tv\/site\/#website","url":"https:\/\/www.altominho.tv\/site\/","name":"Altominho.tv","description":"A sua regi\u00e3o \u00e0 dist\u00e2ncia de um clique...","potentialAction":[{"@type":"SearchAction","target":{"@type":"EntryPoint","urlTemplate":"https:\/\/www.altominho.tv\/site\/?s={search_term_string}"},"query-input":{"@type":"PropertyValueSpecification","valueRequired":true,"valueName":"search_term_string"}}],"inLanguage":"pt-PT"},{"@type":"Person","@id":"https:\/\/www.altominho.tv\/site\/#\/schema\/person\/d9be4265364723f14ea8e0d56a1d38cd","name":"Andreia Ferreira","image":{"@type":"ImageObject","inLanguage":"pt-PT","@id":"https:\/\/www.altominho.tv\/site\/wp-content\/uploads\/2021\/01\/AndreiaFerreira-150x150.jpg","url":"https:\/\/www.altominho.tv\/site\/wp-content\/uploads\/2021\/01\/AndreiaFerreira-150x150.jpg","contentUrl":"https:\/\/www.altominho.tv\/site\/wp-content\/uploads\/2021\/01\/AndreiaFerreira-150x150.jpg","caption":"Andreia Ferreira"},"url":"https:\/\/www.altominho.tv\/site\/author\/andreiaferreira\/"}]}},"_links":{"self":[{"href":"https:\/\/www.altominho.tv\/site\/wp-json\/wp\/v2\/posts\/23908","targetHints":{"allow":["GET"]}}],"collection":[{"href":"https:\/\/www.altominho.tv\/site\/wp-json\/wp\/v2\/posts"}],"about":[{"href":"https:\/\/www.altominho.tv\/site\/wp-json\/wp\/v2\/types\/post"}],"author":[{"embeddable":true,"href":"https:\/\/www.altominho.tv\/site\/wp-json\/wp\/v2\/users\/12"}],"replies":[{"embeddable":true,"href":"https:\/\/www.altominho.tv\/site\/wp-json\/wp\/v2\/comments?post=23908"}],"version-history":[{"count":0,"href":"https:\/\/www.altominho.tv\/site\/wp-json\/wp\/v2\/posts\/23908\/revisions"}],"wp:featuredmedia":[{"embeddable":true,"href":"https:\/\/www.altominho.tv\/site\/wp-json\/wp\/v2\/media\/23912"}],"wp:attachment":[{"href":"https:\/\/www.altominho.tv\/site\/wp-json\/wp\/v2\/media?parent=23908"}],"wp:term":[{"taxonomy":"category","embeddable":true,"href":"https:\/\/www.altominho.tv\/site\/wp-json\/wp\/v2\/categories?post=23908"},{"taxonomy":"post_tag","embeddable":true,"href":"https:\/\/www.altominho.tv\/site\/wp-json\/wp\/v2\/tags?post=23908"}],"curies":[{"name":"wp","href":"https:\/\/api.w.org\/{rel}","templated":true}]}}