{"id":23748,"date":"2019-02-11T10:14:16","date_gmt":"2019-02-11T10:14:16","guid":{"rendered":"http:\/\/www.altominho.tv\/site\/?p=23748"},"modified":"2019-02-11T10:14:40","modified_gmt":"2019-02-11T10:14:40","slug":"semana-comeca-com-sol-e-subida-das-temperaturas","status":"publish","type":"post","link":"https:\/\/www.altominho.tv\/site\/2019\/02\/11\/semana-comeca-com-sol-e-subida-das-temperaturas\/","title":{"rendered":"Semana come\u00e7a com sol e subida das temperaturas"},"content":{"rendered":"<p>O sol e o c\u00e9u pouco nublado ou limpo em quase todo o pa\u00eds marcam o in\u00edcio da semana. De acordo com Instituto Portugu\u00eas do Mar e da Atmosfera (IPMA), n\u00e3o se prev\u00ea precipita\u00e7\u00e3o e espera-se uma subida das temperaturas, que poder\u00e3o chegar aos 20 graus, em Faro.<\/p>\n<p>Segundo o IPMA, \u00e9 ainda esperada uma descida da temperatura m\u00ednima nas regi\u00f5es Norte e Centro. Bragan\u00e7a ser\u00e1 o distrito mais frio com 0 graus de temperatura m\u00ednima e 13 graus de m\u00e1xima.<\/p>\n<p>Esta segunda-feira, em Viana do Castelo,\u00a0os term\u00f3metros v\u00e3o variar entre os 4 graus e os 14 graus.<\/p>\n<p>Nos pr\u00f3ximos dias, o IPMA prev\u00ea uma subida da temperatura m\u00e1xima em quase todo o territ\u00f3rio continental.<\/p>\n","protected":false},"excerpt":{"rendered":"<p>O sol e o c\u00e9u pouco nublado ou limpo em quase todo o pa\u00eds marcam o in\u00edcio da semana. De acordo com Instituto Portugu\u00eas do Mar e da Atmosfera (IPMA), n\u00e3o se prev\u00ea precipita\u00e7\u00e3o e espera-se uma subida das temperaturas, que poder\u00e3o chegar aos 20 graus, em Faro. Segundo o IPMA, \u00e9 ainda esperada uma [&hellip;]<\/p>\n","protected":false},"author":12,"featured_media":23750,"comment_status":"closed","ping_status":"closed","sticky":false,"template":"","format":"standard","meta":{"_exactmetrics_skip_tracking":false,"_exactmetrics_sitenote_active":false,"_exactmetrics_sitenote_note":"","_exactmetrics_sitenote_category":0,"footnotes":""},"categories":[73],"tags":[27],"class_list":["post-23748","post","type-post","status-publish","format-standard","has-post-thumbnail","hentry","category-alto-minho","tag-sociedade"],"yoast_head":"<!-- This site is optimized with the Yoast SEO Premium plugin v27.5 (Yoast SEO v27.5) - https:\/\/yoast.com\/product\/yoast-seo-premium-wordpress\/ -->\n<title>Semana come\u00e7a com sol e subida das temperaturas<\/title>\n<meta name=\"robots\" content=\"index, follow, max-snippet:-1, max-image-preview:large, max-video-preview:-1\" \/>\n<link rel=\"canonical\" href=\"https:\/\/www.altominho.tv\/site\/2019\/02\/11\/semana-comeca-com-sol-e-subida-das-temperaturas\/\" \/>\n<meta property=\"og:locale\" content=\"pt_PT\" \/>\n<meta property=\"og:type\" content=\"article\" \/>\n<meta property=\"og:title\" content=\"Semana come\u00e7a com sol e subida das temperaturas\" \/>\n<meta property=\"og:description\" content=\"O sol e o c\u00e9u pouco nublado ou limpo em quase todo o pa\u00eds marcam o in\u00edcio da semana. De acordo com Instituto Portugu\u00eas do Mar e da Atmosfera (IPMA), n\u00e3o se prev\u00ea precipita\u00e7\u00e3o e espera-se uma subida das temperaturas, que poder\u00e3o chegar aos 20 graus, em Faro. Segundo o IPMA, \u00e9 ainda esperada uma [&hellip;]\" \/>\n<meta property=\"og:url\" content=\"https:\/\/www.altominho.tv\/site\/2019\/02\/11\/semana-comeca-com-sol-e-subida-das-temperaturas\/\" \/>\n<meta property=\"og:site_name\" content=\"Altominho.tv\" \/>\n<meta property=\"article:publisher\" content=\"https:\/\/www.facebook.com\/altominhotv\" \/>\n<meta property=\"article:published_time\" content=\"2019-02-11T10:14:16+00:00\" \/>\n<meta property=\"article:modified_time\" content=\"2019-02-11T10:14:40+00:00\" \/>\n<meta property=\"og:image\" content=\"https:\/\/www.altominho.tv\/site\/wp-content\/uploads\/2019\/02\/Nuvem.jpg\" \/>\n\t<meta property=\"og:image:width\" content=\"960\" \/>\n\t<meta property=\"og:image:height\" content=\"640\" \/>\n\t<meta property=\"og:image:type\" content=\"image\/jpeg\" \/>\n<meta name=\"author\" content=\"Andreia Ferreira\" \/>\n<meta name=\"twitter:card\" content=\"summary_large_image\" \/>\n<meta name=\"twitter:creator\" content=\"@altominhoTV\" \/>\n<meta name=\"twitter:site\" content=\"@altominhoTV\" \/>\n<meta name=\"twitter:label1\" content=\"Escrito por\" \/>\n\t<meta name=\"twitter:data1\" content=\"Andreia Ferreira\" \/>\n\t<meta name=\"twitter:label2\" content=\"Tempo estimado de leitura\" \/>\n\t<meta name=\"twitter:data2\" content=\"1 minuto\" \/>\n<script type=\"application\/ld+json\" class=\"yoast-schema-graph\">{\"@context\":\"https:\\\/\\\/schema.org\",\"@graph\":[{\"@type\":\"Article\",\"@id\":\"https:\\\/\\\/www.altominho.tv\\\/site\\\/2019\\\/02\\\/11\\\/semana-comeca-com-sol-e-subida-das-temperaturas\\\/#article\",\"isPartOf\":{\"@id\":\"https:\\\/\\\/www.altominho.tv\\\/site\\\/2019\\\/02\\\/11\\\/semana-comeca-com-sol-e-subida-das-temperaturas\\\/\"},\"author\":{\"name\":\"Andreia Ferreira\",\"@id\":\"https:\\\/\\\/www.altominho.tv\\\/site\\\/#\\\/schema\\\/person\\\/d9be4265364723f14ea8e0d56a1d38cd\"},\"headline\":\"Semana come\u00e7a com sol e subida das temperaturas\",\"datePublished\":\"2019-02-11T10:14:16+00:00\",\"dateModified\":\"2019-02-11T10:14:40+00:00\",\"mainEntityOfPage\":{\"@id\":\"https:\\\/\\\/www.altominho.tv\\\/site\\\/2019\\\/02\\\/11\\\/semana-comeca-com-sol-e-subida-das-temperaturas\\\/\"},\"wordCount\":136,\"image\":{\"@id\":\"https:\\\/\\\/www.altominho.tv\\\/site\\\/2019\\\/02\\\/11\\\/semana-comeca-com-sol-e-subida-das-temperaturas\\\/#primaryimage\"},\"thumbnailUrl\":\"https:\\\/\\\/www.altominho.tv\\\/site\\\/wp-content\\\/uploads\\\/2019\\\/02\\\/Nuvem.jpg\",\"keywords\":[\"Sociedade\"],\"articleSection\":[\"Alto Minho\"],\"inLanguage\":\"pt-PT\",\"copyrightYear\":\"2019\",\"copyrightHolder\":{\"@id\":\"https:\\\/\\\/www.altominho.tv\\\/site\\\/#organization\"}},{\"@type\":\"WebPage\",\"@id\":\"https:\\\/\\\/www.altominho.tv\\\/site\\\/2019\\\/02\\\/11\\\/semana-comeca-com-sol-e-subida-das-temperaturas\\\/\",\"url\":\"https:\\\/\\\/www.altominho.tv\\\/site\\\/2019\\\/02\\\/11\\\/semana-comeca-com-sol-e-subida-das-temperaturas\\\/\",\"name\":\"Semana come\u00e7a com sol e subida das temperaturas\",\"isPartOf\":{\"@id\":\"https:\\\/\\\/www.altominho.tv\\\/site\\\/#website\"},\"primaryImageOfPage\":{\"@id\":\"https:\\\/\\\/www.altominho.tv\\\/site\\\/2019\\\/02\\\/11\\\/semana-comeca-com-sol-e-subida-das-temperaturas\\\/#primaryimage\"},\"image\":{\"@id\":\"https:\\\/\\\/www.altominho.tv\\\/site\\\/2019\\\/02\\\/11\\\/semana-comeca-com-sol-e-subida-das-temperaturas\\\/#primaryimage\"},\"thumbnailUrl\":\"https:\\\/\\\/www.altominho.tv\\\/site\\\/wp-content\\\/uploads\\\/2019\\\/02\\\/Nuvem.jpg\",\"datePublished\":\"2019-02-11T10:14:16+00:00\",\"dateModified\":\"2019-02-11T10:14:40+00:00\",\"author\":{\"@id\":\"https:\\\/\\\/www.altominho.tv\\\/site\\\/#\\\/schema\\\/person\\\/d9be4265364723f14ea8e0d56a1d38cd\"},\"breadcrumb\":{\"@id\":\"https:\\\/\\\/www.altominho.tv\\\/site\\\/2019\\\/02\\\/11\\\/semana-comeca-com-sol-e-subida-das-temperaturas\\\/#breadcrumb\"},\"inLanguage\":\"pt-PT\",\"potentialAction\":[{\"@type\":\"ReadAction\",\"target\":[\"https:\\\/\\\/www.altominho.tv\\\/site\\\/2019\\\/02\\\/11\\\/semana-comeca-com-sol-e-subida-das-temperaturas\\\/\"]}]},{\"@type\":\"ImageObject\",\"inLanguage\":\"pt-PT\",\"@id\":\"https:\\\/\\\/www.altominho.tv\\\/site\\\/2019\\\/02\\\/11\\\/semana-comeca-com-sol-e-subida-das-temperaturas\\\/#primaryimage\",\"url\":\"https:\\\/\\\/www.altominho.tv\\\/site\\\/wp-content\\\/uploads\\\/2019\\\/02\\\/Nuvem.jpg\",\"contentUrl\":\"https:\\\/\\\/www.altominho.tv\\\/site\\\/wp-content\\\/uploads\\\/2019\\\/02\\\/Nuvem.jpg\",\"width\":960,\"height\":640,\"caption\":\"PIXABAY\"},{\"@type\":\"BreadcrumbList\",\"@id\":\"https:\\\/\\\/www.altominho.tv\\\/site\\\/2019\\\/02\\\/11\\\/semana-comeca-com-sol-e-subida-das-temperaturas\\\/#breadcrumb\",\"itemListElement\":[{\"@type\":\"ListItem\",\"position\":1,\"name\":\"In\u00edcio\",\"item\":\"https:\\\/\\\/www.altominho.tv\\\/site\\\/\"},{\"@type\":\"ListItem\",\"position\":2,\"name\":\"Semana come\u00e7a com sol e subida das temperaturas\"}]},{\"@type\":\"WebSite\",\"@id\":\"https:\\\/\\\/www.altominho.tv\\\/site\\\/#website\",\"url\":\"https:\\\/\\\/www.altominho.tv\\\/site\\\/\",\"name\":\"Altominho.tv\",\"description\":\"A sua regi\u00e3o \u00e0 dist\u00e2ncia de um clique...\",\"potentialAction\":[{\"@type\":\"SearchAction\",\"target\":{\"@type\":\"EntryPoint\",\"urlTemplate\":\"https:\\\/\\\/www.altominho.tv\\\/site\\\/?s={search_term_string}\"},\"query-input\":{\"@type\":\"PropertyValueSpecification\",\"valueRequired\":true,\"valueName\":\"search_term_string\"}}],\"inLanguage\":\"pt-PT\"},{\"@type\":\"Person\",\"@id\":\"https:\\\/\\\/www.altominho.tv\\\/site\\\/#\\\/schema\\\/person\\\/d9be4265364723f14ea8e0d56a1d38cd\",\"name\":\"Andreia Ferreira\",\"image\":{\"@type\":\"ImageObject\",\"inLanguage\":\"pt-PT\",\"@id\":\"https:\\\/\\\/www.altominho.tv\\\/site\\\/wp-content\\\/uploads\\\/2021\\\/01\\\/AndreiaFerreira-150x150.jpg\",\"url\":\"https:\\\/\\\/www.altominho.tv\\\/site\\\/wp-content\\\/uploads\\\/2021\\\/01\\\/AndreiaFerreira-150x150.jpg\",\"contentUrl\":\"https:\\\/\\\/www.altominho.tv\\\/site\\\/wp-content\\\/uploads\\\/2021\\\/01\\\/AndreiaFerreira-150x150.jpg\",\"caption\":\"Andreia Ferreira\"},\"url\":\"https:\\\/\\\/www.altominho.tv\\\/site\\\/author\\\/andreiaferreira\\\/\"}]}<\/script>\n<!-- \/ Yoast SEO Premium plugin. -->","yoast_head_json":{"title":"Semana come\u00e7a com sol e subida das temperaturas","robots":{"index":"index","follow":"follow","max-snippet":"max-snippet:-1","max-image-preview":"max-image-preview:large","max-video-preview":"max-video-preview:-1"},"canonical":"https:\/\/www.altominho.tv\/site\/2019\/02\/11\/semana-comeca-com-sol-e-subida-das-temperaturas\/","og_locale":"pt_PT","og_type":"article","og_title":"Semana come\u00e7a com sol e subida das temperaturas","og_description":"O sol e o c\u00e9u pouco nublado ou limpo em quase todo o pa\u00eds marcam o in\u00edcio da semana. De acordo com Instituto Portugu\u00eas do Mar e da Atmosfera (IPMA), n\u00e3o se prev\u00ea precipita\u00e7\u00e3o e espera-se uma subida das temperaturas, que poder\u00e3o chegar aos 20 graus, em Faro. Segundo o IPMA, \u00e9 ainda esperada uma [&hellip;]","og_url":"https:\/\/www.altominho.tv\/site\/2019\/02\/11\/semana-comeca-com-sol-e-subida-das-temperaturas\/","og_site_name":"Altominho.tv","article_publisher":"https:\/\/www.facebook.com\/altominhotv","article_published_time":"2019-02-11T10:14:16+00:00","article_modified_time":"2019-02-11T10:14:40+00:00","og_image":[{"width":960,"height":640,"url":"https:\/\/www.altominho.tv\/site\/wp-content\/uploads\/2019\/02\/Nuvem.jpg","type":"image\/jpeg"}],"author":"Andreia Ferreira","twitter_card":"summary_large_image","twitter_creator":"@altominhoTV","twitter_site":"@altominhoTV","twitter_misc":{"Escrito por":"Andreia Ferreira","Tempo estimado de leitura":"1 minuto"},"schema":{"@context":"https:\/\/schema.org","@graph":[{"@type":"Article","@id":"https:\/\/www.altominho.tv\/site\/2019\/02\/11\/semana-comeca-com-sol-e-subida-das-temperaturas\/#article","isPartOf":{"@id":"https:\/\/www.altominho.tv\/site\/2019\/02\/11\/semana-comeca-com-sol-e-subida-das-temperaturas\/"},"author":{"name":"Andreia Ferreira","@id":"https:\/\/www.altominho.tv\/site\/#\/schema\/person\/d9be4265364723f14ea8e0d56a1d38cd"},"headline":"Semana come\u00e7a com sol e subida das temperaturas","datePublished":"2019-02-11T10:14:16+00:00","dateModified":"2019-02-11T10:14:40+00:00","mainEntityOfPage":{"@id":"https:\/\/www.altominho.tv\/site\/2019\/02\/11\/semana-comeca-com-sol-e-subida-das-temperaturas\/"},"wordCount":136,"image":{"@id":"https:\/\/www.altominho.tv\/site\/2019\/02\/11\/semana-comeca-com-sol-e-subida-das-temperaturas\/#primaryimage"},"thumbnailUrl":"https:\/\/www.altominho.tv\/site\/wp-content\/uploads\/2019\/02\/Nuvem.jpg","keywords":["Sociedade"],"articleSection":["Alto Minho"],"inLanguage":"pt-PT","copyrightYear":"2019","copyrightHolder":{"@id":"https:\/\/www.altominho.tv\/site\/#organization"}},{"@type":"WebPage","@id":"https:\/\/www.altominho.tv\/site\/2019\/02\/11\/semana-comeca-com-sol-e-subida-das-temperaturas\/","url":"https:\/\/www.altominho.tv\/site\/2019\/02\/11\/semana-comeca-com-sol-e-subida-das-temperaturas\/","name":"Semana come\u00e7a com sol e subida das temperaturas","isPartOf":{"@id":"https:\/\/www.altominho.tv\/site\/#website"},"primaryImageOfPage":{"@id":"https:\/\/www.altominho.tv\/site\/2019\/02\/11\/semana-comeca-com-sol-e-subida-das-temperaturas\/#primaryimage"},"image":{"@id":"https:\/\/www.altominho.tv\/site\/2019\/02\/11\/semana-comeca-com-sol-e-subida-das-temperaturas\/#primaryimage"},"thumbnailUrl":"https:\/\/www.altominho.tv\/site\/wp-content\/uploads\/2019\/02\/Nuvem.jpg","datePublished":"2019-02-11T10:14:16+00:00","dateModified":"2019-02-11T10:14:40+00:00","author":{"@id":"https:\/\/www.altominho.tv\/site\/#\/schema\/person\/d9be4265364723f14ea8e0d56a1d38cd"},"breadcrumb":{"@id":"https:\/\/www.altominho.tv\/site\/2019\/02\/11\/semana-comeca-com-sol-e-subida-das-temperaturas\/#breadcrumb"},"inLanguage":"pt-PT","potentialAction":[{"@type":"ReadAction","target":["https:\/\/www.altominho.tv\/site\/2019\/02\/11\/semana-comeca-com-sol-e-subida-das-temperaturas\/"]}]},{"@type":"ImageObject","inLanguage":"pt-PT","@id":"https:\/\/www.altominho.tv\/site\/2019\/02\/11\/semana-comeca-com-sol-e-subida-das-temperaturas\/#primaryimage","url":"https:\/\/www.altominho.tv\/site\/wp-content\/uploads\/2019\/02\/Nuvem.jpg","contentUrl":"https:\/\/www.altominho.tv\/site\/wp-content\/uploads\/2019\/02\/Nuvem.jpg","width":960,"height":640,"caption":"PIXABAY"},{"@type":"BreadcrumbList","@id":"https:\/\/www.altominho.tv\/site\/2019\/02\/11\/semana-comeca-com-sol-e-subida-das-temperaturas\/#breadcrumb","itemListElement":[{"@type":"ListItem","position":1,"name":"In\u00edcio","item":"https:\/\/www.altominho.tv\/site\/"},{"@type":"ListItem","position":2,"name":"Semana come\u00e7a com sol e subida das temperaturas"}]},{"@type":"WebSite","@id":"https:\/\/www.altominho.tv\/site\/#website","url":"https:\/\/www.altominho.tv\/site\/","name":"Altominho.tv","description":"A sua regi\u00e3o \u00e0 dist\u00e2ncia de um clique...","potentialAction":[{"@type":"SearchAction","target":{"@type":"EntryPoint","urlTemplate":"https:\/\/www.altominho.tv\/site\/?s={search_term_string}"},"query-input":{"@type":"PropertyValueSpecification","valueRequired":true,"valueName":"search_term_string"}}],"inLanguage":"pt-PT"},{"@type":"Person","@id":"https:\/\/www.altominho.tv\/site\/#\/schema\/person\/d9be4265364723f14ea8e0d56a1d38cd","name":"Andreia Ferreira","image":{"@type":"ImageObject","inLanguage":"pt-PT","@id":"https:\/\/www.altominho.tv\/site\/wp-content\/uploads\/2021\/01\/AndreiaFerreira-150x150.jpg","url":"https:\/\/www.altominho.tv\/site\/wp-content\/uploads\/2021\/01\/AndreiaFerreira-150x150.jpg","contentUrl":"https:\/\/www.altominho.tv\/site\/wp-content\/uploads\/2021\/01\/AndreiaFerreira-150x150.jpg","caption":"Andreia Ferreira"},"url":"https:\/\/www.altominho.tv\/site\/author\/andreiaferreira\/"}]}},"_links":{"self":[{"href":"https:\/\/www.altominho.tv\/site\/wp-json\/wp\/v2\/posts\/23748","targetHints":{"allow":["GET"]}}],"collection":[{"href":"https:\/\/www.altominho.tv\/site\/wp-json\/wp\/v2\/posts"}],"about":[{"href":"https:\/\/www.altominho.tv\/site\/wp-json\/wp\/v2\/types\/post"}],"author":[{"embeddable":true,"href":"https:\/\/www.altominho.tv\/site\/wp-json\/wp\/v2\/users\/12"}],"replies":[{"embeddable":true,"href":"https:\/\/www.altominho.tv\/site\/wp-json\/wp\/v2\/comments?post=23748"}],"version-history":[{"count":0,"href":"https:\/\/www.altominho.tv\/site\/wp-json\/wp\/v2\/posts\/23748\/revisions"}],"wp:featuredmedia":[{"embeddable":true,"href":"https:\/\/www.altominho.tv\/site\/wp-json\/wp\/v2\/media\/23750"}],"wp:attachment":[{"href":"https:\/\/www.altominho.tv\/site\/wp-json\/wp\/v2\/media?parent=23748"}],"wp:term":[{"taxonomy":"category","embeddable":true,"href":"https:\/\/www.altominho.tv\/site\/wp-json\/wp\/v2\/categories?post=23748"},{"taxonomy":"post_tag","embeddable":true,"href":"https:\/\/www.altominho.tv\/site\/wp-json\/wp\/v2\/tags?post=23748"}],"curies":[{"name":"wp","href":"https:\/\/api.w.org\/{rel}","templated":true}]}}