{"id":23691,"date":"2019-02-07T18:25:00","date_gmt":"2019-02-07T18:25:00","guid":{"rendered":"http:\/\/www.altominho.tv\/site\/?p=23691"},"modified":"2019-02-07T18:25:00","modified_gmt":"2019-02-07T18:25:00","slug":"parlamento-discute-abolicao-de-varias-portagens-incluindo-na-a28","status":"publish","type":"post","link":"https:\/\/www.altominho.tv\/site\/2019\/02\/07\/parlamento-discute-abolicao-de-varias-portagens-incluindo-na-a28\/","title":{"rendered":"Parlamento discute aboli\u00e7\u00e3o de v\u00e1rias portagens, incluindo na A28"},"content":{"rendered":"<p>O parlamento discute e vota, esta sexta-feira, 16 projetos de resolu\u00e7\u00e3o sobre a aboli\u00e7\u00e3o das portagens em autoestradas do norte e centro, incluindo a A28, e tamb\u00e9m na Via do Infante.<\/p>\n<p>O PCP, Bloco de Esquerda (BE) e o Partido Ecologista \u201cOs Verdes\u201d (PEV) recomendam ao Governo, atrav\u00e9s de projetos de resolu\u00e7\u00e3o, a aboli\u00e7\u00e3o das portagens na A25, na A24, na A23, e tamb\u00e9m na A22, mais conhecida como Via do Infante, no Algarve.<\/p>\n<p>A Via do Infante foi palco, nos \u00faltimos anos, de v\u00e1rios protestos contra o pagamento de portagens, com moradores e autarcas a queixarem-se dos preju\u00edzos tamb\u00e9m ao n\u00edvel tur\u00edstico.<\/p>\n<p>A A23 \u00e9 a autoestrada da Beira Interior, sendo uma das vias de acessibilidade estruturantes e estrat\u00e9gica para toda a mobilidade nos distritos de Santar\u00e9m, Portalegre, Castelo Branco e Guarda.<\/p>\n<p>\u00c9, desta forma, e de acordo com o Bloco de Esquerda, \u201cum fator de coes\u00e3o territorial e de promo\u00e7\u00e3o do desenvolvimento econ\u00f3mico para v\u00e1rias regi\u00f5es que enfrentam graves problemas de isolamento, depress\u00e3o e desertifica\u00e7\u00e3o\u201d.<\/p>\n<p>De acordo com os partidos de esquerda, a A25, que liga Aveiro a Vilar Formoso, com liga\u00e7\u00e3o \u00e0 fonteira espanhola, \u201cagravou, dramaticamente, as dificuldades sociais e econ\u00f3micas das popula\u00e7\u00f5es, j\u00e1 de si fortemente penalizadas pela crise e pelos custos da interioridade\u201d.<\/p>\n<p>\u201cA A25, com uma dist\u00e2ncia de 190 quil\u00f3metros entre Aveiro e Vilar Formoso, demora a percorrer cerca de duas horas, enquanto a liga\u00e7\u00e3o entre essas duas localidades utilizando a EN 16 e EN 17, totalizando 234 quil\u00f3metros, demora mais de 4 horas. No que respeita \u00e0 mobilidade, a implementa\u00e7\u00e3o de portagens na A25 representou um grave retrocesso de muitos anos nas regi\u00f5es da Beira Litoral e Alta\u201d, pode ler-se no projeto de resolu\u00e7\u00e3o do Bloco de Esquerda.<\/p>\n<p>A A24 serve essencialmente o interior do pa\u00eds, ligando a Beira Alta a Tr\u00e1s-os-Montes, distando cerca de 160 quil\u00f3metros entre Viseu e Chaves, e cujo trajeto demora a percorrer cerca de uma hora e 45 minutos, enquanto o mesmo percurso pela Estrada Nacional 2, com uma dist\u00e2ncia de 170 quil\u00f3metros, demora quase quatro horas.<\/p>\n<p>Todos os partidos de esquerda defendem que as portagens nestas autoestradas s\u00e3o penalizadoras para as suas popula\u00e7\u00f5es, j\u00e1 que, habitualmente, as alternativas implicam dist\u00e2ncias maiores.<\/p>\n<p>O PCP recomenda ainda a elimina\u00e7\u00e3o das portagens na A28, autoestrada do Norte Litoral, que liga Viana do Castelo ao Porto, sendo que no distrito de Braga atravessa o concelho de Esposende, bem como na A29, autoestrada da Costa de Prata, que liga a A25, junto \u00e0 localidade de Angeja (concelho de Albergaria-a-Velha) \u00e0 Circular Regional Interior do Porto (CRIP), em Vilar de Andorinho (Vila Nova de Gaia).<\/p>\n<p>As portagens na A22, tal como noutras ex-Scut (estradas sem custos para o utilizador), come\u00e7aram a ser cobradas em dezembro de 2011, atrav\u00e9s de p\u00f3rticos eletr\u00f3nicos.<\/p>\n<p>O plen\u00e1rio ir\u00e1 ainda discutir e votar os projetos de resolu\u00e7\u00e3o do CDS-PP e o PSD que recomendam ao Governo que desloque o \u201cP\u00f3rtico do Est\u00e1dio\u201d de forma a salvaguardar os interesses da economia local de Aveiro e de todos os que t\u00eam que se deslocar na malha urbana daquela cidade, acabando com \u201cuma grave injusti\u00e7a para com os aveirenses\u201d.<\/p>\n<p>Segundo o CDS-PP, a procura de estradas n\u00e3o portajadas como alternativa \u00e0 circula\u00e7\u00e3o tem vindo a \u201ccondicionar fortemente outras vias\u201d, nomeadamente o tro\u00e7o da EN 109, na freguesia de Cacia, cujo aumento no volume de tr\u00e1fego \u201ctem vindo a gerar filas de espera de quase uma hora para percorrer cerca de cinco quil\u00f3metros, e contribui para a inseguran\u00e7a dos seus utilizadores locais, nomeadamente nas zonas de acesso a escolas e espa\u00e7os p\u00fablicos da freguesia\u201d.<\/p>\n<p>Tamb\u00e9m o PSD considera que a EN109 \u00e9 \u201cuma alternativa lenta e perigosa\u201d, reconhecendo que o aumento \u201cmuito forte do tr\u00e1fego causa fortes constrangimentos\u201d \u00e0 popula\u00e7\u00e3o.<\/p>\n<p>O PSD apresentou ainda um outro projeto de resolu\u00e7\u00e3o que recomenda ao Governo a redu\u00e7\u00e3o de portagens na denominada Autoestrada do Pinhal Interior (tro\u00e7o da A13 entre o Entroncamento e Coimbra e A13.1, que liga a Condeixa).<\/p>\n<p>Fonte: Lusa<\/p>\n","protected":false},"excerpt":{"rendered":"<p>O parlamento discute e vota, esta sexta-feira, 16 projetos de resolu\u00e7\u00e3o sobre a aboli\u00e7\u00e3o das portagens em autoestradas do norte e centro, incluindo a A28, e tamb\u00e9m na Via do Infante. O PCP, Bloco de Esquerda (BE) e o Partido Ecologista \u201cOs Verdes\u201d (PEV) recomendam ao Governo, atrav\u00e9s de projetos de resolu\u00e7\u00e3o, a aboli\u00e7\u00e3o das [&hellip;]<\/p>\n","protected":false},"author":12,"featured_media":23692,"comment_status":"closed","ping_status":"closed","sticky":false,"template":"","format":"standard","meta":{"_exactmetrics_skip_tracking":false,"_exactmetrics_sitenote_active":false,"_exactmetrics_sitenote_note":"","_exactmetrics_sitenote_category":0,"footnotes":""},"categories":[73],"tags":[27],"class_list":["post-23691","post","type-post","status-publish","format-standard","has-post-thumbnail","hentry","category-alto-minho","tag-sociedade"],"yoast_head":"<!-- This site is optimized with the Yoast SEO Premium plugin v27.5 (Yoast SEO v27.5) - https:\/\/yoast.com\/product\/yoast-seo-premium-wordpress\/ -->\n<title>Parlamento discute aboli\u00e7\u00e3o de v\u00e1rias portagens, incluindo na A28<\/title>\n<meta name=\"robots\" content=\"index, follow, max-snippet:-1, max-image-preview:large, max-video-preview:-1\" \/>\n<link rel=\"canonical\" href=\"https:\/\/www.altominho.tv\/site\/2019\/02\/07\/parlamento-discute-abolicao-de-varias-portagens-incluindo-na-a28\/\" \/>\n<meta property=\"og:locale\" content=\"pt_PT\" \/>\n<meta property=\"og:type\" content=\"article\" \/>\n<meta property=\"og:title\" content=\"Parlamento discute aboli\u00e7\u00e3o de v\u00e1rias portagens, incluindo na A28\" \/>\n<meta property=\"og:description\" content=\"O parlamento discute e vota, esta sexta-feira, 16 projetos de resolu\u00e7\u00e3o sobre a aboli\u00e7\u00e3o das portagens em autoestradas do norte e centro, incluindo a A28, e tamb\u00e9m na Via do Infante. O PCP, Bloco de Esquerda (BE) e o Partido Ecologista \u201cOs Verdes\u201d (PEV) recomendam ao Governo, atrav\u00e9s de projetos de resolu\u00e7\u00e3o, a aboli\u00e7\u00e3o das [&hellip;]\" \/>\n<meta property=\"og:url\" content=\"https:\/\/www.altominho.tv\/site\/2019\/02\/07\/parlamento-discute-abolicao-de-varias-portagens-incluindo-na-a28\/\" \/>\n<meta property=\"og:site_name\" content=\"Altominho.tv\" \/>\n<meta property=\"article:publisher\" content=\"https:\/\/www.facebook.com\/altominhotv\" \/>\n<meta property=\"article:published_time\" content=\"2019-02-07T18:25:00+00:00\" \/>\n<meta property=\"og:image\" content=\"https:\/\/www.altominho.tv\/site\/wp-content\/uploads\/2019\/02\/a28.jpg\" \/>\n\t<meta property=\"og:image:width\" content=\"650\" \/>\n\t<meta property=\"og:image:height\" content=\"250\" \/>\n\t<meta property=\"og:image:type\" content=\"image\/jpeg\" \/>\n<meta name=\"author\" content=\"Andreia Ferreira\" \/>\n<meta name=\"twitter:card\" content=\"summary_large_image\" \/>\n<meta name=\"twitter:creator\" content=\"@altominhoTV\" \/>\n<meta name=\"twitter:site\" content=\"@altominhoTV\" \/>\n<meta name=\"twitter:label1\" content=\"Escrito por\" \/>\n\t<meta name=\"twitter:data1\" content=\"Andreia Ferreira\" \/>\n\t<meta name=\"twitter:label2\" content=\"Tempo estimado de leitura\" \/>\n\t<meta name=\"twitter:data2\" content=\"4 minutos\" \/>\n<script type=\"application\/ld+json\" class=\"yoast-schema-graph\">{\"@context\":\"https:\\\/\\\/schema.org\",\"@graph\":[{\"@type\":\"Article\",\"@id\":\"https:\\\/\\\/www.altominho.tv\\\/site\\\/2019\\\/02\\\/07\\\/parlamento-discute-abolicao-de-varias-portagens-incluindo-na-a28\\\/#article\",\"isPartOf\":{\"@id\":\"https:\\\/\\\/www.altominho.tv\\\/site\\\/2019\\\/02\\\/07\\\/parlamento-discute-abolicao-de-varias-portagens-incluindo-na-a28\\\/\"},\"author\":{\"name\":\"Andreia Ferreira\",\"@id\":\"https:\\\/\\\/www.altominho.tv\\\/site\\\/#\\\/schema\\\/person\\\/d9be4265364723f14ea8e0d56a1d38cd\"},\"headline\":\"Parlamento discute aboli\u00e7\u00e3o de v\u00e1rias portagens, incluindo na A28\",\"datePublished\":\"2019-02-07T18:25:00+00:00\",\"mainEntityOfPage\":{\"@id\":\"https:\\\/\\\/www.altominho.tv\\\/site\\\/2019\\\/02\\\/07\\\/parlamento-discute-abolicao-de-varias-portagens-incluindo-na-a28\\\/\"},\"wordCount\":711,\"image\":{\"@id\":\"https:\\\/\\\/www.altominho.tv\\\/site\\\/2019\\\/02\\\/07\\\/parlamento-discute-abolicao-de-varias-portagens-incluindo-na-a28\\\/#primaryimage\"},\"thumbnailUrl\":\"https:\\\/\\\/www.altominho.tv\\\/site\\\/wp-content\\\/uploads\\\/2019\\\/02\\\/a28.jpg\",\"keywords\":[\"Sociedade\"],\"articleSection\":[\"Alto Minho\"],\"inLanguage\":\"pt-PT\",\"copyrightYear\":\"2019\",\"copyrightHolder\":{\"@id\":\"https:\\\/\\\/www.altominho.tv\\\/site\\\/#organization\"}},{\"@type\":\"WebPage\",\"@id\":\"https:\\\/\\\/www.altominho.tv\\\/site\\\/2019\\\/02\\\/07\\\/parlamento-discute-abolicao-de-varias-portagens-incluindo-na-a28\\\/\",\"url\":\"https:\\\/\\\/www.altominho.tv\\\/site\\\/2019\\\/02\\\/07\\\/parlamento-discute-abolicao-de-varias-portagens-incluindo-na-a28\\\/\",\"name\":\"Parlamento discute aboli\u00e7\u00e3o de v\u00e1rias portagens, incluindo na A28\",\"isPartOf\":{\"@id\":\"https:\\\/\\\/www.altominho.tv\\\/site\\\/#website\"},\"primaryImageOfPage\":{\"@id\":\"https:\\\/\\\/www.altominho.tv\\\/site\\\/2019\\\/02\\\/07\\\/parlamento-discute-abolicao-de-varias-portagens-incluindo-na-a28\\\/#primaryimage\"},\"image\":{\"@id\":\"https:\\\/\\\/www.altominho.tv\\\/site\\\/2019\\\/02\\\/07\\\/parlamento-discute-abolicao-de-varias-portagens-incluindo-na-a28\\\/#primaryimage\"},\"thumbnailUrl\":\"https:\\\/\\\/www.altominho.tv\\\/site\\\/wp-content\\\/uploads\\\/2019\\\/02\\\/a28.jpg\",\"datePublished\":\"2019-02-07T18:25:00+00:00\",\"author\":{\"@id\":\"https:\\\/\\\/www.altominho.tv\\\/site\\\/#\\\/schema\\\/person\\\/d9be4265364723f14ea8e0d56a1d38cd\"},\"breadcrumb\":{\"@id\":\"https:\\\/\\\/www.altominho.tv\\\/site\\\/2019\\\/02\\\/07\\\/parlamento-discute-abolicao-de-varias-portagens-incluindo-na-a28\\\/#breadcrumb\"},\"inLanguage\":\"pt-PT\",\"potentialAction\":[{\"@type\":\"ReadAction\",\"target\":[\"https:\\\/\\\/www.altominho.tv\\\/site\\\/2019\\\/02\\\/07\\\/parlamento-discute-abolicao-de-varias-portagens-incluindo-na-a28\\\/\"]}]},{\"@type\":\"ImageObject\",\"inLanguage\":\"pt-PT\",\"@id\":\"https:\\\/\\\/www.altominho.tv\\\/site\\\/2019\\\/02\\\/07\\\/parlamento-discute-abolicao-de-varias-portagens-incluindo-na-a28\\\/#primaryimage\",\"url\":\"https:\\\/\\\/www.altominho.tv\\\/site\\\/wp-content\\\/uploads\\\/2019\\\/02\\\/a28.jpg\",\"contentUrl\":\"https:\\\/\\\/www.altominho.tv\\\/site\\\/wp-content\\\/uploads\\\/2019\\\/02\\\/a28.jpg\",\"width\":650,\"height\":250},{\"@type\":\"BreadcrumbList\",\"@id\":\"https:\\\/\\\/www.altominho.tv\\\/site\\\/2019\\\/02\\\/07\\\/parlamento-discute-abolicao-de-varias-portagens-incluindo-na-a28\\\/#breadcrumb\",\"itemListElement\":[{\"@type\":\"ListItem\",\"position\":1,\"name\":\"In\u00edcio\",\"item\":\"https:\\\/\\\/www.altominho.tv\\\/site\\\/\"},{\"@type\":\"ListItem\",\"position\":2,\"name\":\"Parlamento discute aboli\u00e7\u00e3o de v\u00e1rias portagens, incluindo na A28\"}]},{\"@type\":\"WebSite\",\"@id\":\"https:\\\/\\\/www.altominho.tv\\\/site\\\/#website\",\"url\":\"https:\\\/\\\/www.altominho.tv\\\/site\\\/\",\"name\":\"Altominho.tv\",\"description\":\"A sua regi\u00e3o \u00e0 dist\u00e2ncia de um clique...\",\"potentialAction\":[{\"@type\":\"SearchAction\",\"target\":{\"@type\":\"EntryPoint\",\"urlTemplate\":\"https:\\\/\\\/www.altominho.tv\\\/site\\\/?s={search_term_string}\"},\"query-input\":{\"@type\":\"PropertyValueSpecification\",\"valueRequired\":true,\"valueName\":\"search_term_string\"}}],\"inLanguage\":\"pt-PT\"},{\"@type\":\"Person\",\"@id\":\"https:\\\/\\\/www.altominho.tv\\\/site\\\/#\\\/schema\\\/person\\\/d9be4265364723f14ea8e0d56a1d38cd\",\"name\":\"Andreia Ferreira\",\"image\":{\"@type\":\"ImageObject\",\"inLanguage\":\"pt-PT\",\"@id\":\"https:\\\/\\\/www.altominho.tv\\\/site\\\/wp-content\\\/uploads\\\/2021\\\/01\\\/AndreiaFerreira-150x150.jpg\",\"url\":\"https:\\\/\\\/www.altominho.tv\\\/site\\\/wp-content\\\/uploads\\\/2021\\\/01\\\/AndreiaFerreira-150x150.jpg\",\"contentUrl\":\"https:\\\/\\\/www.altominho.tv\\\/site\\\/wp-content\\\/uploads\\\/2021\\\/01\\\/AndreiaFerreira-150x150.jpg\",\"caption\":\"Andreia Ferreira\"},\"url\":\"https:\\\/\\\/www.altominho.tv\\\/site\\\/author\\\/andreiaferreira\\\/\"}]}<\/script>\n<!-- \/ Yoast SEO Premium plugin. -->","yoast_head_json":{"title":"Parlamento discute aboli\u00e7\u00e3o de v\u00e1rias portagens, incluindo na A28","robots":{"index":"index","follow":"follow","max-snippet":"max-snippet:-1","max-image-preview":"max-image-preview:large","max-video-preview":"max-video-preview:-1"},"canonical":"https:\/\/www.altominho.tv\/site\/2019\/02\/07\/parlamento-discute-abolicao-de-varias-portagens-incluindo-na-a28\/","og_locale":"pt_PT","og_type":"article","og_title":"Parlamento discute aboli\u00e7\u00e3o de v\u00e1rias portagens, incluindo na A28","og_description":"O parlamento discute e vota, esta sexta-feira, 16 projetos de resolu\u00e7\u00e3o sobre a aboli\u00e7\u00e3o das portagens em autoestradas do norte e centro, incluindo a A28, e tamb\u00e9m na Via do Infante. O PCP, Bloco de Esquerda (BE) e o Partido Ecologista \u201cOs Verdes\u201d (PEV) recomendam ao Governo, atrav\u00e9s de projetos de resolu\u00e7\u00e3o, a aboli\u00e7\u00e3o das [&hellip;]","og_url":"https:\/\/www.altominho.tv\/site\/2019\/02\/07\/parlamento-discute-abolicao-de-varias-portagens-incluindo-na-a28\/","og_site_name":"Altominho.tv","article_publisher":"https:\/\/www.facebook.com\/altominhotv","article_published_time":"2019-02-07T18:25:00+00:00","og_image":[{"width":650,"height":250,"url":"https:\/\/www.altominho.tv\/site\/wp-content\/uploads\/2019\/02\/a28.jpg","type":"image\/jpeg"}],"author":"Andreia Ferreira","twitter_card":"summary_large_image","twitter_creator":"@altominhoTV","twitter_site":"@altominhoTV","twitter_misc":{"Escrito por":"Andreia Ferreira","Tempo estimado de leitura":"4 minutos"},"schema":{"@context":"https:\/\/schema.org","@graph":[{"@type":"Article","@id":"https:\/\/www.altominho.tv\/site\/2019\/02\/07\/parlamento-discute-abolicao-de-varias-portagens-incluindo-na-a28\/#article","isPartOf":{"@id":"https:\/\/www.altominho.tv\/site\/2019\/02\/07\/parlamento-discute-abolicao-de-varias-portagens-incluindo-na-a28\/"},"author":{"name":"Andreia Ferreira","@id":"https:\/\/www.altominho.tv\/site\/#\/schema\/person\/d9be4265364723f14ea8e0d56a1d38cd"},"headline":"Parlamento discute aboli\u00e7\u00e3o de v\u00e1rias portagens, incluindo na A28","datePublished":"2019-02-07T18:25:00+00:00","mainEntityOfPage":{"@id":"https:\/\/www.altominho.tv\/site\/2019\/02\/07\/parlamento-discute-abolicao-de-varias-portagens-incluindo-na-a28\/"},"wordCount":711,"image":{"@id":"https:\/\/www.altominho.tv\/site\/2019\/02\/07\/parlamento-discute-abolicao-de-varias-portagens-incluindo-na-a28\/#primaryimage"},"thumbnailUrl":"https:\/\/www.altominho.tv\/site\/wp-content\/uploads\/2019\/02\/a28.jpg","keywords":["Sociedade"],"articleSection":["Alto Minho"],"inLanguage":"pt-PT","copyrightYear":"2019","copyrightHolder":{"@id":"https:\/\/www.altominho.tv\/site\/#organization"}},{"@type":"WebPage","@id":"https:\/\/www.altominho.tv\/site\/2019\/02\/07\/parlamento-discute-abolicao-de-varias-portagens-incluindo-na-a28\/","url":"https:\/\/www.altominho.tv\/site\/2019\/02\/07\/parlamento-discute-abolicao-de-varias-portagens-incluindo-na-a28\/","name":"Parlamento discute aboli\u00e7\u00e3o de v\u00e1rias portagens, incluindo na A28","isPartOf":{"@id":"https:\/\/www.altominho.tv\/site\/#website"},"primaryImageOfPage":{"@id":"https:\/\/www.altominho.tv\/site\/2019\/02\/07\/parlamento-discute-abolicao-de-varias-portagens-incluindo-na-a28\/#primaryimage"},"image":{"@id":"https:\/\/www.altominho.tv\/site\/2019\/02\/07\/parlamento-discute-abolicao-de-varias-portagens-incluindo-na-a28\/#primaryimage"},"thumbnailUrl":"https:\/\/www.altominho.tv\/site\/wp-content\/uploads\/2019\/02\/a28.jpg","datePublished":"2019-02-07T18:25:00+00:00","author":{"@id":"https:\/\/www.altominho.tv\/site\/#\/schema\/person\/d9be4265364723f14ea8e0d56a1d38cd"},"breadcrumb":{"@id":"https:\/\/www.altominho.tv\/site\/2019\/02\/07\/parlamento-discute-abolicao-de-varias-portagens-incluindo-na-a28\/#breadcrumb"},"inLanguage":"pt-PT","potentialAction":[{"@type":"ReadAction","target":["https:\/\/www.altominho.tv\/site\/2019\/02\/07\/parlamento-discute-abolicao-de-varias-portagens-incluindo-na-a28\/"]}]},{"@type":"ImageObject","inLanguage":"pt-PT","@id":"https:\/\/www.altominho.tv\/site\/2019\/02\/07\/parlamento-discute-abolicao-de-varias-portagens-incluindo-na-a28\/#primaryimage","url":"https:\/\/www.altominho.tv\/site\/wp-content\/uploads\/2019\/02\/a28.jpg","contentUrl":"https:\/\/www.altominho.tv\/site\/wp-content\/uploads\/2019\/02\/a28.jpg","width":650,"height":250},{"@type":"BreadcrumbList","@id":"https:\/\/www.altominho.tv\/site\/2019\/02\/07\/parlamento-discute-abolicao-de-varias-portagens-incluindo-na-a28\/#breadcrumb","itemListElement":[{"@type":"ListItem","position":1,"name":"In\u00edcio","item":"https:\/\/www.altominho.tv\/site\/"},{"@type":"ListItem","position":2,"name":"Parlamento discute aboli\u00e7\u00e3o de v\u00e1rias portagens, incluindo na A28"}]},{"@type":"WebSite","@id":"https:\/\/www.altominho.tv\/site\/#website","url":"https:\/\/www.altominho.tv\/site\/","name":"Altominho.tv","description":"A sua regi\u00e3o \u00e0 dist\u00e2ncia de um clique...","potentialAction":[{"@type":"SearchAction","target":{"@type":"EntryPoint","urlTemplate":"https:\/\/www.altominho.tv\/site\/?s={search_term_string}"},"query-input":{"@type":"PropertyValueSpecification","valueRequired":true,"valueName":"search_term_string"}}],"inLanguage":"pt-PT"},{"@type":"Person","@id":"https:\/\/www.altominho.tv\/site\/#\/schema\/person\/d9be4265364723f14ea8e0d56a1d38cd","name":"Andreia Ferreira","image":{"@type":"ImageObject","inLanguage":"pt-PT","@id":"https:\/\/www.altominho.tv\/site\/wp-content\/uploads\/2021\/01\/AndreiaFerreira-150x150.jpg","url":"https:\/\/www.altominho.tv\/site\/wp-content\/uploads\/2021\/01\/AndreiaFerreira-150x150.jpg","contentUrl":"https:\/\/www.altominho.tv\/site\/wp-content\/uploads\/2021\/01\/AndreiaFerreira-150x150.jpg","caption":"Andreia Ferreira"},"url":"https:\/\/www.altominho.tv\/site\/author\/andreiaferreira\/"}]}},"_links":{"self":[{"href":"https:\/\/www.altominho.tv\/site\/wp-json\/wp\/v2\/posts\/23691","targetHints":{"allow":["GET"]}}],"collection":[{"href":"https:\/\/www.altominho.tv\/site\/wp-json\/wp\/v2\/posts"}],"about":[{"href":"https:\/\/www.altominho.tv\/site\/wp-json\/wp\/v2\/types\/post"}],"author":[{"embeddable":true,"href":"https:\/\/www.altominho.tv\/site\/wp-json\/wp\/v2\/users\/12"}],"replies":[{"embeddable":true,"href":"https:\/\/www.altominho.tv\/site\/wp-json\/wp\/v2\/comments?post=23691"}],"version-history":[{"count":0,"href":"https:\/\/www.altominho.tv\/site\/wp-json\/wp\/v2\/posts\/23691\/revisions"}],"wp:featuredmedia":[{"embeddable":true,"href":"https:\/\/www.altominho.tv\/site\/wp-json\/wp\/v2\/media\/23692"}],"wp:attachment":[{"href":"https:\/\/www.altominho.tv\/site\/wp-json\/wp\/v2\/media?parent=23691"}],"wp:term":[{"taxonomy":"category","embeddable":true,"href":"https:\/\/www.altominho.tv\/site\/wp-json\/wp\/v2\/categories?post=23691"},{"taxonomy":"post_tag","embeddable":true,"href":"https:\/\/www.altominho.tv\/site\/wp-json\/wp\/v2\/tags?post=23691"}],"curies":[{"name":"wp","href":"https:\/\/api.w.org\/{rel}","templated":true}]}}