{"id":23687,"date":"2019-02-07T17:56:51","date_gmt":"2019-02-07T17:56:51","guid":{"rendered":"http:\/\/www.altominho.tv\/site\/?p=23687"},"modified":"2019-02-07T17:56:51","modified_gmt":"2019-02-07T17:56:51","slug":"gnr-recupera-imagem-de-arte-sacra-roubada-ha-10-anos-em-caminha","status":"publish","type":"post","link":"https:\/\/www.altominho.tv\/site\/2019\/02\/07\/gnr-recupera-imagem-de-arte-sacra-roubada-ha-10-anos-em-caminha\/","title":{"rendered":"GNR recupera imagem de arte sacra roubada h\u00e1 10 anos em Caminha"},"content":{"rendered":"<p>O comando distrital da GNR de Viana do Castelo informou hoje ter recuperado, em Guimar\u00e3es, no distrito de Braga, uma imagem de arte sacra, roubada h\u00e1 dez anos de uma casa em Caminha.<\/p>\n<p>Em comunicado, a GNR explicou que &#8220;a investiga\u00e7\u00e3o foi reaberta, recentemente, na sequ\u00eancia de uma den\u00fancia da propriet\u00e1ria da imagem de arte sacra, denominada &#8220;Nossa Senhora&#8221;, dando conta de que a pe\u00e7a se encontrava \u00e0 venda na Internet&#8221;.<\/p>\n<p>&#8220;A GNR encetou dilig\u00eancias que culminaram na realiza\u00e7\u00e3o de uma busca na zona de Porto, a um antiqu\u00e1rio, apurando-se que a imagem estava na posse de um particular, residente em Guimar\u00e3es&#8221;, refere a nota.<\/p>\n<p style=\"font-weight: 400\">Segundo a for\u00e7a policial, as &#8220;dilig\u00eancias subsequentes permitiram identificar um colecionador, um homem de 58 anos, e recuperar a imagem furtada, avaliada no valor de 5.500 euros&#8221;.<\/p>\n<p>Fonte do Comando Territorial da GNR de Viana do Castelo explicou \u00e0 Lusa que, em 2009, a pe\u00e7a &#8220;foi avaliada em 5.500 euros&#8221;, mas, atualmente, &#8220;valer\u00e1 mais de 20 mil euros&#8221;.<\/p>\n<p>A mesma fonte revelou que a imagem de arte sagra &#8220;encontra-se \u00e0 guarda do tribunal de Caminha at\u00e9 \u00e0 conclus\u00e3o do processo judicial que corre naquela comarca&#8221;.<\/p>\n<p>Fonte: Lusa<\/p>\n","protected":false},"excerpt":{"rendered":"<p>O comando distrital da GNR de Viana do Castelo informou hoje ter recuperado, em Guimar\u00e3es, no distrito de Braga, uma imagem de arte sacra, roubada h\u00e1 dez anos de uma casa em Caminha. Em comunicado, a GNR explicou que &#8220;a investiga\u00e7\u00e3o foi reaberta, recentemente, na sequ\u00eancia de uma den\u00fancia da propriet\u00e1ria da imagem de arte [&hellip;]<\/p>\n","protected":false},"author":12,"featured_media":23688,"comment_status":"closed","ping_status":"closed","sticky":false,"template":"","format":"standard","meta":{"_exactmetrics_skip_tracking":false,"_exactmetrics_sitenote_active":false,"_exactmetrics_sitenote_note":"","_exactmetrics_sitenote_category":0,"footnotes":""},"categories":[7],"tags":[27],"class_list":["post-23687","post","type-post","status-publish","format-standard","has-post-thumbnail","hentry","category-caminha","tag-sociedade"],"yoast_head":"<!-- This site is optimized with the Yoast SEO Premium plugin v27.5 (Yoast SEO v27.5) - https:\/\/yoast.com\/product\/yoast-seo-premium-wordpress\/ -->\n<title>GNR recupera imagem de arte sacra roubada h\u00e1 10 anos em Caminha<\/title>\n<meta name=\"robots\" content=\"index, follow, max-snippet:-1, max-image-preview:large, max-video-preview:-1\" \/>\n<link rel=\"canonical\" href=\"https:\/\/www.altominho.tv\/site\/2019\/02\/07\/gnr-recupera-imagem-de-arte-sacra-roubada-ha-10-anos-em-caminha\/\" \/>\n<meta property=\"og:locale\" content=\"pt_PT\" \/>\n<meta property=\"og:type\" content=\"article\" \/>\n<meta property=\"og:title\" content=\"GNR recupera imagem de arte sacra roubada h\u00e1 10 anos em Caminha\" \/>\n<meta property=\"og:description\" content=\"O comando distrital da GNR de Viana do Castelo informou hoje ter recuperado, em Guimar\u00e3es, no distrito de Braga, uma imagem de arte sacra, roubada h\u00e1 dez anos de uma casa em Caminha. Em comunicado, a GNR explicou que &#8220;a investiga\u00e7\u00e3o foi reaberta, recentemente, na sequ\u00eancia de uma den\u00fancia da propriet\u00e1ria da imagem de arte [&hellip;]\" \/>\n<meta property=\"og:url\" content=\"https:\/\/www.altominho.tv\/site\/2019\/02\/07\/gnr-recupera-imagem-de-arte-sacra-roubada-ha-10-anos-em-caminha\/\" \/>\n<meta property=\"og:site_name\" content=\"Altominho.tv\" \/>\n<meta property=\"article:publisher\" content=\"https:\/\/www.facebook.com\/altominhotv\" \/>\n<meta property=\"article:published_time\" content=\"2019-02-07T17:56:51+00:00\" \/>\n<meta property=\"og:image\" content=\"https:\/\/www.altominho.tv\/site\/wp-content\/uploads\/2019\/02\/GNR-2-740x493.jpg\" \/>\n\t<meta property=\"og:image:width\" content=\"740\" \/>\n\t<meta property=\"og:image:height\" content=\"493\" \/>\n\t<meta property=\"og:image:type\" content=\"image\/jpeg\" \/>\n<meta name=\"author\" content=\"Andreia Ferreira\" \/>\n<meta name=\"twitter:card\" content=\"summary_large_image\" \/>\n<meta name=\"twitter:creator\" content=\"@altominhoTV\" \/>\n<meta name=\"twitter:site\" content=\"@altominhoTV\" \/>\n<meta name=\"twitter:label1\" content=\"Escrito por\" \/>\n\t<meta name=\"twitter:data1\" content=\"Andreia Ferreira\" \/>\n\t<meta name=\"twitter:label2\" content=\"Tempo estimado de leitura\" \/>\n\t<meta name=\"twitter:data2\" content=\"1 minuto\" \/>\n<script type=\"application\/ld+json\" class=\"yoast-schema-graph\">{\"@context\":\"https:\\\/\\\/schema.org\",\"@graph\":[{\"@type\":\"Article\",\"@id\":\"https:\\\/\\\/www.altominho.tv\\\/site\\\/2019\\\/02\\\/07\\\/gnr-recupera-imagem-de-arte-sacra-roubada-ha-10-anos-em-caminha\\\/#article\",\"isPartOf\":{\"@id\":\"https:\\\/\\\/www.altominho.tv\\\/site\\\/2019\\\/02\\\/07\\\/gnr-recupera-imagem-de-arte-sacra-roubada-ha-10-anos-em-caminha\\\/\"},\"author\":{\"name\":\"Andreia Ferreira\",\"@id\":\"https:\\\/\\\/www.altominho.tv\\\/site\\\/#\\\/schema\\\/person\\\/d9be4265364723f14ea8e0d56a1d38cd\"},\"headline\":\"GNR recupera imagem de arte sacra roubada h\u00e1 10 anos em Caminha\",\"datePublished\":\"2019-02-07T17:56:51+00:00\",\"mainEntityOfPage\":{\"@id\":\"https:\\\/\\\/www.altominho.tv\\\/site\\\/2019\\\/02\\\/07\\\/gnr-recupera-imagem-de-arte-sacra-roubada-ha-10-anos-em-caminha\\\/\"},\"wordCount\":208,\"image\":{\"@id\":\"https:\\\/\\\/www.altominho.tv\\\/site\\\/2019\\\/02\\\/07\\\/gnr-recupera-imagem-de-arte-sacra-roubada-ha-10-anos-em-caminha\\\/#primaryimage\"},\"thumbnailUrl\":\"https:\\\/\\\/www.altominho.tv\\\/site\\\/wp-content\\\/uploads\\\/2019\\\/02\\\/GNR-2-740x493.jpg\",\"keywords\":[\"Sociedade\"],\"articleSection\":[\"Caminha\"],\"inLanguage\":\"pt-PT\",\"copyrightYear\":\"2019\",\"copyrightHolder\":{\"@id\":\"https:\\\/\\\/www.altominho.tv\\\/site\\\/#organization\"}},{\"@type\":\"WebPage\",\"@id\":\"https:\\\/\\\/www.altominho.tv\\\/site\\\/2019\\\/02\\\/07\\\/gnr-recupera-imagem-de-arte-sacra-roubada-ha-10-anos-em-caminha\\\/\",\"url\":\"https:\\\/\\\/www.altominho.tv\\\/site\\\/2019\\\/02\\\/07\\\/gnr-recupera-imagem-de-arte-sacra-roubada-ha-10-anos-em-caminha\\\/\",\"name\":\"GNR recupera imagem de arte sacra roubada h\u00e1 10 anos em Caminha\",\"isPartOf\":{\"@id\":\"https:\\\/\\\/www.altominho.tv\\\/site\\\/#website\"},\"primaryImageOfPage\":{\"@id\":\"https:\\\/\\\/www.altominho.tv\\\/site\\\/2019\\\/02\\\/07\\\/gnr-recupera-imagem-de-arte-sacra-roubada-ha-10-anos-em-caminha\\\/#primaryimage\"},\"image\":{\"@id\":\"https:\\\/\\\/www.altominho.tv\\\/site\\\/2019\\\/02\\\/07\\\/gnr-recupera-imagem-de-arte-sacra-roubada-ha-10-anos-em-caminha\\\/#primaryimage\"},\"thumbnailUrl\":\"https:\\\/\\\/www.altominho.tv\\\/site\\\/wp-content\\\/uploads\\\/2019\\\/02\\\/GNR-2-740x493.jpg\",\"datePublished\":\"2019-02-07T17:56:51+00:00\",\"author\":{\"@id\":\"https:\\\/\\\/www.altominho.tv\\\/site\\\/#\\\/schema\\\/person\\\/d9be4265364723f14ea8e0d56a1d38cd\"},\"breadcrumb\":{\"@id\":\"https:\\\/\\\/www.altominho.tv\\\/site\\\/2019\\\/02\\\/07\\\/gnr-recupera-imagem-de-arte-sacra-roubada-ha-10-anos-em-caminha\\\/#breadcrumb\"},\"inLanguage\":\"pt-PT\",\"potentialAction\":[{\"@type\":\"ReadAction\",\"target\":[\"https:\\\/\\\/www.altominho.tv\\\/site\\\/2019\\\/02\\\/07\\\/gnr-recupera-imagem-de-arte-sacra-roubada-ha-10-anos-em-caminha\\\/\"]}]},{\"@type\":\"ImageObject\",\"inLanguage\":\"pt-PT\",\"@id\":\"https:\\\/\\\/www.altominho.tv\\\/site\\\/2019\\\/02\\\/07\\\/gnr-recupera-imagem-de-arte-sacra-roubada-ha-10-anos-em-caminha\\\/#primaryimage\",\"url\":\"https:\\\/\\\/www.altominho.tv\\\/site\\\/wp-content\\\/uploads\\\/2019\\\/02\\\/GNR-2-740x493.jpg\",\"contentUrl\":\"https:\\\/\\\/www.altominho.tv\\\/site\\\/wp-content\\\/uploads\\\/2019\\\/02\\\/GNR-2-740x493.jpg\",\"width\":740,\"height\":493},{\"@type\":\"BreadcrumbList\",\"@id\":\"https:\\\/\\\/www.altominho.tv\\\/site\\\/2019\\\/02\\\/07\\\/gnr-recupera-imagem-de-arte-sacra-roubada-ha-10-anos-em-caminha\\\/#breadcrumb\",\"itemListElement\":[{\"@type\":\"ListItem\",\"position\":1,\"name\":\"In\u00edcio\",\"item\":\"https:\\\/\\\/www.altominho.tv\\\/site\\\/\"},{\"@type\":\"ListItem\",\"position\":2,\"name\":\"GNR recupera imagem de arte sacra roubada h\u00e1 10 anos em Caminha\"}]},{\"@type\":\"WebSite\",\"@id\":\"https:\\\/\\\/www.altominho.tv\\\/site\\\/#website\",\"url\":\"https:\\\/\\\/www.altominho.tv\\\/site\\\/\",\"name\":\"Altominho.tv\",\"description\":\"A sua regi\u00e3o \u00e0 dist\u00e2ncia de um clique...\",\"potentialAction\":[{\"@type\":\"SearchAction\",\"target\":{\"@type\":\"EntryPoint\",\"urlTemplate\":\"https:\\\/\\\/www.altominho.tv\\\/site\\\/?s={search_term_string}\"},\"query-input\":{\"@type\":\"PropertyValueSpecification\",\"valueRequired\":true,\"valueName\":\"search_term_string\"}}],\"inLanguage\":\"pt-PT\"},{\"@type\":\"Person\",\"@id\":\"https:\\\/\\\/www.altominho.tv\\\/site\\\/#\\\/schema\\\/person\\\/d9be4265364723f14ea8e0d56a1d38cd\",\"name\":\"Andreia Ferreira\",\"image\":{\"@type\":\"ImageObject\",\"inLanguage\":\"pt-PT\",\"@id\":\"https:\\\/\\\/www.altominho.tv\\\/site\\\/wp-content\\\/uploads\\\/2021\\\/01\\\/AndreiaFerreira-150x150.jpg\",\"url\":\"https:\\\/\\\/www.altominho.tv\\\/site\\\/wp-content\\\/uploads\\\/2021\\\/01\\\/AndreiaFerreira-150x150.jpg\",\"contentUrl\":\"https:\\\/\\\/www.altominho.tv\\\/site\\\/wp-content\\\/uploads\\\/2021\\\/01\\\/AndreiaFerreira-150x150.jpg\",\"caption\":\"Andreia Ferreira\"},\"url\":\"https:\\\/\\\/www.altominho.tv\\\/site\\\/author\\\/andreiaferreira\\\/\"}]}<\/script>\n<!-- \/ Yoast SEO Premium plugin. -->","yoast_head_json":{"title":"GNR recupera imagem de arte sacra roubada h\u00e1 10 anos em Caminha","robots":{"index":"index","follow":"follow","max-snippet":"max-snippet:-1","max-image-preview":"max-image-preview:large","max-video-preview":"max-video-preview:-1"},"canonical":"https:\/\/www.altominho.tv\/site\/2019\/02\/07\/gnr-recupera-imagem-de-arte-sacra-roubada-ha-10-anos-em-caminha\/","og_locale":"pt_PT","og_type":"article","og_title":"GNR recupera imagem de arte sacra roubada h\u00e1 10 anos em Caminha","og_description":"O comando distrital da GNR de Viana do Castelo informou hoje ter recuperado, em Guimar\u00e3es, no distrito de Braga, uma imagem de arte sacra, roubada h\u00e1 dez anos de uma casa em Caminha. Em comunicado, a GNR explicou que &#8220;a investiga\u00e7\u00e3o foi reaberta, recentemente, na sequ\u00eancia de uma den\u00fancia da propriet\u00e1ria da imagem de arte [&hellip;]","og_url":"https:\/\/www.altominho.tv\/site\/2019\/02\/07\/gnr-recupera-imagem-de-arte-sacra-roubada-ha-10-anos-em-caminha\/","og_site_name":"Altominho.tv","article_publisher":"https:\/\/www.facebook.com\/altominhotv","article_published_time":"2019-02-07T17:56:51+00:00","og_image":[{"width":740,"height":493,"url":"https:\/\/www.altominho.tv\/site\/wp-content\/uploads\/2019\/02\/GNR-2-740x493.jpg","type":"image\/jpeg"}],"author":"Andreia Ferreira","twitter_card":"summary_large_image","twitter_creator":"@altominhoTV","twitter_site":"@altominhoTV","twitter_misc":{"Escrito por":"Andreia Ferreira","Tempo estimado de leitura":"1 minuto"},"schema":{"@context":"https:\/\/schema.org","@graph":[{"@type":"Article","@id":"https:\/\/www.altominho.tv\/site\/2019\/02\/07\/gnr-recupera-imagem-de-arte-sacra-roubada-ha-10-anos-em-caminha\/#article","isPartOf":{"@id":"https:\/\/www.altominho.tv\/site\/2019\/02\/07\/gnr-recupera-imagem-de-arte-sacra-roubada-ha-10-anos-em-caminha\/"},"author":{"name":"Andreia Ferreira","@id":"https:\/\/www.altominho.tv\/site\/#\/schema\/person\/d9be4265364723f14ea8e0d56a1d38cd"},"headline":"GNR recupera imagem de arte sacra roubada h\u00e1 10 anos em Caminha","datePublished":"2019-02-07T17:56:51+00:00","mainEntityOfPage":{"@id":"https:\/\/www.altominho.tv\/site\/2019\/02\/07\/gnr-recupera-imagem-de-arte-sacra-roubada-ha-10-anos-em-caminha\/"},"wordCount":208,"image":{"@id":"https:\/\/www.altominho.tv\/site\/2019\/02\/07\/gnr-recupera-imagem-de-arte-sacra-roubada-ha-10-anos-em-caminha\/#primaryimage"},"thumbnailUrl":"https:\/\/www.altominho.tv\/site\/wp-content\/uploads\/2019\/02\/GNR-2-740x493.jpg","keywords":["Sociedade"],"articleSection":["Caminha"],"inLanguage":"pt-PT","copyrightYear":"2019","copyrightHolder":{"@id":"https:\/\/www.altominho.tv\/site\/#organization"}},{"@type":"WebPage","@id":"https:\/\/www.altominho.tv\/site\/2019\/02\/07\/gnr-recupera-imagem-de-arte-sacra-roubada-ha-10-anos-em-caminha\/","url":"https:\/\/www.altominho.tv\/site\/2019\/02\/07\/gnr-recupera-imagem-de-arte-sacra-roubada-ha-10-anos-em-caminha\/","name":"GNR recupera imagem de arte sacra roubada h\u00e1 10 anos em Caminha","isPartOf":{"@id":"https:\/\/www.altominho.tv\/site\/#website"},"primaryImageOfPage":{"@id":"https:\/\/www.altominho.tv\/site\/2019\/02\/07\/gnr-recupera-imagem-de-arte-sacra-roubada-ha-10-anos-em-caminha\/#primaryimage"},"image":{"@id":"https:\/\/www.altominho.tv\/site\/2019\/02\/07\/gnr-recupera-imagem-de-arte-sacra-roubada-ha-10-anos-em-caminha\/#primaryimage"},"thumbnailUrl":"https:\/\/www.altominho.tv\/site\/wp-content\/uploads\/2019\/02\/GNR-2-740x493.jpg","datePublished":"2019-02-07T17:56:51+00:00","author":{"@id":"https:\/\/www.altominho.tv\/site\/#\/schema\/person\/d9be4265364723f14ea8e0d56a1d38cd"},"breadcrumb":{"@id":"https:\/\/www.altominho.tv\/site\/2019\/02\/07\/gnr-recupera-imagem-de-arte-sacra-roubada-ha-10-anos-em-caminha\/#breadcrumb"},"inLanguage":"pt-PT","potentialAction":[{"@type":"ReadAction","target":["https:\/\/www.altominho.tv\/site\/2019\/02\/07\/gnr-recupera-imagem-de-arte-sacra-roubada-ha-10-anos-em-caminha\/"]}]},{"@type":"ImageObject","inLanguage":"pt-PT","@id":"https:\/\/www.altominho.tv\/site\/2019\/02\/07\/gnr-recupera-imagem-de-arte-sacra-roubada-ha-10-anos-em-caminha\/#primaryimage","url":"https:\/\/www.altominho.tv\/site\/wp-content\/uploads\/2019\/02\/GNR-2-740x493.jpg","contentUrl":"https:\/\/www.altominho.tv\/site\/wp-content\/uploads\/2019\/02\/GNR-2-740x493.jpg","width":740,"height":493},{"@type":"BreadcrumbList","@id":"https:\/\/www.altominho.tv\/site\/2019\/02\/07\/gnr-recupera-imagem-de-arte-sacra-roubada-ha-10-anos-em-caminha\/#breadcrumb","itemListElement":[{"@type":"ListItem","position":1,"name":"In\u00edcio","item":"https:\/\/www.altominho.tv\/site\/"},{"@type":"ListItem","position":2,"name":"GNR recupera imagem de arte sacra roubada h\u00e1 10 anos em Caminha"}]},{"@type":"WebSite","@id":"https:\/\/www.altominho.tv\/site\/#website","url":"https:\/\/www.altominho.tv\/site\/","name":"Altominho.tv","description":"A sua regi\u00e3o \u00e0 dist\u00e2ncia de um clique...","potentialAction":[{"@type":"SearchAction","target":{"@type":"EntryPoint","urlTemplate":"https:\/\/www.altominho.tv\/site\/?s={search_term_string}"},"query-input":{"@type":"PropertyValueSpecification","valueRequired":true,"valueName":"search_term_string"}}],"inLanguage":"pt-PT"},{"@type":"Person","@id":"https:\/\/www.altominho.tv\/site\/#\/schema\/person\/d9be4265364723f14ea8e0d56a1d38cd","name":"Andreia Ferreira","image":{"@type":"ImageObject","inLanguage":"pt-PT","@id":"https:\/\/www.altominho.tv\/site\/wp-content\/uploads\/2021\/01\/AndreiaFerreira-150x150.jpg","url":"https:\/\/www.altominho.tv\/site\/wp-content\/uploads\/2021\/01\/AndreiaFerreira-150x150.jpg","contentUrl":"https:\/\/www.altominho.tv\/site\/wp-content\/uploads\/2021\/01\/AndreiaFerreira-150x150.jpg","caption":"Andreia Ferreira"},"url":"https:\/\/www.altominho.tv\/site\/author\/andreiaferreira\/"}]}},"_links":{"self":[{"href":"https:\/\/www.altominho.tv\/site\/wp-json\/wp\/v2\/posts\/23687","targetHints":{"allow":["GET"]}}],"collection":[{"href":"https:\/\/www.altominho.tv\/site\/wp-json\/wp\/v2\/posts"}],"about":[{"href":"https:\/\/www.altominho.tv\/site\/wp-json\/wp\/v2\/types\/post"}],"author":[{"embeddable":true,"href":"https:\/\/www.altominho.tv\/site\/wp-json\/wp\/v2\/users\/12"}],"replies":[{"embeddable":true,"href":"https:\/\/www.altominho.tv\/site\/wp-json\/wp\/v2\/comments?post=23687"}],"version-history":[{"count":0,"href":"https:\/\/www.altominho.tv\/site\/wp-json\/wp\/v2\/posts\/23687\/revisions"}],"wp:featuredmedia":[{"embeddable":true,"href":"https:\/\/www.altominho.tv\/site\/wp-json\/wp\/v2\/media\/23688"}],"wp:attachment":[{"href":"https:\/\/www.altominho.tv\/site\/wp-json\/wp\/v2\/media?parent=23687"}],"wp:term":[{"taxonomy":"category","embeddable":true,"href":"https:\/\/www.altominho.tv\/site\/wp-json\/wp\/v2\/categories?post=23687"},{"taxonomy":"post_tag","embeddable":true,"href":"https:\/\/www.altominho.tv\/site\/wp-json\/wp\/v2\/tags?post=23687"}],"curies":[{"name":"wp","href":"https:\/\/api.w.org\/{rel}","templated":true}]}}