{"id":23666,"date":"2019-02-07T13:41:59","date_gmt":"2019-02-07T13:41:59","guid":{"rendered":"http:\/\/www.altominho.tv\/site\/?p=23666"},"modified":"2019-02-07T13:41:59","modified_gmt":"2019-02-07T13:41:59","slug":"liliana-silva-questiona-governo-sobre-brutal-desinvestimento-previsto-para-o-alto-minho","status":"publish","type":"post","link":"https:\/\/www.altominho.tv\/site\/2019\/02\/07\/liliana-silva-questiona-governo-sobre-brutal-desinvestimento-previsto-para-o-alto-minho\/","title":{"rendered":"Liliana Silva questiona Governo sobre \u201cbrutal desinvestimento\u201d previsto para o Alto Minho"},"content":{"rendered":"<p>A deputada do PSD eleita pelo Alto Minho, Liliana Silva, questionou o Governo sobre o &#8220;brutal desinvestimento&#8221; previsto para o distrito de Viana do Castelo no Plano Nacional de Investimentos (PNI) 2030.<\/p>\n<p>Em comunicado, Liliana Silva, que \u00e9 tamb\u00e9m vereadora do PSD na C\u00e2mara de Caminha, e que no in\u00edcio de janeiro substituiu Lu\u00eds Campos Ferreira no parlamento, adiantou ter interpelado o ministro do Planeamento e das Infraestruturas para manifestar &#8220;preocupa\u00e7\u00e3o&#8221; por &#8220;s\u00f3 estar previsto investir, num per\u00edodo temporal de dez anos, em duas estradas nacionais e na conclus\u00e3o da eletrifica\u00e7\u00e3o da Linha do Minho&#8221;.<\/p>\n<p>Adiantou que a interpela\u00e7\u00e3o ocorreu durante a audi\u00e7\u00e3o regimental, na Comiss\u00e3o da Economia, e garantiu ter sensibilizado Pedro Marques para &#8220;a necessidade de se fazerem mais investimentos vi\u00e1rios em todo o distrito de Viana do Castelo&#8221;.<\/p>\n<p>&#8220;O distrito precisa de muito investimento para competir com outros distritos do pa\u00eds e n\u00e3o de um mero investimento de somente duas estradas nacionais. \u00c9 preciso mais, muito mais para este distrito. N\u00e3o nos contentamos com o pouquinho, queremos tudo aquilo a que temos direito como grande distrito que somos e como pot\u00eancia fronteiri\u00e7a capaz de ser um dos suportes da economia nacional&#8221;, sustentou.<\/p>\n<p>Liliana Silva adianta que &#8220;jamais&#8221; se contentar\u00e1 com um PNI que &#8220;s\u00f3 contemple duas estradas nacionais e uma conclus\u00e3o de obra que j\u00e1 vem do PETI 3+ (2014-2020), no \u00e2mbito da eletrifica\u00e7\u00e3o da Linha do Minho&#8221;.<\/p>\n<p>&#8220;Chega de sermos o parente pouco querido dos governos, que v\u00e3o \u00e0 regi\u00e3o fazer visitas e pedir votos, mas na hora de investir assobiam para o lado e d\u00e3o prioridade ao restante territ\u00f3rio&#8221;, sustentou.<\/p>\n<p>Liliana Silva defendeu a necessidade uma liga\u00e7\u00e3o rodovi\u00e1ria internacional entre o concelho de Caminha, no Alto Minho, e La Guardia, na Galiza, questionando Pedro Marques se &#8220;iria ou n\u00e3o inclu\u00ed-la no PNI que est\u00e1 agora a ser desenhado&#8221;.<\/p>\n<p>&#8220;O concelho de Caminha est\u00e1 a definhar economicamente, por n\u00e3o ter capacidade de atratividade estando, literalmente, enclausurado entre dois concelhos lim\u00edtrofes que t\u00eam por um lado um porto de mar com dimens\u00f5es relevantes e por outro um concelho que tem uma liga\u00e7\u00e3o vi\u00e1ria a Espanha&#8221;, referiu.<\/p>\n<p>Para a deputada, \u201cCaminha n\u00e3o pode continuar a sobreviver s\u00f3 com o turismo essencialmente dos tr\u00eas meses de ver\u00e3o\u201d, sendo um concelho que \u201ctem que ter capacidade e argumentos para atrair e fixar empresas de forma a criar cada vez mais postos de trabalho&#8221;.<\/p>\n<p>Na semana passada, o presidente da C\u00e2mara de Viana do Castelo congratulou-se com inclus\u00e3o, naquele plano, da constru\u00e7\u00e3o da nova liga\u00e7\u00e3o entre o Vale do Neiva e a autoestrada A28, num investimento de 6,3 milh\u00f5es de euros.<\/p>\n<p>A nova via, que se encontra em fase de estudo pr\u00e9vio com uma extens\u00e3o de 5,2 quil\u00f3metros, servida de duas faixas de rodagem, com uma largura de sete metros, est\u00e1 &#8220;identificada&#8221; nas obras que constam da r\u00fabrica do setor dos transportes e mobilidade, no \u00e2mbito do Programa de Valoriza\u00e7\u00e3o das \u00c1reas Empresariais, dotado de uma verba global de 110 milh\u00f5es de euros.<\/p>\n<p>J\u00e1 no subsetor mar\u00edtimo-Portu\u00e1rio, Jos\u00e9 Maria Costa disse estar &#8220;identificado&#8221; o porto de mar de Viana do Castelo, estando previstos investimentos de 90 milh\u00f5es de euros para a reabilita\u00e7\u00e3o do molhe norte do porto, melhoria das condi\u00e7\u00f5es de operacionalidade do porto, dotando-o de equipamentos de movimenta\u00e7\u00e3o de carga e infraestruturas adequadas com vista a melhorar as condi\u00e7\u00f5es de operacionalidade e tamb\u00e9m a cria\u00e7\u00e3o de cais e equipamentos de rece\u00e7\u00e3o de navios e passageiros de cruzeiros com o objetivo de tornar o Porto de Mar Viana do castelo um destino de cruzeiros tur\u00edsticos capaz de atrair mais de 10.000 turistas por ano.<\/p>\n<p>Fonte: Lusa<\/p>\n","protected":false},"excerpt":{"rendered":"<p>A deputada do PSD eleita pelo Alto Minho, Liliana Silva, questionou o Governo sobre o &#8220;brutal desinvestimento&#8221; previsto para o distrito de Viana do Castelo no Plano Nacional de Investimentos (PNI) 2030. Em comunicado, Liliana Silva, que \u00e9 tamb\u00e9m vereadora do PSD na C\u00e2mara de Caminha, e que no in\u00edcio de janeiro substituiu Lu\u00eds Campos [&hellip;]<\/p>\n","protected":false},"author":12,"featured_media":23667,"comment_status":"closed","ping_status":"closed","sticky":false,"template":"","format":"standard","meta":{"_exactmetrics_skip_tracking":false,"_exactmetrics_sitenote_active":false,"_exactmetrics_sitenote_note":"","_exactmetrics_sitenote_category":0,"footnotes":""},"categories":[73],"tags":[21],"class_list":["post-23666","post","type-post","status-publish","format-standard","has-post-thumbnail","hentry","category-alto-minho","tag-economia"],"yoast_head":"<!-- This site is optimized with the Yoast SEO Premium plugin v27.5 (Yoast SEO v27.5) - https:\/\/yoast.com\/product\/yoast-seo-premium-wordpress\/ -->\n<title>Liliana Silva questiona Governo sobre \u201cbrutal desinvestimento\u201d previsto para o Alto Minho<\/title>\n<meta name=\"robots\" content=\"index, follow, max-snippet:-1, max-image-preview:large, max-video-preview:-1\" \/>\n<link rel=\"canonical\" href=\"https:\/\/www.altominho.tv\/site\/2019\/02\/07\/liliana-silva-questiona-governo-sobre-brutal-desinvestimento-previsto-para-o-alto-minho\/\" \/>\n<meta property=\"og:locale\" content=\"pt_PT\" \/>\n<meta property=\"og:type\" content=\"article\" \/>\n<meta property=\"og:title\" content=\"Liliana Silva questiona Governo sobre \u201cbrutal desinvestimento\u201d previsto para o Alto Minho\" \/>\n<meta property=\"og:description\" content=\"A deputada do PSD eleita pelo Alto Minho, Liliana Silva, questionou o Governo sobre o &#8220;brutal desinvestimento&#8221; previsto para o distrito de Viana do Castelo no Plano Nacional de Investimentos (PNI) 2030. Em comunicado, Liliana Silva, que \u00e9 tamb\u00e9m vereadora do PSD na C\u00e2mara de Caminha, e que no in\u00edcio de janeiro substituiu Lu\u00eds Campos [&hellip;]\" \/>\n<meta property=\"og:url\" content=\"https:\/\/www.altominho.tv\/site\/2019\/02\/07\/liliana-silva-questiona-governo-sobre-brutal-desinvestimento-previsto-para-o-alto-minho\/\" \/>\n<meta property=\"og:site_name\" content=\"Altominho.tv\" \/>\n<meta property=\"article:publisher\" content=\"https:\/\/www.facebook.com\/altominhotv\" \/>\n<meta property=\"article:published_time\" content=\"2019-02-07T13:41:59+00:00\" \/>\n<meta property=\"og:image\" content=\"https:\/\/www.altominho.tv\/site\/wp-content\/uploads\/2019\/02\/Liliana-Silva.jpg\" \/>\n\t<meta property=\"og:image:width\" content=\"1203\" \/>\n\t<meta property=\"og:image:height\" content=\"662\" \/>\n\t<meta property=\"og:image:type\" content=\"image\/jpeg\" \/>\n<meta name=\"author\" content=\"Andreia Ferreira\" \/>\n<meta name=\"twitter:card\" content=\"summary_large_image\" \/>\n<meta name=\"twitter:creator\" content=\"@altominhoTV\" \/>\n<meta name=\"twitter:site\" content=\"@altominhoTV\" \/>\n<meta name=\"twitter:label1\" content=\"Escrito por\" \/>\n\t<meta name=\"twitter:data1\" content=\"Andreia Ferreira\" \/>\n\t<meta name=\"twitter:label2\" content=\"Tempo estimado de leitura\" \/>\n\t<meta name=\"twitter:data2\" content=\"3 minutos\" \/>\n<script type=\"application\/ld+json\" class=\"yoast-schema-graph\">{\"@context\":\"https:\\\/\\\/schema.org\",\"@graph\":[{\"@type\":\"Article\",\"@id\":\"https:\\\/\\\/www.altominho.tv\\\/site\\\/2019\\\/02\\\/07\\\/liliana-silva-questiona-governo-sobre-brutal-desinvestimento-previsto-para-o-alto-minho\\\/#article\",\"isPartOf\":{\"@id\":\"https:\\\/\\\/www.altominho.tv\\\/site\\\/2019\\\/02\\\/07\\\/liliana-silva-questiona-governo-sobre-brutal-desinvestimento-previsto-para-o-alto-minho\\\/\"},\"author\":{\"name\":\"Andreia Ferreira\",\"@id\":\"https:\\\/\\\/www.altominho.tv\\\/site\\\/#\\\/schema\\\/person\\\/d9be4265364723f14ea8e0d56a1d38cd\"},\"headline\":\"Liliana Silva questiona Governo sobre \u201cbrutal desinvestimento\u201d previsto para o Alto Minho\",\"datePublished\":\"2019-02-07T13:41:59+00:00\",\"mainEntityOfPage\":{\"@id\":\"https:\\\/\\\/www.altominho.tv\\\/site\\\/2019\\\/02\\\/07\\\/liliana-silva-questiona-governo-sobre-brutal-desinvestimento-previsto-para-o-alto-minho\\\/\"},\"wordCount\":655,\"image\":{\"@id\":\"https:\\\/\\\/www.altominho.tv\\\/site\\\/2019\\\/02\\\/07\\\/liliana-silva-questiona-governo-sobre-brutal-desinvestimento-previsto-para-o-alto-minho\\\/#primaryimage\"},\"thumbnailUrl\":\"https:\\\/\\\/www.altominho.tv\\\/site\\\/wp-content\\\/uploads\\\/2019\\\/02\\\/Liliana-Silva.jpg\",\"keywords\":[\"Economia\"],\"articleSection\":[\"Alto Minho\"],\"inLanguage\":\"pt-PT\",\"copyrightYear\":\"2019\",\"copyrightHolder\":{\"@id\":\"https:\\\/\\\/www.altominho.tv\\\/site\\\/#organization\"}},{\"@type\":\"WebPage\",\"@id\":\"https:\\\/\\\/www.altominho.tv\\\/site\\\/2019\\\/02\\\/07\\\/liliana-silva-questiona-governo-sobre-brutal-desinvestimento-previsto-para-o-alto-minho\\\/\",\"url\":\"https:\\\/\\\/www.altominho.tv\\\/site\\\/2019\\\/02\\\/07\\\/liliana-silva-questiona-governo-sobre-brutal-desinvestimento-previsto-para-o-alto-minho\\\/\",\"name\":\"Liliana Silva questiona Governo sobre \u201cbrutal desinvestimento\u201d previsto para o Alto Minho\",\"isPartOf\":{\"@id\":\"https:\\\/\\\/www.altominho.tv\\\/site\\\/#website\"},\"primaryImageOfPage\":{\"@id\":\"https:\\\/\\\/www.altominho.tv\\\/site\\\/2019\\\/02\\\/07\\\/liliana-silva-questiona-governo-sobre-brutal-desinvestimento-previsto-para-o-alto-minho\\\/#primaryimage\"},\"image\":{\"@id\":\"https:\\\/\\\/www.altominho.tv\\\/site\\\/2019\\\/02\\\/07\\\/liliana-silva-questiona-governo-sobre-brutal-desinvestimento-previsto-para-o-alto-minho\\\/#primaryimage\"},\"thumbnailUrl\":\"https:\\\/\\\/www.altominho.tv\\\/site\\\/wp-content\\\/uploads\\\/2019\\\/02\\\/Liliana-Silva.jpg\",\"datePublished\":\"2019-02-07T13:41:59+00:00\",\"author\":{\"@id\":\"https:\\\/\\\/www.altominho.tv\\\/site\\\/#\\\/schema\\\/person\\\/d9be4265364723f14ea8e0d56a1d38cd\"},\"breadcrumb\":{\"@id\":\"https:\\\/\\\/www.altominho.tv\\\/site\\\/2019\\\/02\\\/07\\\/liliana-silva-questiona-governo-sobre-brutal-desinvestimento-previsto-para-o-alto-minho\\\/#breadcrumb\"},\"inLanguage\":\"pt-PT\",\"potentialAction\":[{\"@type\":\"ReadAction\",\"target\":[\"https:\\\/\\\/www.altominho.tv\\\/site\\\/2019\\\/02\\\/07\\\/liliana-silva-questiona-governo-sobre-brutal-desinvestimento-previsto-para-o-alto-minho\\\/\"]}]},{\"@type\":\"ImageObject\",\"inLanguage\":\"pt-PT\",\"@id\":\"https:\\\/\\\/www.altominho.tv\\\/site\\\/2019\\\/02\\\/07\\\/liliana-silva-questiona-governo-sobre-brutal-desinvestimento-previsto-para-o-alto-minho\\\/#primaryimage\",\"url\":\"https:\\\/\\\/www.altominho.tv\\\/site\\\/wp-content\\\/uploads\\\/2019\\\/02\\\/Liliana-Silva.jpg\",\"contentUrl\":\"https:\\\/\\\/www.altominho.tv\\\/site\\\/wp-content\\\/uploads\\\/2019\\\/02\\\/Liliana-Silva.jpg\",\"width\":1203,\"height\":662},{\"@type\":\"BreadcrumbList\",\"@id\":\"https:\\\/\\\/www.altominho.tv\\\/site\\\/2019\\\/02\\\/07\\\/liliana-silva-questiona-governo-sobre-brutal-desinvestimento-previsto-para-o-alto-minho\\\/#breadcrumb\",\"itemListElement\":[{\"@type\":\"ListItem\",\"position\":1,\"name\":\"In\u00edcio\",\"item\":\"https:\\\/\\\/www.altominho.tv\\\/site\\\/\"},{\"@type\":\"ListItem\",\"position\":2,\"name\":\"Liliana Silva questiona Governo sobre \u201cbrutal desinvestimento\u201d previsto para o Alto Minho\"}]},{\"@type\":\"WebSite\",\"@id\":\"https:\\\/\\\/www.altominho.tv\\\/site\\\/#website\",\"url\":\"https:\\\/\\\/www.altominho.tv\\\/site\\\/\",\"name\":\"Altominho.tv\",\"description\":\"A sua regi\u00e3o \u00e0 dist\u00e2ncia de um clique...\",\"potentialAction\":[{\"@type\":\"SearchAction\",\"target\":{\"@type\":\"EntryPoint\",\"urlTemplate\":\"https:\\\/\\\/www.altominho.tv\\\/site\\\/?s={search_term_string}\"},\"query-input\":{\"@type\":\"PropertyValueSpecification\",\"valueRequired\":true,\"valueName\":\"search_term_string\"}}],\"inLanguage\":\"pt-PT\"},{\"@type\":\"Person\",\"@id\":\"https:\\\/\\\/www.altominho.tv\\\/site\\\/#\\\/schema\\\/person\\\/d9be4265364723f14ea8e0d56a1d38cd\",\"name\":\"Andreia Ferreira\",\"image\":{\"@type\":\"ImageObject\",\"inLanguage\":\"pt-PT\",\"@id\":\"https:\\\/\\\/www.altominho.tv\\\/site\\\/wp-content\\\/uploads\\\/2021\\\/01\\\/AndreiaFerreira-150x150.jpg\",\"url\":\"https:\\\/\\\/www.altominho.tv\\\/site\\\/wp-content\\\/uploads\\\/2021\\\/01\\\/AndreiaFerreira-150x150.jpg\",\"contentUrl\":\"https:\\\/\\\/www.altominho.tv\\\/site\\\/wp-content\\\/uploads\\\/2021\\\/01\\\/AndreiaFerreira-150x150.jpg\",\"caption\":\"Andreia Ferreira\"},\"url\":\"https:\\\/\\\/www.altominho.tv\\\/site\\\/author\\\/andreiaferreira\\\/\"}]}<\/script>\n<!-- \/ Yoast SEO Premium plugin. -->","yoast_head_json":{"title":"Liliana Silva questiona Governo sobre \u201cbrutal desinvestimento\u201d previsto para o Alto Minho","robots":{"index":"index","follow":"follow","max-snippet":"max-snippet:-1","max-image-preview":"max-image-preview:large","max-video-preview":"max-video-preview:-1"},"canonical":"https:\/\/www.altominho.tv\/site\/2019\/02\/07\/liliana-silva-questiona-governo-sobre-brutal-desinvestimento-previsto-para-o-alto-minho\/","og_locale":"pt_PT","og_type":"article","og_title":"Liliana Silva questiona Governo sobre \u201cbrutal desinvestimento\u201d previsto para o Alto Minho","og_description":"A deputada do PSD eleita pelo Alto Minho, Liliana Silva, questionou o Governo sobre o &#8220;brutal desinvestimento&#8221; previsto para o distrito de Viana do Castelo no Plano Nacional de Investimentos (PNI) 2030. Em comunicado, Liliana Silva, que \u00e9 tamb\u00e9m vereadora do PSD na C\u00e2mara de Caminha, e que no in\u00edcio de janeiro substituiu Lu\u00eds Campos [&hellip;]","og_url":"https:\/\/www.altominho.tv\/site\/2019\/02\/07\/liliana-silva-questiona-governo-sobre-brutal-desinvestimento-previsto-para-o-alto-minho\/","og_site_name":"Altominho.tv","article_publisher":"https:\/\/www.facebook.com\/altominhotv","article_published_time":"2019-02-07T13:41:59+00:00","og_image":[{"width":1203,"height":662,"url":"https:\/\/www.altominho.tv\/site\/wp-content\/uploads\/2019\/02\/Liliana-Silva.jpg","type":"image\/jpeg"}],"author":"Andreia Ferreira","twitter_card":"summary_large_image","twitter_creator":"@altominhoTV","twitter_site":"@altominhoTV","twitter_misc":{"Escrito por":"Andreia Ferreira","Tempo estimado de leitura":"3 minutos"},"schema":{"@context":"https:\/\/schema.org","@graph":[{"@type":"Article","@id":"https:\/\/www.altominho.tv\/site\/2019\/02\/07\/liliana-silva-questiona-governo-sobre-brutal-desinvestimento-previsto-para-o-alto-minho\/#article","isPartOf":{"@id":"https:\/\/www.altominho.tv\/site\/2019\/02\/07\/liliana-silva-questiona-governo-sobre-brutal-desinvestimento-previsto-para-o-alto-minho\/"},"author":{"name":"Andreia Ferreira","@id":"https:\/\/www.altominho.tv\/site\/#\/schema\/person\/d9be4265364723f14ea8e0d56a1d38cd"},"headline":"Liliana Silva questiona Governo sobre \u201cbrutal desinvestimento\u201d previsto para o Alto Minho","datePublished":"2019-02-07T13:41:59+00:00","mainEntityOfPage":{"@id":"https:\/\/www.altominho.tv\/site\/2019\/02\/07\/liliana-silva-questiona-governo-sobre-brutal-desinvestimento-previsto-para-o-alto-minho\/"},"wordCount":655,"image":{"@id":"https:\/\/www.altominho.tv\/site\/2019\/02\/07\/liliana-silva-questiona-governo-sobre-brutal-desinvestimento-previsto-para-o-alto-minho\/#primaryimage"},"thumbnailUrl":"https:\/\/www.altominho.tv\/site\/wp-content\/uploads\/2019\/02\/Liliana-Silva.jpg","keywords":["Economia"],"articleSection":["Alto Minho"],"inLanguage":"pt-PT","copyrightYear":"2019","copyrightHolder":{"@id":"https:\/\/www.altominho.tv\/site\/#organization"}},{"@type":"WebPage","@id":"https:\/\/www.altominho.tv\/site\/2019\/02\/07\/liliana-silva-questiona-governo-sobre-brutal-desinvestimento-previsto-para-o-alto-minho\/","url":"https:\/\/www.altominho.tv\/site\/2019\/02\/07\/liliana-silva-questiona-governo-sobre-brutal-desinvestimento-previsto-para-o-alto-minho\/","name":"Liliana Silva questiona Governo sobre \u201cbrutal desinvestimento\u201d previsto para o Alto Minho","isPartOf":{"@id":"https:\/\/www.altominho.tv\/site\/#website"},"primaryImageOfPage":{"@id":"https:\/\/www.altominho.tv\/site\/2019\/02\/07\/liliana-silva-questiona-governo-sobre-brutal-desinvestimento-previsto-para-o-alto-minho\/#primaryimage"},"image":{"@id":"https:\/\/www.altominho.tv\/site\/2019\/02\/07\/liliana-silva-questiona-governo-sobre-brutal-desinvestimento-previsto-para-o-alto-minho\/#primaryimage"},"thumbnailUrl":"https:\/\/www.altominho.tv\/site\/wp-content\/uploads\/2019\/02\/Liliana-Silva.jpg","datePublished":"2019-02-07T13:41:59+00:00","author":{"@id":"https:\/\/www.altominho.tv\/site\/#\/schema\/person\/d9be4265364723f14ea8e0d56a1d38cd"},"breadcrumb":{"@id":"https:\/\/www.altominho.tv\/site\/2019\/02\/07\/liliana-silva-questiona-governo-sobre-brutal-desinvestimento-previsto-para-o-alto-minho\/#breadcrumb"},"inLanguage":"pt-PT","potentialAction":[{"@type":"ReadAction","target":["https:\/\/www.altominho.tv\/site\/2019\/02\/07\/liliana-silva-questiona-governo-sobre-brutal-desinvestimento-previsto-para-o-alto-minho\/"]}]},{"@type":"ImageObject","inLanguage":"pt-PT","@id":"https:\/\/www.altominho.tv\/site\/2019\/02\/07\/liliana-silva-questiona-governo-sobre-brutal-desinvestimento-previsto-para-o-alto-minho\/#primaryimage","url":"https:\/\/www.altominho.tv\/site\/wp-content\/uploads\/2019\/02\/Liliana-Silva.jpg","contentUrl":"https:\/\/www.altominho.tv\/site\/wp-content\/uploads\/2019\/02\/Liliana-Silva.jpg","width":1203,"height":662},{"@type":"BreadcrumbList","@id":"https:\/\/www.altominho.tv\/site\/2019\/02\/07\/liliana-silva-questiona-governo-sobre-brutal-desinvestimento-previsto-para-o-alto-minho\/#breadcrumb","itemListElement":[{"@type":"ListItem","position":1,"name":"In\u00edcio","item":"https:\/\/www.altominho.tv\/site\/"},{"@type":"ListItem","position":2,"name":"Liliana Silva questiona Governo sobre \u201cbrutal desinvestimento\u201d previsto para o Alto Minho"}]},{"@type":"WebSite","@id":"https:\/\/www.altominho.tv\/site\/#website","url":"https:\/\/www.altominho.tv\/site\/","name":"Altominho.tv","description":"A sua regi\u00e3o \u00e0 dist\u00e2ncia de um clique...","potentialAction":[{"@type":"SearchAction","target":{"@type":"EntryPoint","urlTemplate":"https:\/\/www.altominho.tv\/site\/?s={search_term_string}"},"query-input":{"@type":"PropertyValueSpecification","valueRequired":true,"valueName":"search_term_string"}}],"inLanguage":"pt-PT"},{"@type":"Person","@id":"https:\/\/www.altominho.tv\/site\/#\/schema\/person\/d9be4265364723f14ea8e0d56a1d38cd","name":"Andreia Ferreira","image":{"@type":"ImageObject","inLanguage":"pt-PT","@id":"https:\/\/www.altominho.tv\/site\/wp-content\/uploads\/2021\/01\/AndreiaFerreira-150x150.jpg","url":"https:\/\/www.altominho.tv\/site\/wp-content\/uploads\/2021\/01\/AndreiaFerreira-150x150.jpg","contentUrl":"https:\/\/www.altominho.tv\/site\/wp-content\/uploads\/2021\/01\/AndreiaFerreira-150x150.jpg","caption":"Andreia Ferreira"},"url":"https:\/\/www.altominho.tv\/site\/author\/andreiaferreira\/"}]}},"_links":{"self":[{"href":"https:\/\/www.altominho.tv\/site\/wp-json\/wp\/v2\/posts\/23666","targetHints":{"allow":["GET"]}}],"collection":[{"href":"https:\/\/www.altominho.tv\/site\/wp-json\/wp\/v2\/posts"}],"about":[{"href":"https:\/\/www.altominho.tv\/site\/wp-json\/wp\/v2\/types\/post"}],"author":[{"embeddable":true,"href":"https:\/\/www.altominho.tv\/site\/wp-json\/wp\/v2\/users\/12"}],"replies":[{"embeddable":true,"href":"https:\/\/www.altominho.tv\/site\/wp-json\/wp\/v2\/comments?post=23666"}],"version-history":[{"count":0,"href":"https:\/\/www.altominho.tv\/site\/wp-json\/wp\/v2\/posts\/23666\/revisions"}],"wp:featuredmedia":[{"embeddable":true,"href":"https:\/\/www.altominho.tv\/site\/wp-json\/wp\/v2\/media\/23667"}],"wp:attachment":[{"href":"https:\/\/www.altominho.tv\/site\/wp-json\/wp\/v2\/media?parent=23666"}],"wp:term":[{"taxonomy":"category","embeddable":true,"href":"https:\/\/www.altominho.tv\/site\/wp-json\/wp\/v2\/categories?post=23666"},{"taxonomy":"post_tag","embeddable":true,"href":"https:\/\/www.altominho.tv\/site\/wp-json\/wp\/v2\/tags?post=23666"}],"curies":[{"name":"wp","href":"https:\/\/api.w.org\/{rel}","templated":true}]}}