{"id":23652,"date":"2019-02-07T12:53:28","date_gmt":"2019-02-07T12:53:28","guid":{"rendered":"http:\/\/www.altominho.tv\/site\/?p=23652"},"modified":"2019-02-07T12:53:28","modified_gmt":"2019-02-07T12:53:28","slug":"obras-de-continuacao-da-ciclovia-da-frente-ribeirinha-de-viana-ja-comecaram","status":"publish","type":"post","link":"https:\/\/www.altominho.tv\/site\/2019\/02\/07\/obras-de-continuacao-da-ciclovia-da-frente-ribeirinha-de-viana-ja-comecaram\/","title":{"rendered":"Obras de continua\u00e7\u00e3o da ciclovia da frente ribeirinha de Viana j\u00e1 come\u00e7aram"},"content":{"rendered":"<p>A C\u00e2mara de Viana do Castelo iniciou a empreitada de continua\u00e7\u00e3o do tro\u00e7o da ciclovia de frente ribeirinha poente, entre o centro cultural e o centro de vela da cidade.<\/p>\n<p>Em comunicado, a autarquia explicou que a obra integra tamb\u00e9m a amplia\u00e7\u00e3o da escadaria ribeirinha em toda a extens\u00e3o, junto ao navio-museu Gil Eannes.<\/p>\n<p>A empreitada integra o Plano Estrat\u00e9gico de Desenvolvimento Urbano (PEDU) que prev\u00ea, at\u00e9 2020, um investimento de 20 milh\u00f5es de euros em 30 diferentes projetos, cuja interven\u00e7\u00e3o est\u00e1 focada nas sete \u00c1reas de Reabilita\u00e7\u00e3o Urbana (ARU) da cidade.<\/p>\n","protected":false},"excerpt":{"rendered":"<p>A C\u00e2mara de Viana do Castelo iniciou a empreitada de continua\u00e7\u00e3o do tro\u00e7o da ciclovia de frente ribeirinha poente, entre o centro cultural e o centro de vela da cidade. Em comunicado, a autarquia explicou que a obra integra tamb\u00e9m a amplia\u00e7\u00e3o da escadaria ribeirinha em toda a extens\u00e3o, junto ao navio-museu Gil Eannes. A [&hellip;]<\/p>\n","protected":false},"author":12,"featured_media":23653,"comment_status":"closed","ping_status":"closed","sticky":false,"template":"","format":"standard","meta":{"_exactmetrics_skip_tracking":false,"footnotes":""},"categories":[14],"tags":[27],"class_list":["post-23652","post","type-post","status-publish","format-standard","has-post-thumbnail","hentry","category-viana-do-castelo","tag-sociedade"],"yoast_head":"<!-- This site is optimized with the Yoast SEO Premium plugin v28.3 (Yoast SEO v28.3) - https:\/\/yoast.com\/product\/yoast-seo-premium-wordpress\/ -->\n<title>Obras de continua\u00e7\u00e3o da ciclovia da frente ribeirinha de Viana j\u00e1 come\u00e7aram<\/title>\n<meta name=\"robots\" content=\"index, follow, max-snippet:-1, max-image-preview:large, max-video-preview:-1\" \/>\n<link rel=\"canonical\" href=\"https:\/\/www.altominho.tv\/site\/2019\/02\/07\/obras-de-continuacao-da-ciclovia-da-frente-ribeirinha-de-viana-ja-comecaram\/\" \/>\n<meta property=\"og:locale\" content=\"pt_PT\" \/>\n<meta property=\"og:type\" content=\"article\" \/>\n<meta property=\"og:title\" content=\"Obras de continua\u00e7\u00e3o da ciclovia da frente ribeirinha de Viana j\u00e1 come\u00e7aram\" \/>\n<meta property=\"og:description\" content=\"A C\u00e2mara de Viana do Castelo iniciou a empreitada de continua\u00e7\u00e3o do tro\u00e7o da ciclovia de frente ribeirinha poente, entre o centro cultural e o centro de vela da cidade. Em comunicado, a autarquia explicou que a obra integra tamb\u00e9m a amplia\u00e7\u00e3o da escadaria ribeirinha em toda a extens\u00e3o, junto ao navio-museu Gil Eannes. A [&hellip;]\" \/>\n<meta property=\"og:url\" content=\"https:\/\/www.altominho.tv\/site\/2019\/02\/07\/obras-de-continuacao-da-ciclovia-da-frente-ribeirinha-de-viana-ja-comecaram\/\" \/>\n<meta property=\"og:site_name\" content=\"Altominho.tv\" \/>\n<meta property=\"article:publisher\" content=\"https:\/\/www.facebook.com\/altominhotv\" \/>\n<meta property=\"article:published_time\" content=\"2019-02-07T12:53:28+00:00\" \/>\n<meta property=\"og:image\" content=\"https:\/\/www.altominho.tv\/site\/wp-content\/uploads\/2019\/02\/ciclovia_1_.jpg\" \/>\n\t<meta property=\"og:image:width\" content=\"1024\" \/>\n\t<meta property=\"og:image:height\" content=\"683\" \/>\n\t<meta property=\"og:image:type\" content=\"image\/jpeg\" \/>\n<meta name=\"author\" content=\"Andreia Ferreira\" \/>\n<meta name=\"twitter:card\" content=\"summary_large_image\" \/>\n<meta name=\"twitter:creator\" content=\"@altominhoTV\" \/>\n<meta name=\"twitter:site\" content=\"@altominhoTV\" \/>\n<meta name=\"twitter:label1\" content=\"Escrito por\" \/>\n\t<meta name=\"twitter:data1\" content=\"Andreia Ferreira\" \/>\n<script type=\"application\/ld+json\" class=\"yoast-schema-graph\">{\"@context\":\"https:\\\/\\\/schema.org\",\"@graph\":[{\"@type\":\"Article\",\"@id\":\"https:\\\/\\\/www.altominho.tv\\\/site\\\/2019\\\/02\\\/07\\\/obras-de-continuacao-da-ciclovia-da-frente-ribeirinha-de-viana-ja-comecaram\\\/#article\",\"isPartOf\":{\"@id\":\"https:\\\/\\\/www.altominho.tv\\\/site\\\/2019\\\/02\\\/07\\\/obras-de-continuacao-da-ciclovia-da-frente-ribeirinha-de-viana-ja-comecaram\\\/\"},\"author\":{\"name\":\"Andreia Ferreira\",\"@id\":\"https:\\\/\\\/www.altominho.tv\\\/site\\\/#\\\/schema\\\/person\\\/d9be4265364723f14ea8e0d56a1d38cd\"},\"headline\":\"Obras de continua\u00e7\u00e3o da ciclovia da frente ribeirinha de Viana j\u00e1 come\u00e7aram\",\"datePublished\":\"2019-02-07T12:53:28+00:00\",\"mainEntityOfPage\":{\"@id\":\"https:\\\/\\\/www.altominho.tv\\\/site\\\/2019\\\/02\\\/07\\\/obras-de-continuacao-da-ciclovia-da-frente-ribeirinha-de-viana-ja-comecaram\\\/\"},\"wordCount\":113,\"image\":{\"@id\":\"https:\\\/\\\/www.altominho.tv\\\/site\\\/2019\\\/02\\\/07\\\/obras-de-continuacao-da-ciclovia-da-frente-ribeirinha-de-viana-ja-comecaram\\\/#primaryimage\"},\"thumbnailUrl\":\"https:\\\/\\\/www.altominho.tv\\\/site\\\/wp-content\\\/uploads\\\/2019\\\/02\\\/ciclovia_1_.jpg\",\"keywords\":[\"Sociedade\"],\"articleSection\":[\"Viana do Castelo\"],\"inLanguage\":\"pt-PT\",\"copyrightYear\":\"2019\",\"copyrightHolder\":{\"@id\":\"https:\\\/\\\/www.altominho.tv\\\/site\\\/#organization\"}},{\"@type\":\"WebPage\",\"@id\":\"https:\\\/\\\/www.altominho.tv\\\/site\\\/2019\\\/02\\\/07\\\/obras-de-continuacao-da-ciclovia-da-frente-ribeirinha-de-viana-ja-comecaram\\\/\",\"url\":\"https:\\\/\\\/www.altominho.tv\\\/site\\\/2019\\\/02\\\/07\\\/obras-de-continuacao-da-ciclovia-da-frente-ribeirinha-de-viana-ja-comecaram\\\/\",\"name\":\"Obras de continua\u00e7\u00e3o da ciclovia da frente ribeirinha de Viana j\u00e1 come\u00e7aram\",\"isPartOf\":{\"@id\":\"https:\\\/\\\/www.altominho.tv\\\/site\\\/#website\"},\"primaryImageOfPage\":{\"@id\":\"https:\\\/\\\/www.altominho.tv\\\/site\\\/2019\\\/02\\\/07\\\/obras-de-continuacao-da-ciclovia-da-frente-ribeirinha-de-viana-ja-comecaram\\\/#primaryimage\"},\"image\":{\"@id\":\"https:\\\/\\\/www.altominho.tv\\\/site\\\/2019\\\/02\\\/07\\\/obras-de-continuacao-da-ciclovia-da-frente-ribeirinha-de-viana-ja-comecaram\\\/#primaryimage\"},\"thumbnailUrl\":\"https:\\\/\\\/www.altominho.tv\\\/site\\\/wp-content\\\/uploads\\\/2019\\\/02\\\/ciclovia_1_.jpg\",\"datePublished\":\"2019-02-07T12:53:28+00:00\",\"author\":{\"@id\":\"https:\\\/\\\/www.altominho.tv\\\/site\\\/#\\\/schema\\\/person\\\/d9be4265364723f14ea8e0d56a1d38cd\"},\"breadcrumb\":{\"@id\":\"https:\\\/\\\/www.altominho.tv\\\/site\\\/2019\\\/02\\\/07\\\/obras-de-continuacao-da-ciclovia-da-frente-ribeirinha-de-viana-ja-comecaram\\\/#breadcrumb\"},\"inLanguage\":\"pt-PT\",\"potentialAction\":[{\"@type\":\"ReadAction\",\"target\":[\"https:\\\/\\\/www.altominho.tv\\\/site\\\/2019\\\/02\\\/07\\\/obras-de-continuacao-da-ciclovia-da-frente-ribeirinha-de-viana-ja-comecaram\\\/\"]}]},{\"@type\":\"ImageObject\",\"inLanguage\":\"pt-PT\",\"@id\":\"https:\\\/\\\/www.altominho.tv\\\/site\\\/2019\\\/02\\\/07\\\/obras-de-continuacao-da-ciclovia-da-frente-ribeirinha-de-viana-ja-comecaram\\\/#primaryimage\",\"url\":\"https:\\\/\\\/www.altominho.tv\\\/site\\\/wp-content\\\/uploads\\\/2019\\\/02\\\/ciclovia_1_.jpg\",\"contentUrl\":\"https:\\\/\\\/www.altominho.tv\\\/site\\\/wp-content\\\/uploads\\\/2019\\\/02\\\/ciclovia_1_.jpg\",\"width\":1024,\"height\":683},{\"@type\":\"BreadcrumbList\",\"@id\":\"https:\\\/\\\/www.altominho.tv\\\/site\\\/2019\\\/02\\\/07\\\/obras-de-continuacao-da-ciclovia-da-frente-ribeirinha-de-viana-ja-comecaram\\\/#breadcrumb\",\"itemListElement\":[{\"@type\":\"ListItem\",\"position\":1,\"name\":\"In\u00edcio\",\"item\":\"https:\\\/\\\/www.altominho.tv\\\/site\\\/\"},{\"@type\":\"ListItem\",\"position\":2,\"name\":\"Obras de continua\u00e7\u00e3o da ciclovia da frente ribeirinha de Viana j\u00e1 come\u00e7aram\"}]},{\"@type\":\"WebSite\",\"@id\":\"https:\\\/\\\/www.altominho.tv\\\/site\\\/#website\",\"url\":\"https:\\\/\\\/www.altominho.tv\\\/site\\\/\",\"name\":\"Altominho.tv\",\"description\":\"A sua regi\u00e3o \u00e0 dist\u00e2ncia de um clique...\",\"potentialAction\":[{\"@type\":\"SearchAction\",\"target\":{\"@type\":\"EntryPoint\",\"urlTemplate\":\"https:\\\/\\\/www.altominho.tv\\\/site\\\/?s={search_term_string}\"},\"query-input\":{\"@type\":\"PropertyValueSpecification\",\"valueRequired\":true,\"valueName\":\"search_term_string\"}}],\"inLanguage\":\"pt-PT\"},{\"@type\":\"Person\",\"@id\":\"https:\\\/\\\/www.altominho.tv\\\/site\\\/#\\\/schema\\\/person\\\/d9be4265364723f14ea8e0d56a1d38cd\",\"name\":\"Andreia Ferreira\",\"image\":{\"@type\":\"ImageObject\",\"inLanguage\":\"pt-PT\",\"@id\":\"https:\\\/\\\/www.altominho.tv\\\/site\\\/wp-content\\\/uploads\\\/2021\\\/01\\\/AndreiaFerreira-150x150.jpg\",\"url\":\"https:\\\/\\\/www.altominho.tv\\\/site\\\/wp-content\\\/uploads\\\/2021\\\/01\\\/AndreiaFerreira-150x150.jpg\",\"contentUrl\":\"https:\\\/\\\/www.altominho.tv\\\/site\\\/wp-content\\\/uploads\\\/2021\\\/01\\\/AndreiaFerreira-150x150.jpg\",\"caption\":\"Andreia Ferreira\"},\"url\":\"https:\\\/\\\/www.altominho.tv\\\/site\\\/author\\\/andreiaferreira\\\/\"}]}<\/script>\n<!-- \/ Yoast SEO Premium plugin. -->","yoast_head_json":{"title":"Obras de continua\u00e7\u00e3o da ciclovia da frente ribeirinha de Viana j\u00e1 come\u00e7aram","robots":{"index":"index","follow":"follow","max-snippet":"max-snippet:-1","max-image-preview":"max-image-preview:large","max-video-preview":"max-video-preview:-1"},"canonical":"https:\/\/www.altominho.tv\/site\/2019\/02\/07\/obras-de-continuacao-da-ciclovia-da-frente-ribeirinha-de-viana-ja-comecaram\/","og_locale":"pt_PT","og_type":"article","og_title":"Obras de continua\u00e7\u00e3o da ciclovia da frente ribeirinha de Viana j\u00e1 come\u00e7aram","og_description":"A C\u00e2mara de Viana do Castelo iniciou a empreitada de continua\u00e7\u00e3o do tro\u00e7o da ciclovia de frente ribeirinha poente, entre o centro cultural e o centro de vela da cidade. Em comunicado, a autarquia explicou que a obra integra tamb\u00e9m a amplia\u00e7\u00e3o da escadaria ribeirinha em toda a extens\u00e3o, junto ao navio-museu Gil Eannes. A [&hellip;]","og_url":"https:\/\/www.altominho.tv\/site\/2019\/02\/07\/obras-de-continuacao-da-ciclovia-da-frente-ribeirinha-de-viana-ja-comecaram\/","og_site_name":"Altominho.tv","article_publisher":"https:\/\/www.facebook.com\/altominhotv","article_published_time":"2019-02-07T12:53:28+00:00","og_image":[{"width":1024,"height":683,"url":"https:\/\/www.altominho.tv\/site\/wp-content\/uploads\/2019\/02\/ciclovia_1_.jpg","type":"image\/jpeg"}],"author":"Andreia Ferreira","twitter_card":"summary_large_image","twitter_creator":"@altominhoTV","twitter_site":"@altominhoTV","twitter_misc":{"Escrito por":"Andreia Ferreira"},"schema":{"@context":"https:\/\/schema.org","@graph":[{"@type":"Article","@id":"https:\/\/www.altominho.tv\/site\/2019\/02\/07\/obras-de-continuacao-da-ciclovia-da-frente-ribeirinha-de-viana-ja-comecaram\/#article","isPartOf":{"@id":"https:\/\/www.altominho.tv\/site\/2019\/02\/07\/obras-de-continuacao-da-ciclovia-da-frente-ribeirinha-de-viana-ja-comecaram\/"},"author":{"name":"Andreia Ferreira","@id":"https:\/\/www.altominho.tv\/site\/#\/schema\/person\/d9be4265364723f14ea8e0d56a1d38cd"},"headline":"Obras de continua\u00e7\u00e3o da ciclovia da frente ribeirinha de Viana j\u00e1 come\u00e7aram","datePublished":"2019-02-07T12:53:28+00:00","mainEntityOfPage":{"@id":"https:\/\/www.altominho.tv\/site\/2019\/02\/07\/obras-de-continuacao-da-ciclovia-da-frente-ribeirinha-de-viana-ja-comecaram\/"},"wordCount":113,"image":{"@id":"https:\/\/www.altominho.tv\/site\/2019\/02\/07\/obras-de-continuacao-da-ciclovia-da-frente-ribeirinha-de-viana-ja-comecaram\/#primaryimage"},"thumbnailUrl":"https:\/\/www.altominho.tv\/site\/wp-content\/uploads\/2019\/02\/ciclovia_1_.jpg","keywords":["Sociedade"],"articleSection":["Viana do Castelo"],"inLanguage":"pt-PT","copyrightYear":"2019","copyrightHolder":{"@id":"https:\/\/www.altominho.tv\/site\/#organization"}},{"@type":"WebPage","@id":"https:\/\/www.altominho.tv\/site\/2019\/02\/07\/obras-de-continuacao-da-ciclovia-da-frente-ribeirinha-de-viana-ja-comecaram\/","url":"https:\/\/www.altominho.tv\/site\/2019\/02\/07\/obras-de-continuacao-da-ciclovia-da-frente-ribeirinha-de-viana-ja-comecaram\/","name":"Obras de continua\u00e7\u00e3o da ciclovia da frente ribeirinha de Viana j\u00e1 come\u00e7aram","isPartOf":{"@id":"https:\/\/www.altominho.tv\/site\/#website"},"primaryImageOfPage":{"@id":"https:\/\/www.altominho.tv\/site\/2019\/02\/07\/obras-de-continuacao-da-ciclovia-da-frente-ribeirinha-de-viana-ja-comecaram\/#primaryimage"},"image":{"@id":"https:\/\/www.altominho.tv\/site\/2019\/02\/07\/obras-de-continuacao-da-ciclovia-da-frente-ribeirinha-de-viana-ja-comecaram\/#primaryimage"},"thumbnailUrl":"https:\/\/www.altominho.tv\/site\/wp-content\/uploads\/2019\/02\/ciclovia_1_.jpg","datePublished":"2019-02-07T12:53:28+00:00","author":{"@id":"https:\/\/www.altominho.tv\/site\/#\/schema\/person\/d9be4265364723f14ea8e0d56a1d38cd"},"breadcrumb":{"@id":"https:\/\/www.altominho.tv\/site\/2019\/02\/07\/obras-de-continuacao-da-ciclovia-da-frente-ribeirinha-de-viana-ja-comecaram\/#breadcrumb"},"inLanguage":"pt-PT","potentialAction":[{"@type":"ReadAction","target":["https:\/\/www.altominho.tv\/site\/2019\/02\/07\/obras-de-continuacao-da-ciclovia-da-frente-ribeirinha-de-viana-ja-comecaram\/"]}]},{"@type":"ImageObject","inLanguage":"pt-PT","@id":"https:\/\/www.altominho.tv\/site\/2019\/02\/07\/obras-de-continuacao-da-ciclovia-da-frente-ribeirinha-de-viana-ja-comecaram\/#primaryimage","url":"https:\/\/www.altominho.tv\/site\/wp-content\/uploads\/2019\/02\/ciclovia_1_.jpg","contentUrl":"https:\/\/www.altominho.tv\/site\/wp-content\/uploads\/2019\/02\/ciclovia_1_.jpg","width":1024,"height":683},{"@type":"BreadcrumbList","@id":"https:\/\/www.altominho.tv\/site\/2019\/02\/07\/obras-de-continuacao-da-ciclovia-da-frente-ribeirinha-de-viana-ja-comecaram\/#breadcrumb","itemListElement":[{"@type":"ListItem","position":1,"name":"In\u00edcio","item":"https:\/\/www.altominho.tv\/site\/"},{"@type":"ListItem","position":2,"name":"Obras de continua\u00e7\u00e3o da ciclovia da frente ribeirinha de Viana j\u00e1 come\u00e7aram"}]},{"@type":"WebSite","@id":"https:\/\/www.altominho.tv\/site\/#website","url":"https:\/\/www.altominho.tv\/site\/","name":"Altominho.tv","description":"A sua regi\u00e3o \u00e0 dist\u00e2ncia de um clique...","potentialAction":[{"@type":"SearchAction","target":{"@type":"EntryPoint","urlTemplate":"https:\/\/www.altominho.tv\/site\/?s={search_term_string}"},"query-input":{"@type":"PropertyValueSpecification","valueRequired":true,"valueName":"search_term_string"}}],"inLanguage":"pt-PT"},{"@type":"Person","@id":"https:\/\/www.altominho.tv\/site\/#\/schema\/person\/d9be4265364723f14ea8e0d56a1d38cd","name":"Andreia Ferreira","image":{"@type":"ImageObject","inLanguage":"pt-PT","@id":"https:\/\/www.altominho.tv\/site\/wp-content\/uploads\/2021\/01\/AndreiaFerreira-150x150.jpg","url":"https:\/\/www.altominho.tv\/site\/wp-content\/uploads\/2021\/01\/AndreiaFerreira-150x150.jpg","contentUrl":"https:\/\/www.altominho.tv\/site\/wp-content\/uploads\/2021\/01\/AndreiaFerreira-150x150.jpg","caption":"Andreia Ferreira"},"url":"https:\/\/www.altominho.tv\/site\/author\/andreiaferreira\/"}]}},"_links":{"self":[{"href":"https:\/\/www.altominho.tv\/site\/wp-json\/wp\/v2\/posts\/23652","targetHints":{"allow":["GET"]}}],"collection":[{"href":"https:\/\/www.altominho.tv\/site\/wp-json\/wp\/v2\/posts"}],"about":[{"href":"https:\/\/www.altominho.tv\/site\/wp-json\/wp\/v2\/types\/post"}],"author":[{"embeddable":true,"href":"https:\/\/www.altominho.tv\/site\/wp-json\/wp\/v2\/users\/12"}],"replies":[{"embeddable":true,"href":"https:\/\/www.altominho.tv\/site\/wp-json\/wp\/v2\/comments?post=23652"}],"version-history":[{"count":0,"href":"https:\/\/www.altominho.tv\/site\/wp-json\/wp\/v2\/posts\/23652\/revisions"}],"wp:featuredmedia":[{"embeddable":true,"href":"https:\/\/www.altominho.tv\/site\/wp-json\/wp\/v2\/media\/23653"}],"wp:attachment":[{"href":"https:\/\/www.altominho.tv\/site\/wp-json\/wp\/v2\/media?parent=23652"}],"wp:term":[{"taxonomy":"category","embeddable":true,"href":"https:\/\/www.altominho.tv\/site\/wp-json\/wp\/v2\/categories?post=23652"},{"taxonomy":"post_tag","embeddable":true,"href":"https:\/\/www.altominho.tv\/site\/wp-json\/wp\/v2\/tags?post=23652"}],"curies":[{"name":"wp","href":"https:\/\/api.w.org\/{rel}","templated":true}]}}