{"id":23550,"date":"2019-02-05T12:52:33","date_gmt":"2019-02-05T12:52:33","guid":{"rendered":"http:\/\/www.altominho.tv\/site\/?p=23550"},"modified":"2019-02-05T12:52:33","modified_gmt":"2019-02-05T12:52:33","slug":"novo-navio-da-marinha-batizado-em-viana-do-castelo","status":"publish","type":"post","link":"https:\/\/www.altominho.tv\/site\/2019\/02\/05\/novo-navio-da-marinha-batizado-em-viana-do-castelo\/","title":{"rendered":"Novo navio da Marinha batizado em Viana do Castelo"},"content":{"rendered":"<p>O Navio Patrulha Oce\u00e2nico (NPO) Set\u00fabal, o segundo de dois constru\u00eddos nos estaleiros da WestSea, em Viana do Castelo, vai ser batizado na quarta-feira, apesar de j\u00e1 estar ao servi\u00e7o da Marinha portuguesa desde dezembro.<\/p>\n<p>Fonte da Marinha, hoje contactada pela ag\u00eancia Lusa, referiu que a madrinha deste navio patrulha ser\u00e1 a investigadora da Universidade Nova de Lisboa Jessica Rachel Hallett, mulher do ministro da Defesa, Jo\u00e3o Gomes Cravinho, que dever\u00e1 presidir \u00e0 cerim\u00f3nia de batismo, marcada para as 10h30, acompanhado do Chefe do Estado-Maior da Armada, Almirante Ant\u00f3nio Mendes Calado.<\/p>\n<p>O NPO Set\u00fabal &#8220;\u00e9 o quarto da classe [do navio] Viana do Castelo, todos constru\u00eddos em Portugal&#8221;, juntando-se assim ao Viana do Castelo, Figueira da Foz e Sines, atualmente no ativo. Estes navios v\u00eam substituir as corvetas com mais de 40 anos, disse a mesma fonte.\u00a0Cada um dos NPO custou 60 milh\u00f5es de euros e demorou cerca de dois anos a construir.<\/p>\n<p>O navio \u00e9 comandado pelo comandante Rui Zambujo Madeira, mergulhador de especializa\u00e7\u00e3o, com 42 anos e natural de Lisboa, que ingressado na Marinha em 1994.\u00a0Ao longo da sua carreira j\u00e1 realizou diversas miss\u00f5es nacionais e internacionais.<\/p>\n<p>O comandante Zambujo Madeira foi o \u00faltimo comandante do NRP Jacinto C\u00e2ndido, navio que passou ao estado de desarmamento no dia 15 de novembro de 2018.<\/p>\n<p>O primeiro de dois NPO constru\u00eddos pela WestSea, a subconcession\u00e1ria dos extintos Estaleiros Navais de Viana do Castelo (ENVC), batizado com o nome Sines, foi entregue \u00e0 Marinha em julho de 2018, numa cerim\u00f3nia presidida pelo primeiro-ministro, tendo como madrinha Fernanda Gon\u00e7alves Tadeu, mulher de Ant\u00f3nio Costa.<\/p>\n<p>Na altura, Ant\u00f3nio Costa anunciou a constru\u00e7\u00e3o de sete novos navios para a Marinha portuguesa, no \u00e2mbito da revis\u00e3o da Lei de Programa\u00e7\u00e3o Militar (LPM), adiantando que a constru\u00e7\u00e3o ser\u00e1 efetuada na ind\u00fastria portuguesa.<\/p>\n<p>O primeiro-ministro referia-se \u00e0 constru\u00e7\u00e3o de mais seis Navios de Patrulha Oce\u00e2nica (NPO) e de um Navio Polivalente Log\u00edstico, investimento que disse integrar o compromisso assumido por Portugal junto da NATO de refor\u00e7o do dispositivo das For\u00e7as Armadas at\u00e9 2024.<\/p>\n<p>Em novembro de 2018, o Conselho de Ministros aprovou a proposta de Lei de Programa\u00e7\u00e3o Militar (LPM) para o per\u00edodo 2019\/2030, que prev\u00ea um investimento de 4,74 mil milh\u00f5es de euros.<\/p>\n<p>Na ocasi\u00e3o, em confer\u00eancia de imprensa, o ministro da Defesa, Jo\u00e3o Gomes Cravinho, destacou que a proposta &#8220;representa um investimento muito substancial&#8221; e o &#8220;fim de um longo ciclo de depauperamento progressivo das For\u00e7as Armadas&#8221;, visando a sua &#8220;atualiza\u00e7\u00e3o e transforma\u00e7\u00e3o&#8221;.<\/p>\n<p>Jo\u00e3o Gomes Cravinho disse que dois ter\u00e7os dos investimentos previstos s\u00e3o de &#8220;continuidade&#8221; e um ter\u00e7o refere-se a &#8220;projetos estruturantes novos&#8221;, como a aquisi\u00e7\u00e3o dos avi\u00f5es KC-390 para substituir os C-130 da For\u00e7a A\u00e9rea, com um valor de &#8220;827 milh\u00f5es de euros no horizonte dos doze anos&#8221;.<\/p>\n<p>Gomes Cravinho salientou ainda aquisi\u00e7\u00e3o de seis Navios de Patrulha Oce\u00e2nica para a Marinha, do Navio Polivalente Log\u00edstico, novos helic\u00f3pteros, e de equipamento individual para os soldados.<\/p>\n<p>De acordo com o ministro, a LPM traduz uma aposta nas miss\u00f5es de busca e salvamento e em equipamento que permita o duplo uso militar e civil, nomeadamente no apoio a combate a inc\u00eandios e a outras miss\u00f5es de natureza civil.<\/p>\n<p>Fonte: Lusa<\/p>\n","protected":false},"excerpt":{"rendered":"<p>O Navio Patrulha Oce\u00e2nico (NPO) Set\u00fabal, o segundo de dois constru\u00eddos nos estaleiros da WestSea, em Viana do Castelo, vai ser batizado na quarta-feira, apesar de j\u00e1 estar ao servi\u00e7o da Marinha portuguesa desde dezembro. Fonte da Marinha, hoje contactada pela ag\u00eancia Lusa, referiu que a madrinha deste navio patrulha ser\u00e1 a investigadora da Universidade [&hellip;]<\/p>\n","protected":false},"author":12,"featured_media":23551,"comment_status":"closed","ping_status":"closed","sticky":false,"template":"","format":"standard","meta":{"_exactmetrics_skip_tracking":false,"_exactmetrics_sitenote_active":false,"_exactmetrics_sitenote_note":"","_exactmetrics_sitenote_category":0,"footnotes":""},"categories":[14],"tags":[27],"class_list":["post-23550","post","type-post","status-publish","format-standard","has-post-thumbnail","hentry","category-viana-do-castelo","tag-sociedade"],"yoast_head":"<!-- This site is optimized with the Yoast SEO Premium plugin v27.5 (Yoast SEO v27.5) - https:\/\/yoast.com\/product\/yoast-seo-premium-wordpress\/ -->\n<title>Novo navio da Marinha batizado em Viana do Castelo<\/title>\n<meta name=\"robots\" content=\"index, follow, max-snippet:-1, max-image-preview:large, max-video-preview:-1\" \/>\n<link rel=\"canonical\" href=\"https:\/\/www.altominho.tv\/site\/2019\/02\/05\/novo-navio-da-marinha-batizado-em-viana-do-castelo\/\" \/>\n<meta property=\"og:locale\" content=\"pt_PT\" \/>\n<meta property=\"og:type\" content=\"article\" \/>\n<meta property=\"og:title\" content=\"Novo navio da Marinha batizado em Viana do Castelo\" \/>\n<meta property=\"og:description\" content=\"O Navio Patrulha Oce\u00e2nico (NPO) Set\u00fabal, o segundo de dois constru\u00eddos nos estaleiros da WestSea, em Viana do Castelo, vai ser batizado na quarta-feira, apesar de j\u00e1 estar ao servi\u00e7o da Marinha portuguesa desde dezembro. Fonte da Marinha, hoje contactada pela ag\u00eancia Lusa, referiu que a madrinha deste navio patrulha ser\u00e1 a investigadora da Universidade [&hellip;]\" \/>\n<meta property=\"og:url\" content=\"https:\/\/www.altominho.tv\/site\/2019\/02\/05\/novo-navio-da-marinha-batizado-em-viana-do-castelo\/\" \/>\n<meta property=\"og:site_name\" content=\"Altominho.tv\" \/>\n<meta property=\"article:publisher\" content=\"https:\/\/www.facebook.com\/altominhotv\" \/>\n<meta property=\"article:published_time\" content=\"2019-02-05T12:52:33+00:00\" \/>\n<meta property=\"og:image\" content=\"https:\/\/www.altominho.tv\/site\/wp-content\/uploads\/2019\/02\/Navio.jpg\" \/>\n\t<meta property=\"og:image:width\" content=\"1068\" \/>\n\t<meta property=\"og:image:height\" content=\"712\" \/>\n\t<meta property=\"og:image:type\" content=\"image\/jpeg\" \/>\n<meta name=\"author\" content=\"Andreia Ferreira\" \/>\n<meta name=\"twitter:card\" content=\"summary_large_image\" \/>\n<meta name=\"twitter:creator\" content=\"@altominhoTV\" \/>\n<meta name=\"twitter:site\" content=\"@altominhoTV\" \/>\n<meta name=\"twitter:label1\" content=\"Escrito por\" \/>\n\t<meta name=\"twitter:data1\" content=\"Andreia Ferreira\" \/>\n\t<meta name=\"twitter:label2\" content=\"Tempo estimado de leitura\" \/>\n\t<meta name=\"twitter:data2\" content=\"3 minutos\" \/>\n<script type=\"application\/ld+json\" class=\"yoast-schema-graph\">{\"@context\":\"https:\\\/\\\/schema.org\",\"@graph\":[{\"@type\":\"Article\",\"@id\":\"https:\\\/\\\/www.altominho.tv\\\/site\\\/2019\\\/02\\\/05\\\/novo-navio-da-marinha-batizado-em-viana-do-castelo\\\/#article\",\"isPartOf\":{\"@id\":\"https:\\\/\\\/www.altominho.tv\\\/site\\\/2019\\\/02\\\/05\\\/novo-navio-da-marinha-batizado-em-viana-do-castelo\\\/\"},\"author\":{\"name\":\"Andreia Ferreira\",\"@id\":\"https:\\\/\\\/www.altominho.tv\\\/site\\\/#\\\/schema\\\/person\\\/d9be4265364723f14ea8e0d56a1d38cd\"},\"headline\":\"Novo navio da Marinha batizado em Viana do Castelo\",\"datePublished\":\"2019-02-05T12:52:33+00:00\",\"mainEntityOfPage\":{\"@id\":\"https:\\\/\\\/www.altominho.tv\\\/site\\\/2019\\\/02\\\/05\\\/novo-navio-da-marinha-batizado-em-viana-do-castelo\\\/\"},\"wordCount\":575,\"image\":{\"@id\":\"https:\\\/\\\/www.altominho.tv\\\/site\\\/2019\\\/02\\\/05\\\/novo-navio-da-marinha-batizado-em-viana-do-castelo\\\/#primaryimage\"},\"thumbnailUrl\":\"https:\\\/\\\/www.altominho.tv\\\/site\\\/wp-content\\\/uploads\\\/2019\\\/02\\\/Navio.jpg\",\"keywords\":[\"Sociedade\"],\"articleSection\":[\"Viana do Castelo\"],\"inLanguage\":\"pt-PT\",\"copyrightYear\":\"2019\",\"copyrightHolder\":{\"@id\":\"https:\\\/\\\/www.altominho.tv\\\/site\\\/#organization\"}},{\"@type\":\"WebPage\",\"@id\":\"https:\\\/\\\/www.altominho.tv\\\/site\\\/2019\\\/02\\\/05\\\/novo-navio-da-marinha-batizado-em-viana-do-castelo\\\/\",\"url\":\"https:\\\/\\\/www.altominho.tv\\\/site\\\/2019\\\/02\\\/05\\\/novo-navio-da-marinha-batizado-em-viana-do-castelo\\\/\",\"name\":\"Novo navio da Marinha batizado em Viana do Castelo\",\"isPartOf\":{\"@id\":\"https:\\\/\\\/www.altominho.tv\\\/site\\\/#website\"},\"primaryImageOfPage\":{\"@id\":\"https:\\\/\\\/www.altominho.tv\\\/site\\\/2019\\\/02\\\/05\\\/novo-navio-da-marinha-batizado-em-viana-do-castelo\\\/#primaryimage\"},\"image\":{\"@id\":\"https:\\\/\\\/www.altominho.tv\\\/site\\\/2019\\\/02\\\/05\\\/novo-navio-da-marinha-batizado-em-viana-do-castelo\\\/#primaryimage\"},\"thumbnailUrl\":\"https:\\\/\\\/www.altominho.tv\\\/site\\\/wp-content\\\/uploads\\\/2019\\\/02\\\/Navio.jpg\",\"datePublished\":\"2019-02-05T12:52:33+00:00\",\"author\":{\"@id\":\"https:\\\/\\\/www.altominho.tv\\\/site\\\/#\\\/schema\\\/person\\\/d9be4265364723f14ea8e0d56a1d38cd\"},\"breadcrumb\":{\"@id\":\"https:\\\/\\\/www.altominho.tv\\\/site\\\/2019\\\/02\\\/05\\\/novo-navio-da-marinha-batizado-em-viana-do-castelo\\\/#breadcrumb\"},\"inLanguage\":\"pt-PT\",\"potentialAction\":[{\"@type\":\"ReadAction\",\"target\":[\"https:\\\/\\\/www.altominho.tv\\\/site\\\/2019\\\/02\\\/05\\\/novo-navio-da-marinha-batizado-em-viana-do-castelo\\\/\"]}]},{\"@type\":\"ImageObject\",\"inLanguage\":\"pt-PT\",\"@id\":\"https:\\\/\\\/www.altominho.tv\\\/site\\\/2019\\\/02\\\/05\\\/novo-navio-da-marinha-batizado-em-viana-do-castelo\\\/#primaryimage\",\"url\":\"https:\\\/\\\/www.altominho.tv\\\/site\\\/wp-content\\\/uploads\\\/2019\\\/02\\\/Navio.jpg\",\"contentUrl\":\"https:\\\/\\\/www.altominho.tv\\\/site\\\/wp-content\\\/uploads\\\/2019\\\/02\\\/Navio.jpg\",\"width\":1068,\"height\":712},{\"@type\":\"BreadcrumbList\",\"@id\":\"https:\\\/\\\/www.altominho.tv\\\/site\\\/2019\\\/02\\\/05\\\/novo-navio-da-marinha-batizado-em-viana-do-castelo\\\/#breadcrumb\",\"itemListElement\":[{\"@type\":\"ListItem\",\"position\":1,\"name\":\"In\u00edcio\",\"item\":\"https:\\\/\\\/www.altominho.tv\\\/site\\\/\"},{\"@type\":\"ListItem\",\"position\":2,\"name\":\"Novo navio da Marinha batizado em Viana do Castelo\"}]},{\"@type\":\"WebSite\",\"@id\":\"https:\\\/\\\/www.altominho.tv\\\/site\\\/#website\",\"url\":\"https:\\\/\\\/www.altominho.tv\\\/site\\\/\",\"name\":\"Altominho.tv\",\"description\":\"A sua regi\u00e3o \u00e0 dist\u00e2ncia de um clique...\",\"potentialAction\":[{\"@type\":\"SearchAction\",\"target\":{\"@type\":\"EntryPoint\",\"urlTemplate\":\"https:\\\/\\\/www.altominho.tv\\\/site\\\/?s={search_term_string}\"},\"query-input\":{\"@type\":\"PropertyValueSpecification\",\"valueRequired\":true,\"valueName\":\"search_term_string\"}}],\"inLanguage\":\"pt-PT\"},{\"@type\":\"Person\",\"@id\":\"https:\\\/\\\/www.altominho.tv\\\/site\\\/#\\\/schema\\\/person\\\/d9be4265364723f14ea8e0d56a1d38cd\",\"name\":\"Andreia Ferreira\",\"image\":{\"@type\":\"ImageObject\",\"inLanguage\":\"pt-PT\",\"@id\":\"https:\\\/\\\/www.altominho.tv\\\/site\\\/wp-content\\\/uploads\\\/2021\\\/01\\\/AndreiaFerreira-150x150.jpg\",\"url\":\"https:\\\/\\\/www.altominho.tv\\\/site\\\/wp-content\\\/uploads\\\/2021\\\/01\\\/AndreiaFerreira-150x150.jpg\",\"contentUrl\":\"https:\\\/\\\/www.altominho.tv\\\/site\\\/wp-content\\\/uploads\\\/2021\\\/01\\\/AndreiaFerreira-150x150.jpg\",\"caption\":\"Andreia Ferreira\"},\"url\":\"https:\\\/\\\/www.altominho.tv\\\/site\\\/author\\\/andreiaferreira\\\/\"}]}<\/script>\n<!-- \/ Yoast SEO Premium plugin. -->","yoast_head_json":{"title":"Novo navio da Marinha batizado em Viana do Castelo","robots":{"index":"index","follow":"follow","max-snippet":"max-snippet:-1","max-image-preview":"max-image-preview:large","max-video-preview":"max-video-preview:-1"},"canonical":"https:\/\/www.altominho.tv\/site\/2019\/02\/05\/novo-navio-da-marinha-batizado-em-viana-do-castelo\/","og_locale":"pt_PT","og_type":"article","og_title":"Novo navio da Marinha batizado em Viana do Castelo","og_description":"O Navio Patrulha Oce\u00e2nico (NPO) Set\u00fabal, o segundo de dois constru\u00eddos nos estaleiros da WestSea, em Viana do Castelo, vai ser batizado na quarta-feira, apesar de j\u00e1 estar ao servi\u00e7o da Marinha portuguesa desde dezembro. Fonte da Marinha, hoje contactada pela ag\u00eancia Lusa, referiu que a madrinha deste navio patrulha ser\u00e1 a investigadora da Universidade [&hellip;]","og_url":"https:\/\/www.altominho.tv\/site\/2019\/02\/05\/novo-navio-da-marinha-batizado-em-viana-do-castelo\/","og_site_name":"Altominho.tv","article_publisher":"https:\/\/www.facebook.com\/altominhotv","article_published_time":"2019-02-05T12:52:33+00:00","og_image":[{"width":1068,"height":712,"url":"https:\/\/www.altominho.tv\/site\/wp-content\/uploads\/2019\/02\/Navio.jpg","type":"image\/jpeg"}],"author":"Andreia Ferreira","twitter_card":"summary_large_image","twitter_creator":"@altominhoTV","twitter_site":"@altominhoTV","twitter_misc":{"Escrito por":"Andreia Ferreira","Tempo estimado de leitura":"3 minutos"},"schema":{"@context":"https:\/\/schema.org","@graph":[{"@type":"Article","@id":"https:\/\/www.altominho.tv\/site\/2019\/02\/05\/novo-navio-da-marinha-batizado-em-viana-do-castelo\/#article","isPartOf":{"@id":"https:\/\/www.altominho.tv\/site\/2019\/02\/05\/novo-navio-da-marinha-batizado-em-viana-do-castelo\/"},"author":{"name":"Andreia Ferreira","@id":"https:\/\/www.altominho.tv\/site\/#\/schema\/person\/d9be4265364723f14ea8e0d56a1d38cd"},"headline":"Novo navio da Marinha batizado em Viana do Castelo","datePublished":"2019-02-05T12:52:33+00:00","mainEntityOfPage":{"@id":"https:\/\/www.altominho.tv\/site\/2019\/02\/05\/novo-navio-da-marinha-batizado-em-viana-do-castelo\/"},"wordCount":575,"image":{"@id":"https:\/\/www.altominho.tv\/site\/2019\/02\/05\/novo-navio-da-marinha-batizado-em-viana-do-castelo\/#primaryimage"},"thumbnailUrl":"https:\/\/www.altominho.tv\/site\/wp-content\/uploads\/2019\/02\/Navio.jpg","keywords":["Sociedade"],"articleSection":["Viana do Castelo"],"inLanguage":"pt-PT","copyrightYear":"2019","copyrightHolder":{"@id":"https:\/\/www.altominho.tv\/site\/#organization"}},{"@type":"WebPage","@id":"https:\/\/www.altominho.tv\/site\/2019\/02\/05\/novo-navio-da-marinha-batizado-em-viana-do-castelo\/","url":"https:\/\/www.altominho.tv\/site\/2019\/02\/05\/novo-navio-da-marinha-batizado-em-viana-do-castelo\/","name":"Novo navio da Marinha batizado em Viana do Castelo","isPartOf":{"@id":"https:\/\/www.altominho.tv\/site\/#website"},"primaryImageOfPage":{"@id":"https:\/\/www.altominho.tv\/site\/2019\/02\/05\/novo-navio-da-marinha-batizado-em-viana-do-castelo\/#primaryimage"},"image":{"@id":"https:\/\/www.altominho.tv\/site\/2019\/02\/05\/novo-navio-da-marinha-batizado-em-viana-do-castelo\/#primaryimage"},"thumbnailUrl":"https:\/\/www.altominho.tv\/site\/wp-content\/uploads\/2019\/02\/Navio.jpg","datePublished":"2019-02-05T12:52:33+00:00","author":{"@id":"https:\/\/www.altominho.tv\/site\/#\/schema\/person\/d9be4265364723f14ea8e0d56a1d38cd"},"breadcrumb":{"@id":"https:\/\/www.altominho.tv\/site\/2019\/02\/05\/novo-navio-da-marinha-batizado-em-viana-do-castelo\/#breadcrumb"},"inLanguage":"pt-PT","potentialAction":[{"@type":"ReadAction","target":["https:\/\/www.altominho.tv\/site\/2019\/02\/05\/novo-navio-da-marinha-batizado-em-viana-do-castelo\/"]}]},{"@type":"ImageObject","inLanguage":"pt-PT","@id":"https:\/\/www.altominho.tv\/site\/2019\/02\/05\/novo-navio-da-marinha-batizado-em-viana-do-castelo\/#primaryimage","url":"https:\/\/www.altominho.tv\/site\/wp-content\/uploads\/2019\/02\/Navio.jpg","contentUrl":"https:\/\/www.altominho.tv\/site\/wp-content\/uploads\/2019\/02\/Navio.jpg","width":1068,"height":712},{"@type":"BreadcrumbList","@id":"https:\/\/www.altominho.tv\/site\/2019\/02\/05\/novo-navio-da-marinha-batizado-em-viana-do-castelo\/#breadcrumb","itemListElement":[{"@type":"ListItem","position":1,"name":"In\u00edcio","item":"https:\/\/www.altominho.tv\/site\/"},{"@type":"ListItem","position":2,"name":"Novo navio da Marinha batizado em Viana do Castelo"}]},{"@type":"WebSite","@id":"https:\/\/www.altominho.tv\/site\/#website","url":"https:\/\/www.altominho.tv\/site\/","name":"Altominho.tv","description":"A sua regi\u00e3o \u00e0 dist\u00e2ncia de um clique...","potentialAction":[{"@type":"SearchAction","target":{"@type":"EntryPoint","urlTemplate":"https:\/\/www.altominho.tv\/site\/?s={search_term_string}"},"query-input":{"@type":"PropertyValueSpecification","valueRequired":true,"valueName":"search_term_string"}}],"inLanguage":"pt-PT"},{"@type":"Person","@id":"https:\/\/www.altominho.tv\/site\/#\/schema\/person\/d9be4265364723f14ea8e0d56a1d38cd","name":"Andreia Ferreira","image":{"@type":"ImageObject","inLanguage":"pt-PT","@id":"https:\/\/www.altominho.tv\/site\/wp-content\/uploads\/2021\/01\/AndreiaFerreira-150x150.jpg","url":"https:\/\/www.altominho.tv\/site\/wp-content\/uploads\/2021\/01\/AndreiaFerreira-150x150.jpg","contentUrl":"https:\/\/www.altominho.tv\/site\/wp-content\/uploads\/2021\/01\/AndreiaFerreira-150x150.jpg","caption":"Andreia Ferreira"},"url":"https:\/\/www.altominho.tv\/site\/author\/andreiaferreira\/"}]}},"_links":{"self":[{"href":"https:\/\/www.altominho.tv\/site\/wp-json\/wp\/v2\/posts\/23550","targetHints":{"allow":["GET"]}}],"collection":[{"href":"https:\/\/www.altominho.tv\/site\/wp-json\/wp\/v2\/posts"}],"about":[{"href":"https:\/\/www.altominho.tv\/site\/wp-json\/wp\/v2\/types\/post"}],"author":[{"embeddable":true,"href":"https:\/\/www.altominho.tv\/site\/wp-json\/wp\/v2\/users\/12"}],"replies":[{"embeddable":true,"href":"https:\/\/www.altominho.tv\/site\/wp-json\/wp\/v2\/comments?post=23550"}],"version-history":[{"count":0,"href":"https:\/\/www.altominho.tv\/site\/wp-json\/wp\/v2\/posts\/23550\/revisions"}],"wp:featuredmedia":[{"embeddable":true,"href":"https:\/\/www.altominho.tv\/site\/wp-json\/wp\/v2\/media\/23551"}],"wp:attachment":[{"href":"https:\/\/www.altominho.tv\/site\/wp-json\/wp\/v2\/media?parent=23550"}],"wp:term":[{"taxonomy":"category","embeddable":true,"href":"https:\/\/www.altominho.tv\/site\/wp-json\/wp\/v2\/categories?post=23550"},{"taxonomy":"post_tag","embeddable":true,"href":"https:\/\/www.altominho.tv\/site\/wp-json\/wp\/v2\/tags?post=23550"}],"curies":[{"name":"wp","href":"https:\/\/api.w.org\/{rel}","templated":true}]}}