{"id":23538,"date":"2019-02-05T12:25:28","date_gmt":"2019-02-05T12:25:28","guid":{"rendered":"http:\/\/www.altominho.tv\/site\/?p=23538"},"modified":"2019-02-05T12:25:28","modified_gmt":"2019-02-05T12:25:28","slug":"novo-presidente-da-turismo-porto-e-norte-defende-taxas-aplicadas-na-promocao-turistica-dos-municipios","status":"publish","type":"post","link":"https:\/\/www.altominho.tv\/site\/2019\/02\/05\/novo-presidente-da-turismo-porto-e-norte-defende-taxas-aplicadas-na-promocao-turistica-dos-municipios\/","title":{"rendered":"Novo presidente da Turismo Porto e Norte defende taxas aplicadas na promo\u00e7\u00e3o tur\u00edstica dos munic\u00edpios"},"content":{"rendered":"<p>O novo presidente da Turismo do Porto e Norte de Portugal defendeu que o valor arrecadado pelas taxas tur\u00edsticas nos munic\u00edpios seja aplicado na promo\u00e7\u00e3o tur\u00edstica, mas tamb\u00e9m na seguran\u00e7a, limpeza e requalifica\u00e7\u00e3o urbana.<\/p>\n<p>\u201cO valor arrecadado por essa taxa [tur\u00edstica] seja, de prefer\u00eancia, aplicado na promo\u00e7\u00e3o tur\u00edstica do destino e tamb\u00e9m que seja aplicada noutras quest\u00f5es (\u2026) como as \u00e1reas da seguran\u00e7a, a limpeza das cidades, a requalifica\u00e7\u00e3o urbana\u201d para prestar melhor servi\u00e7o aos turistas, mas tamb\u00e9m continuar a prestar o servi\u00e7o que \u00e9 necess\u00e1rio aos residentes, avan\u00e7ou hoje Lu\u00eds Pedro Martins.<\/p>\n<p>Em entrevista \u00e0 Lusa no \u00e2mbito da cerim\u00f3nia de tomada de posse do cargo de presidente da Comiss\u00e3o Executiva da Turismo do Porto e Norte de Portugal (TPNP), marcada para esta ter\u00e7a-feira, \u00e0s 17h00, em Viana do Castelo, Lu\u00eds Pedro Martins afirma que a \u201cpegada ecol\u00f3gica dos turistas\u201d n\u00e3o pode colocar em causa as \u201cquest\u00f5es ambientais, de limpeza, de seguran\u00e7a\u201d e, por isso, defende que as verbas resultantes das taxas tur\u00edsticas devam ser direcionadas para essas \u00e1reas.<\/p>\n<p>A cerim\u00f3nia de tomada de posse dos novos \u00f3rg\u00e3os sociais da TPNP est\u00e1 agendada para acontecer no Forte Santiago da Barra, em Viana do Castelo.<\/p>\n<p>Da equipa de Lu\u00eds Pedro Martins faz tamb\u00e9m parte o vice-presidente In\u00e1cio Ribeiro (PSD), ex-presidente da C\u00e2mara de Felgueiras, e o vogal V\u00edtor Paulo Pereira, presidente da C\u00e2mara de Paredes de Coura.<\/p>\n<p>Lu\u00eds Pedro Martins foi eleito no passado dia 18 de janeiro, em elei\u00e7\u00f5es antecipadas na sequ\u00eancia da deten\u00e7\u00e3o a 18 de outubro e da pris\u00e3o preventiva do anterior presidente da TPNP, Melchior Moreira, no \u00e2mbito de uma investiga\u00e7\u00e3o da Pol\u00edcia Judici\u00e1ria designada por Opera\u00e7\u00e3o \u00c9ter, onde se est\u00e1 a investigar uma alegada vicia\u00e7\u00e3o de procedimentos de contrata\u00e7\u00e3o p\u00fablica naquela entidade tur\u00edstica.<\/p>\n<p>Fonte: Lusa<\/p>\n","protected":false},"excerpt":{"rendered":"<p>O novo presidente da Turismo do Porto e Norte de Portugal defendeu que o valor arrecadado pelas taxas tur\u00edsticas nos munic\u00edpios seja aplicado na promo\u00e7\u00e3o tur\u00edstica, mas tamb\u00e9m na seguran\u00e7a, limpeza e requalifica\u00e7\u00e3o urbana. \u201cO valor arrecadado por essa taxa [tur\u00edstica] seja, de prefer\u00eancia, aplicado na promo\u00e7\u00e3o tur\u00edstica do destino e tamb\u00e9m que seja aplicada [&hellip;]<\/p>\n","protected":false},"author":12,"featured_media":23539,"comment_status":"closed","ping_status":"closed","sticky":false,"template":"","format":"standard","meta":{"_exactmetrics_skip_tracking":false,"_exactmetrics_sitenote_active":false,"_exactmetrics_sitenote_note":"","_exactmetrics_sitenote_category":0,"footnotes":""},"categories":[73],"tags":[27],"class_list":["post-23538","post","type-post","status-publish","format-standard","has-post-thumbnail","hentry","category-alto-minho","tag-sociedade"],"yoast_head":"<!-- This site is optimized with the Yoast SEO Premium plugin v27.5 (Yoast SEO v27.5) - https:\/\/yoast.com\/product\/yoast-seo-premium-wordpress\/ -->\n<title>Novo presidente da Turismo Porto e Norte defende taxas aplicadas na promo\u00e7\u00e3o tur\u00edstica dos munic\u00edpios<\/title>\n<meta name=\"robots\" content=\"index, follow, max-snippet:-1, max-image-preview:large, max-video-preview:-1\" \/>\n<link rel=\"canonical\" href=\"https:\/\/www.altominho.tv\/site\/2019\/02\/05\/novo-presidente-da-turismo-porto-e-norte-defende-taxas-aplicadas-na-promocao-turistica-dos-municipios\/\" \/>\n<meta property=\"og:locale\" content=\"pt_PT\" \/>\n<meta property=\"og:type\" content=\"article\" \/>\n<meta property=\"og:title\" content=\"Novo presidente da Turismo Porto e Norte defende taxas aplicadas na promo\u00e7\u00e3o tur\u00edstica dos munic\u00edpios\" \/>\n<meta property=\"og:description\" content=\"O novo presidente da Turismo do Porto e Norte de Portugal defendeu que o valor arrecadado pelas taxas tur\u00edsticas nos munic\u00edpios seja aplicado na promo\u00e7\u00e3o tur\u00edstica, mas tamb\u00e9m na seguran\u00e7a, limpeza e requalifica\u00e7\u00e3o urbana. \u201cO valor arrecadado por essa taxa [tur\u00edstica] seja, de prefer\u00eancia, aplicado na promo\u00e7\u00e3o tur\u00edstica do destino e tamb\u00e9m que seja aplicada [&hellip;]\" \/>\n<meta property=\"og:url\" content=\"https:\/\/www.altominho.tv\/site\/2019\/02\/05\/novo-presidente-da-turismo-porto-e-norte-defende-taxas-aplicadas-na-promocao-turistica-dos-municipios\/\" \/>\n<meta property=\"og:site_name\" content=\"Altominho.tv\" \/>\n<meta property=\"article:publisher\" content=\"https:\/\/www.facebook.com\/altominhotv\" \/>\n<meta property=\"article:published_time\" content=\"2019-02-05T12:25:28+00:00\" \/>\n<meta property=\"og:image\" content=\"https:\/\/www.altominho.tv\/site\/wp-content\/uploads\/2019\/02\/Lui\u0301s-Pedro-Martins.jpg\" \/>\n\t<meta property=\"og:image:width\" content=\"1920\" \/>\n\t<meta property=\"og:image:height\" content=\"1080\" \/>\n\t<meta property=\"og:image:type\" content=\"image\/jpeg\" \/>\n<meta name=\"author\" content=\"Andreia Ferreira\" \/>\n<meta name=\"twitter:card\" content=\"summary_large_image\" \/>\n<meta name=\"twitter:creator\" content=\"@altominhoTV\" \/>\n<meta name=\"twitter:site\" content=\"@altominhoTV\" \/>\n<meta name=\"twitter:label1\" content=\"Escrito por\" \/>\n\t<meta name=\"twitter:data1\" content=\"Andreia Ferreira\" \/>\n\t<meta name=\"twitter:label2\" content=\"Tempo estimado de leitura\" \/>\n\t<meta name=\"twitter:data2\" content=\"2 minutos\" \/>\n<script type=\"application\/ld+json\" class=\"yoast-schema-graph\">{\"@context\":\"https:\\\/\\\/schema.org\",\"@graph\":[{\"@type\":\"Article\",\"@id\":\"https:\\\/\\\/www.altominho.tv\\\/site\\\/2019\\\/02\\\/05\\\/novo-presidente-da-turismo-porto-e-norte-defende-taxas-aplicadas-na-promocao-turistica-dos-municipios\\\/#article\",\"isPartOf\":{\"@id\":\"https:\\\/\\\/www.altominho.tv\\\/site\\\/2019\\\/02\\\/05\\\/novo-presidente-da-turismo-porto-e-norte-defende-taxas-aplicadas-na-promocao-turistica-dos-municipios\\\/\"},\"author\":{\"name\":\"Andreia Ferreira\",\"@id\":\"https:\\\/\\\/www.altominho.tv\\\/site\\\/#\\\/schema\\\/person\\\/d9be4265364723f14ea8e0d56a1d38cd\"},\"headline\":\"Novo presidente da Turismo Porto e Norte defende taxas aplicadas na promo\u00e7\u00e3o tur\u00edstica dos munic\u00edpios\",\"datePublished\":\"2019-02-05T12:25:28+00:00\",\"mainEntityOfPage\":{\"@id\":\"https:\\\/\\\/www.altominho.tv\\\/site\\\/2019\\\/02\\\/05\\\/novo-presidente-da-turismo-porto-e-norte-defende-taxas-aplicadas-na-promocao-turistica-dos-municipios\\\/\"},\"wordCount\":354,\"image\":{\"@id\":\"https:\\\/\\\/www.altominho.tv\\\/site\\\/2019\\\/02\\\/05\\\/novo-presidente-da-turismo-porto-e-norte-defende-taxas-aplicadas-na-promocao-turistica-dos-municipios\\\/#primaryimage\"},\"thumbnailUrl\":\"https:\\\/\\\/www.altominho.tv\\\/site\\\/wp-content\\\/uploads\\\/2019\\\/02\\\/Lui\u0301s-Pedro-Martins.jpg\",\"keywords\":[\"Sociedade\"],\"articleSection\":[\"Alto Minho\"],\"inLanguage\":\"pt-PT\",\"copyrightYear\":\"2019\",\"copyrightHolder\":{\"@id\":\"https:\\\/\\\/www.altominho.tv\\\/site\\\/#organization\"}},{\"@type\":\"WebPage\",\"@id\":\"https:\\\/\\\/www.altominho.tv\\\/site\\\/2019\\\/02\\\/05\\\/novo-presidente-da-turismo-porto-e-norte-defende-taxas-aplicadas-na-promocao-turistica-dos-municipios\\\/\",\"url\":\"https:\\\/\\\/www.altominho.tv\\\/site\\\/2019\\\/02\\\/05\\\/novo-presidente-da-turismo-porto-e-norte-defende-taxas-aplicadas-na-promocao-turistica-dos-municipios\\\/\",\"name\":\"Novo presidente da Turismo Porto e Norte defende taxas aplicadas na promo\u00e7\u00e3o tur\u00edstica dos munic\u00edpios\",\"isPartOf\":{\"@id\":\"https:\\\/\\\/www.altominho.tv\\\/site\\\/#website\"},\"primaryImageOfPage\":{\"@id\":\"https:\\\/\\\/www.altominho.tv\\\/site\\\/2019\\\/02\\\/05\\\/novo-presidente-da-turismo-porto-e-norte-defende-taxas-aplicadas-na-promocao-turistica-dos-municipios\\\/#primaryimage\"},\"image\":{\"@id\":\"https:\\\/\\\/www.altominho.tv\\\/site\\\/2019\\\/02\\\/05\\\/novo-presidente-da-turismo-porto-e-norte-defende-taxas-aplicadas-na-promocao-turistica-dos-municipios\\\/#primaryimage\"},\"thumbnailUrl\":\"https:\\\/\\\/www.altominho.tv\\\/site\\\/wp-content\\\/uploads\\\/2019\\\/02\\\/Lui\u0301s-Pedro-Martins.jpg\",\"datePublished\":\"2019-02-05T12:25:28+00:00\",\"author\":{\"@id\":\"https:\\\/\\\/www.altominho.tv\\\/site\\\/#\\\/schema\\\/person\\\/d9be4265364723f14ea8e0d56a1d38cd\"},\"breadcrumb\":{\"@id\":\"https:\\\/\\\/www.altominho.tv\\\/site\\\/2019\\\/02\\\/05\\\/novo-presidente-da-turismo-porto-e-norte-defende-taxas-aplicadas-na-promocao-turistica-dos-municipios\\\/#breadcrumb\"},\"inLanguage\":\"pt-PT\",\"potentialAction\":[{\"@type\":\"ReadAction\",\"target\":[\"https:\\\/\\\/www.altominho.tv\\\/site\\\/2019\\\/02\\\/05\\\/novo-presidente-da-turismo-porto-e-norte-defende-taxas-aplicadas-na-promocao-turistica-dos-municipios\\\/\"]}]},{\"@type\":\"ImageObject\",\"inLanguage\":\"pt-PT\",\"@id\":\"https:\\\/\\\/www.altominho.tv\\\/site\\\/2019\\\/02\\\/05\\\/novo-presidente-da-turismo-porto-e-norte-defende-taxas-aplicadas-na-promocao-turistica-dos-municipios\\\/#primaryimage\",\"url\":\"https:\\\/\\\/www.altominho.tv\\\/site\\\/wp-content\\\/uploads\\\/2019\\\/02\\\/Lui\u0301s-Pedro-Martins.jpg\",\"contentUrl\":\"https:\\\/\\\/www.altominho.tv\\\/site\\\/wp-content\\\/uploads\\\/2019\\\/02\\\/Lui\u0301s-Pedro-Martins.jpg\",\"width\":1920,\"height\":1080},{\"@type\":\"BreadcrumbList\",\"@id\":\"https:\\\/\\\/www.altominho.tv\\\/site\\\/2019\\\/02\\\/05\\\/novo-presidente-da-turismo-porto-e-norte-defende-taxas-aplicadas-na-promocao-turistica-dos-municipios\\\/#breadcrumb\",\"itemListElement\":[{\"@type\":\"ListItem\",\"position\":1,\"name\":\"In\u00edcio\",\"item\":\"https:\\\/\\\/www.altominho.tv\\\/site\\\/\"},{\"@type\":\"ListItem\",\"position\":2,\"name\":\"Novo presidente da Turismo Porto e Norte defende taxas aplicadas na promo\u00e7\u00e3o tur\u00edstica dos munic\u00edpios\"}]},{\"@type\":\"WebSite\",\"@id\":\"https:\\\/\\\/www.altominho.tv\\\/site\\\/#website\",\"url\":\"https:\\\/\\\/www.altominho.tv\\\/site\\\/\",\"name\":\"Altominho.tv\",\"description\":\"A sua regi\u00e3o \u00e0 dist\u00e2ncia de um clique...\",\"potentialAction\":[{\"@type\":\"SearchAction\",\"target\":{\"@type\":\"EntryPoint\",\"urlTemplate\":\"https:\\\/\\\/www.altominho.tv\\\/site\\\/?s={search_term_string}\"},\"query-input\":{\"@type\":\"PropertyValueSpecification\",\"valueRequired\":true,\"valueName\":\"search_term_string\"}}],\"inLanguage\":\"pt-PT\"},{\"@type\":\"Person\",\"@id\":\"https:\\\/\\\/www.altominho.tv\\\/site\\\/#\\\/schema\\\/person\\\/d9be4265364723f14ea8e0d56a1d38cd\",\"name\":\"Andreia Ferreira\",\"image\":{\"@type\":\"ImageObject\",\"inLanguage\":\"pt-PT\",\"@id\":\"https:\\\/\\\/www.altominho.tv\\\/site\\\/wp-content\\\/uploads\\\/2021\\\/01\\\/AndreiaFerreira-150x150.jpg\",\"url\":\"https:\\\/\\\/www.altominho.tv\\\/site\\\/wp-content\\\/uploads\\\/2021\\\/01\\\/AndreiaFerreira-150x150.jpg\",\"contentUrl\":\"https:\\\/\\\/www.altominho.tv\\\/site\\\/wp-content\\\/uploads\\\/2021\\\/01\\\/AndreiaFerreira-150x150.jpg\",\"caption\":\"Andreia Ferreira\"},\"url\":\"https:\\\/\\\/www.altominho.tv\\\/site\\\/author\\\/andreiaferreira\\\/\"}]}<\/script>\n<!-- \/ Yoast SEO Premium plugin. -->","yoast_head_json":{"title":"Novo presidente da Turismo Porto e Norte defende taxas aplicadas na promo\u00e7\u00e3o tur\u00edstica dos munic\u00edpios","robots":{"index":"index","follow":"follow","max-snippet":"max-snippet:-1","max-image-preview":"max-image-preview:large","max-video-preview":"max-video-preview:-1"},"canonical":"https:\/\/www.altominho.tv\/site\/2019\/02\/05\/novo-presidente-da-turismo-porto-e-norte-defende-taxas-aplicadas-na-promocao-turistica-dos-municipios\/","og_locale":"pt_PT","og_type":"article","og_title":"Novo presidente da Turismo Porto e Norte defende taxas aplicadas na promo\u00e7\u00e3o tur\u00edstica dos munic\u00edpios","og_description":"O novo presidente da Turismo do Porto e Norte de Portugal defendeu que o valor arrecadado pelas taxas tur\u00edsticas nos munic\u00edpios seja aplicado na promo\u00e7\u00e3o tur\u00edstica, mas tamb\u00e9m na seguran\u00e7a, limpeza e requalifica\u00e7\u00e3o urbana. \u201cO valor arrecadado por essa taxa [tur\u00edstica] seja, de prefer\u00eancia, aplicado na promo\u00e7\u00e3o tur\u00edstica do destino e tamb\u00e9m que seja aplicada [&hellip;]","og_url":"https:\/\/www.altominho.tv\/site\/2019\/02\/05\/novo-presidente-da-turismo-porto-e-norte-defende-taxas-aplicadas-na-promocao-turistica-dos-municipios\/","og_site_name":"Altominho.tv","article_publisher":"https:\/\/www.facebook.com\/altominhotv","article_published_time":"2019-02-05T12:25:28+00:00","og_image":[{"width":1920,"height":1080,"url":"https:\/\/www.altominho.tv\/site\/wp-content\/uploads\/2019\/02\/Lui\u0301s-Pedro-Martins.jpg","type":"image\/jpeg"}],"author":"Andreia Ferreira","twitter_card":"summary_large_image","twitter_creator":"@altominhoTV","twitter_site":"@altominhoTV","twitter_misc":{"Escrito por":"Andreia Ferreira","Tempo estimado de leitura":"2 minutos"},"schema":{"@context":"https:\/\/schema.org","@graph":[{"@type":"Article","@id":"https:\/\/www.altominho.tv\/site\/2019\/02\/05\/novo-presidente-da-turismo-porto-e-norte-defende-taxas-aplicadas-na-promocao-turistica-dos-municipios\/#article","isPartOf":{"@id":"https:\/\/www.altominho.tv\/site\/2019\/02\/05\/novo-presidente-da-turismo-porto-e-norte-defende-taxas-aplicadas-na-promocao-turistica-dos-municipios\/"},"author":{"name":"Andreia Ferreira","@id":"https:\/\/www.altominho.tv\/site\/#\/schema\/person\/d9be4265364723f14ea8e0d56a1d38cd"},"headline":"Novo presidente da Turismo Porto e Norte defende taxas aplicadas na promo\u00e7\u00e3o tur\u00edstica dos munic\u00edpios","datePublished":"2019-02-05T12:25:28+00:00","mainEntityOfPage":{"@id":"https:\/\/www.altominho.tv\/site\/2019\/02\/05\/novo-presidente-da-turismo-porto-e-norte-defende-taxas-aplicadas-na-promocao-turistica-dos-municipios\/"},"wordCount":354,"image":{"@id":"https:\/\/www.altominho.tv\/site\/2019\/02\/05\/novo-presidente-da-turismo-porto-e-norte-defende-taxas-aplicadas-na-promocao-turistica-dos-municipios\/#primaryimage"},"thumbnailUrl":"https:\/\/www.altominho.tv\/site\/wp-content\/uploads\/2019\/02\/Lui\u0301s-Pedro-Martins.jpg","keywords":["Sociedade"],"articleSection":["Alto Minho"],"inLanguage":"pt-PT","copyrightYear":"2019","copyrightHolder":{"@id":"https:\/\/www.altominho.tv\/site\/#organization"}},{"@type":"WebPage","@id":"https:\/\/www.altominho.tv\/site\/2019\/02\/05\/novo-presidente-da-turismo-porto-e-norte-defende-taxas-aplicadas-na-promocao-turistica-dos-municipios\/","url":"https:\/\/www.altominho.tv\/site\/2019\/02\/05\/novo-presidente-da-turismo-porto-e-norte-defende-taxas-aplicadas-na-promocao-turistica-dos-municipios\/","name":"Novo presidente da Turismo Porto e Norte defende taxas aplicadas na promo\u00e7\u00e3o tur\u00edstica dos munic\u00edpios","isPartOf":{"@id":"https:\/\/www.altominho.tv\/site\/#website"},"primaryImageOfPage":{"@id":"https:\/\/www.altominho.tv\/site\/2019\/02\/05\/novo-presidente-da-turismo-porto-e-norte-defende-taxas-aplicadas-na-promocao-turistica-dos-municipios\/#primaryimage"},"image":{"@id":"https:\/\/www.altominho.tv\/site\/2019\/02\/05\/novo-presidente-da-turismo-porto-e-norte-defende-taxas-aplicadas-na-promocao-turistica-dos-municipios\/#primaryimage"},"thumbnailUrl":"https:\/\/www.altominho.tv\/site\/wp-content\/uploads\/2019\/02\/Lui\u0301s-Pedro-Martins.jpg","datePublished":"2019-02-05T12:25:28+00:00","author":{"@id":"https:\/\/www.altominho.tv\/site\/#\/schema\/person\/d9be4265364723f14ea8e0d56a1d38cd"},"breadcrumb":{"@id":"https:\/\/www.altominho.tv\/site\/2019\/02\/05\/novo-presidente-da-turismo-porto-e-norte-defende-taxas-aplicadas-na-promocao-turistica-dos-municipios\/#breadcrumb"},"inLanguage":"pt-PT","potentialAction":[{"@type":"ReadAction","target":["https:\/\/www.altominho.tv\/site\/2019\/02\/05\/novo-presidente-da-turismo-porto-e-norte-defende-taxas-aplicadas-na-promocao-turistica-dos-municipios\/"]}]},{"@type":"ImageObject","inLanguage":"pt-PT","@id":"https:\/\/www.altominho.tv\/site\/2019\/02\/05\/novo-presidente-da-turismo-porto-e-norte-defende-taxas-aplicadas-na-promocao-turistica-dos-municipios\/#primaryimage","url":"https:\/\/www.altominho.tv\/site\/wp-content\/uploads\/2019\/02\/Lui\u0301s-Pedro-Martins.jpg","contentUrl":"https:\/\/www.altominho.tv\/site\/wp-content\/uploads\/2019\/02\/Lui\u0301s-Pedro-Martins.jpg","width":1920,"height":1080},{"@type":"BreadcrumbList","@id":"https:\/\/www.altominho.tv\/site\/2019\/02\/05\/novo-presidente-da-turismo-porto-e-norte-defende-taxas-aplicadas-na-promocao-turistica-dos-municipios\/#breadcrumb","itemListElement":[{"@type":"ListItem","position":1,"name":"In\u00edcio","item":"https:\/\/www.altominho.tv\/site\/"},{"@type":"ListItem","position":2,"name":"Novo presidente da Turismo Porto e Norte defende taxas aplicadas na promo\u00e7\u00e3o tur\u00edstica dos munic\u00edpios"}]},{"@type":"WebSite","@id":"https:\/\/www.altominho.tv\/site\/#website","url":"https:\/\/www.altominho.tv\/site\/","name":"Altominho.tv","description":"A sua regi\u00e3o \u00e0 dist\u00e2ncia de um clique...","potentialAction":[{"@type":"SearchAction","target":{"@type":"EntryPoint","urlTemplate":"https:\/\/www.altominho.tv\/site\/?s={search_term_string}"},"query-input":{"@type":"PropertyValueSpecification","valueRequired":true,"valueName":"search_term_string"}}],"inLanguage":"pt-PT"},{"@type":"Person","@id":"https:\/\/www.altominho.tv\/site\/#\/schema\/person\/d9be4265364723f14ea8e0d56a1d38cd","name":"Andreia Ferreira","image":{"@type":"ImageObject","inLanguage":"pt-PT","@id":"https:\/\/www.altominho.tv\/site\/wp-content\/uploads\/2021\/01\/AndreiaFerreira-150x150.jpg","url":"https:\/\/www.altominho.tv\/site\/wp-content\/uploads\/2021\/01\/AndreiaFerreira-150x150.jpg","contentUrl":"https:\/\/www.altominho.tv\/site\/wp-content\/uploads\/2021\/01\/AndreiaFerreira-150x150.jpg","caption":"Andreia Ferreira"},"url":"https:\/\/www.altominho.tv\/site\/author\/andreiaferreira\/"}]}},"_links":{"self":[{"href":"https:\/\/www.altominho.tv\/site\/wp-json\/wp\/v2\/posts\/23538","targetHints":{"allow":["GET"]}}],"collection":[{"href":"https:\/\/www.altominho.tv\/site\/wp-json\/wp\/v2\/posts"}],"about":[{"href":"https:\/\/www.altominho.tv\/site\/wp-json\/wp\/v2\/types\/post"}],"author":[{"embeddable":true,"href":"https:\/\/www.altominho.tv\/site\/wp-json\/wp\/v2\/users\/12"}],"replies":[{"embeddable":true,"href":"https:\/\/www.altominho.tv\/site\/wp-json\/wp\/v2\/comments?post=23538"}],"version-history":[{"count":0,"href":"https:\/\/www.altominho.tv\/site\/wp-json\/wp\/v2\/posts\/23538\/revisions"}],"wp:featuredmedia":[{"embeddable":true,"href":"https:\/\/www.altominho.tv\/site\/wp-json\/wp\/v2\/media\/23539"}],"wp:attachment":[{"href":"https:\/\/www.altominho.tv\/site\/wp-json\/wp\/v2\/media?parent=23538"}],"wp:term":[{"taxonomy":"category","embeddable":true,"href":"https:\/\/www.altominho.tv\/site\/wp-json\/wp\/v2\/categories?post=23538"},{"taxonomy":"post_tag","embeddable":true,"href":"https:\/\/www.altominho.tv\/site\/wp-json\/wp\/v2\/tags?post=23538"}],"curies":[{"name":"wp","href":"https:\/\/api.w.org\/{rel}","templated":true}]}}