{"id":23534,"date":"2019-02-05T11:29:25","date_gmt":"2019-02-05T11:29:25","guid":{"rendered":"http:\/\/www.altominho.tv\/site\/?p=23534"},"modified":"2019-02-05T11:29:25","modified_gmt":"2019-02-05T11:29:25","slug":"bairro-mineiro-de-alvaraes-legalizado-mais-de-60-anos-depois","status":"publish","type":"post","link":"https:\/\/www.altominho.tv\/site\/2019\/02\/05\/bairro-mineiro-de-alvaraes-legalizado-mais-de-60-anos-depois\/","title":{"rendered":"Bairro mineiro de Alvar\u00e3es legalizado mais de 60 anos depois"},"content":{"rendered":"<p>Cerca de 150 casas de um bairro mineiro, anterior \u00e0 d\u00e9cada de 50, em Alvar\u00e3es, Viana do Castelo, vai ser legalizado ap\u00f3s a aprova\u00e7\u00e3o pela C\u00e2mara local dos limites da \u00c1rea Urbana de G\u00e9nese Ilegal (AUGI).<\/p>\n<p>&#8220;\u00c9 a concretiza\u00e7\u00e3o de um sonho com mais de um quarto de s\u00e9culo, o tempo que estou na pol\u00edtica. O meu executivo, com a ajuda da C\u00e2mara Municipal, iniciou este trabalho h\u00e1 mais de 15 anos. Agora, finalmente, [este trabalho \u00e9] reconhecido com a aprova\u00e7\u00e3o da AUGI que vai dar outra vida \u00e0s pessoas que ali moram&#8221;, explicou o presidente da Junta de Freguesia de Alvar\u00e3es, Fernando Martins, citado numa nota enviada \u00e0 imprensa.<\/p>\n<p>No documento, a autarquia explicou que a medida abrange &#8220;v\u00e1rias dezenas de moradores&#8221; nas cerca de &#8220;centena e meia de casas constru\u00eddas em terrenos da Junta de Freguesia que v\u00e3o finalmente ter a sua situa\u00e7\u00e3o regularizada, com aprova\u00e7\u00e3o do regime AUGI para aquele bairro do lugar da Costeira, um polo regional da extra\u00e7\u00e3o de caulinos&#8221;.<\/p>\n<p>As casas foram sendo constru\u00eddas pelos trabalhadores do bairro de Alvar\u00e3es, que se dedicavam ao fabrico artesanal de telha naquela freguesia de Viana do Castelo.<\/p>\n<p>As AUGI, classifica\u00e7\u00e3o legal, s\u00e3o \u00e1reas que foram loteadas e ocupadas clandestinamente, permanecendo algumas delas sem parcelamento f\u00edsico e cuja classifica\u00e7\u00e3o permite a sua reconvers\u00e3o e, sobretudo, o fim de um regime de ocupa\u00e7\u00e3o irregular.<\/p>\n<p>&#8220;Este \u00e9 um trabalho que agora vai ganhar outro ritmo e que vai ser acelerado pela C\u00e2mara Municipal. Dentro desta \u00e1rea vamos regularizar as casas existentes, ordenar o Parque do Alvito. Vamos recuperar os antigos fornos telheiros do Museu da Cer\u00e2mica e instalar equipamentos desportivos e rotas comunit\u00e1rias&#8221;, assegurou Fernando Martins.<\/p>\n<p>A decis\u00e3o sobre os limites da AUGI do lugar da Costeira foi aprovada, por unanimidade, na \u00faltima reuni\u00e3o camar\u00e1ria. Na proposta, a maioria socialista no executivo municipal de Viana do Castelo explica tratar-se do &#8220;processo de reconvers\u00e3o urban\u00edstica por iniciativa municipal e sem apoio da administra\u00e7\u00e3o conjunta de um espa\u00e7o territorial com ocupa\u00e7\u00e3o humana e edificat\u00f3ria anterior \u00e0 d\u00e9cada de 50 (1950)&#8221;.<\/p>\n<p>A aprova\u00e7\u00e3o dos limites da AUGI ir\u00e1 ser agora comunicada pela autarquia da capital do Alto Minho \u00e0 Dire\u00e7\u00e3o-Geral do Territ\u00f3rio e \u00e0 Comiss\u00e3o de Coordena\u00e7\u00e3o e Desenvolvimento Regional do Norte (CCDR-N).<\/p>\n<p>&#8220;Esta decis\u00e3o da C\u00e2mara torna-se muito relevante para resolver o problema desta \u00e1rea. Agora ser\u00e1 feito um trabalho t\u00e9cnico de levantamento topogr\u00e1fico, de arquitetura paisag\u00edstica e de engenharia, para complementar os trabalhos anteriores, nomeadamente o levantamento cadastral do bairro&#8221;, refor\u00e7ou o presidente da Junta de Freguesia de Alvar\u00e3es.<\/p>\n<p>Documenta\u00e7\u00e3o recolhida pela Junta de Freguesia &#8220;atesta a exist\u00eancia de fornos de fabrico de telha desde o s\u00e9culo XVI, mas \u00e9 quase certa a sua anterioridade, pois h\u00e1 ind\u00edcios de ter sido naquela zona que se fabricou alguma da telha que cobriu o Mosteiro da Batalha&#8221;.<\/p>\n<p>O fabrico de materiais cer\u00e2micos na freguesia fica a dever-se a &#8220;uma grande quantidade de jazidas argilosas que possui, cuja qualidade \u00e9 comprovada pelo facto de, num passado ainda recente, virem industriais de Leiria e Alcoba\u00e7a comprar barro \u00e0 freguesia de Alvar\u00e3es&#8221;.<\/p>\n<p>O forno telheiro de Alvar\u00e3es, ainda em funcionamento, foi constru\u00eddo na primeira metade do s\u00e9culo XX e est\u00e1 classificado pelo Instituto Portugu\u00eas de Arqueologia (IPA), encontrando-se atualmente vedado. Nas proximidades existiram outros fornos semelhantes, que foram progressivamente destru\u00eddos.<\/p>\n<p>Fonte: Lusa<\/p>\n","protected":false},"excerpt":{"rendered":"<p>Cerca de 150 casas de um bairro mineiro, anterior \u00e0 d\u00e9cada de 50, em Alvar\u00e3es, Viana do Castelo, vai ser legalizado ap\u00f3s a aprova\u00e7\u00e3o pela C\u00e2mara local dos limites da \u00c1rea Urbana de G\u00e9nese Ilegal (AUGI). &#8220;\u00c9 a concretiza\u00e7\u00e3o de um sonho com mais de um quarto de s\u00e9culo, o tempo que estou na pol\u00edtica. [&hellip;]<\/p>\n","protected":false},"author":12,"featured_media":23535,"comment_status":"closed","ping_status":"closed","sticky":false,"template":"","format":"standard","meta":{"_exactmetrics_skip_tracking":false,"_exactmetrics_sitenote_active":false,"_exactmetrics_sitenote_note":"","_exactmetrics_sitenote_category":0,"footnotes":""},"categories":[14],"tags":[27],"class_list":["post-23534","post","type-post","status-publish","format-standard","has-post-thumbnail","hentry","category-viana-do-castelo","tag-sociedade"],"yoast_head":"<!-- This site is optimized with the Yoast SEO Premium plugin v27.5 (Yoast SEO v27.5) - https:\/\/yoast.com\/product\/yoast-seo-premium-wordpress\/ -->\n<title>Bairro mineiro de Alvar\u00e3es legalizado mais de 60 anos depois<\/title>\n<meta name=\"robots\" content=\"index, follow, max-snippet:-1, max-image-preview:large, max-video-preview:-1\" \/>\n<link rel=\"canonical\" href=\"https:\/\/www.altominho.tv\/site\/2019\/02\/05\/bairro-mineiro-de-alvaraes-legalizado-mais-de-60-anos-depois\/\" \/>\n<meta property=\"og:locale\" content=\"pt_PT\" \/>\n<meta property=\"og:type\" content=\"article\" \/>\n<meta property=\"og:title\" content=\"Bairro mineiro de Alvar\u00e3es legalizado mais de 60 anos depois\" \/>\n<meta property=\"og:description\" content=\"Cerca de 150 casas de um bairro mineiro, anterior \u00e0 d\u00e9cada de 50, em Alvar\u00e3es, Viana do Castelo, vai ser legalizado ap\u00f3s a aprova\u00e7\u00e3o pela C\u00e2mara local dos limites da \u00c1rea Urbana de G\u00e9nese Ilegal (AUGI). &#8220;\u00c9 a concretiza\u00e7\u00e3o de um sonho com mais de um quarto de s\u00e9culo, o tempo que estou na pol\u00edtica. [&hellip;]\" \/>\n<meta property=\"og:url\" content=\"https:\/\/www.altominho.tv\/site\/2019\/02\/05\/bairro-mineiro-de-alvaraes-legalizado-mais-de-60-anos-depois\/\" \/>\n<meta property=\"og:site_name\" content=\"Altominho.tv\" \/>\n<meta property=\"article:publisher\" content=\"https:\/\/www.facebook.com\/altominhotv\" \/>\n<meta property=\"article:published_time\" content=\"2019-02-05T11:29:25+00:00\" \/>\n<meta property=\"og:image\" content=\"https:\/\/www.altominho.tv\/site\/wp-content\/uploads\/2019\/02\/bosque.jpg\" \/>\n\t<meta property=\"og:image:width\" content=\"1811\" \/>\n\t<meta property=\"og:image:height\" content=\"899\" \/>\n\t<meta property=\"og:image:type\" content=\"image\/jpeg\" \/>\n<meta name=\"author\" content=\"Andreia Ferreira\" \/>\n<meta name=\"twitter:card\" content=\"summary_large_image\" \/>\n<meta name=\"twitter:creator\" content=\"@altominhoTV\" \/>\n<meta name=\"twitter:site\" content=\"@altominhoTV\" \/>\n<meta name=\"twitter:label1\" content=\"Escrito por\" \/>\n\t<meta name=\"twitter:data1\" content=\"Andreia Ferreira\" \/>\n\t<meta name=\"twitter:label2\" content=\"Tempo estimado de leitura\" \/>\n\t<meta name=\"twitter:data2\" content=\"3 minutos\" \/>\n<script type=\"application\/ld+json\" class=\"yoast-schema-graph\">{\"@context\":\"https:\\\/\\\/schema.org\",\"@graph\":[{\"@type\":\"Article\",\"@id\":\"https:\\\/\\\/www.altominho.tv\\\/site\\\/2019\\\/02\\\/05\\\/bairro-mineiro-de-alvaraes-legalizado-mais-de-60-anos-depois\\\/#article\",\"isPartOf\":{\"@id\":\"https:\\\/\\\/www.altominho.tv\\\/site\\\/2019\\\/02\\\/05\\\/bairro-mineiro-de-alvaraes-legalizado-mais-de-60-anos-depois\\\/\"},\"author\":{\"name\":\"Andreia Ferreira\",\"@id\":\"https:\\\/\\\/www.altominho.tv\\\/site\\\/#\\\/schema\\\/person\\\/d9be4265364723f14ea8e0d56a1d38cd\"},\"headline\":\"Bairro mineiro de Alvar\u00e3es legalizado mais de 60 anos depois\",\"datePublished\":\"2019-02-05T11:29:25+00:00\",\"mainEntityOfPage\":{\"@id\":\"https:\\\/\\\/www.altominho.tv\\\/site\\\/2019\\\/02\\\/05\\\/bairro-mineiro-de-alvaraes-legalizado-mais-de-60-anos-depois\\\/\"},\"wordCount\":603,\"image\":{\"@id\":\"https:\\\/\\\/www.altominho.tv\\\/site\\\/2019\\\/02\\\/05\\\/bairro-mineiro-de-alvaraes-legalizado-mais-de-60-anos-depois\\\/#primaryimage\"},\"thumbnailUrl\":\"https:\\\/\\\/www.altominho.tv\\\/site\\\/wp-content\\\/uploads\\\/2019\\\/02\\\/bosque.jpg\",\"keywords\":[\"Sociedade\"],\"articleSection\":[\"Viana do Castelo\"],\"inLanguage\":\"pt-PT\",\"copyrightYear\":\"2019\",\"copyrightHolder\":{\"@id\":\"https:\\\/\\\/www.altominho.tv\\\/site\\\/#organization\"}},{\"@type\":\"WebPage\",\"@id\":\"https:\\\/\\\/www.altominho.tv\\\/site\\\/2019\\\/02\\\/05\\\/bairro-mineiro-de-alvaraes-legalizado-mais-de-60-anos-depois\\\/\",\"url\":\"https:\\\/\\\/www.altominho.tv\\\/site\\\/2019\\\/02\\\/05\\\/bairro-mineiro-de-alvaraes-legalizado-mais-de-60-anos-depois\\\/\",\"name\":\"Bairro mineiro de Alvar\u00e3es legalizado mais de 60 anos depois\",\"isPartOf\":{\"@id\":\"https:\\\/\\\/www.altominho.tv\\\/site\\\/#website\"},\"primaryImageOfPage\":{\"@id\":\"https:\\\/\\\/www.altominho.tv\\\/site\\\/2019\\\/02\\\/05\\\/bairro-mineiro-de-alvaraes-legalizado-mais-de-60-anos-depois\\\/#primaryimage\"},\"image\":{\"@id\":\"https:\\\/\\\/www.altominho.tv\\\/site\\\/2019\\\/02\\\/05\\\/bairro-mineiro-de-alvaraes-legalizado-mais-de-60-anos-depois\\\/#primaryimage\"},\"thumbnailUrl\":\"https:\\\/\\\/www.altominho.tv\\\/site\\\/wp-content\\\/uploads\\\/2019\\\/02\\\/bosque.jpg\",\"datePublished\":\"2019-02-05T11:29:25+00:00\",\"author\":{\"@id\":\"https:\\\/\\\/www.altominho.tv\\\/site\\\/#\\\/schema\\\/person\\\/d9be4265364723f14ea8e0d56a1d38cd\"},\"breadcrumb\":{\"@id\":\"https:\\\/\\\/www.altominho.tv\\\/site\\\/2019\\\/02\\\/05\\\/bairro-mineiro-de-alvaraes-legalizado-mais-de-60-anos-depois\\\/#breadcrumb\"},\"inLanguage\":\"pt-PT\",\"potentialAction\":[{\"@type\":\"ReadAction\",\"target\":[\"https:\\\/\\\/www.altominho.tv\\\/site\\\/2019\\\/02\\\/05\\\/bairro-mineiro-de-alvaraes-legalizado-mais-de-60-anos-depois\\\/\"]}]},{\"@type\":\"ImageObject\",\"inLanguage\":\"pt-PT\",\"@id\":\"https:\\\/\\\/www.altominho.tv\\\/site\\\/2019\\\/02\\\/05\\\/bairro-mineiro-de-alvaraes-legalizado-mais-de-60-anos-depois\\\/#primaryimage\",\"url\":\"https:\\\/\\\/www.altominho.tv\\\/site\\\/wp-content\\\/uploads\\\/2019\\\/02\\\/bosque.jpg\",\"contentUrl\":\"https:\\\/\\\/www.altominho.tv\\\/site\\\/wp-content\\\/uploads\\\/2019\\\/02\\\/bosque.jpg\",\"width\":1811,\"height\":899,\"caption\":\"RAM\"},{\"@type\":\"BreadcrumbList\",\"@id\":\"https:\\\/\\\/www.altominho.tv\\\/site\\\/2019\\\/02\\\/05\\\/bairro-mineiro-de-alvaraes-legalizado-mais-de-60-anos-depois\\\/#breadcrumb\",\"itemListElement\":[{\"@type\":\"ListItem\",\"position\":1,\"name\":\"In\u00edcio\",\"item\":\"https:\\\/\\\/www.altominho.tv\\\/site\\\/\"},{\"@type\":\"ListItem\",\"position\":2,\"name\":\"Bairro mineiro de Alvar\u00e3es legalizado mais de 60 anos depois\"}]},{\"@type\":\"WebSite\",\"@id\":\"https:\\\/\\\/www.altominho.tv\\\/site\\\/#website\",\"url\":\"https:\\\/\\\/www.altominho.tv\\\/site\\\/\",\"name\":\"Altominho.tv\",\"description\":\"A sua regi\u00e3o \u00e0 dist\u00e2ncia de um clique...\",\"potentialAction\":[{\"@type\":\"SearchAction\",\"target\":{\"@type\":\"EntryPoint\",\"urlTemplate\":\"https:\\\/\\\/www.altominho.tv\\\/site\\\/?s={search_term_string}\"},\"query-input\":{\"@type\":\"PropertyValueSpecification\",\"valueRequired\":true,\"valueName\":\"search_term_string\"}}],\"inLanguage\":\"pt-PT\"},{\"@type\":\"Person\",\"@id\":\"https:\\\/\\\/www.altominho.tv\\\/site\\\/#\\\/schema\\\/person\\\/d9be4265364723f14ea8e0d56a1d38cd\",\"name\":\"Andreia Ferreira\",\"image\":{\"@type\":\"ImageObject\",\"inLanguage\":\"pt-PT\",\"@id\":\"https:\\\/\\\/www.altominho.tv\\\/site\\\/wp-content\\\/uploads\\\/2021\\\/01\\\/AndreiaFerreira-150x150.jpg\",\"url\":\"https:\\\/\\\/www.altominho.tv\\\/site\\\/wp-content\\\/uploads\\\/2021\\\/01\\\/AndreiaFerreira-150x150.jpg\",\"contentUrl\":\"https:\\\/\\\/www.altominho.tv\\\/site\\\/wp-content\\\/uploads\\\/2021\\\/01\\\/AndreiaFerreira-150x150.jpg\",\"caption\":\"Andreia Ferreira\"},\"url\":\"https:\\\/\\\/www.altominho.tv\\\/site\\\/author\\\/andreiaferreira\\\/\"}]}<\/script>\n<!-- \/ Yoast SEO Premium plugin. -->","yoast_head_json":{"title":"Bairro mineiro de Alvar\u00e3es legalizado mais de 60 anos depois","robots":{"index":"index","follow":"follow","max-snippet":"max-snippet:-1","max-image-preview":"max-image-preview:large","max-video-preview":"max-video-preview:-1"},"canonical":"https:\/\/www.altominho.tv\/site\/2019\/02\/05\/bairro-mineiro-de-alvaraes-legalizado-mais-de-60-anos-depois\/","og_locale":"pt_PT","og_type":"article","og_title":"Bairro mineiro de Alvar\u00e3es legalizado mais de 60 anos depois","og_description":"Cerca de 150 casas de um bairro mineiro, anterior \u00e0 d\u00e9cada de 50, em Alvar\u00e3es, Viana do Castelo, vai ser legalizado ap\u00f3s a aprova\u00e7\u00e3o pela C\u00e2mara local dos limites da \u00c1rea Urbana de G\u00e9nese Ilegal (AUGI). &#8220;\u00c9 a concretiza\u00e7\u00e3o de um sonho com mais de um quarto de s\u00e9culo, o tempo que estou na pol\u00edtica. [&hellip;]","og_url":"https:\/\/www.altominho.tv\/site\/2019\/02\/05\/bairro-mineiro-de-alvaraes-legalizado-mais-de-60-anos-depois\/","og_site_name":"Altominho.tv","article_publisher":"https:\/\/www.facebook.com\/altominhotv","article_published_time":"2019-02-05T11:29:25+00:00","og_image":[{"width":1811,"height":899,"url":"https:\/\/www.altominho.tv\/site\/wp-content\/uploads\/2019\/02\/bosque.jpg","type":"image\/jpeg"}],"author":"Andreia Ferreira","twitter_card":"summary_large_image","twitter_creator":"@altominhoTV","twitter_site":"@altominhoTV","twitter_misc":{"Escrito por":"Andreia Ferreira","Tempo estimado de leitura":"3 minutos"},"schema":{"@context":"https:\/\/schema.org","@graph":[{"@type":"Article","@id":"https:\/\/www.altominho.tv\/site\/2019\/02\/05\/bairro-mineiro-de-alvaraes-legalizado-mais-de-60-anos-depois\/#article","isPartOf":{"@id":"https:\/\/www.altominho.tv\/site\/2019\/02\/05\/bairro-mineiro-de-alvaraes-legalizado-mais-de-60-anos-depois\/"},"author":{"name":"Andreia Ferreira","@id":"https:\/\/www.altominho.tv\/site\/#\/schema\/person\/d9be4265364723f14ea8e0d56a1d38cd"},"headline":"Bairro mineiro de Alvar\u00e3es legalizado mais de 60 anos depois","datePublished":"2019-02-05T11:29:25+00:00","mainEntityOfPage":{"@id":"https:\/\/www.altominho.tv\/site\/2019\/02\/05\/bairro-mineiro-de-alvaraes-legalizado-mais-de-60-anos-depois\/"},"wordCount":603,"image":{"@id":"https:\/\/www.altominho.tv\/site\/2019\/02\/05\/bairro-mineiro-de-alvaraes-legalizado-mais-de-60-anos-depois\/#primaryimage"},"thumbnailUrl":"https:\/\/www.altominho.tv\/site\/wp-content\/uploads\/2019\/02\/bosque.jpg","keywords":["Sociedade"],"articleSection":["Viana do Castelo"],"inLanguage":"pt-PT","copyrightYear":"2019","copyrightHolder":{"@id":"https:\/\/www.altominho.tv\/site\/#organization"}},{"@type":"WebPage","@id":"https:\/\/www.altominho.tv\/site\/2019\/02\/05\/bairro-mineiro-de-alvaraes-legalizado-mais-de-60-anos-depois\/","url":"https:\/\/www.altominho.tv\/site\/2019\/02\/05\/bairro-mineiro-de-alvaraes-legalizado-mais-de-60-anos-depois\/","name":"Bairro mineiro de Alvar\u00e3es legalizado mais de 60 anos depois","isPartOf":{"@id":"https:\/\/www.altominho.tv\/site\/#website"},"primaryImageOfPage":{"@id":"https:\/\/www.altominho.tv\/site\/2019\/02\/05\/bairro-mineiro-de-alvaraes-legalizado-mais-de-60-anos-depois\/#primaryimage"},"image":{"@id":"https:\/\/www.altominho.tv\/site\/2019\/02\/05\/bairro-mineiro-de-alvaraes-legalizado-mais-de-60-anos-depois\/#primaryimage"},"thumbnailUrl":"https:\/\/www.altominho.tv\/site\/wp-content\/uploads\/2019\/02\/bosque.jpg","datePublished":"2019-02-05T11:29:25+00:00","author":{"@id":"https:\/\/www.altominho.tv\/site\/#\/schema\/person\/d9be4265364723f14ea8e0d56a1d38cd"},"breadcrumb":{"@id":"https:\/\/www.altominho.tv\/site\/2019\/02\/05\/bairro-mineiro-de-alvaraes-legalizado-mais-de-60-anos-depois\/#breadcrumb"},"inLanguage":"pt-PT","potentialAction":[{"@type":"ReadAction","target":["https:\/\/www.altominho.tv\/site\/2019\/02\/05\/bairro-mineiro-de-alvaraes-legalizado-mais-de-60-anos-depois\/"]}]},{"@type":"ImageObject","inLanguage":"pt-PT","@id":"https:\/\/www.altominho.tv\/site\/2019\/02\/05\/bairro-mineiro-de-alvaraes-legalizado-mais-de-60-anos-depois\/#primaryimage","url":"https:\/\/www.altominho.tv\/site\/wp-content\/uploads\/2019\/02\/bosque.jpg","contentUrl":"https:\/\/www.altominho.tv\/site\/wp-content\/uploads\/2019\/02\/bosque.jpg","width":1811,"height":899,"caption":"RAM"},{"@type":"BreadcrumbList","@id":"https:\/\/www.altominho.tv\/site\/2019\/02\/05\/bairro-mineiro-de-alvaraes-legalizado-mais-de-60-anos-depois\/#breadcrumb","itemListElement":[{"@type":"ListItem","position":1,"name":"In\u00edcio","item":"https:\/\/www.altominho.tv\/site\/"},{"@type":"ListItem","position":2,"name":"Bairro mineiro de Alvar\u00e3es legalizado mais de 60 anos depois"}]},{"@type":"WebSite","@id":"https:\/\/www.altominho.tv\/site\/#website","url":"https:\/\/www.altominho.tv\/site\/","name":"Altominho.tv","description":"A sua regi\u00e3o \u00e0 dist\u00e2ncia de um clique...","potentialAction":[{"@type":"SearchAction","target":{"@type":"EntryPoint","urlTemplate":"https:\/\/www.altominho.tv\/site\/?s={search_term_string}"},"query-input":{"@type":"PropertyValueSpecification","valueRequired":true,"valueName":"search_term_string"}}],"inLanguage":"pt-PT"},{"@type":"Person","@id":"https:\/\/www.altominho.tv\/site\/#\/schema\/person\/d9be4265364723f14ea8e0d56a1d38cd","name":"Andreia Ferreira","image":{"@type":"ImageObject","inLanguage":"pt-PT","@id":"https:\/\/www.altominho.tv\/site\/wp-content\/uploads\/2021\/01\/AndreiaFerreira-150x150.jpg","url":"https:\/\/www.altominho.tv\/site\/wp-content\/uploads\/2021\/01\/AndreiaFerreira-150x150.jpg","contentUrl":"https:\/\/www.altominho.tv\/site\/wp-content\/uploads\/2021\/01\/AndreiaFerreira-150x150.jpg","caption":"Andreia Ferreira"},"url":"https:\/\/www.altominho.tv\/site\/author\/andreiaferreira\/"}]}},"_links":{"self":[{"href":"https:\/\/www.altominho.tv\/site\/wp-json\/wp\/v2\/posts\/23534","targetHints":{"allow":["GET"]}}],"collection":[{"href":"https:\/\/www.altominho.tv\/site\/wp-json\/wp\/v2\/posts"}],"about":[{"href":"https:\/\/www.altominho.tv\/site\/wp-json\/wp\/v2\/types\/post"}],"author":[{"embeddable":true,"href":"https:\/\/www.altominho.tv\/site\/wp-json\/wp\/v2\/users\/12"}],"replies":[{"embeddable":true,"href":"https:\/\/www.altominho.tv\/site\/wp-json\/wp\/v2\/comments?post=23534"}],"version-history":[{"count":0,"href":"https:\/\/www.altominho.tv\/site\/wp-json\/wp\/v2\/posts\/23534\/revisions"}],"wp:featuredmedia":[{"embeddable":true,"href":"https:\/\/www.altominho.tv\/site\/wp-json\/wp\/v2\/media\/23535"}],"wp:attachment":[{"href":"https:\/\/www.altominho.tv\/site\/wp-json\/wp\/v2\/media?parent=23534"}],"wp:term":[{"taxonomy":"category","embeddable":true,"href":"https:\/\/www.altominho.tv\/site\/wp-json\/wp\/v2\/categories?post=23534"},{"taxonomy":"post_tag","embeddable":true,"href":"https:\/\/www.altominho.tv\/site\/wp-json\/wp\/v2\/tags?post=23534"}],"curies":[{"name":"wp","href":"https:\/\/api.w.org\/{rel}","templated":true}]}}