{"id":23491,"date":"2019-02-04T18:32:05","date_gmt":"2019-02-04T18:32:05","guid":{"rendered":"http:\/\/www.altominho.tv\/site\/?p=23491"},"modified":"2019-02-04T18:32:05","modified_gmt":"2019-02-04T18:32:05","slug":"gnr-deteta-441-infracoes-de-transito-na-ultima-semana-no-alto-minho","status":"publish","type":"post","link":"https:\/\/www.altominho.tv\/site\/2019\/02\/04\/gnr-deteta-441-infracoes-de-transito-na-ultima-semana-no-alto-minho\/","title":{"rendered":"GNR deteta 441 infra\u00e7\u00f5es de tr\u00e2nsito na \u00faltima semana no Alto Minho"},"content":{"rendered":"<p>A GNR detetou,\u00a0na \u00faltima semana, no distrito de Viana do Castelo, 441 infra\u00e7\u00f5es de tr\u00e2nsito e deteve, em flagrante delito, 15 pessoas.<\/p>\n<p>Em comunicado, com o balan\u00e7o da atividade operacional da semana entre os dias 28 de janeiro e 3 de fevereiro, o Comando Territorial da GNR de Viana do Castelo adiantou que, entre as 441 infra\u00e7\u00f5es de tr\u00e2nsito detetadas, 56 foram por excesso de velocidade, 17 por falta de inspe\u00e7\u00e3o peri\u00f3dica obrigat\u00f3ria, 16 por falta ou incorreta utiliza\u00e7\u00e3o do cinto de seguran\u00e7a e\/ou sistema de reten\u00e7\u00e3o para crian\u00e7as, 15 relacionadas com ilumina\u00e7\u00e3o e sinaliza\u00e7\u00e3o, 15 por uso indevido do telem\u00f3vel no exerc\u00edcio da condu\u00e7\u00e3o e 10 por condu\u00e7\u00e3o com taxa de \u00e1lcool no sangue superior ao permitido por lei.<\/p>\n<p>J\u00e1 entre as 15 deten\u00e7\u00f5es, cinco foram por condu\u00e7\u00e3o sob efeito do \u00e1lcool, quatro por tr\u00e1fico de estupefacientes, dois por <a href=\"http:\/\/www.altominho.tv\/site\/2019\/02\/04\/gnr-detem-casal-por-furtar-430-litros-de-combustivel\/\">furto de combust\u00edvel<\/a>, uma por condu\u00e7\u00e3o sem habilita\u00e7\u00e3o legal e uma por viol\u00eancia dom\u00e9stica.<\/p>\n<p>Naquele per\u00edodo, os militares da GNR apreenderam\u00a084 doses de haxixe, 17 doses de coca\u00edna, seis doses de hero\u00edna, 21 recipientes com 430 litros de combust\u00edvel, tr\u00eas armas brancas, duas mangueiras e dois telem\u00f3veis.<\/p>\n<p>A for\u00e7a policial registou ainda 57 acidentes, dos quais resultaram 14 feridos leves.<\/p>\n","protected":false},"excerpt":{"rendered":"<p>A GNR detetou,\u00a0na \u00faltima semana, no distrito de Viana do Castelo, 441 infra\u00e7\u00f5es de tr\u00e2nsito e deteve, em flagrante delito, 15 pessoas. Em comunicado, com o balan\u00e7o da atividade operacional da semana entre os dias 28 de janeiro e 3 de fevereiro, o Comando Territorial da GNR de Viana do Castelo adiantou que, entre as [&hellip;]<\/p>\n","protected":false},"author":12,"featured_media":23507,"comment_status":"closed","ping_status":"closed","sticky":false,"template":"","format":"standard","meta":{"_exactmetrics_skip_tracking":false,"_exactmetrics_sitenote_active":false,"_exactmetrics_sitenote_note":"","_exactmetrics_sitenote_category":0,"footnotes":""},"categories":[73],"tags":[27],"class_list":["post-23491","post","type-post","status-publish","format-standard","has-post-thumbnail","hentry","category-alto-minho","tag-sociedade"],"yoast_head":"<!-- This site is optimized with the Yoast SEO Premium plugin v27.5 (Yoast SEO v27.5) - https:\/\/yoast.com\/product\/yoast-seo-premium-wordpress\/ -->\n<title>GNR deteta 441 infra\u00e7\u00f5es de tr\u00e2nsito na \u00faltima semana no Alto Minho<\/title>\n<meta name=\"robots\" content=\"index, follow, max-snippet:-1, max-image-preview:large, max-video-preview:-1\" \/>\n<link rel=\"canonical\" href=\"https:\/\/www.altominho.tv\/site\/2019\/02\/04\/gnr-deteta-441-infracoes-de-transito-na-ultima-semana-no-alto-minho\/\" \/>\n<meta property=\"og:locale\" content=\"pt_PT\" \/>\n<meta property=\"og:type\" content=\"article\" \/>\n<meta property=\"og:title\" content=\"GNR deteta 441 infra\u00e7\u00f5es de tr\u00e2nsito na \u00faltima semana no Alto Minho\" \/>\n<meta property=\"og:description\" content=\"A GNR detetou,\u00a0na \u00faltima semana, no distrito de Viana do Castelo, 441 infra\u00e7\u00f5es de tr\u00e2nsito e deteve, em flagrante delito, 15 pessoas. Em comunicado, com o balan\u00e7o da atividade operacional da semana entre os dias 28 de janeiro e 3 de fevereiro, o Comando Territorial da GNR de Viana do Castelo adiantou que, entre as [&hellip;]\" \/>\n<meta property=\"og:url\" content=\"https:\/\/www.altominho.tv\/site\/2019\/02\/04\/gnr-deteta-441-infracoes-de-transito-na-ultima-semana-no-alto-minho\/\" \/>\n<meta property=\"og:site_name\" content=\"Altominho.tv\" \/>\n<meta property=\"article:publisher\" content=\"https:\/\/www.facebook.com\/altominhotv\" \/>\n<meta property=\"article:published_time\" content=\"2019-02-04T18:32:05+00:00\" \/>\n<meta property=\"og:image\" content=\"https:\/\/www.altominho.tv\/site\/wp-content\/uploads\/2019\/02\/gnr.jpg\" \/>\n\t<meta property=\"og:image:width\" content=\"1152\" \/>\n\t<meta property=\"og:image:height\" content=\"768\" \/>\n\t<meta property=\"og:image:type\" content=\"image\/jpeg\" \/>\n<meta name=\"author\" content=\"Andreia Ferreira\" \/>\n<meta name=\"twitter:card\" content=\"summary_large_image\" \/>\n<meta name=\"twitter:creator\" content=\"@altominhoTV\" \/>\n<meta name=\"twitter:site\" content=\"@altominhoTV\" \/>\n<meta name=\"twitter:label1\" content=\"Escrito por\" \/>\n\t<meta name=\"twitter:data1\" content=\"Andreia Ferreira\" \/>\n\t<meta name=\"twitter:label2\" content=\"Tempo estimado de leitura\" \/>\n\t<meta name=\"twitter:data2\" content=\"1 minuto\" \/>\n<script type=\"application\/ld+json\" class=\"yoast-schema-graph\">{\"@context\":\"https:\\\/\\\/schema.org\",\"@graph\":[{\"@type\":\"Article\",\"@id\":\"https:\\\/\\\/www.altominho.tv\\\/site\\\/2019\\\/02\\\/04\\\/gnr-deteta-441-infracoes-de-transito-na-ultima-semana-no-alto-minho\\\/#article\",\"isPartOf\":{\"@id\":\"https:\\\/\\\/www.altominho.tv\\\/site\\\/2019\\\/02\\\/04\\\/gnr-deteta-441-infracoes-de-transito-na-ultima-semana-no-alto-minho\\\/\"},\"author\":{\"name\":\"Andreia Ferreira\",\"@id\":\"https:\\\/\\\/www.altominho.tv\\\/site\\\/#\\\/schema\\\/person\\\/d9be4265364723f14ea8e0d56a1d38cd\"},\"headline\":\"GNR deteta 441 infra\u00e7\u00f5es de tr\u00e2nsito na \u00faltima semana no Alto Minho\",\"datePublished\":\"2019-02-04T18:32:05+00:00\",\"mainEntityOfPage\":{\"@id\":\"https:\\\/\\\/www.altominho.tv\\\/site\\\/2019\\\/02\\\/04\\\/gnr-deteta-441-infracoes-de-transito-na-ultima-semana-no-alto-minho\\\/\"},\"wordCount\":231,\"image\":{\"@id\":\"https:\\\/\\\/www.altominho.tv\\\/site\\\/2019\\\/02\\\/04\\\/gnr-deteta-441-infracoes-de-transito-na-ultima-semana-no-alto-minho\\\/#primaryimage\"},\"thumbnailUrl\":\"https:\\\/\\\/www.altominho.tv\\\/site\\\/wp-content\\\/uploads\\\/2019\\\/02\\\/gnr.jpg\",\"keywords\":[\"Sociedade\"],\"articleSection\":[\"Alto Minho\"],\"inLanguage\":\"pt-PT\",\"copyrightYear\":\"2019\",\"copyrightHolder\":{\"@id\":\"https:\\\/\\\/www.altominho.tv\\\/site\\\/#organization\"}},{\"@type\":\"WebPage\",\"@id\":\"https:\\\/\\\/www.altominho.tv\\\/site\\\/2019\\\/02\\\/04\\\/gnr-deteta-441-infracoes-de-transito-na-ultima-semana-no-alto-minho\\\/\",\"url\":\"https:\\\/\\\/www.altominho.tv\\\/site\\\/2019\\\/02\\\/04\\\/gnr-deteta-441-infracoes-de-transito-na-ultima-semana-no-alto-minho\\\/\",\"name\":\"GNR deteta 441 infra\u00e7\u00f5es de tr\u00e2nsito na \u00faltima semana no Alto Minho\",\"isPartOf\":{\"@id\":\"https:\\\/\\\/www.altominho.tv\\\/site\\\/#website\"},\"primaryImageOfPage\":{\"@id\":\"https:\\\/\\\/www.altominho.tv\\\/site\\\/2019\\\/02\\\/04\\\/gnr-deteta-441-infracoes-de-transito-na-ultima-semana-no-alto-minho\\\/#primaryimage\"},\"image\":{\"@id\":\"https:\\\/\\\/www.altominho.tv\\\/site\\\/2019\\\/02\\\/04\\\/gnr-deteta-441-infracoes-de-transito-na-ultima-semana-no-alto-minho\\\/#primaryimage\"},\"thumbnailUrl\":\"https:\\\/\\\/www.altominho.tv\\\/site\\\/wp-content\\\/uploads\\\/2019\\\/02\\\/gnr.jpg\",\"datePublished\":\"2019-02-04T18:32:05+00:00\",\"author\":{\"@id\":\"https:\\\/\\\/www.altominho.tv\\\/site\\\/#\\\/schema\\\/person\\\/d9be4265364723f14ea8e0d56a1d38cd\"},\"breadcrumb\":{\"@id\":\"https:\\\/\\\/www.altominho.tv\\\/site\\\/2019\\\/02\\\/04\\\/gnr-deteta-441-infracoes-de-transito-na-ultima-semana-no-alto-minho\\\/#breadcrumb\"},\"inLanguage\":\"pt-PT\",\"potentialAction\":[{\"@type\":\"ReadAction\",\"target\":[\"https:\\\/\\\/www.altominho.tv\\\/site\\\/2019\\\/02\\\/04\\\/gnr-deteta-441-infracoes-de-transito-na-ultima-semana-no-alto-minho\\\/\"]}]},{\"@type\":\"ImageObject\",\"inLanguage\":\"pt-PT\",\"@id\":\"https:\\\/\\\/www.altominho.tv\\\/site\\\/2019\\\/02\\\/04\\\/gnr-deteta-441-infracoes-de-transito-na-ultima-semana-no-alto-minho\\\/#primaryimage\",\"url\":\"https:\\\/\\\/www.altominho.tv\\\/site\\\/wp-content\\\/uploads\\\/2019\\\/02\\\/gnr.jpg\",\"contentUrl\":\"https:\\\/\\\/www.altominho.tv\\\/site\\\/wp-content\\\/uploads\\\/2019\\\/02\\\/gnr.jpg\",\"width\":1152,\"height\":768},{\"@type\":\"BreadcrumbList\",\"@id\":\"https:\\\/\\\/www.altominho.tv\\\/site\\\/2019\\\/02\\\/04\\\/gnr-deteta-441-infracoes-de-transito-na-ultima-semana-no-alto-minho\\\/#breadcrumb\",\"itemListElement\":[{\"@type\":\"ListItem\",\"position\":1,\"name\":\"In\u00edcio\",\"item\":\"https:\\\/\\\/www.altominho.tv\\\/site\\\/\"},{\"@type\":\"ListItem\",\"position\":2,\"name\":\"GNR deteta 441 infra\u00e7\u00f5es de tr\u00e2nsito na \u00faltima semana no Alto Minho\"}]},{\"@type\":\"WebSite\",\"@id\":\"https:\\\/\\\/www.altominho.tv\\\/site\\\/#website\",\"url\":\"https:\\\/\\\/www.altominho.tv\\\/site\\\/\",\"name\":\"Altominho.tv\",\"description\":\"A sua regi\u00e3o \u00e0 dist\u00e2ncia de um clique...\",\"potentialAction\":[{\"@type\":\"SearchAction\",\"target\":{\"@type\":\"EntryPoint\",\"urlTemplate\":\"https:\\\/\\\/www.altominho.tv\\\/site\\\/?s={search_term_string}\"},\"query-input\":{\"@type\":\"PropertyValueSpecification\",\"valueRequired\":true,\"valueName\":\"search_term_string\"}}],\"inLanguage\":\"pt-PT\"},{\"@type\":\"Person\",\"@id\":\"https:\\\/\\\/www.altominho.tv\\\/site\\\/#\\\/schema\\\/person\\\/d9be4265364723f14ea8e0d56a1d38cd\",\"name\":\"Andreia Ferreira\",\"image\":{\"@type\":\"ImageObject\",\"inLanguage\":\"pt-PT\",\"@id\":\"https:\\\/\\\/www.altominho.tv\\\/site\\\/wp-content\\\/uploads\\\/2021\\\/01\\\/AndreiaFerreira-150x150.jpg\",\"url\":\"https:\\\/\\\/www.altominho.tv\\\/site\\\/wp-content\\\/uploads\\\/2021\\\/01\\\/AndreiaFerreira-150x150.jpg\",\"contentUrl\":\"https:\\\/\\\/www.altominho.tv\\\/site\\\/wp-content\\\/uploads\\\/2021\\\/01\\\/AndreiaFerreira-150x150.jpg\",\"caption\":\"Andreia Ferreira\"},\"url\":\"https:\\\/\\\/www.altominho.tv\\\/site\\\/author\\\/andreiaferreira\\\/\"}]}<\/script>\n<!-- \/ Yoast SEO Premium plugin. -->","yoast_head_json":{"title":"GNR deteta 441 infra\u00e7\u00f5es de tr\u00e2nsito na \u00faltima semana no Alto Minho","robots":{"index":"index","follow":"follow","max-snippet":"max-snippet:-1","max-image-preview":"max-image-preview:large","max-video-preview":"max-video-preview:-1"},"canonical":"https:\/\/www.altominho.tv\/site\/2019\/02\/04\/gnr-deteta-441-infracoes-de-transito-na-ultima-semana-no-alto-minho\/","og_locale":"pt_PT","og_type":"article","og_title":"GNR deteta 441 infra\u00e7\u00f5es de tr\u00e2nsito na \u00faltima semana no Alto Minho","og_description":"A GNR detetou,\u00a0na \u00faltima semana, no distrito de Viana do Castelo, 441 infra\u00e7\u00f5es de tr\u00e2nsito e deteve, em flagrante delito, 15 pessoas. Em comunicado, com o balan\u00e7o da atividade operacional da semana entre os dias 28 de janeiro e 3 de fevereiro, o Comando Territorial da GNR de Viana do Castelo adiantou que, entre as [&hellip;]","og_url":"https:\/\/www.altominho.tv\/site\/2019\/02\/04\/gnr-deteta-441-infracoes-de-transito-na-ultima-semana-no-alto-minho\/","og_site_name":"Altominho.tv","article_publisher":"https:\/\/www.facebook.com\/altominhotv","article_published_time":"2019-02-04T18:32:05+00:00","og_image":[{"width":1152,"height":768,"url":"https:\/\/www.altominho.tv\/site\/wp-content\/uploads\/2019\/02\/gnr.jpg","type":"image\/jpeg"}],"author":"Andreia Ferreira","twitter_card":"summary_large_image","twitter_creator":"@altominhoTV","twitter_site":"@altominhoTV","twitter_misc":{"Escrito por":"Andreia Ferreira","Tempo estimado de leitura":"1 minuto"},"schema":{"@context":"https:\/\/schema.org","@graph":[{"@type":"Article","@id":"https:\/\/www.altominho.tv\/site\/2019\/02\/04\/gnr-deteta-441-infracoes-de-transito-na-ultima-semana-no-alto-minho\/#article","isPartOf":{"@id":"https:\/\/www.altominho.tv\/site\/2019\/02\/04\/gnr-deteta-441-infracoes-de-transito-na-ultima-semana-no-alto-minho\/"},"author":{"name":"Andreia Ferreira","@id":"https:\/\/www.altominho.tv\/site\/#\/schema\/person\/d9be4265364723f14ea8e0d56a1d38cd"},"headline":"GNR deteta 441 infra\u00e7\u00f5es de tr\u00e2nsito na \u00faltima semana no Alto Minho","datePublished":"2019-02-04T18:32:05+00:00","mainEntityOfPage":{"@id":"https:\/\/www.altominho.tv\/site\/2019\/02\/04\/gnr-deteta-441-infracoes-de-transito-na-ultima-semana-no-alto-minho\/"},"wordCount":231,"image":{"@id":"https:\/\/www.altominho.tv\/site\/2019\/02\/04\/gnr-deteta-441-infracoes-de-transito-na-ultima-semana-no-alto-minho\/#primaryimage"},"thumbnailUrl":"https:\/\/www.altominho.tv\/site\/wp-content\/uploads\/2019\/02\/gnr.jpg","keywords":["Sociedade"],"articleSection":["Alto Minho"],"inLanguage":"pt-PT","copyrightYear":"2019","copyrightHolder":{"@id":"https:\/\/www.altominho.tv\/site\/#organization"}},{"@type":"WebPage","@id":"https:\/\/www.altominho.tv\/site\/2019\/02\/04\/gnr-deteta-441-infracoes-de-transito-na-ultima-semana-no-alto-minho\/","url":"https:\/\/www.altominho.tv\/site\/2019\/02\/04\/gnr-deteta-441-infracoes-de-transito-na-ultima-semana-no-alto-minho\/","name":"GNR deteta 441 infra\u00e7\u00f5es de tr\u00e2nsito na \u00faltima semana no Alto Minho","isPartOf":{"@id":"https:\/\/www.altominho.tv\/site\/#website"},"primaryImageOfPage":{"@id":"https:\/\/www.altominho.tv\/site\/2019\/02\/04\/gnr-deteta-441-infracoes-de-transito-na-ultima-semana-no-alto-minho\/#primaryimage"},"image":{"@id":"https:\/\/www.altominho.tv\/site\/2019\/02\/04\/gnr-deteta-441-infracoes-de-transito-na-ultima-semana-no-alto-minho\/#primaryimage"},"thumbnailUrl":"https:\/\/www.altominho.tv\/site\/wp-content\/uploads\/2019\/02\/gnr.jpg","datePublished":"2019-02-04T18:32:05+00:00","author":{"@id":"https:\/\/www.altominho.tv\/site\/#\/schema\/person\/d9be4265364723f14ea8e0d56a1d38cd"},"breadcrumb":{"@id":"https:\/\/www.altominho.tv\/site\/2019\/02\/04\/gnr-deteta-441-infracoes-de-transito-na-ultima-semana-no-alto-minho\/#breadcrumb"},"inLanguage":"pt-PT","potentialAction":[{"@type":"ReadAction","target":["https:\/\/www.altominho.tv\/site\/2019\/02\/04\/gnr-deteta-441-infracoes-de-transito-na-ultima-semana-no-alto-minho\/"]}]},{"@type":"ImageObject","inLanguage":"pt-PT","@id":"https:\/\/www.altominho.tv\/site\/2019\/02\/04\/gnr-deteta-441-infracoes-de-transito-na-ultima-semana-no-alto-minho\/#primaryimage","url":"https:\/\/www.altominho.tv\/site\/wp-content\/uploads\/2019\/02\/gnr.jpg","contentUrl":"https:\/\/www.altominho.tv\/site\/wp-content\/uploads\/2019\/02\/gnr.jpg","width":1152,"height":768},{"@type":"BreadcrumbList","@id":"https:\/\/www.altominho.tv\/site\/2019\/02\/04\/gnr-deteta-441-infracoes-de-transito-na-ultima-semana-no-alto-minho\/#breadcrumb","itemListElement":[{"@type":"ListItem","position":1,"name":"In\u00edcio","item":"https:\/\/www.altominho.tv\/site\/"},{"@type":"ListItem","position":2,"name":"GNR deteta 441 infra\u00e7\u00f5es de tr\u00e2nsito na \u00faltima semana no Alto Minho"}]},{"@type":"WebSite","@id":"https:\/\/www.altominho.tv\/site\/#website","url":"https:\/\/www.altominho.tv\/site\/","name":"Altominho.tv","description":"A sua regi\u00e3o \u00e0 dist\u00e2ncia de um clique...","potentialAction":[{"@type":"SearchAction","target":{"@type":"EntryPoint","urlTemplate":"https:\/\/www.altominho.tv\/site\/?s={search_term_string}"},"query-input":{"@type":"PropertyValueSpecification","valueRequired":true,"valueName":"search_term_string"}}],"inLanguage":"pt-PT"},{"@type":"Person","@id":"https:\/\/www.altominho.tv\/site\/#\/schema\/person\/d9be4265364723f14ea8e0d56a1d38cd","name":"Andreia Ferreira","image":{"@type":"ImageObject","inLanguage":"pt-PT","@id":"https:\/\/www.altominho.tv\/site\/wp-content\/uploads\/2021\/01\/AndreiaFerreira-150x150.jpg","url":"https:\/\/www.altominho.tv\/site\/wp-content\/uploads\/2021\/01\/AndreiaFerreira-150x150.jpg","contentUrl":"https:\/\/www.altominho.tv\/site\/wp-content\/uploads\/2021\/01\/AndreiaFerreira-150x150.jpg","caption":"Andreia Ferreira"},"url":"https:\/\/www.altominho.tv\/site\/author\/andreiaferreira\/"}]}},"_links":{"self":[{"href":"https:\/\/www.altominho.tv\/site\/wp-json\/wp\/v2\/posts\/23491","targetHints":{"allow":["GET"]}}],"collection":[{"href":"https:\/\/www.altominho.tv\/site\/wp-json\/wp\/v2\/posts"}],"about":[{"href":"https:\/\/www.altominho.tv\/site\/wp-json\/wp\/v2\/types\/post"}],"author":[{"embeddable":true,"href":"https:\/\/www.altominho.tv\/site\/wp-json\/wp\/v2\/users\/12"}],"replies":[{"embeddable":true,"href":"https:\/\/www.altominho.tv\/site\/wp-json\/wp\/v2\/comments?post=23491"}],"version-history":[{"count":0,"href":"https:\/\/www.altominho.tv\/site\/wp-json\/wp\/v2\/posts\/23491\/revisions"}],"wp:featuredmedia":[{"embeddable":true,"href":"https:\/\/www.altominho.tv\/site\/wp-json\/wp\/v2\/media\/23507"}],"wp:attachment":[{"href":"https:\/\/www.altominho.tv\/site\/wp-json\/wp\/v2\/media?parent=23491"}],"wp:term":[{"taxonomy":"category","embeddable":true,"href":"https:\/\/www.altominho.tv\/site\/wp-json\/wp\/v2\/categories?post=23491"},{"taxonomy":"post_tag","embeddable":true,"href":"https:\/\/www.altominho.tv\/site\/wp-json\/wp\/v2\/tags?post=23491"}],"curies":[{"name":"wp","href":"https:\/\/api.w.org\/{rel}","templated":true}]}}