{"id":23441,"date":"2019-02-04T12:44:57","date_gmt":"2019-02-04T12:44:57","guid":{"rendered":"http:\/\/www.altominho.tv\/site\/?p=23441"},"modified":"2019-02-04T12:44:57","modified_gmt":"2019-02-04T12:44:57","slug":"gnr-detem-casal-por-furtar-430-litros-de-combustivel","status":"publish","type":"post","link":"https:\/\/www.altominho.tv\/site\/2019\/02\/04\/gnr-detem-casal-por-furtar-430-litros-de-combustivel\/","title":{"rendered":"GNR det\u00e9m casal por furtar 430 litros de combust\u00edvel"},"content":{"rendered":"<p>A GNR informou hoje que\u00a0deteve,\u00a0em Vila Praia de \u00c2ncora, um homem de 42 anos e uma mulher de 54 por furto de combust\u00edvel de ve\u00edculos pesados\u00a0na freguesia de Deocriste, em Viana do Castelo.<\/p>\n<p>Em comunicado, o\u00a0Comando Territorial da\u00a0<span class=\"il\">GNR<\/span>\u00a0de Viana do Castelo adiantou que a\u00a0<span class=\"il\">deten\u00e7\u00e3o<\/span>\u00a0foi efetuada no domingo, no decorrer de uma a\u00e7\u00e3o de patrulhamento.<\/p>\n<p>Segundo a GNR, os suspeitos foram detetados a furtar combust\u00edvel em dois ve\u00edculos pesados e abandonaram depois o local, tendo sido seguidos e intercetados\u00a0em Vila Praia de \u00c2ncora.<\/p>\n<p>No local, foram apreendidos oito recipientes com 180 litros de combust\u00edvel e uma mangueira. J\u00e1 durante as buscas \u00e0 resid\u00eancia da mulher, a GNR apreendeu mais 13 recipientes de combust\u00edvel, com 250 litros, e outra mangueira.\u00a0<u><\/u><\/p>\n<p class=\"m_1206222308052443494xmsonormal\">Os detidos foram constitu\u00eddos arguidos e v\u00e3o ser presentes a juiz, esta segunda-feira, no Tribunal de Viana do Castelo.<u><\/u><u><\/u><\/p>\n","protected":false},"excerpt":{"rendered":"<p>A GNR informou hoje que\u00a0deteve,\u00a0em Vila Praia de \u00c2ncora, um homem de 42 anos e uma mulher de 54 por furto de combust\u00edvel de ve\u00edculos pesados\u00a0na freguesia de Deocriste, em Viana do Castelo. Em comunicado, o\u00a0Comando Territorial da\u00a0GNR\u00a0de Viana do Castelo adiantou que a\u00a0deten\u00e7\u00e3o\u00a0foi efetuada no domingo, no decorrer de uma a\u00e7\u00e3o de patrulhamento. Segundo [&hellip;]<\/p>\n","protected":false},"author":12,"featured_media":23442,"comment_status":"closed","ping_status":"closed","sticky":false,"template":"","format":"standard","meta":{"_exactmetrics_skip_tracking":false,"_exactmetrics_sitenote_active":false,"_exactmetrics_sitenote_note":"","_exactmetrics_sitenote_category":0,"footnotes":""},"categories":[14],"tags":[27],"class_list":["post-23441","post","type-post","status-publish","format-standard","has-post-thumbnail","hentry","category-viana-do-castelo","tag-sociedade"],"yoast_head":"<!-- This site is optimized with the Yoast SEO Premium plugin v27.5 (Yoast SEO v27.5) - https:\/\/yoast.com\/product\/yoast-seo-premium-wordpress\/ -->\n<title>GNR det\u00e9m casal por furtar 430 litros de combust\u00edvel<\/title>\n<meta name=\"robots\" content=\"index, follow, max-snippet:-1, max-image-preview:large, max-video-preview:-1\" \/>\n<link rel=\"canonical\" href=\"https:\/\/www.altominho.tv\/site\/2019\/02\/04\/gnr-detem-casal-por-furtar-430-litros-de-combustivel\/\" \/>\n<meta property=\"og:locale\" content=\"pt_PT\" \/>\n<meta property=\"og:type\" content=\"article\" \/>\n<meta property=\"og:title\" content=\"GNR det\u00e9m casal por furtar 430 litros de combust\u00edvel\" \/>\n<meta property=\"og:description\" content=\"A GNR informou hoje que\u00a0deteve,\u00a0em Vila Praia de \u00c2ncora, um homem de 42 anos e uma mulher de 54 por furto de combust\u00edvel de ve\u00edculos pesados\u00a0na freguesia de Deocriste, em Viana do Castelo. Em comunicado, o\u00a0Comando Territorial da\u00a0GNR\u00a0de Viana do Castelo adiantou que a\u00a0deten\u00e7\u00e3o\u00a0foi efetuada no domingo, no decorrer de uma a\u00e7\u00e3o de patrulhamento. Segundo [&hellip;]\" \/>\n<meta property=\"og:url\" content=\"https:\/\/www.altominho.tv\/site\/2019\/02\/04\/gnr-detem-casal-por-furtar-430-litros-de-combustivel\/\" \/>\n<meta property=\"og:site_name\" content=\"Altominho.tv\" \/>\n<meta property=\"article:publisher\" content=\"https:\/\/www.facebook.com\/altominhotv\" \/>\n<meta property=\"article:published_time\" content=\"2019-02-04T12:44:57+00:00\" \/>\n<meta property=\"og:image\" content=\"https:\/\/www.altominho.tv\/site\/wp-content\/uploads\/2019\/02\/GNR-Viana-do-Castelo-Apreensa\u0303o.jpg\" \/>\n\t<meta property=\"og:image:width\" content=\"3863\" \/>\n\t<meta property=\"og:image:height\" content=\"2326\" \/>\n\t<meta property=\"og:image:type\" content=\"image\/jpeg\" \/>\n<meta name=\"author\" content=\"Andreia Ferreira\" \/>\n<meta name=\"twitter:card\" content=\"summary_large_image\" \/>\n<meta name=\"twitter:creator\" content=\"@altominhoTV\" \/>\n<meta name=\"twitter:site\" content=\"@altominhoTV\" \/>\n<meta name=\"twitter:label1\" content=\"Escrito por\" \/>\n\t<meta name=\"twitter:data1\" content=\"Andreia Ferreira\" \/>\n\t<meta name=\"twitter:label2\" content=\"Tempo estimado de leitura\" \/>\n\t<meta name=\"twitter:data2\" content=\"1 minuto\" \/>\n<script type=\"application\/ld+json\" class=\"yoast-schema-graph\">{\"@context\":\"https:\\\/\\\/schema.org\",\"@graph\":[{\"@type\":\"Article\",\"@id\":\"https:\\\/\\\/www.altominho.tv\\\/site\\\/2019\\\/02\\\/04\\\/gnr-detem-casal-por-furtar-430-litros-de-combustivel\\\/#article\",\"isPartOf\":{\"@id\":\"https:\\\/\\\/www.altominho.tv\\\/site\\\/2019\\\/02\\\/04\\\/gnr-detem-casal-por-furtar-430-litros-de-combustivel\\\/\"},\"author\":{\"name\":\"Andreia Ferreira\",\"@id\":\"https:\\\/\\\/www.altominho.tv\\\/site\\\/#\\\/schema\\\/person\\\/d9be4265364723f14ea8e0d56a1d38cd\"},\"headline\":\"GNR det\u00e9m casal por furtar 430 litros de combust\u00edvel\",\"datePublished\":\"2019-02-04T12:44:57+00:00\",\"mainEntityOfPage\":{\"@id\":\"https:\\\/\\\/www.altominho.tv\\\/site\\\/2019\\\/02\\\/04\\\/gnr-detem-casal-por-furtar-430-litros-de-combustivel\\\/\"},\"wordCount\":161,\"image\":{\"@id\":\"https:\\\/\\\/www.altominho.tv\\\/site\\\/2019\\\/02\\\/04\\\/gnr-detem-casal-por-furtar-430-litros-de-combustivel\\\/#primaryimage\"},\"thumbnailUrl\":\"https:\\\/\\\/www.altominho.tv\\\/site\\\/wp-content\\\/uploads\\\/2019\\\/02\\\/GNR-Viana-do-Castelo-Apreensa\u0303o.jpg\",\"keywords\":[\"Sociedade\"],\"articleSection\":[\"Viana do Castelo\"],\"inLanguage\":\"pt-PT\",\"copyrightYear\":\"2019\",\"copyrightHolder\":{\"@id\":\"https:\\\/\\\/www.altominho.tv\\\/site\\\/#organization\"}},{\"@type\":\"WebPage\",\"@id\":\"https:\\\/\\\/www.altominho.tv\\\/site\\\/2019\\\/02\\\/04\\\/gnr-detem-casal-por-furtar-430-litros-de-combustivel\\\/\",\"url\":\"https:\\\/\\\/www.altominho.tv\\\/site\\\/2019\\\/02\\\/04\\\/gnr-detem-casal-por-furtar-430-litros-de-combustivel\\\/\",\"name\":\"GNR det\u00e9m casal por furtar 430 litros de combust\u00edvel\",\"isPartOf\":{\"@id\":\"https:\\\/\\\/www.altominho.tv\\\/site\\\/#website\"},\"primaryImageOfPage\":{\"@id\":\"https:\\\/\\\/www.altominho.tv\\\/site\\\/2019\\\/02\\\/04\\\/gnr-detem-casal-por-furtar-430-litros-de-combustivel\\\/#primaryimage\"},\"image\":{\"@id\":\"https:\\\/\\\/www.altominho.tv\\\/site\\\/2019\\\/02\\\/04\\\/gnr-detem-casal-por-furtar-430-litros-de-combustivel\\\/#primaryimage\"},\"thumbnailUrl\":\"https:\\\/\\\/www.altominho.tv\\\/site\\\/wp-content\\\/uploads\\\/2019\\\/02\\\/GNR-Viana-do-Castelo-Apreensa\u0303o.jpg\",\"datePublished\":\"2019-02-04T12:44:57+00:00\",\"author\":{\"@id\":\"https:\\\/\\\/www.altominho.tv\\\/site\\\/#\\\/schema\\\/person\\\/d9be4265364723f14ea8e0d56a1d38cd\"},\"breadcrumb\":{\"@id\":\"https:\\\/\\\/www.altominho.tv\\\/site\\\/2019\\\/02\\\/04\\\/gnr-detem-casal-por-furtar-430-litros-de-combustivel\\\/#breadcrumb\"},\"inLanguage\":\"pt-PT\",\"potentialAction\":[{\"@type\":\"ReadAction\",\"target\":[\"https:\\\/\\\/www.altominho.tv\\\/site\\\/2019\\\/02\\\/04\\\/gnr-detem-casal-por-furtar-430-litros-de-combustivel\\\/\"]}]},{\"@type\":\"ImageObject\",\"inLanguage\":\"pt-PT\",\"@id\":\"https:\\\/\\\/www.altominho.tv\\\/site\\\/2019\\\/02\\\/04\\\/gnr-detem-casal-por-furtar-430-litros-de-combustivel\\\/#primaryimage\",\"url\":\"https:\\\/\\\/www.altominho.tv\\\/site\\\/wp-content\\\/uploads\\\/2019\\\/02\\\/GNR-Viana-do-Castelo-Apreensa\u0303o.jpg\",\"contentUrl\":\"https:\\\/\\\/www.altominho.tv\\\/site\\\/wp-content\\\/uploads\\\/2019\\\/02\\\/GNR-Viana-do-Castelo-Apreensa\u0303o.jpg\",\"width\":3863,\"height\":2326,\"caption\":\"GNR\"},{\"@type\":\"BreadcrumbList\",\"@id\":\"https:\\\/\\\/www.altominho.tv\\\/site\\\/2019\\\/02\\\/04\\\/gnr-detem-casal-por-furtar-430-litros-de-combustivel\\\/#breadcrumb\",\"itemListElement\":[{\"@type\":\"ListItem\",\"position\":1,\"name\":\"In\u00edcio\",\"item\":\"https:\\\/\\\/www.altominho.tv\\\/site\\\/\"},{\"@type\":\"ListItem\",\"position\":2,\"name\":\"GNR det\u00e9m casal por furtar 430 litros de combust\u00edvel\"}]},{\"@type\":\"WebSite\",\"@id\":\"https:\\\/\\\/www.altominho.tv\\\/site\\\/#website\",\"url\":\"https:\\\/\\\/www.altominho.tv\\\/site\\\/\",\"name\":\"Altominho.tv\",\"description\":\"A sua regi\u00e3o \u00e0 dist\u00e2ncia de um clique...\",\"potentialAction\":[{\"@type\":\"SearchAction\",\"target\":{\"@type\":\"EntryPoint\",\"urlTemplate\":\"https:\\\/\\\/www.altominho.tv\\\/site\\\/?s={search_term_string}\"},\"query-input\":{\"@type\":\"PropertyValueSpecification\",\"valueRequired\":true,\"valueName\":\"search_term_string\"}}],\"inLanguage\":\"pt-PT\"},{\"@type\":\"Person\",\"@id\":\"https:\\\/\\\/www.altominho.tv\\\/site\\\/#\\\/schema\\\/person\\\/d9be4265364723f14ea8e0d56a1d38cd\",\"name\":\"Andreia Ferreira\",\"image\":{\"@type\":\"ImageObject\",\"inLanguage\":\"pt-PT\",\"@id\":\"https:\\\/\\\/www.altominho.tv\\\/site\\\/wp-content\\\/uploads\\\/2021\\\/01\\\/AndreiaFerreira-150x150.jpg\",\"url\":\"https:\\\/\\\/www.altominho.tv\\\/site\\\/wp-content\\\/uploads\\\/2021\\\/01\\\/AndreiaFerreira-150x150.jpg\",\"contentUrl\":\"https:\\\/\\\/www.altominho.tv\\\/site\\\/wp-content\\\/uploads\\\/2021\\\/01\\\/AndreiaFerreira-150x150.jpg\",\"caption\":\"Andreia Ferreira\"},\"url\":\"https:\\\/\\\/www.altominho.tv\\\/site\\\/author\\\/andreiaferreira\\\/\"}]}<\/script>\n<!-- \/ Yoast SEO Premium plugin. -->","yoast_head_json":{"title":"GNR det\u00e9m casal por furtar 430 litros de combust\u00edvel","robots":{"index":"index","follow":"follow","max-snippet":"max-snippet:-1","max-image-preview":"max-image-preview:large","max-video-preview":"max-video-preview:-1"},"canonical":"https:\/\/www.altominho.tv\/site\/2019\/02\/04\/gnr-detem-casal-por-furtar-430-litros-de-combustivel\/","og_locale":"pt_PT","og_type":"article","og_title":"GNR det\u00e9m casal por furtar 430 litros de combust\u00edvel","og_description":"A GNR informou hoje que\u00a0deteve,\u00a0em Vila Praia de \u00c2ncora, um homem de 42 anos e uma mulher de 54 por furto de combust\u00edvel de ve\u00edculos pesados\u00a0na freguesia de Deocriste, em Viana do Castelo. Em comunicado, o\u00a0Comando Territorial da\u00a0GNR\u00a0de Viana do Castelo adiantou que a\u00a0deten\u00e7\u00e3o\u00a0foi efetuada no domingo, no decorrer de uma a\u00e7\u00e3o de patrulhamento. Segundo [&hellip;]","og_url":"https:\/\/www.altominho.tv\/site\/2019\/02\/04\/gnr-detem-casal-por-furtar-430-litros-de-combustivel\/","og_site_name":"Altominho.tv","article_publisher":"https:\/\/www.facebook.com\/altominhotv","article_published_time":"2019-02-04T12:44:57+00:00","og_image":[{"width":3863,"height":2326,"url":"https:\/\/www.altominho.tv\/site\/wp-content\/uploads\/2019\/02\/GNR-Viana-do-Castelo-Apreensa\u0303o.jpg","type":"image\/jpeg"}],"author":"Andreia Ferreira","twitter_card":"summary_large_image","twitter_creator":"@altominhoTV","twitter_site":"@altominhoTV","twitter_misc":{"Escrito por":"Andreia Ferreira","Tempo estimado de leitura":"1 minuto"},"schema":{"@context":"https:\/\/schema.org","@graph":[{"@type":"Article","@id":"https:\/\/www.altominho.tv\/site\/2019\/02\/04\/gnr-detem-casal-por-furtar-430-litros-de-combustivel\/#article","isPartOf":{"@id":"https:\/\/www.altominho.tv\/site\/2019\/02\/04\/gnr-detem-casal-por-furtar-430-litros-de-combustivel\/"},"author":{"name":"Andreia Ferreira","@id":"https:\/\/www.altominho.tv\/site\/#\/schema\/person\/d9be4265364723f14ea8e0d56a1d38cd"},"headline":"GNR det\u00e9m casal por furtar 430 litros de combust\u00edvel","datePublished":"2019-02-04T12:44:57+00:00","mainEntityOfPage":{"@id":"https:\/\/www.altominho.tv\/site\/2019\/02\/04\/gnr-detem-casal-por-furtar-430-litros-de-combustivel\/"},"wordCount":161,"image":{"@id":"https:\/\/www.altominho.tv\/site\/2019\/02\/04\/gnr-detem-casal-por-furtar-430-litros-de-combustivel\/#primaryimage"},"thumbnailUrl":"https:\/\/www.altominho.tv\/site\/wp-content\/uploads\/2019\/02\/GNR-Viana-do-Castelo-Apreensa\u0303o.jpg","keywords":["Sociedade"],"articleSection":["Viana do Castelo"],"inLanguage":"pt-PT","copyrightYear":"2019","copyrightHolder":{"@id":"https:\/\/www.altominho.tv\/site\/#organization"}},{"@type":"WebPage","@id":"https:\/\/www.altominho.tv\/site\/2019\/02\/04\/gnr-detem-casal-por-furtar-430-litros-de-combustivel\/","url":"https:\/\/www.altominho.tv\/site\/2019\/02\/04\/gnr-detem-casal-por-furtar-430-litros-de-combustivel\/","name":"GNR det\u00e9m casal por furtar 430 litros de combust\u00edvel","isPartOf":{"@id":"https:\/\/www.altominho.tv\/site\/#website"},"primaryImageOfPage":{"@id":"https:\/\/www.altominho.tv\/site\/2019\/02\/04\/gnr-detem-casal-por-furtar-430-litros-de-combustivel\/#primaryimage"},"image":{"@id":"https:\/\/www.altominho.tv\/site\/2019\/02\/04\/gnr-detem-casal-por-furtar-430-litros-de-combustivel\/#primaryimage"},"thumbnailUrl":"https:\/\/www.altominho.tv\/site\/wp-content\/uploads\/2019\/02\/GNR-Viana-do-Castelo-Apreensa\u0303o.jpg","datePublished":"2019-02-04T12:44:57+00:00","author":{"@id":"https:\/\/www.altominho.tv\/site\/#\/schema\/person\/d9be4265364723f14ea8e0d56a1d38cd"},"breadcrumb":{"@id":"https:\/\/www.altominho.tv\/site\/2019\/02\/04\/gnr-detem-casal-por-furtar-430-litros-de-combustivel\/#breadcrumb"},"inLanguage":"pt-PT","potentialAction":[{"@type":"ReadAction","target":["https:\/\/www.altominho.tv\/site\/2019\/02\/04\/gnr-detem-casal-por-furtar-430-litros-de-combustivel\/"]}]},{"@type":"ImageObject","inLanguage":"pt-PT","@id":"https:\/\/www.altominho.tv\/site\/2019\/02\/04\/gnr-detem-casal-por-furtar-430-litros-de-combustivel\/#primaryimage","url":"https:\/\/www.altominho.tv\/site\/wp-content\/uploads\/2019\/02\/GNR-Viana-do-Castelo-Apreensa\u0303o.jpg","contentUrl":"https:\/\/www.altominho.tv\/site\/wp-content\/uploads\/2019\/02\/GNR-Viana-do-Castelo-Apreensa\u0303o.jpg","width":3863,"height":2326,"caption":"GNR"},{"@type":"BreadcrumbList","@id":"https:\/\/www.altominho.tv\/site\/2019\/02\/04\/gnr-detem-casal-por-furtar-430-litros-de-combustivel\/#breadcrumb","itemListElement":[{"@type":"ListItem","position":1,"name":"In\u00edcio","item":"https:\/\/www.altominho.tv\/site\/"},{"@type":"ListItem","position":2,"name":"GNR det\u00e9m casal por furtar 430 litros de combust\u00edvel"}]},{"@type":"WebSite","@id":"https:\/\/www.altominho.tv\/site\/#website","url":"https:\/\/www.altominho.tv\/site\/","name":"Altominho.tv","description":"A sua regi\u00e3o \u00e0 dist\u00e2ncia de um clique...","potentialAction":[{"@type":"SearchAction","target":{"@type":"EntryPoint","urlTemplate":"https:\/\/www.altominho.tv\/site\/?s={search_term_string}"},"query-input":{"@type":"PropertyValueSpecification","valueRequired":true,"valueName":"search_term_string"}}],"inLanguage":"pt-PT"},{"@type":"Person","@id":"https:\/\/www.altominho.tv\/site\/#\/schema\/person\/d9be4265364723f14ea8e0d56a1d38cd","name":"Andreia Ferreira","image":{"@type":"ImageObject","inLanguage":"pt-PT","@id":"https:\/\/www.altominho.tv\/site\/wp-content\/uploads\/2021\/01\/AndreiaFerreira-150x150.jpg","url":"https:\/\/www.altominho.tv\/site\/wp-content\/uploads\/2021\/01\/AndreiaFerreira-150x150.jpg","contentUrl":"https:\/\/www.altominho.tv\/site\/wp-content\/uploads\/2021\/01\/AndreiaFerreira-150x150.jpg","caption":"Andreia Ferreira"},"url":"https:\/\/www.altominho.tv\/site\/author\/andreiaferreira\/"}]}},"_links":{"self":[{"href":"https:\/\/www.altominho.tv\/site\/wp-json\/wp\/v2\/posts\/23441","targetHints":{"allow":["GET"]}}],"collection":[{"href":"https:\/\/www.altominho.tv\/site\/wp-json\/wp\/v2\/posts"}],"about":[{"href":"https:\/\/www.altominho.tv\/site\/wp-json\/wp\/v2\/types\/post"}],"author":[{"embeddable":true,"href":"https:\/\/www.altominho.tv\/site\/wp-json\/wp\/v2\/users\/12"}],"replies":[{"embeddable":true,"href":"https:\/\/www.altominho.tv\/site\/wp-json\/wp\/v2\/comments?post=23441"}],"version-history":[{"count":0,"href":"https:\/\/www.altominho.tv\/site\/wp-json\/wp\/v2\/posts\/23441\/revisions"}],"wp:featuredmedia":[{"embeddable":true,"href":"https:\/\/www.altominho.tv\/site\/wp-json\/wp\/v2\/media\/23442"}],"wp:attachment":[{"href":"https:\/\/www.altominho.tv\/site\/wp-json\/wp\/v2\/media?parent=23441"}],"wp:term":[{"taxonomy":"category","embeddable":true,"href":"https:\/\/www.altominho.tv\/site\/wp-json\/wp\/v2\/categories?post=23441"},{"taxonomy":"post_tag","embeddable":true,"href":"https:\/\/www.altominho.tv\/site\/wp-json\/wp\/v2\/tags?post=23441"}],"curies":[{"name":"wp","href":"https:\/\/api.w.org\/{rel}","templated":true}]}}