{"id":23403,"date":"2019-02-01T14:14:53","date_gmt":"2019-02-01T14:14:53","guid":{"rendered":"http:\/\/www.altominho.tv\/site\/?p=23403"},"modified":"2019-02-01T14:14:53","modified_gmt":"2019-02-01T14:14:53","slug":"os-ovos-misteriosos-a-138a-criacao-do-teatro-do-noroeste-em-estreia-no-dia-6","status":"publish","type":"post","link":"https:\/\/www.altominho.tv\/site\/2019\/02\/01\/os-ovos-misteriosos-a-138a-criacao-do-teatro-do-noroeste-em-estreia-no-dia-6\/","title":{"rendered":"Os Ovos Misteriosos, a 138\u00aa cria\u00e7\u00e3o do Teatro do Noroeste em estreia no dia 6"},"content":{"rendered":"<p style=\"font-weight: 400\">No pr\u00f3ximo dia\u00a06 de fevereiro, estreia\u00a0<em>Os Ovos Misteriosos<\/em>,\u00a0a\u00a0138\u00aa\u00a0cria\u00e7\u00e3o\u00a0do\u00a0Teatro do Noroeste &#8211; Centro Dram\u00e1tico de Viana.<\/p>\n<p style=\"font-weight: 400\">A companhia residente no\u00a0Teatro\u00a0Municipal S\u00e1 de Miranda, em Viana do Castelo, vai apresentar esta nova cria\u00e7\u00e3o.<\/p>\n<p style=\"font-weight: 400\">&#8220;Baseado na obra hom\u00f3nima de Lu\u00edsa Ducla Soares, este espet\u00e1culo conta-nos a hist\u00f3ria de uma galinha poedeira, a quem a dona retirava os ovos todos os dias. Perante tamanha injusti\u00e7a, a galinha foge para a floresta e faz um ninho\u00a0confort\u00e1vel, no qual come\u00e7am a aparecer v\u00e1rios ovos, de diferentes tamanhos e cores, que ela decide chocar como se fossem seus. E assim come\u00e7a a narrativa de uma m\u00e3e-galinha com uma prole muito invulgar\u2026&#8221;, informou o Teatro do Noroeste, em comunicado.<\/p>\n<p style=\"font-weight: 400\">O espet\u00e1culo est\u00e1 em cena no Teatro\u00a0Municipal S\u00e1 de Miranda at\u00e9 ao pr\u00f3ximo dia 9 de mar\u00e7o, de ter\u00e7a a sexta-feira em sess\u00e3o dupla, \u00e0s 9h30 e tamb\u00e9m \u00e0s 11h, para p\u00fablicos escolares.<\/p>\n<p style=\"font-weight: 400\">Nos\u00a0s\u00e1bados, dias\u00a016\u00a0fevereiro,\u00a02\u00a0e\u00a09 de mar\u00e7o, \u00e0s\u00a017h00\u00a0e nos\u00a0domingos 10\u00a0e\u00a024\u00a0fevereiro\u00a0\u00e0s\u00a016h00, as sess\u00f5es destinam-se a\u00a0toda a fam\u00edlia.<\/p>\n","protected":false},"excerpt":{"rendered":"<p>No pr\u00f3ximo dia\u00a06 de fevereiro, estreia\u00a0Os Ovos Misteriosos,\u00a0a\u00a0138\u00aa\u00a0cria\u00e7\u00e3o\u00a0do\u00a0Teatro do Noroeste &#8211; Centro Dram\u00e1tico de Viana. A companhia residente no\u00a0Teatro\u00a0Municipal S\u00e1 de Miranda, em Viana do Castelo, vai apresentar esta nova cria\u00e7\u00e3o. &#8220;Baseado na obra hom\u00f3nima de Lu\u00edsa Ducla Soares, este espet\u00e1culo conta-nos a hist\u00f3ria de uma galinha poedeira, a quem a dona retirava os ovos [&hellip;]<\/p>\n","protected":false},"author":7,"featured_media":23405,"comment_status":"closed","ping_status":"closed","sticky":false,"template":"","format":"standard","meta":{"_exactmetrics_skip_tracking":false,"_exactmetrics_sitenote_active":false,"_exactmetrics_sitenote_note":"","_exactmetrics_sitenote_category":0,"footnotes":""},"categories":[14],"tags":[19,27],"class_list":["post-23403","post","type-post","status-publish","format-standard","has-post-thumbnail","hentry","category-viana-do-castelo","tag-cultura","tag-sociedade"],"yoast_head":"<!-- This site is optimized with the Yoast SEO Premium plugin v27.5 (Yoast SEO v27.5) - https:\/\/yoast.com\/product\/yoast-seo-premium-wordpress\/ -->\n<title>Os Ovos Misteriosos, a 138\u00aa cria\u00e7\u00e3o do Teatro do Noroeste em estreia no dia 6<\/title>\n<meta name=\"robots\" content=\"index, follow, max-snippet:-1, max-image-preview:large, max-video-preview:-1\" \/>\n<link rel=\"canonical\" href=\"https:\/\/www.altominho.tv\/site\/2019\/02\/01\/os-ovos-misteriosos-a-138a-criacao-do-teatro-do-noroeste-em-estreia-no-dia-6\/\" \/>\n<meta property=\"og:locale\" content=\"pt_PT\" \/>\n<meta property=\"og:type\" content=\"article\" \/>\n<meta property=\"og:title\" content=\"Os Ovos Misteriosos, a 138\u00aa cria\u00e7\u00e3o do Teatro do Noroeste em estreia no dia 6\" \/>\n<meta property=\"og:description\" content=\"No pr\u00f3ximo dia\u00a06 de fevereiro, estreia\u00a0Os Ovos Misteriosos,\u00a0a\u00a0138\u00aa\u00a0cria\u00e7\u00e3o\u00a0do\u00a0Teatro do Noroeste &#8211; Centro Dram\u00e1tico de Viana. A companhia residente no\u00a0Teatro\u00a0Municipal S\u00e1 de Miranda, em Viana do Castelo, vai apresentar esta nova cria\u00e7\u00e3o. &#8220;Baseado na obra hom\u00f3nima de Lu\u00edsa Ducla Soares, este espet\u00e1culo conta-nos a hist\u00f3ria de uma galinha poedeira, a quem a dona retirava os ovos [&hellip;]\" \/>\n<meta property=\"og:url\" content=\"https:\/\/www.altominho.tv\/site\/2019\/02\/01\/os-ovos-misteriosos-a-138a-criacao-do-teatro-do-noroeste-em-estreia-no-dia-6\/\" \/>\n<meta property=\"og:site_name\" content=\"Altominho.tv\" \/>\n<meta property=\"article:publisher\" content=\"https:\/\/www.facebook.com\/altominhotv\" \/>\n<meta property=\"article:published_time\" content=\"2019-02-01T14:14:53+00:00\" \/>\n<meta property=\"og:image\" content=\"https:\/\/www.altominho.tv\/site\/wp-content\/uploads\/2019\/02\/teatro-sa.jpg\" \/>\n\t<meta property=\"og:image:width\" content=\"1000\" \/>\n\t<meta property=\"og:image:height\" content=\"670\" \/>\n\t<meta property=\"og:image:type\" content=\"image\/jpeg\" \/>\n<meta name=\"author\" content=\"Andreia Cunha\" \/>\n<meta name=\"twitter:card\" content=\"summary_large_image\" \/>\n<meta name=\"twitter:creator\" content=\"@altominhoTV\" \/>\n<meta name=\"twitter:site\" content=\"@altominhoTV\" \/>\n<meta name=\"twitter:label1\" content=\"Escrito por\" \/>\n\t<meta name=\"twitter:data1\" content=\"Andreia Cunha\" \/>\n\t<meta name=\"twitter:label2\" content=\"Tempo estimado de leitura\" \/>\n\t<meta name=\"twitter:data2\" content=\"1 minuto\" \/>\n<script type=\"application\/ld+json\" class=\"yoast-schema-graph\">{\"@context\":\"https:\\\/\\\/schema.org\",\"@graph\":[{\"@type\":\"Article\",\"@id\":\"https:\\\/\\\/www.altominho.tv\\\/site\\\/2019\\\/02\\\/01\\\/os-ovos-misteriosos-a-138a-criacao-do-teatro-do-noroeste-em-estreia-no-dia-6\\\/#article\",\"isPartOf\":{\"@id\":\"https:\\\/\\\/www.altominho.tv\\\/site\\\/2019\\\/02\\\/01\\\/os-ovos-misteriosos-a-138a-criacao-do-teatro-do-noroeste-em-estreia-no-dia-6\\\/\"},\"author\":{\"name\":\"Andreia Cunha\",\"@id\":\"https:\\\/\\\/www.altominho.tv\\\/site\\\/#\\\/schema\\\/person\\\/a0e4ef6d041f98ca284393d8f1d97153\"},\"headline\":\"Os Ovos Misteriosos, a 138\u00aa cria\u00e7\u00e3o do Teatro do Noroeste em estreia no dia 6\",\"datePublished\":\"2019-02-01T14:14:53+00:00\",\"mainEntityOfPage\":{\"@id\":\"https:\\\/\\\/www.altominho.tv\\\/site\\\/2019\\\/02\\\/01\\\/os-ovos-misteriosos-a-138a-criacao-do-teatro-do-noroeste-em-estreia-no-dia-6\\\/\"},\"wordCount\":214,\"image\":{\"@id\":\"https:\\\/\\\/www.altominho.tv\\\/site\\\/2019\\\/02\\\/01\\\/os-ovos-misteriosos-a-138a-criacao-do-teatro-do-noroeste-em-estreia-no-dia-6\\\/#primaryimage\"},\"thumbnailUrl\":\"https:\\\/\\\/www.altominho.tv\\\/site\\\/wp-content\\\/uploads\\\/2019\\\/02\\\/teatro-sa.jpg\",\"keywords\":[\"Cultura\",\"Sociedade\"],\"articleSection\":[\"Viana do Castelo\"],\"inLanguage\":\"pt-PT\",\"copyrightYear\":\"2019\",\"copyrightHolder\":{\"@id\":\"https:\\\/\\\/www.altominho.tv\\\/site\\\/#organization\"}},{\"@type\":\"WebPage\",\"@id\":\"https:\\\/\\\/www.altominho.tv\\\/site\\\/2019\\\/02\\\/01\\\/os-ovos-misteriosos-a-138a-criacao-do-teatro-do-noroeste-em-estreia-no-dia-6\\\/\",\"url\":\"https:\\\/\\\/www.altominho.tv\\\/site\\\/2019\\\/02\\\/01\\\/os-ovos-misteriosos-a-138a-criacao-do-teatro-do-noroeste-em-estreia-no-dia-6\\\/\",\"name\":\"Os Ovos Misteriosos, a 138\u00aa cria\u00e7\u00e3o do Teatro do Noroeste em estreia no dia 6\",\"isPartOf\":{\"@id\":\"https:\\\/\\\/www.altominho.tv\\\/site\\\/#website\"},\"primaryImageOfPage\":{\"@id\":\"https:\\\/\\\/www.altominho.tv\\\/site\\\/2019\\\/02\\\/01\\\/os-ovos-misteriosos-a-138a-criacao-do-teatro-do-noroeste-em-estreia-no-dia-6\\\/#primaryimage\"},\"image\":{\"@id\":\"https:\\\/\\\/www.altominho.tv\\\/site\\\/2019\\\/02\\\/01\\\/os-ovos-misteriosos-a-138a-criacao-do-teatro-do-noroeste-em-estreia-no-dia-6\\\/#primaryimage\"},\"thumbnailUrl\":\"https:\\\/\\\/www.altominho.tv\\\/site\\\/wp-content\\\/uploads\\\/2019\\\/02\\\/teatro-sa.jpg\",\"datePublished\":\"2019-02-01T14:14:53+00:00\",\"author\":{\"@id\":\"https:\\\/\\\/www.altominho.tv\\\/site\\\/#\\\/schema\\\/person\\\/a0e4ef6d041f98ca284393d8f1d97153\"},\"breadcrumb\":{\"@id\":\"https:\\\/\\\/www.altominho.tv\\\/site\\\/2019\\\/02\\\/01\\\/os-ovos-misteriosos-a-138a-criacao-do-teatro-do-noroeste-em-estreia-no-dia-6\\\/#breadcrumb\"},\"inLanguage\":\"pt-PT\",\"potentialAction\":[{\"@type\":\"ReadAction\",\"target\":[\"https:\\\/\\\/www.altominho.tv\\\/site\\\/2019\\\/02\\\/01\\\/os-ovos-misteriosos-a-138a-criacao-do-teatro-do-noroeste-em-estreia-no-dia-6\\\/\"]}]},{\"@type\":\"ImageObject\",\"inLanguage\":\"pt-PT\",\"@id\":\"https:\\\/\\\/www.altominho.tv\\\/site\\\/2019\\\/02\\\/01\\\/os-ovos-misteriosos-a-138a-criacao-do-teatro-do-noroeste-em-estreia-no-dia-6\\\/#primaryimage\",\"url\":\"https:\\\/\\\/www.altominho.tv\\\/site\\\/wp-content\\\/uploads\\\/2019\\\/02\\\/teatro-sa.jpg\",\"contentUrl\":\"https:\\\/\\\/www.altominho.tv\\\/site\\\/wp-content\\\/uploads\\\/2019\\\/02\\\/teatro-sa.jpg\",\"width\":1000,\"height\":670},{\"@type\":\"BreadcrumbList\",\"@id\":\"https:\\\/\\\/www.altominho.tv\\\/site\\\/2019\\\/02\\\/01\\\/os-ovos-misteriosos-a-138a-criacao-do-teatro-do-noroeste-em-estreia-no-dia-6\\\/#breadcrumb\",\"itemListElement\":[{\"@type\":\"ListItem\",\"position\":1,\"name\":\"In\u00edcio\",\"item\":\"https:\\\/\\\/www.altominho.tv\\\/site\\\/\"},{\"@type\":\"ListItem\",\"position\":2,\"name\":\"Os Ovos Misteriosos, a 138\u00aa cria\u00e7\u00e3o do Teatro do Noroeste em estreia no dia 6\"}]},{\"@type\":\"WebSite\",\"@id\":\"https:\\\/\\\/www.altominho.tv\\\/site\\\/#website\",\"url\":\"https:\\\/\\\/www.altominho.tv\\\/site\\\/\",\"name\":\"Altominho.tv\",\"description\":\"A sua regi\u00e3o \u00e0 dist\u00e2ncia de um clique...\",\"potentialAction\":[{\"@type\":\"SearchAction\",\"target\":{\"@type\":\"EntryPoint\",\"urlTemplate\":\"https:\\\/\\\/www.altominho.tv\\\/site\\\/?s={search_term_string}\"},\"query-input\":{\"@type\":\"PropertyValueSpecification\",\"valueRequired\":true,\"valueName\":\"search_term_string\"}}],\"inLanguage\":\"pt-PT\"},{\"@type\":\"Person\",\"@id\":\"https:\\\/\\\/www.altominho.tv\\\/site\\\/#\\\/schema\\\/person\\\/a0e4ef6d041f98ca284393d8f1d97153\",\"name\":\"Andreia Cunha\",\"image\":{\"@type\":\"ImageObject\",\"inLanguage\":\"pt-PT\",\"@id\":\"https:\\\/\\\/www.altominho.tv\\\/site\\\/wp-content\\\/uploads\\\/2017\\\/11\\\/Andreia_Cunha-1-150x150.jpg\",\"url\":\"https:\\\/\\\/www.altominho.tv\\\/site\\\/wp-content\\\/uploads\\\/2017\\\/11\\\/Andreia_Cunha-1-150x150.jpg\",\"contentUrl\":\"https:\\\/\\\/www.altominho.tv\\\/site\\\/wp-content\\\/uploads\\\/2017\\\/11\\\/Andreia_Cunha-1-150x150.jpg\",\"caption\":\"Andreia Cunha\"},\"url\":\"https:\\\/\\\/www.altominho.tv\\\/site\\\/author\\\/andreiacunha\\\/\"}]}<\/script>\n<!-- \/ Yoast SEO Premium plugin. -->","yoast_head_json":{"title":"Os Ovos Misteriosos, a 138\u00aa cria\u00e7\u00e3o do Teatro do Noroeste em estreia no dia 6","robots":{"index":"index","follow":"follow","max-snippet":"max-snippet:-1","max-image-preview":"max-image-preview:large","max-video-preview":"max-video-preview:-1"},"canonical":"https:\/\/www.altominho.tv\/site\/2019\/02\/01\/os-ovos-misteriosos-a-138a-criacao-do-teatro-do-noroeste-em-estreia-no-dia-6\/","og_locale":"pt_PT","og_type":"article","og_title":"Os Ovos Misteriosos, a 138\u00aa cria\u00e7\u00e3o do Teatro do Noroeste em estreia no dia 6","og_description":"No pr\u00f3ximo dia\u00a06 de fevereiro, estreia\u00a0Os Ovos Misteriosos,\u00a0a\u00a0138\u00aa\u00a0cria\u00e7\u00e3o\u00a0do\u00a0Teatro do Noroeste &#8211; Centro Dram\u00e1tico de Viana. A companhia residente no\u00a0Teatro\u00a0Municipal S\u00e1 de Miranda, em Viana do Castelo, vai apresentar esta nova cria\u00e7\u00e3o. &#8220;Baseado na obra hom\u00f3nima de Lu\u00edsa Ducla Soares, este espet\u00e1culo conta-nos a hist\u00f3ria de uma galinha poedeira, a quem a dona retirava os ovos [&hellip;]","og_url":"https:\/\/www.altominho.tv\/site\/2019\/02\/01\/os-ovos-misteriosos-a-138a-criacao-do-teatro-do-noroeste-em-estreia-no-dia-6\/","og_site_name":"Altominho.tv","article_publisher":"https:\/\/www.facebook.com\/altominhotv","article_published_time":"2019-02-01T14:14:53+00:00","og_image":[{"width":1000,"height":670,"url":"https:\/\/www.altominho.tv\/site\/wp-content\/uploads\/2019\/02\/teatro-sa.jpg","type":"image\/jpeg"}],"author":"Andreia Cunha","twitter_card":"summary_large_image","twitter_creator":"@altominhoTV","twitter_site":"@altominhoTV","twitter_misc":{"Escrito por":"Andreia Cunha","Tempo estimado de leitura":"1 minuto"},"schema":{"@context":"https:\/\/schema.org","@graph":[{"@type":"Article","@id":"https:\/\/www.altominho.tv\/site\/2019\/02\/01\/os-ovos-misteriosos-a-138a-criacao-do-teatro-do-noroeste-em-estreia-no-dia-6\/#article","isPartOf":{"@id":"https:\/\/www.altominho.tv\/site\/2019\/02\/01\/os-ovos-misteriosos-a-138a-criacao-do-teatro-do-noroeste-em-estreia-no-dia-6\/"},"author":{"name":"Andreia Cunha","@id":"https:\/\/www.altominho.tv\/site\/#\/schema\/person\/a0e4ef6d041f98ca284393d8f1d97153"},"headline":"Os Ovos Misteriosos, a 138\u00aa cria\u00e7\u00e3o do Teatro do Noroeste em estreia no dia 6","datePublished":"2019-02-01T14:14:53+00:00","mainEntityOfPage":{"@id":"https:\/\/www.altominho.tv\/site\/2019\/02\/01\/os-ovos-misteriosos-a-138a-criacao-do-teatro-do-noroeste-em-estreia-no-dia-6\/"},"wordCount":214,"image":{"@id":"https:\/\/www.altominho.tv\/site\/2019\/02\/01\/os-ovos-misteriosos-a-138a-criacao-do-teatro-do-noroeste-em-estreia-no-dia-6\/#primaryimage"},"thumbnailUrl":"https:\/\/www.altominho.tv\/site\/wp-content\/uploads\/2019\/02\/teatro-sa.jpg","keywords":["Cultura","Sociedade"],"articleSection":["Viana do Castelo"],"inLanguage":"pt-PT","copyrightYear":"2019","copyrightHolder":{"@id":"https:\/\/www.altominho.tv\/site\/#organization"}},{"@type":"WebPage","@id":"https:\/\/www.altominho.tv\/site\/2019\/02\/01\/os-ovos-misteriosos-a-138a-criacao-do-teatro-do-noroeste-em-estreia-no-dia-6\/","url":"https:\/\/www.altominho.tv\/site\/2019\/02\/01\/os-ovos-misteriosos-a-138a-criacao-do-teatro-do-noroeste-em-estreia-no-dia-6\/","name":"Os Ovos Misteriosos, a 138\u00aa cria\u00e7\u00e3o do Teatro do Noroeste em estreia no dia 6","isPartOf":{"@id":"https:\/\/www.altominho.tv\/site\/#website"},"primaryImageOfPage":{"@id":"https:\/\/www.altominho.tv\/site\/2019\/02\/01\/os-ovos-misteriosos-a-138a-criacao-do-teatro-do-noroeste-em-estreia-no-dia-6\/#primaryimage"},"image":{"@id":"https:\/\/www.altominho.tv\/site\/2019\/02\/01\/os-ovos-misteriosos-a-138a-criacao-do-teatro-do-noroeste-em-estreia-no-dia-6\/#primaryimage"},"thumbnailUrl":"https:\/\/www.altominho.tv\/site\/wp-content\/uploads\/2019\/02\/teatro-sa.jpg","datePublished":"2019-02-01T14:14:53+00:00","author":{"@id":"https:\/\/www.altominho.tv\/site\/#\/schema\/person\/a0e4ef6d041f98ca284393d8f1d97153"},"breadcrumb":{"@id":"https:\/\/www.altominho.tv\/site\/2019\/02\/01\/os-ovos-misteriosos-a-138a-criacao-do-teatro-do-noroeste-em-estreia-no-dia-6\/#breadcrumb"},"inLanguage":"pt-PT","potentialAction":[{"@type":"ReadAction","target":["https:\/\/www.altominho.tv\/site\/2019\/02\/01\/os-ovos-misteriosos-a-138a-criacao-do-teatro-do-noroeste-em-estreia-no-dia-6\/"]}]},{"@type":"ImageObject","inLanguage":"pt-PT","@id":"https:\/\/www.altominho.tv\/site\/2019\/02\/01\/os-ovos-misteriosos-a-138a-criacao-do-teatro-do-noroeste-em-estreia-no-dia-6\/#primaryimage","url":"https:\/\/www.altominho.tv\/site\/wp-content\/uploads\/2019\/02\/teatro-sa.jpg","contentUrl":"https:\/\/www.altominho.tv\/site\/wp-content\/uploads\/2019\/02\/teatro-sa.jpg","width":1000,"height":670},{"@type":"BreadcrumbList","@id":"https:\/\/www.altominho.tv\/site\/2019\/02\/01\/os-ovos-misteriosos-a-138a-criacao-do-teatro-do-noroeste-em-estreia-no-dia-6\/#breadcrumb","itemListElement":[{"@type":"ListItem","position":1,"name":"In\u00edcio","item":"https:\/\/www.altominho.tv\/site\/"},{"@type":"ListItem","position":2,"name":"Os Ovos Misteriosos, a 138\u00aa cria\u00e7\u00e3o do Teatro do Noroeste em estreia no dia 6"}]},{"@type":"WebSite","@id":"https:\/\/www.altominho.tv\/site\/#website","url":"https:\/\/www.altominho.tv\/site\/","name":"Altominho.tv","description":"A sua regi\u00e3o \u00e0 dist\u00e2ncia de um clique...","potentialAction":[{"@type":"SearchAction","target":{"@type":"EntryPoint","urlTemplate":"https:\/\/www.altominho.tv\/site\/?s={search_term_string}"},"query-input":{"@type":"PropertyValueSpecification","valueRequired":true,"valueName":"search_term_string"}}],"inLanguage":"pt-PT"},{"@type":"Person","@id":"https:\/\/www.altominho.tv\/site\/#\/schema\/person\/a0e4ef6d041f98ca284393d8f1d97153","name":"Andreia Cunha","image":{"@type":"ImageObject","inLanguage":"pt-PT","@id":"https:\/\/www.altominho.tv\/site\/wp-content\/uploads\/2017\/11\/Andreia_Cunha-1-150x150.jpg","url":"https:\/\/www.altominho.tv\/site\/wp-content\/uploads\/2017\/11\/Andreia_Cunha-1-150x150.jpg","contentUrl":"https:\/\/www.altominho.tv\/site\/wp-content\/uploads\/2017\/11\/Andreia_Cunha-1-150x150.jpg","caption":"Andreia Cunha"},"url":"https:\/\/www.altominho.tv\/site\/author\/andreiacunha\/"}]}},"_links":{"self":[{"href":"https:\/\/www.altominho.tv\/site\/wp-json\/wp\/v2\/posts\/23403","targetHints":{"allow":["GET"]}}],"collection":[{"href":"https:\/\/www.altominho.tv\/site\/wp-json\/wp\/v2\/posts"}],"about":[{"href":"https:\/\/www.altominho.tv\/site\/wp-json\/wp\/v2\/types\/post"}],"author":[{"embeddable":true,"href":"https:\/\/www.altominho.tv\/site\/wp-json\/wp\/v2\/users\/7"}],"replies":[{"embeddable":true,"href":"https:\/\/www.altominho.tv\/site\/wp-json\/wp\/v2\/comments?post=23403"}],"version-history":[{"count":0,"href":"https:\/\/www.altominho.tv\/site\/wp-json\/wp\/v2\/posts\/23403\/revisions"}],"wp:featuredmedia":[{"embeddable":true,"href":"https:\/\/www.altominho.tv\/site\/wp-json\/wp\/v2\/media\/23405"}],"wp:attachment":[{"href":"https:\/\/www.altominho.tv\/site\/wp-json\/wp\/v2\/media?parent=23403"}],"wp:term":[{"taxonomy":"category","embeddable":true,"href":"https:\/\/www.altominho.tv\/site\/wp-json\/wp\/v2\/categories?post=23403"},{"taxonomy":"post_tag","embeddable":true,"href":"https:\/\/www.altominho.tv\/site\/wp-json\/wp\/v2\/tags?post=23403"}],"curies":[{"name":"wp","href":"https:\/\/api.w.org\/{rel}","templated":true}]}}