{"id":23394,"date":"2019-02-01T12:52:08","date_gmt":"2019-02-01T12:52:08","guid":{"rendered":"http:\/\/www.altominho.tv\/site\/?p=23394"},"modified":"2019-02-01T12:52:08","modified_gmt":"2019-02-01T12:52:08","slug":"aguas-do-norte-investe-cerca-de-37-me-em-agua-e-saneamento-em-arcos-de-valdevez","status":"publish","type":"post","link":"https:\/\/www.altominho.tv\/site\/2019\/02\/01\/aguas-do-norte-investe-cerca-de-37-me-em-agua-e-saneamento-em-arcos-de-valdevez\/","title":{"rendered":"\u00c1guas do Norte investe cerca de 3,7 ME em \u00e1gua e saneamento em Arcos de Valdevez"},"content":{"rendered":"<p>A empresa \u00c1guas do Norte consignou uma obra de 2,5 milh\u00f5es de euros para abastecimento de \u00e1gua a v\u00e1rias freguesias de Arcos de Valdevez e tem, em conclus\u00e3o, uma outra, no valor de mais 1,2 milh\u00f5es de euros.<\/p>\n<p>Em comunicado, a C\u00e2mara de Arcos de Valdevez, no distrito de Viana do Castelo, informou que a obra agora consignada tem um prazo de execu\u00e7\u00e3o de 365 dias e pretende assegurar a &#8220;liga\u00e7\u00e3o de Jorge a Vilar de Lobos, Vilarinho do Souto e Ermelo e A liga\u00e7\u00e3o de Morilh\u00f5es ao Vale&#8221;.<\/p>\n<p>&#8220;Esta obra ir\u00e1 permitir o abastecimento aos habitantes residentes nos lugares de Vilar de Lobos, Gra\u00e7\u00e3o, Vilarinho do Souto e Igreja, das freguesias de Ermelo, S\u00e3o Jorge e Vale, permitindo a futura adu\u00e7\u00e3o \u00e0 freguesia de Soajo&#8221;, especificou o munic\u00edpio.<\/p>\n<p>A obra &#8220;contempla cerca de 15,6 quil\u00f3metros de condutas, quatro reservat\u00f3rios e duas esta\u00e7\u00f5es elevat\u00f3rias de \u00e1gua&#8221;.<\/p>\n<p>Atualmente, a \u00c1guas do Norte ainda em fase de &#8220;conclus\u00e3o&#8221; a &#8220;liga\u00e7\u00e3o do subsistema de abastecimento de \u00e1gua de S\u00e3o Jorge ao sistema sudoeste do concelho, o que permitir\u00e1 refor\u00e7ar e assegurar o fornecimento de \u00e1gua a todo o subsistema entre Taba\u00e7\u00f4 e Jolda Madalena&#8221;.<\/p>\n<p>Fonte: Lusa<\/p>\n","protected":false},"excerpt":{"rendered":"<p>A empresa \u00c1guas do Norte consignou uma obra de 2,5 milh\u00f5es de euros para abastecimento de \u00e1gua a v\u00e1rias freguesias de Arcos de Valdevez e tem, em conclus\u00e3o, uma outra, no valor de mais 1,2 milh\u00f5es de euros. Em comunicado, a C\u00e2mara de Arcos de Valdevez, no distrito de Viana do Castelo, informou que a [&hellip;]<\/p>\n","protected":false},"author":7,"featured_media":23395,"comment_status":"closed","ping_status":"closed","sticky":false,"template":"","format":"standard","meta":{"_exactmetrics_skip_tracking":false,"_exactmetrics_sitenote_active":false,"_exactmetrics_sitenote_note":"","_exactmetrics_sitenote_category":0,"footnotes":""},"categories":[2],"tags":[27],"class_list":["post-23394","post","type-post","status-publish","format-standard","has-post-thumbnail","hentry","category-arcos-de-valdevez","tag-sociedade"],"yoast_head":"<!-- This site is optimized with the Yoast SEO Premium plugin v27.5 (Yoast SEO v27.5) - https:\/\/yoast.com\/product\/yoast-seo-premium-wordpress\/ -->\n<title>\u00c1guas do Norte investe cerca de 3,7 ME em \u00e1gua e saneamento em Arcos de Valdevez<\/title>\n<meta name=\"robots\" content=\"index, follow, max-snippet:-1, max-image-preview:large, max-video-preview:-1\" \/>\n<link rel=\"canonical\" href=\"https:\/\/www.altominho.tv\/site\/2019\/02\/01\/aguas-do-norte-investe-cerca-de-37-me-em-agua-e-saneamento-em-arcos-de-valdevez\/\" \/>\n<meta property=\"og:locale\" content=\"pt_PT\" \/>\n<meta property=\"og:type\" content=\"article\" \/>\n<meta property=\"og:title\" content=\"\u00c1guas do Norte investe cerca de 3,7 ME em \u00e1gua e saneamento em Arcos de Valdevez\" \/>\n<meta property=\"og:description\" content=\"A empresa \u00c1guas do Norte consignou uma obra de 2,5 milh\u00f5es de euros para abastecimento de \u00e1gua a v\u00e1rias freguesias de Arcos de Valdevez e tem, em conclus\u00e3o, uma outra, no valor de mais 1,2 milh\u00f5es de euros. Em comunicado, a C\u00e2mara de Arcos de Valdevez, no distrito de Viana do Castelo, informou que a [&hellip;]\" \/>\n<meta property=\"og:url\" content=\"https:\/\/www.altominho.tv\/site\/2019\/02\/01\/aguas-do-norte-investe-cerca-de-37-me-em-agua-e-saneamento-em-arcos-de-valdevez\/\" \/>\n<meta property=\"og:site_name\" content=\"Altominho.tv\" \/>\n<meta property=\"article:publisher\" content=\"https:\/\/www.facebook.com\/altominhotv\" \/>\n<meta property=\"article:published_time\" content=\"2019-02-01T12:52:08+00:00\" \/>\n<meta property=\"og:image\" content=\"https:\/\/www.altominho.tv\/site\/wp-content\/uploads\/2019\/02\/arcosvv.jpg\" \/>\n\t<meta property=\"og:image:width\" content=\"730\" \/>\n\t<meta property=\"og:image:height\" content=\"411\" \/>\n\t<meta property=\"og:image:type\" content=\"image\/jpeg\" \/>\n<meta name=\"author\" content=\"Andreia Cunha\" \/>\n<meta name=\"twitter:card\" content=\"summary_large_image\" \/>\n<meta name=\"twitter:creator\" content=\"@altominhoTV\" \/>\n<meta name=\"twitter:site\" content=\"@altominhoTV\" \/>\n<meta name=\"twitter:label1\" content=\"Escrito por\" \/>\n\t<meta name=\"twitter:data1\" content=\"Andreia Cunha\" \/>\n\t<meta name=\"twitter:label2\" content=\"Tempo estimado de leitura\" \/>\n\t<meta name=\"twitter:data2\" content=\"1 minuto\" \/>\n<script type=\"application\/ld+json\" class=\"yoast-schema-graph\">{\"@context\":\"https:\\\/\\\/schema.org\",\"@graph\":[{\"@type\":\"Article\",\"@id\":\"https:\\\/\\\/www.altominho.tv\\\/site\\\/2019\\\/02\\\/01\\\/aguas-do-norte-investe-cerca-de-37-me-em-agua-e-saneamento-em-arcos-de-valdevez\\\/#article\",\"isPartOf\":{\"@id\":\"https:\\\/\\\/www.altominho.tv\\\/site\\\/2019\\\/02\\\/01\\\/aguas-do-norte-investe-cerca-de-37-me-em-agua-e-saneamento-em-arcos-de-valdevez\\\/\"},\"author\":{\"name\":\"Andreia Cunha\",\"@id\":\"https:\\\/\\\/www.altominho.tv\\\/site\\\/#\\\/schema\\\/person\\\/a0e4ef6d041f98ca284393d8f1d97153\"},\"headline\":\"\u00c1guas do Norte investe cerca de 3,7 ME em \u00e1gua e saneamento em Arcos de Valdevez\",\"datePublished\":\"2019-02-01T12:52:08+00:00\",\"mainEntityOfPage\":{\"@id\":\"https:\\\/\\\/www.altominho.tv\\\/site\\\/2019\\\/02\\\/01\\\/aguas-do-norte-investe-cerca-de-37-me-em-agua-e-saneamento-em-arcos-de-valdevez\\\/\"},\"wordCount\":224,\"image\":{\"@id\":\"https:\\\/\\\/www.altominho.tv\\\/site\\\/2019\\\/02\\\/01\\\/aguas-do-norte-investe-cerca-de-37-me-em-agua-e-saneamento-em-arcos-de-valdevez\\\/#primaryimage\"},\"thumbnailUrl\":\"https:\\\/\\\/www.altominho.tv\\\/site\\\/wp-content\\\/uploads\\\/2019\\\/02\\\/arcosvv.jpg\",\"keywords\":[\"Sociedade\"],\"articleSection\":[\"Arcos de Valdevez\"],\"inLanguage\":\"pt-PT\",\"copyrightYear\":\"2019\",\"copyrightHolder\":{\"@id\":\"https:\\\/\\\/www.altominho.tv\\\/site\\\/#organization\"}},{\"@type\":\"WebPage\",\"@id\":\"https:\\\/\\\/www.altominho.tv\\\/site\\\/2019\\\/02\\\/01\\\/aguas-do-norte-investe-cerca-de-37-me-em-agua-e-saneamento-em-arcos-de-valdevez\\\/\",\"url\":\"https:\\\/\\\/www.altominho.tv\\\/site\\\/2019\\\/02\\\/01\\\/aguas-do-norte-investe-cerca-de-37-me-em-agua-e-saneamento-em-arcos-de-valdevez\\\/\",\"name\":\"\u00c1guas do Norte investe cerca de 3,7 ME em \u00e1gua e saneamento em Arcos de Valdevez\",\"isPartOf\":{\"@id\":\"https:\\\/\\\/www.altominho.tv\\\/site\\\/#website\"},\"primaryImageOfPage\":{\"@id\":\"https:\\\/\\\/www.altominho.tv\\\/site\\\/2019\\\/02\\\/01\\\/aguas-do-norte-investe-cerca-de-37-me-em-agua-e-saneamento-em-arcos-de-valdevez\\\/#primaryimage\"},\"image\":{\"@id\":\"https:\\\/\\\/www.altominho.tv\\\/site\\\/2019\\\/02\\\/01\\\/aguas-do-norte-investe-cerca-de-37-me-em-agua-e-saneamento-em-arcos-de-valdevez\\\/#primaryimage\"},\"thumbnailUrl\":\"https:\\\/\\\/www.altominho.tv\\\/site\\\/wp-content\\\/uploads\\\/2019\\\/02\\\/arcosvv.jpg\",\"datePublished\":\"2019-02-01T12:52:08+00:00\",\"author\":{\"@id\":\"https:\\\/\\\/www.altominho.tv\\\/site\\\/#\\\/schema\\\/person\\\/a0e4ef6d041f98ca284393d8f1d97153\"},\"breadcrumb\":{\"@id\":\"https:\\\/\\\/www.altominho.tv\\\/site\\\/2019\\\/02\\\/01\\\/aguas-do-norte-investe-cerca-de-37-me-em-agua-e-saneamento-em-arcos-de-valdevez\\\/#breadcrumb\"},\"inLanguage\":\"pt-PT\",\"potentialAction\":[{\"@type\":\"ReadAction\",\"target\":[\"https:\\\/\\\/www.altominho.tv\\\/site\\\/2019\\\/02\\\/01\\\/aguas-do-norte-investe-cerca-de-37-me-em-agua-e-saneamento-em-arcos-de-valdevez\\\/\"]}]},{\"@type\":\"ImageObject\",\"inLanguage\":\"pt-PT\",\"@id\":\"https:\\\/\\\/www.altominho.tv\\\/site\\\/2019\\\/02\\\/01\\\/aguas-do-norte-investe-cerca-de-37-me-em-agua-e-saneamento-em-arcos-de-valdevez\\\/#primaryimage\",\"url\":\"https:\\\/\\\/www.altominho.tv\\\/site\\\/wp-content\\\/uploads\\\/2019\\\/02\\\/arcosvv.jpg\",\"contentUrl\":\"https:\\\/\\\/www.altominho.tv\\\/site\\\/wp-content\\\/uploads\\\/2019\\\/02\\\/arcosvv.jpg\",\"width\":730,\"height\":411},{\"@type\":\"BreadcrumbList\",\"@id\":\"https:\\\/\\\/www.altominho.tv\\\/site\\\/2019\\\/02\\\/01\\\/aguas-do-norte-investe-cerca-de-37-me-em-agua-e-saneamento-em-arcos-de-valdevez\\\/#breadcrumb\",\"itemListElement\":[{\"@type\":\"ListItem\",\"position\":1,\"name\":\"In\u00edcio\",\"item\":\"https:\\\/\\\/www.altominho.tv\\\/site\\\/\"},{\"@type\":\"ListItem\",\"position\":2,\"name\":\"\u00c1guas do Norte investe cerca de 3,7 ME em \u00e1gua e saneamento em Arcos de Valdevez\"}]},{\"@type\":\"WebSite\",\"@id\":\"https:\\\/\\\/www.altominho.tv\\\/site\\\/#website\",\"url\":\"https:\\\/\\\/www.altominho.tv\\\/site\\\/\",\"name\":\"Altominho.tv\",\"description\":\"A sua regi\u00e3o \u00e0 dist\u00e2ncia de um clique...\",\"potentialAction\":[{\"@type\":\"SearchAction\",\"target\":{\"@type\":\"EntryPoint\",\"urlTemplate\":\"https:\\\/\\\/www.altominho.tv\\\/site\\\/?s={search_term_string}\"},\"query-input\":{\"@type\":\"PropertyValueSpecification\",\"valueRequired\":true,\"valueName\":\"search_term_string\"}}],\"inLanguage\":\"pt-PT\"},{\"@type\":\"Person\",\"@id\":\"https:\\\/\\\/www.altominho.tv\\\/site\\\/#\\\/schema\\\/person\\\/a0e4ef6d041f98ca284393d8f1d97153\",\"name\":\"Andreia Cunha\",\"image\":{\"@type\":\"ImageObject\",\"inLanguage\":\"pt-PT\",\"@id\":\"https:\\\/\\\/www.altominho.tv\\\/site\\\/wp-content\\\/uploads\\\/2017\\\/11\\\/Andreia_Cunha-1-150x150.jpg\",\"url\":\"https:\\\/\\\/www.altominho.tv\\\/site\\\/wp-content\\\/uploads\\\/2017\\\/11\\\/Andreia_Cunha-1-150x150.jpg\",\"contentUrl\":\"https:\\\/\\\/www.altominho.tv\\\/site\\\/wp-content\\\/uploads\\\/2017\\\/11\\\/Andreia_Cunha-1-150x150.jpg\",\"caption\":\"Andreia Cunha\"},\"url\":\"https:\\\/\\\/www.altominho.tv\\\/site\\\/author\\\/andreiacunha\\\/\"}]}<\/script>\n<!-- \/ Yoast SEO Premium plugin. -->","yoast_head_json":{"title":"\u00c1guas do Norte investe cerca de 3,7 ME em \u00e1gua e saneamento em Arcos de Valdevez","robots":{"index":"index","follow":"follow","max-snippet":"max-snippet:-1","max-image-preview":"max-image-preview:large","max-video-preview":"max-video-preview:-1"},"canonical":"https:\/\/www.altominho.tv\/site\/2019\/02\/01\/aguas-do-norte-investe-cerca-de-37-me-em-agua-e-saneamento-em-arcos-de-valdevez\/","og_locale":"pt_PT","og_type":"article","og_title":"\u00c1guas do Norte investe cerca de 3,7 ME em \u00e1gua e saneamento em Arcos de Valdevez","og_description":"A empresa \u00c1guas do Norte consignou uma obra de 2,5 milh\u00f5es de euros para abastecimento de \u00e1gua a v\u00e1rias freguesias de Arcos de Valdevez e tem, em conclus\u00e3o, uma outra, no valor de mais 1,2 milh\u00f5es de euros. Em comunicado, a C\u00e2mara de Arcos de Valdevez, no distrito de Viana do Castelo, informou que a [&hellip;]","og_url":"https:\/\/www.altominho.tv\/site\/2019\/02\/01\/aguas-do-norte-investe-cerca-de-37-me-em-agua-e-saneamento-em-arcos-de-valdevez\/","og_site_name":"Altominho.tv","article_publisher":"https:\/\/www.facebook.com\/altominhotv","article_published_time":"2019-02-01T12:52:08+00:00","og_image":[{"width":730,"height":411,"url":"https:\/\/www.altominho.tv\/site\/wp-content\/uploads\/2019\/02\/arcosvv.jpg","type":"image\/jpeg"}],"author":"Andreia Cunha","twitter_card":"summary_large_image","twitter_creator":"@altominhoTV","twitter_site":"@altominhoTV","twitter_misc":{"Escrito por":"Andreia Cunha","Tempo estimado de leitura":"1 minuto"},"schema":{"@context":"https:\/\/schema.org","@graph":[{"@type":"Article","@id":"https:\/\/www.altominho.tv\/site\/2019\/02\/01\/aguas-do-norte-investe-cerca-de-37-me-em-agua-e-saneamento-em-arcos-de-valdevez\/#article","isPartOf":{"@id":"https:\/\/www.altominho.tv\/site\/2019\/02\/01\/aguas-do-norte-investe-cerca-de-37-me-em-agua-e-saneamento-em-arcos-de-valdevez\/"},"author":{"name":"Andreia Cunha","@id":"https:\/\/www.altominho.tv\/site\/#\/schema\/person\/a0e4ef6d041f98ca284393d8f1d97153"},"headline":"\u00c1guas do Norte investe cerca de 3,7 ME em \u00e1gua e saneamento em Arcos de Valdevez","datePublished":"2019-02-01T12:52:08+00:00","mainEntityOfPage":{"@id":"https:\/\/www.altominho.tv\/site\/2019\/02\/01\/aguas-do-norte-investe-cerca-de-37-me-em-agua-e-saneamento-em-arcos-de-valdevez\/"},"wordCount":224,"image":{"@id":"https:\/\/www.altominho.tv\/site\/2019\/02\/01\/aguas-do-norte-investe-cerca-de-37-me-em-agua-e-saneamento-em-arcos-de-valdevez\/#primaryimage"},"thumbnailUrl":"https:\/\/www.altominho.tv\/site\/wp-content\/uploads\/2019\/02\/arcosvv.jpg","keywords":["Sociedade"],"articleSection":["Arcos de Valdevez"],"inLanguage":"pt-PT","copyrightYear":"2019","copyrightHolder":{"@id":"https:\/\/www.altominho.tv\/site\/#organization"}},{"@type":"WebPage","@id":"https:\/\/www.altominho.tv\/site\/2019\/02\/01\/aguas-do-norte-investe-cerca-de-37-me-em-agua-e-saneamento-em-arcos-de-valdevez\/","url":"https:\/\/www.altominho.tv\/site\/2019\/02\/01\/aguas-do-norte-investe-cerca-de-37-me-em-agua-e-saneamento-em-arcos-de-valdevez\/","name":"\u00c1guas do Norte investe cerca de 3,7 ME em \u00e1gua e saneamento em Arcos de Valdevez","isPartOf":{"@id":"https:\/\/www.altominho.tv\/site\/#website"},"primaryImageOfPage":{"@id":"https:\/\/www.altominho.tv\/site\/2019\/02\/01\/aguas-do-norte-investe-cerca-de-37-me-em-agua-e-saneamento-em-arcos-de-valdevez\/#primaryimage"},"image":{"@id":"https:\/\/www.altominho.tv\/site\/2019\/02\/01\/aguas-do-norte-investe-cerca-de-37-me-em-agua-e-saneamento-em-arcos-de-valdevez\/#primaryimage"},"thumbnailUrl":"https:\/\/www.altominho.tv\/site\/wp-content\/uploads\/2019\/02\/arcosvv.jpg","datePublished":"2019-02-01T12:52:08+00:00","author":{"@id":"https:\/\/www.altominho.tv\/site\/#\/schema\/person\/a0e4ef6d041f98ca284393d8f1d97153"},"breadcrumb":{"@id":"https:\/\/www.altominho.tv\/site\/2019\/02\/01\/aguas-do-norte-investe-cerca-de-37-me-em-agua-e-saneamento-em-arcos-de-valdevez\/#breadcrumb"},"inLanguage":"pt-PT","potentialAction":[{"@type":"ReadAction","target":["https:\/\/www.altominho.tv\/site\/2019\/02\/01\/aguas-do-norte-investe-cerca-de-37-me-em-agua-e-saneamento-em-arcos-de-valdevez\/"]}]},{"@type":"ImageObject","inLanguage":"pt-PT","@id":"https:\/\/www.altominho.tv\/site\/2019\/02\/01\/aguas-do-norte-investe-cerca-de-37-me-em-agua-e-saneamento-em-arcos-de-valdevez\/#primaryimage","url":"https:\/\/www.altominho.tv\/site\/wp-content\/uploads\/2019\/02\/arcosvv.jpg","contentUrl":"https:\/\/www.altominho.tv\/site\/wp-content\/uploads\/2019\/02\/arcosvv.jpg","width":730,"height":411},{"@type":"BreadcrumbList","@id":"https:\/\/www.altominho.tv\/site\/2019\/02\/01\/aguas-do-norte-investe-cerca-de-37-me-em-agua-e-saneamento-em-arcos-de-valdevez\/#breadcrumb","itemListElement":[{"@type":"ListItem","position":1,"name":"In\u00edcio","item":"https:\/\/www.altominho.tv\/site\/"},{"@type":"ListItem","position":2,"name":"\u00c1guas do Norte investe cerca de 3,7 ME em \u00e1gua e saneamento em Arcos de Valdevez"}]},{"@type":"WebSite","@id":"https:\/\/www.altominho.tv\/site\/#website","url":"https:\/\/www.altominho.tv\/site\/","name":"Altominho.tv","description":"A sua regi\u00e3o \u00e0 dist\u00e2ncia de um clique...","potentialAction":[{"@type":"SearchAction","target":{"@type":"EntryPoint","urlTemplate":"https:\/\/www.altominho.tv\/site\/?s={search_term_string}"},"query-input":{"@type":"PropertyValueSpecification","valueRequired":true,"valueName":"search_term_string"}}],"inLanguage":"pt-PT"},{"@type":"Person","@id":"https:\/\/www.altominho.tv\/site\/#\/schema\/person\/a0e4ef6d041f98ca284393d8f1d97153","name":"Andreia Cunha","image":{"@type":"ImageObject","inLanguage":"pt-PT","@id":"https:\/\/www.altominho.tv\/site\/wp-content\/uploads\/2017\/11\/Andreia_Cunha-1-150x150.jpg","url":"https:\/\/www.altominho.tv\/site\/wp-content\/uploads\/2017\/11\/Andreia_Cunha-1-150x150.jpg","contentUrl":"https:\/\/www.altominho.tv\/site\/wp-content\/uploads\/2017\/11\/Andreia_Cunha-1-150x150.jpg","caption":"Andreia Cunha"},"url":"https:\/\/www.altominho.tv\/site\/author\/andreiacunha\/"}]}},"_links":{"self":[{"href":"https:\/\/www.altominho.tv\/site\/wp-json\/wp\/v2\/posts\/23394","targetHints":{"allow":["GET"]}}],"collection":[{"href":"https:\/\/www.altominho.tv\/site\/wp-json\/wp\/v2\/posts"}],"about":[{"href":"https:\/\/www.altominho.tv\/site\/wp-json\/wp\/v2\/types\/post"}],"author":[{"embeddable":true,"href":"https:\/\/www.altominho.tv\/site\/wp-json\/wp\/v2\/users\/7"}],"replies":[{"embeddable":true,"href":"https:\/\/www.altominho.tv\/site\/wp-json\/wp\/v2\/comments?post=23394"}],"version-history":[{"count":0,"href":"https:\/\/www.altominho.tv\/site\/wp-json\/wp\/v2\/posts\/23394\/revisions"}],"wp:featuredmedia":[{"embeddable":true,"href":"https:\/\/www.altominho.tv\/site\/wp-json\/wp\/v2\/media\/23395"}],"wp:attachment":[{"href":"https:\/\/www.altominho.tv\/site\/wp-json\/wp\/v2\/media?parent=23394"}],"wp:term":[{"taxonomy":"category","embeddable":true,"href":"https:\/\/www.altominho.tv\/site\/wp-json\/wp\/v2\/categories?post=23394"},{"taxonomy":"post_tag","embeddable":true,"href":"https:\/\/www.altominho.tv\/site\/wp-json\/wp\/v2\/tags?post=23394"}],"curies":[{"name":"wp","href":"https:\/\/api.w.org\/{rel}","templated":true}]}}