{"id":23267,"date":"2019-01-30T10:38:50","date_gmt":"2019-01-30T10:38:50","guid":{"rendered":"http:\/\/www.altominho.tv\/site\/?p=23267"},"modified":"2019-01-30T10:38:50","modified_gmt":"2019-01-30T10:38:50","slug":"ponte-de-lima-rejeita-competencias-sem-efetiva-compensacao-financeira","status":"publish","type":"post","link":"https:\/\/www.altominho.tv\/site\/2019\/01\/30\/ponte-de-lima-rejeita-competencias-sem-efetiva-compensacao-financeira\/","title":{"rendered":"Ponte de Lima rejeita compet\u00eancias sem \u201cefetiva compensa\u00e7\u00e3o financeira\u201d"},"content":{"rendered":"<p>O concelho de Ponte de Lima, rejeitou a transfer\u00eancia de nove compet\u00eancias da administra\u00e7\u00e3o central para as autarquias, por &#8220;falta de informa\u00e7\u00e3o&#8221; quanto \u00e0 &#8220;compensa\u00e7\u00e3o financeira&#8221;, informou fonte aut\u00e1rquica.<\/p>\n<p>De acordo com aquela fonte, o munic\u00edpio aceitou delegar duas compet\u00eancias da administra\u00e7\u00e3o central, em 2019, para a Comunidade Intermunicipal (CIM) do Alto Minho.<\/p>\n<p>Na c\u00e2mara, de maioria CDS-PP, a rejei\u00e7\u00e3o das nove compet\u00eancias foi aprovada por unanimidade, sendo que a delega\u00e7\u00e3o, na CIM do Alto Minho, de compet\u00eancias nas \u00e1reas dos projetos financiados por fundos europeus e dos programas de capta\u00e7\u00e3o de investimento e promo\u00e7\u00e3o tur\u00edstica, foi aprovada por maioria, com dois votos contra dos vereadores do movimento Ponte de Lima, Minha Terra (PLMT).<\/p>\n<p>Na proposta que apresentou \u00e0 reuni\u00e3o camar\u00e1ria de 14 de janeiro, o presidente da autarquia, Victor Mendes justificou a rejei\u00e7\u00e3o por &#8220;permanecer a superficialidade&#8221; sobre a transfer\u00eancia de compet\u00eancias, &#8220;n\u00e3o se entrando no detalhe necess\u00e1rio relativamente a quest\u00f5es t\u00e3o fundamentais como os recursos financeiros a transferir adiando essa informa\u00e7\u00e3o, primordial para a atual tomada de posi\u00e7\u00e3o, para um momento posterior&#8221;.<\/p>\n<p>&#8220;Suscitam-se, assim, d\u00favidas sobre uma efetiva compensa\u00e7\u00e3o financeira adequada e justa associada a este acr\u00e9scimo consider\u00e1vel de custos de investimento e de funcionamento, gest\u00e3o, manuten\u00e7\u00e3o, nomeadamente no acr\u00e9scimo dos custos com recursos humanos da autarquia, custos administrativos, de utiliza\u00e7\u00e3o de viaturas, consum\u00edveis e equipamentos entre outros&#8221;, adianta a proposta aprovada, por unanimidade na reuni\u00e3o camar\u00e1ria de 14 de janeiro.<\/p>\n<p>Na \u00faltima sexta-feira, em sess\u00e3o da assembleia municipal foram aprovadas por maioria as duas propostas da autarquia, uma relativa aos diplomas de \u00e2mbito municipal e, a outra, de delega\u00e7\u00e3o na CIM do Alto Minho, das compet\u00eancias de \u00e2mbito intermunicipal.<\/p>\n<p>O Governo aprovou 21 diplomas setoriais no \u00e2mbito da lei-quadro da transfer\u00eancia de compet\u00eancias para autarquias e entidades intermunicipais &#8211; num processo gradual de descentraliza\u00e7\u00e3o entre 2019 e 2021 -, faltando ainda aprovar o decreto de novas atribui\u00e7\u00f5es das freguesias.<\/p>\n<p>Os primeiros 11 diplomas setoriais j\u00e1 publicados abrangem a transfer\u00eancia de compet\u00eancias, para as autarquias, nas praias, jogos de fortuna ou azar, vias de comunica\u00e7\u00e3o, atendimento ao cidad\u00e3o, habita\u00e7\u00e3o, patrim\u00f3nio, estacionamento p\u00fablico, bombeiros volunt\u00e1rios e justi\u00e7a, e para as entidades intermunicipais, na promo\u00e7\u00e3o tur\u00edstica e fundos europeus e capta\u00e7\u00e3o de investimento.<\/p>\n<p>As entidades intermunicipais podem ainda assumir novas atribui\u00e7\u00f5es no apoio a bombeiros volunt\u00e1rios e justi\u00e7a, enquanto as freguesias tamb\u00e9m podem receber responsabilidades no atendimento ao cidad\u00e3o.<\/p>\n<p>O Presidente da Rep\u00fablica promulgou, entretanto, outros quatro decretos, nos dom\u00ednios da prote\u00e7\u00e3o e sa\u00fade animal e seguran\u00e7a dos alimentos, educa\u00e7\u00e3o, sa\u00fade e cultura, que aguardam publica\u00e7\u00e3o oficial.<\/p>\n<p>As autarquias e entidades intermunicipais que n\u00e3o quiserem assumir em 2019 as compet\u00eancias dos decretos setoriais publicados ter\u00e3o de o comunicar \u00e0 Dire\u00e7\u00e3o-Geral das Autarquias Locais (DGAL), entre 31 de janeiro e 02 de fevereiro &#8211; consoante a data da publica\u00e7\u00e3o -, ap\u00f3s decis\u00e3o dos respetivos \u00f3rg\u00e3os deliberativos.<\/p>\n<p>Fonte: Lusa<\/p>\n","protected":false},"excerpt":{"rendered":"<p>O concelho de Ponte de Lima, rejeitou a transfer\u00eancia de nove compet\u00eancias da administra\u00e7\u00e3o central para as autarquias, por &#8220;falta de informa\u00e7\u00e3o&#8221; quanto \u00e0 &#8220;compensa\u00e7\u00e3o financeira&#8221;, informou fonte aut\u00e1rquica. De acordo com aquela fonte, o munic\u00edpio aceitou delegar duas compet\u00eancias da administra\u00e7\u00e3o central, em 2019, para a Comunidade Intermunicipal (CIM) do Alto Minho. Na c\u00e2mara, [&hellip;]<\/p>\n","protected":false},"author":7,"featured_media":23268,"comment_status":"closed","ping_status":"closed","sticky":false,"template":"","format":"standard","meta":{"_exactmetrics_skip_tracking":false,"_exactmetrics_sitenote_active":false,"_exactmetrics_sitenote_note":"","_exactmetrics_sitenote_category":0,"footnotes":""},"categories":[12],"tags":[27],"class_list":["post-23267","post","type-post","status-publish","format-standard","has-post-thumbnail","hentry","category-ponte-de-lima","tag-sociedade"],"yoast_head":"<!-- This site is optimized with the Yoast SEO Premium plugin v27.5 (Yoast SEO v27.5) - https:\/\/yoast.com\/product\/yoast-seo-premium-wordpress\/ -->\n<title>Ponte de Lima rejeita compet\u00eancias sem \u201cefetiva compensa\u00e7\u00e3o financeira\u201d<\/title>\n<meta name=\"robots\" content=\"index, follow, max-snippet:-1, max-image-preview:large, max-video-preview:-1\" \/>\n<link rel=\"canonical\" href=\"https:\/\/www.altominho.tv\/site\/2019\/01\/30\/ponte-de-lima-rejeita-competencias-sem-efetiva-compensacao-financeira\/\" \/>\n<meta property=\"og:locale\" content=\"pt_PT\" \/>\n<meta property=\"og:type\" content=\"article\" \/>\n<meta property=\"og:title\" content=\"Ponte de Lima rejeita compet\u00eancias sem \u201cefetiva compensa\u00e7\u00e3o financeira\u201d\" \/>\n<meta property=\"og:description\" content=\"O concelho de Ponte de Lima, rejeitou a transfer\u00eancia de nove compet\u00eancias da administra\u00e7\u00e3o central para as autarquias, por &#8220;falta de informa\u00e7\u00e3o&#8221; quanto \u00e0 &#8220;compensa\u00e7\u00e3o financeira&#8221;, informou fonte aut\u00e1rquica. De acordo com aquela fonte, o munic\u00edpio aceitou delegar duas compet\u00eancias da administra\u00e7\u00e3o central, em 2019, para a Comunidade Intermunicipal (CIM) do Alto Minho. Na c\u00e2mara, [&hellip;]\" \/>\n<meta property=\"og:url\" content=\"https:\/\/www.altominho.tv\/site\/2019\/01\/30\/ponte-de-lima-rejeita-competencias-sem-efetiva-compensacao-financeira\/\" \/>\n<meta property=\"og:site_name\" content=\"Altominho.tv\" \/>\n<meta property=\"article:publisher\" content=\"https:\/\/www.facebook.com\/altominhotv\" \/>\n<meta property=\"article:published_time\" content=\"2019-01-30T10:38:50+00:00\" \/>\n<meta property=\"og:image\" content=\"https:\/\/www.altominho.tv\/site\/wp-content\/uploads\/2019\/01\/ptlt.jpg\" \/>\n\t<meta property=\"og:image:width\" content=\"800\" \/>\n\t<meta property=\"og:image:height\" content=\"409\" \/>\n\t<meta property=\"og:image:type\" content=\"image\/jpeg\" \/>\n<meta name=\"author\" content=\"Andreia Cunha\" \/>\n<meta name=\"twitter:card\" content=\"summary_large_image\" \/>\n<meta name=\"twitter:creator\" content=\"@altominhoTV\" \/>\n<meta name=\"twitter:site\" content=\"@altominhoTV\" \/>\n<meta name=\"twitter:label1\" content=\"Escrito por\" \/>\n\t<meta name=\"twitter:data1\" content=\"Andreia Cunha\" \/>\n\t<meta name=\"twitter:label2\" content=\"Tempo estimado de leitura\" \/>\n\t<meta name=\"twitter:data2\" content=\"3 minutos\" \/>\n<script type=\"application\/ld+json\" class=\"yoast-schema-graph\">{\"@context\":\"https:\\\/\\\/schema.org\",\"@graph\":[{\"@type\":\"Article\",\"@id\":\"https:\\\/\\\/www.altominho.tv\\\/site\\\/2019\\\/01\\\/30\\\/ponte-de-lima-rejeita-competencias-sem-efetiva-compensacao-financeira\\\/#article\",\"isPartOf\":{\"@id\":\"https:\\\/\\\/www.altominho.tv\\\/site\\\/2019\\\/01\\\/30\\\/ponte-de-lima-rejeita-competencias-sem-efetiva-compensacao-financeira\\\/\"},\"author\":{\"name\":\"Andreia Cunha\",\"@id\":\"https:\\\/\\\/www.altominho.tv\\\/site\\\/#\\\/schema\\\/person\\\/a0e4ef6d041f98ca284393d8f1d97153\"},\"headline\":\"Ponte de Lima rejeita compet\u00eancias sem \u201cefetiva compensa\u00e7\u00e3o financeira\u201d\",\"datePublished\":\"2019-01-30T10:38:50+00:00\",\"mainEntityOfPage\":{\"@id\":\"https:\\\/\\\/www.altominho.tv\\\/site\\\/2019\\\/01\\\/30\\\/ponte-de-lima-rejeita-competencias-sem-efetiva-compensacao-financeira\\\/\"},\"wordCount\":544,\"image\":{\"@id\":\"https:\\\/\\\/www.altominho.tv\\\/site\\\/2019\\\/01\\\/30\\\/ponte-de-lima-rejeita-competencias-sem-efetiva-compensacao-financeira\\\/#primaryimage\"},\"thumbnailUrl\":\"https:\\\/\\\/www.altominho.tv\\\/site\\\/wp-content\\\/uploads\\\/2019\\\/01\\\/ptlt.jpg\",\"keywords\":[\"Sociedade\"],\"articleSection\":[\"Ponte de Lima\"],\"inLanguage\":\"pt-PT\",\"copyrightYear\":\"2019\",\"copyrightHolder\":{\"@id\":\"https:\\\/\\\/www.altominho.tv\\\/site\\\/#organization\"}},{\"@type\":\"WebPage\",\"@id\":\"https:\\\/\\\/www.altominho.tv\\\/site\\\/2019\\\/01\\\/30\\\/ponte-de-lima-rejeita-competencias-sem-efetiva-compensacao-financeira\\\/\",\"url\":\"https:\\\/\\\/www.altominho.tv\\\/site\\\/2019\\\/01\\\/30\\\/ponte-de-lima-rejeita-competencias-sem-efetiva-compensacao-financeira\\\/\",\"name\":\"Ponte de Lima rejeita compet\u00eancias sem \u201cefetiva compensa\u00e7\u00e3o financeira\u201d\",\"isPartOf\":{\"@id\":\"https:\\\/\\\/www.altominho.tv\\\/site\\\/#website\"},\"primaryImageOfPage\":{\"@id\":\"https:\\\/\\\/www.altominho.tv\\\/site\\\/2019\\\/01\\\/30\\\/ponte-de-lima-rejeita-competencias-sem-efetiva-compensacao-financeira\\\/#primaryimage\"},\"image\":{\"@id\":\"https:\\\/\\\/www.altominho.tv\\\/site\\\/2019\\\/01\\\/30\\\/ponte-de-lima-rejeita-competencias-sem-efetiva-compensacao-financeira\\\/#primaryimage\"},\"thumbnailUrl\":\"https:\\\/\\\/www.altominho.tv\\\/site\\\/wp-content\\\/uploads\\\/2019\\\/01\\\/ptlt.jpg\",\"datePublished\":\"2019-01-30T10:38:50+00:00\",\"author\":{\"@id\":\"https:\\\/\\\/www.altominho.tv\\\/site\\\/#\\\/schema\\\/person\\\/a0e4ef6d041f98ca284393d8f1d97153\"},\"breadcrumb\":{\"@id\":\"https:\\\/\\\/www.altominho.tv\\\/site\\\/2019\\\/01\\\/30\\\/ponte-de-lima-rejeita-competencias-sem-efetiva-compensacao-financeira\\\/#breadcrumb\"},\"inLanguage\":\"pt-PT\",\"potentialAction\":[{\"@type\":\"ReadAction\",\"target\":[\"https:\\\/\\\/www.altominho.tv\\\/site\\\/2019\\\/01\\\/30\\\/ponte-de-lima-rejeita-competencias-sem-efetiva-compensacao-financeira\\\/\"]}]},{\"@type\":\"ImageObject\",\"inLanguage\":\"pt-PT\",\"@id\":\"https:\\\/\\\/www.altominho.tv\\\/site\\\/2019\\\/01\\\/30\\\/ponte-de-lima-rejeita-competencias-sem-efetiva-compensacao-financeira\\\/#primaryimage\",\"url\":\"https:\\\/\\\/www.altominho.tv\\\/site\\\/wp-content\\\/uploads\\\/2019\\\/01\\\/ptlt.jpg\",\"contentUrl\":\"https:\\\/\\\/www.altominho.tv\\\/site\\\/wp-content\\\/uploads\\\/2019\\\/01\\\/ptlt.jpg\",\"width\":800,\"height\":409},{\"@type\":\"BreadcrumbList\",\"@id\":\"https:\\\/\\\/www.altominho.tv\\\/site\\\/2019\\\/01\\\/30\\\/ponte-de-lima-rejeita-competencias-sem-efetiva-compensacao-financeira\\\/#breadcrumb\",\"itemListElement\":[{\"@type\":\"ListItem\",\"position\":1,\"name\":\"In\u00edcio\",\"item\":\"https:\\\/\\\/www.altominho.tv\\\/site\\\/\"},{\"@type\":\"ListItem\",\"position\":2,\"name\":\"Ponte de Lima rejeita compet\u00eancias sem \u201cefetiva compensa\u00e7\u00e3o financeira\u201d\"}]},{\"@type\":\"WebSite\",\"@id\":\"https:\\\/\\\/www.altominho.tv\\\/site\\\/#website\",\"url\":\"https:\\\/\\\/www.altominho.tv\\\/site\\\/\",\"name\":\"Altominho.tv\",\"description\":\"A sua regi\u00e3o \u00e0 dist\u00e2ncia de um clique...\",\"potentialAction\":[{\"@type\":\"SearchAction\",\"target\":{\"@type\":\"EntryPoint\",\"urlTemplate\":\"https:\\\/\\\/www.altominho.tv\\\/site\\\/?s={search_term_string}\"},\"query-input\":{\"@type\":\"PropertyValueSpecification\",\"valueRequired\":true,\"valueName\":\"search_term_string\"}}],\"inLanguage\":\"pt-PT\"},{\"@type\":\"Person\",\"@id\":\"https:\\\/\\\/www.altominho.tv\\\/site\\\/#\\\/schema\\\/person\\\/a0e4ef6d041f98ca284393d8f1d97153\",\"name\":\"Andreia Cunha\",\"image\":{\"@type\":\"ImageObject\",\"inLanguage\":\"pt-PT\",\"@id\":\"https:\\\/\\\/www.altominho.tv\\\/site\\\/wp-content\\\/uploads\\\/2017\\\/11\\\/Andreia_Cunha-1-150x150.jpg\",\"url\":\"https:\\\/\\\/www.altominho.tv\\\/site\\\/wp-content\\\/uploads\\\/2017\\\/11\\\/Andreia_Cunha-1-150x150.jpg\",\"contentUrl\":\"https:\\\/\\\/www.altominho.tv\\\/site\\\/wp-content\\\/uploads\\\/2017\\\/11\\\/Andreia_Cunha-1-150x150.jpg\",\"caption\":\"Andreia Cunha\"},\"url\":\"https:\\\/\\\/www.altominho.tv\\\/site\\\/author\\\/andreiacunha\\\/\"}]}<\/script>\n<!-- \/ Yoast SEO Premium plugin. -->","yoast_head_json":{"title":"Ponte de Lima rejeita compet\u00eancias sem \u201cefetiva compensa\u00e7\u00e3o financeira\u201d","robots":{"index":"index","follow":"follow","max-snippet":"max-snippet:-1","max-image-preview":"max-image-preview:large","max-video-preview":"max-video-preview:-1"},"canonical":"https:\/\/www.altominho.tv\/site\/2019\/01\/30\/ponte-de-lima-rejeita-competencias-sem-efetiva-compensacao-financeira\/","og_locale":"pt_PT","og_type":"article","og_title":"Ponte de Lima rejeita compet\u00eancias sem \u201cefetiva compensa\u00e7\u00e3o financeira\u201d","og_description":"O concelho de Ponte de Lima, rejeitou a transfer\u00eancia de nove compet\u00eancias da administra\u00e7\u00e3o central para as autarquias, por &#8220;falta de informa\u00e7\u00e3o&#8221; quanto \u00e0 &#8220;compensa\u00e7\u00e3o financeira&#8221;, informou fonte aut\u00e1rquica. De acordo com aquela fonte, o munic\u00edpio aceitou delegar duas compet\u00eancias da administra\u00e7\u00e3o central, em 2019, para a Comunidade Intermunicipal (CIM) do Alto Minho. Na c\u00e2mara, [&hellip;]","og_url":"https:\/\/www.altominho.tv\/site\/2019\/01\/30\/ponte-de-lima-rejeita-competencias-sem-efetiva-compensacao-financeira\/","og_site_name":"Altominho.tv","article_publisher":"https:\/\/www.facebook.com\/altominhotv","article_published_time":"2019-01-30T10:38:50+00:00","og_image":[{"width":800,"height":409,"url":"https:\/\/www.altominho.tv\/site\/wp-content\/uploads\/2019\/01\/ptlt.jpg","type":"image\/jpeg"}],"author":"Andreia Cunha","twitter_card":"summary_large_image","twitter_creator":"@altominhoTV","twitter_site":"@altominhoTV","twitter_misc":{"Escrito por":"Andreia Cunha","Tempo estimado de leitura":"3 minutos"},"schema":{"@context":"https:\/\/schema.org","@graph":[{"@type":"Article","@id":"https:\/\/www.altominho.tv\/site\/2019\/01\/30\/ponte-de-lima-rejeita-competencias-sem-efetiva-compensacao-financeira\/#article","isPartOf":{"@id":"https:\/\/www.altominho.tv\/site\/2019\/01\/30\/ponte-de-lima-rejeita-competencias-sem-efetiva-compensacao-financeira\/"},"author":{"name":"Andreia Cunha","@id":"https:\/\/www.altominho.tv\/site\/#\/schema\/person\/a0e4ef6d041f98ca284393d8f1d97153"},"headline":"Ponte de Lima rejeita compet\u00eancias sem \u201cefetiva compensa\u00e7\u00e3o financeira\u201d","datePublished":"2019-01-30T10:38:50+00:00","mainEntityOfPage":{"@id":"https:\/\/www.altominho.tv\/site\/2019\/01\/30\/ponte-de-lima-rejeita-competencias-sem-efetiva-compensacao-financeira\/"},"wordCount":544,"image":{"@id":"https:\/\/www.altominho.tv\/site\/2019\/01\/30\/ponte-de-lima-rejeita-competencias-sem-efetiva-compensacao-financeira\/#primaryimage"},"thumbnailUrl":"https:\/\/www.altominho.tv\/site\/wp-content\/uploads\/2019\/01\/ptlt.jpg","keywords":["Sociedade"],"articleSection":["Ponte de Lima"],"inLanguage":"pt-PT","copyrightYear":"2019","copyrightHolder":{"@id":"https:\/\/www.altominho.tv\/site\/#organization"}},{"@type":"WebPage","@id":"https:\/\/www.altominho.tv\/site\/2019\/01\/30\/ponte-de-lima-rejeita-competencias-sem-efetiva-compensacao-financeira\/","url":"https:\/\/www.altominho.tv\/site\/2019\/01\/30\/ponte-de-lima-rejeita-competencias-sem-efetiva-compensacao-financeira\/","name":"Ponte de Lima rejeita compet\u00eancias sem \u201cefetiva compensa\u00e7\u00e3o financeira\u201d","isPartOf":{"@id":"https:\/\/www.altominho.tv\/site\/#website"},"primaryImageOfPage":{"@id":"https:\/\/www.altominho.tv\/site\/2019\/01\/30\/ponte-de-lima-rejeita-competencias-sem-efetiva-compensacao-financeira\/#primaryimage"},"image":{"@id":"https:\/\/www.altominho.tv\/site\/2019\/01\/30\/ponte-de-lima-rejeita-competencias-sem-efetiva-compensacao-financeira\/#primaryimage"},"thumbnailUrl":"https:\/\/www.altominho.tv\/site\/wp-content\/uploads\/2019\/01\/ptlt.jpg","datePublished":"2019-01-30T10:38:50+00:00","author":{"@id":"https:\/\/www.altominho.tv\/site\/#\/schema\/person\/a0e4ef6d041f98ca284393d8f1d97153"},"breadcrumb":{"@id":"https:\/\/www.altominho.tv\/site\/2019\/01\/30\/ponte-de-lima-rejeita-competencias-sem-efetiva-compensacao-financeira\/#breadcrumb"},"inLanguage":"pt-PT","potentialAction":[{"@type":"ReadAction","target":["https:\/\/www.altominho.tv\/site\/2019\/01\/30\/ponte-de-lima-rejeita-competencias-sem-efetiva-compensacao-financeira\/"]}]},{"@type":"ImageObject","inLanguage":"pt-PT","@id":"https:\/\/www.altominho.tv\/site\/2019\/01\/30\/ponte-de-lima-rejeita-competencias-sem-efetiva-compensacao-financeira\/#primaryimage","url":"https:\/\/www.altominho.tv\/site\/wp-content\/uploads\/2019\/01\/ptlt.jpg","contentUrl":"https:\/\/www.altominho.tv\/site\/wp-content\/uploads\/2019\/01\/ptlt.jpg","width":800,"height":409},{"@type":"BreadcrumbList","@id":"https:\/\/www.altominho.tv\/site\/2019\/01\/30\/ponte-de-lima-rejeita-competencias-sem-efetiva-compensacao-financeira\/#breadcrumb","itemListElement":[{"@type":"ListItem","position":1,"name":"In\u00edcio","item":"https:\/\/www.altominho.tv\/site\/"},{"@type":"ListItem","position":2,"name":"Ponte de Lima rejeita compet\u00eancias sem \u201cefetiva compensa\u00e7\u00e3o financeira\u201d"}]},{"@type":"WebSite","@id":"https:\/\/www.altominho.tv\/site\/#website","url":"https:\/\/www.altominho.tv\/site\/","name":"Altominho.tv","description":"A sua regi\u00e3o \u00e0 dist\u00e2ncia de um clique...","potentialAction":[{"@type":"SearchAction","target":{"@type":"EntryPoint","urlTemplate":"https:\/\/www.altominho.tv\/site\/?s={search_term_string}"},"query-input":{"@type":"PropertyValueSpecification","valueRequired":true,"valueName":"search_term_string"}}],"inLanguage":"pt-PT"},{"@type":"Person","@id":"https:\/\/www.altominho.tv\/site\/#\/schema\/person\/a0e4ef6d041f98ca284393d8f1d97153","name":"Andreia Cunha","image":{"@type":"ImageObject","inLanguage":"pt-PT","@id":"https:\/\/www.altominho.tv\/site\/wp-content\/uploads\/2017\/11\/Andreia_Cunha-1-150x150.jpg","url":"https:\/\/www.altominho.tv\/site\/wp-content\/uploads\/2017\/11\/Andreia_Cunha-1-150x150.jpg","contentUrl":"https:\/\/www.altominho.tv\/site\/wp-content\/uploads\/2017\/11\/Andreia_Cunha-1-150x150.jpg","caption":"Andreia Cunha"},"url":"https:\/\/www.altominho.tv\/site\/author\/andreiacunha\/"}]}},"_links":{"self":[{"href":"https:\/\/www.altominho.tv\/site\/wp-json\/wp\/v2\/posts\/23267","targetHints":{"allow":["GET"]}}],"collection":[{"href":"https:\/\/www.altominho.tv\/site\/wp-json\/wp\/v2\/posts"}],"about":[{"href":"https:\/\/www.altominho.tv\/site\/wp-json\/wp\/v2\/types\/post"}],"author":[{"embeddable":true,"href":"https:\/\/www.altominho.tv\/site\/wp-json\/wp\/v2\/users\/7"}],"replies":[{"embeddable":true,"href":"https:\/\/www.altominho.tv\/site\/wp-json\/wp\/v2\/comments?post=23267"}],"version-history":[{"count":0,"href":"https:\/\/www.altominho.tv\/site\/wp-json\/wp\/v2\/posts\/23267\/revisions"}],"wp:featuredmedia":[{"embeddable":true,"href":"https:\/\/www.altominho.tv\/site\/wp-json\/wp\/v2\/media\/23268"}],"wp:attachment":[{"href":"https:\/\/www.altominho.tv\/site\/wp-json\/wp\/v2\/media?parent=23267"}],"wp:term":[{"taxonomy":"category","embeddable":true,"href":"https:\/\/www.altominho.tv\/site\/wp-json\/wp\/v2\/categories?post=23267"},{"taxonomy":"post_tag","embeddable":true,"href":"https:\/\/www.altominho.tv\/site\/wp-json\/wp\/v2\/tags?post=23267"}],"curies":[{"name":"wp","href":"https:\/\/api.w.org\/{rel}","templated":true}]}}