{"id":23263,"date":"2019-01-30T10:30:25","date_gmt":"2019-01-30T10:30:25","guid":{"rendered":"http:\/\/www.altominho.tv\/site\/?p=23263"},"modified":"2019-01-30T10:30:25","modified_gmt":"2019-01-30T10:30:25","slug":"paredes-de-coura-aceita-transferencia-de-competencias-em-seis-areas","status":"publish","type":"post","link":"https:\/\/www.altominho.tv\/site\/2019\/01\/30\/paredes-de-coura-aceita-transferencia-de-competencias-em-seis-areas\/","title":{"rendered":"Paredes de Coura aceita transfer\u00eancia de compet\u00eancias em seis \u00e1reas"},"content":{"rendered":"<p>O munic\u00edpio de Paredes de Coura, no distrito de Viana do Castelo, decidiu aceitar a transfer\u00eancia de seis compet\u00eancias da administra\u00e7\u00e3o central em 2019, manifestando disponibilidade para aceitar as tr\u00eas que rejeitou.<\/p>\n<p>&#8220;Por ora os recursos humanos e o estofo financeiro da autarquia n\u00e3o permitem a assun\u00e7\u00e3o das compet\u00eancias em causa, de forma honesta, s\u00e9ria e prudente. Em mat\u00e9ria de descentraliza\u00e7\u00e3o, a porta est\u00e1 aberta e n\u00f3s queremos entrar&#8221;, afirmou \u00e0 ag\u00eancia Lusa o presidente da C\u00e2mara, V\u00edtor Paulo Pereira.<\/p>\n<p>A maioria PS na assembleia municipal de Paredes de Coura aprovou, na segunda-feira, com a absten\u00e7\u00e3o do PSD e do Partido Ecologista Os Verdes, &#8220;a proposta da C\u00e2mara Municipal, de maioria absoluta do PS, para a aceita\u00e7\u00e3o da delega\u00e7\u00e3o de compet\u00eancias nos dom\u00ednios da gest\u00e3o das praias fluviais, da justi\u00e7a, do apoio \u00e0s equipas de interven\u00e7\u00e3o permanente (EIP) das Associa\u00e7\u00f5es de Bombeiros Volunt\u00e1rios, da habita\u00e7\u00e3o, da instala\u00e7\u00e3o e gest\u00e3o de lojas de apoio ao cidad\u00e3o e espa\u00e7os do emigrante e da gest\u00e3o do patrim\u00f3nio imobili\u00e1rio p\u00fablico sem utiliza\u00e7\u00e3o&#8221;.<\/p>\n<p>Foram rejeitadas as compet\u00eancias da explora\u00e7\u00e3o de jogos de fortuna ou azar, do estacionamento p\u00fablico e das vias de comunica\u00e7\u00e3o.<\/p>\n<p>&#8220;Estas compet\u00eancias dever\u00e3o ser assumidas num futuro pr\u00f3ximo uma vez que existe abertura e reconhecimento de que o sentido da reforma \u00e9 positivo&#8221;, sustentou o autarca socialista.<\/p>\n<p>As duas compet\u00eancias restantes, nas \u00e1reas dos projetos financiados por fundos europeus e dos programas de capta\u00e7\u00e3o de investimento e promo\u00e7\u00e3o tur\u00edstica, a assembleia Municipal aceito a delegar na Comunidade Intermunicipal (CIM) do Alto do Minho, tal como apontada uma proposta &#8220;consensualizada entre os dez munic\u00edpios que a integram&#8221;.<\/p>\n<p>O Governo aprovou 21 diplomas setoriais no \u00e2mbito da lei-quadro da transfer\u00eancia de compet\u00eancias para autarquias e entidades intermunicipais &#8211; num processo gradual de descentraliza\u00e7\u00e3o entre 2019 e 2021 -, faltando ainda aprovar o decreto de novas atribui\u00e7\u00f5es das freguesias.<\/p>\n<p>Os primeiros 11 diplomas setoriais j\u00e1 publicados abrangem a transfer\u00eancia de compet\u00eancias, para as autarquias, nas praias, jogos de fortuna ou azar, vias de comunica\u00e7\u00e3o, atendimento ao cidad\u00e3o, habita\u00e7\u00e3o, patrim\u00f3nio, estacionamento p\u00fablico, bombeiros volunt\u00e1rios e justi\u00e7a, e para as entidades intermunicipais, na promo\u00e7\u00e3o tur\u00edstica e fundos europeus e capta\u00e7\u00e3o de investimento.<\/p>\n<p>As entidades intermunicipais podem ainda assumir novas atribui\u00e7\u00f5es no apoio a bombeiros volunt\u00e1rios e justi\u00e7a, enquanto as freguesias tamb\u00e9m podem receber responsabilidades no atendimento ao cidad\u00e3o.<\/p>\n<p>O Presidente da Rep\u00fablica promulgou, entretanto, outros quatro decretos, nos dom\u00ednios da prote\u00e7\u00e3o e sa\u00fade animal e seguran\u00e7a dos alimentos, educa\u00e7\u00e3o, sa\u00fade e cultura, que aguardam publica\u00e7\u00e3o oficial.<\/p>\n<p>As autarquias e entidades intermunicipais que n\u00e3o quiserem assumir em 2019 as compet\u00eancias dos decretos setoriais publicados ter\u00e3o de o comunicar \u00e0 Dire\u00e7\u00e3o-Geral das Autarquias Locais (DGAL), entre 31 de janeiro e 02 de fevereiro &#8211; consoante a data da publica\u00e7\u00e3o -, ap\u00f3s decis\u00e3o dos respetivos \u00f3rg\u00e3os deliberativos.<\/p>\n<p>Fonte: Lusa<\/p>\n","protected":false},"excerpt":{"rendered":"<p>O munic\u00edpio de Paredes de Coura, no distrito de Viana do Castelo, decidiu aceitar a transfer\u00eancia de seis compet\u00eancias da administra\u00e7\u00e3o central em 2019, manifestando disponibilidade para aceitar as tr\u00eas que rejeitou. &#8220;Por ora os recursos humanos e o estofo financeiro da autarquia n\u00e3o permitem a assun\u00e7\u00e3o das compet\u00eancias em causa, de forma honesta, s\u00e9ria [&hellip;]<\/p>\n","protected":false},"author":7,"featured_media":23265,"comment_status":"closed","ping_status":"closed","sticky":false,"template":"","format":"standard","meta":{"_exactmetrics_skip_tracking":false,"_exactmetrics_sitenote_active":false,"_exactmetrics_sitenote_note":"","_exactmetrics_sitenote_category":0,"footnotes":""},"categories":[10],"tags":[27],"class_list":["post-23263","post","type-post","status-publish","format-standard","has-post-thumbnail","hentry","category-paredes-de-coura","tag-sociedade"],"yoast_head":"<!-- This site is optimized with the Yoast SEO Premium plugin v27.5 (Yoast SEO v27.5) - https:\/\/yoast.com\/product\/yoast-seo-premium-wordpress\/ -->\n<title>Paredes de Coura aceita transfer\u00eancia de compet\u00eancias em seis \u00e1reas<\/title>\n<meta name=\"robots\" content=\"index, follow, max-snippet:-1, max-image-preview:large, max-video-preview:-1\" \/>\n<link rel=\"canonical\" href=\"https:\/\/www.altominho.tv\/site\/2019\/01\/30\/paredes-de-coura-aceita-transferencia-de-competencias-em-seis-areas\/\" \/>\n<meta property=\"og:locale\" content=\"pt_PT\" \/>\n<meta property=\"og:type\" content=\"article\" \/>\n<meta property=\"og:title\" content=\"Paredes de Coura aceita transfer\u00eancia de compet\u00eancias em seis \u00e1reas\" \/>\n<meta property=\"og:description\" content=\"O munic\u00edpio de Paredes de Coura, no distrito de Viana do Castelo, decidiu aceitar a transfer\u00eancia de seis compet\u00eancias da administra\u00e7\u00e3o central em 2019, manifestando disponibilidade para aceitar as tr\u00eas que rejeitou. &#8220;Por ora os recursos humanos e o estofo financeiro da autarquia n\u00e3o permitem a assun\u00e7\u00e3o das compet\u00eancias em causa, de forma honesta, s\u00e9ria [&hellip;]\" \/>\n<meta property=\"og:url\" content=\"https:\/\/www.altominho.tv\/site\/2019\/01\/30\/paredes-de-coura-aceita-transferencia-de-competencias-em-seis-areas\/\" \/>\n<meta property=\"og:site_name\" content=\"Altominho.tv\" \/>\n<meta property=\"article:publisher\" content=\"https:\/\/www.facebook.com\/altominhotv\" \/>\n<meta property=\"article:published_time\" content=\"2019-01-30T10:30:25+00:00\" \/>\n<meta property=\"og:image\" content=\"https:\/\/www.altominho.tv\/site\/wp-content\/uploads\/2019\/01\/cmpdc.jpg\" \/>\n\t<meta property=\"og:image:width\" content=\"700\" \/>\n\t<meta property=\"og:image:height\" content=\"394\" \/>\n\t<meta property=\"og:image:type\" content=\"image\/jpeg\" \/>\n<meta name=\"author\" content=\"Andreia Cunha\" \/>\n<meta name=\"twitter:card\" content=\"summary_large_image\" \/>\n<meta name=\"twitter:creator\" content=\"@altominhoTV\" \/>\n<meta name=\"twitter:site\" content=\"@altominhoTV\" \/>\n<meta name=\"twitter:label1\" content=\"Escrito por\" \/>\n\t<meta name=\"twitter:data1\" content=\"Andreia Cunha\" \/>\n\t<meta name=\"twitter:label2\" content=\"Tempo estimado de leitura\" \/>\n\t<meta name=\"twitter:data2\" content=\"3 minutos\" \/>\n<script type=\"application\/ld+json\" class=\"yoast-schema-graph\">{\"@context\":\"https:\\\/\\\/schema.org\",\"@graph\":[{\"@type\":\"Article\",\"@id\":\"https:\\\/\\\/www.altominho.tv\\\/site\\\/2019\\\/01\\\/30\\\/paredes-de-coura-aceita-transferencia-de-competencias-em-seis-areas\\\/#article\",\"isPartOf\":{\"@id\":\"https:\\\/\\\/www.altominho.tv\\\/site\\\/2019\\\/01\\\/30\\\/paredes-de-coura-aceita-transferencia-de-competencias-em-seis-areas\\\/\"},\"author\":{\"name\":\"Andreia Cunha\",\"@id\":\"https:\\\/\\\/www.altominho.tv\\\/site\\\/#\\\/schema\\\/person\\\/a0e4ef6d041f98ca284393d8f1d97153\"},\"headline\":\"Paredes de Coura aceita transfer\u00eancia de compet\u00eancias em seis \u00e1reas\",\"datePublished\":\"2019-01-30T10:30:25+00:00\",\"mainEntityOfPage\":{\"@id\":\"https:\\\/\\\/www.altominho.tv\\\/site\\\/2019\\\/01\\\/30\\\/paredes-de-coura-aceita-transferencia-de-competencias-em-seis-areas\\\/\"},\"wordCount\":545,\"image\":{\"@id\":\"https:\\\/\\\/www.altominho.tv\\\/site\\\/2019\\\/01\\\/30\\\/paredes-de-coura-aceita-transferencia-de-competencias-em-seis-areas\\\/#primaryimage\"},\"thumbnailUrl\":\"https:\\\/\\\/www.altominho.tv\\\/site\\\/wp-content\\\/uploads\\\/2019\\\/01\\\/cmpdc.jpg\",\"keywords\":[\"Sociedade\"],\"articleSection\":[\"Paredes de Coura\"],\"inLanguage\":\"pt-PT\",\"copyrightYear\":\"2019\",\"copyrightHolder\":{\"@id\":\"https:\\\/\\\/www.altominho.tv\\\/site\\\/#organization\"}},{\"@type\":\"WebPage\",\"@id\":\"https:\\\/\\\/www.altominho.tv\\\/site\\\/2019\\\/01\\\/30\\\/paredes-de-coura-aceita-transferencia-de-competencias-em-seis-areas\\\/\",\"url\":\"https:\\\/\\\/www.altominho.tv\\\/site\\\/2019\\\/01\\\/30\\\/paredes-de-coura-aceita-transferencia-de-competencias-em-seis-areas\\\/\",\"name\":\"Paredes de Coura aceita transfer\u00eancia de compet\u00eancias em seis \u00e1reas\",\"isPartOf\":{\"@id\":\"https:\\\/\\\/www.altominho.tv\\\/site\\\/#website\"},\"primaryImageOfPage\":{\"@id\":\"https:\\\/\\\/www.altominho.tv\\\/site\\\/2019\\\/01\\\/30\\\/paredes-de-coura-aceita-transferencia-de-competencias-em-seis-areas\\\/#primaryimage\"},\"image\":{\"@id\":\"https:\\\/\\\/www.altominho.tv\\\/site\\\/2019\\\/01\\\/30\\\/paredes-de-coura-aceita-transferencia-de-competencias-em-seis-areas\\\/#primaryimage\"},\"thumbnailUrl\":\"https:\\\/\\\/www.altominho.tv\\\/site\\\/wp-content\\\/uploads\\\/2019\\\/01\\\/cmpdc.jpg\",\"datePublished\":\"2019-01-30T10:30:25+00:00\",\"author\":{\"@id\":\"https:\\\/\\\/www.altominho.tv\\\/site\\\/#\\\/schema\\\/person\\\/a0e4ef6d041f98ca284393d8f1d97153\"},\"breadcrumb\":{\"@id\":\"https:\\\/\\\/www.altominho.tv\\\/site\\\/2019\\\/01\\\/30\\\/paredes-de-coura-aceita-transferencia-de-competencias-em-seis-areas\\\/#breadcrumb\"},\"inLanguage\":\"pt-PT\",\"potentialAction\":[{\"@type\":\"ReadAction\",\"target\":[\"https:\\\/\\\/www.altominho.tv\\\/site\\\/2019\\\/01\\\/30\\\/paredes-de-coura-aceita-transferencia-de-competencias-em-seis-areas\\\/\"]}]},{\"@type\":\"ImageObject\",\"inLanguage\":\"pt-PT\",\"@id\":\"https:\\\/\\\/www.altominho.tv\\\/site\\\/2019\\\/01\\\/30\\\/paredes-de-coura-aceita-transferencia-de-competencias-em-seis-areas\\\/#primaryimage\",\"url\":\"https:\\\/\\\/www.altominho.tv\\\/site\\\/wp-content\\\/uploads\\\/2019\\\/01\\\/cmpdc.jpg\",\"contentUrl\":\"https:\\\/\\\/www.altominho.tv\\\/site\\\/wp-content\\\/uploads\\\/2019\\\/01\\\/cmpdc.jpg\",\"width\":700,\"height\":394},{\"@type\":\"BreadcrumbList\",\"@id\":\"https:\\\/\\\/www.altominho.tv\\\/site\\\/2019\\\/01\\\/30\\\/paredes-de-coura-aceita-transferencia-de-competencias-em-seis-areas\\\/#breadcrumb\",\"itemListElement\":[{\"@type\":\"ListItem\",\"position\":1,\"name\":\"In\u00edcio\",\"item\":\"https:\\\/\\\/www.altominho.tv\\\/site\\\/\"},{\"@type\":\"ListItem\",\"position\":2,\"name\":\"Paredes de Coura aceita transfer\u00eancia de compet\u00eancias em seis \u00e1reas\"}]},{\"@type\":\"WebSite\",\"@id\":\"https:\\\/\\\/www.altominho.tv\\\/site\\\/#website\",\"url\":\"https:\\\/\\\/www.altominho.tv\\\/site\\\/\",\"name\":\"Altominho.tv\",\"description\":\"A sua regi\u00e3o \u00e0 dist\u00e2ncia de um clique...\",\"potentialAction\":[{\"@type\":\"SearchAction\",\"target\":{\"@type\":\"EntryPoint\",\"urlTemplate\":\"https:\\\/\\\/www.altominho.tv\\\/site\\\/?s={search_term_string}\"},\"query-input\":{\"@type\":\"PropertyValueSpecification\",\"valueRequired\":true,\"valueName\":\"search_term_string\"}}],\"inLanguage\":\"pt-PT\"},{\"@type\":\"Person\",\"@id\":\"https:\\\/\\\/www.altominho.tv\\\/site\\\/#\\\/schema\\\/person\\\/a0e4ef6d041f98ca284393d8f1d97153\",\"name\":\"Andreia Cunha\",\"image\":{\"@type\":\"ImageObject\",\"inLanguage\":\"pt-PT\",\"@id\":\"https:\\\/\\\/www.altominho.tv\\\/site\\\/wp-content\\\/uploads\\\/2017\\\/11\\\/Andreia_Cunha-1-150x150.jpg\",\"url\":\"https:\\\/\\\/www.altominho.tv\\\/site\\\/wp-content\\\/uploads\\\/2017\\\/11\\\/Andreia_Cunha-1-150x150.jpg\",\"contentUrl\":\"https:\\\/\\\/www.altominho.tv\\\/site\\\/wp-content\\\/uploads\\\/2017\\\/11\\\/Andreia_Cunha-1-150x150.jpg\",\"caption\":\"Andreia Cunha\"},\"url\":\"https:\\\/\\\/www.altominho.tv\\\/site\\\/author\\\/andreiacunha\\\/\"}]}<\/script>\n<!-- \/ Yoast SEO Premium plugin. -->","yoast_head_json":{"title":"Paredes de Coura aceita transfer\u00eancia de compet\u00eancias em seis \u00e1reas","robots":{"index":"index","follow":"follow","max-snippet":"max-snippet:-1","max-image-preview":"max-image-preview:large","max-video-preview":"max-video-preview:-1"},"canonical":"https:\/\/www.altominho.tv\/site\/2019\/01\/30\/paredes-de-coura-aceita-transferencia-de-competencias-em-seis-areas\/","og_locale":"pt_PT","og_type":"article","og_title":"Paredes de Coura aceita transfer\u00eancia de compet\u00eancias em seis \u00e1reas","og_description":"O munic\u00edpio de Paredes de Coura, no distrito de Viana do Castelo, decidiu aceitar a transfer\u00eancia de seis compet\u00eancias da administra\u00e7\u00e3o central em 2019, manifestando disponibilidade para aceitar as tr\u00eas que rejeitou. &#8220;Por ora os recursos humanos e o estofo financeiro da autarquia n\u00e3o permitem a assun\u00e7\u00e3o das compet\u00eancias em causa, de forma honesta, s\u00e9ria [&hellip;]","og_url":"https:\/\/www.altominho.tv\/site\/2019\/01\/30\/paredes-de-coura-aceita-transferencia-de-competencias-em-seis-areas\/","og_site_name":"Altominho.tv","article_publisher":"https:\/\/www.facebook.com\/altominhotv","article_published_time":"2019-01-30T10:30:25+00:00","og_image":[{"width":700,"height":394,"url":"https:\/\/www.altominho.tv\/site\/wp-content\/uploads\/2019\/01\/cmpdc.jpg","type":"image\/jpeg"}],"author":"Andreia Cunha","twitter_card":"summary_large_image","twitter_creator":"@altominhoTV","twitter_site":"@altominhoTV","twitter_misc":{"Escrito por":"Andreia Cunha","Tempo estimado de leitura":"3 minutos"},"schema":{"@context":"https:\/\/schema.org","@graph":[{"@type":"Article","@id":"https:\/\/www.altominho.tv\/site\/2019\/01\/30\/paredes-de-coura-aceita-transferencia-de-competencias-em-seis-areas\/#article","isPartOf":{"@id":"https:\/\/www.altominho.tv\/site\/2019\/01\/30\/paredes-de-coura-aceita-transferencia-de-competencias-em-seis-areas\/"},"author":{"name":"Andreia Cunha","@id":"https:\/\/www.altominho.tv\/site\/#\/schema\/person\/a0e4ef6d041f98ca284393d8f1d97153"},"headline":"Paredes de Coura aceita transfer\u00eancia de compet\u00eancias em seis \u00e1reas","datePublished":"2019-01-30T10:30:25+00:00","mainEntityOfPage":{"@id":"https:\/\/www.altominho.tv\/site\/2019\/01\/30\/paredes-de-coura-aceita-transferencia-de-competencias-em-seis-areas\/"},"wordCount":545,"image":{"@id":"https:\/\/www.altominho.tv\/site\/2019\/01\/30\/paredes-de-coura-aceita-transferencia-de-competencias-em-seis-areas\/#primaryimage"},"thumbnailUrl":"https:\/\/www.altominho.tv\/site\/wp-content\/uploads\/2019\/01\/cmpdc.jpg","keywords":["Sociedade"],"articleSection":["Paredes de Coura"],"inLanguage":"pt-PT","copyrightYear":"2019","copyrightHolder":{"@id":"https:\/\/www.altominho.tv\/site\/#organization"}},{"@type":"WebPage","@id":"https:\/\/www.altominho.tv\/site\/2019\/01\/30\/paredes-de-coura-aceita-transferencia-de-competencias-em-seis-areas\/","url":"https:\/\/www.altominho.tv\/site\/2019\/01\/30\/paredes-de-coura-aceita-transferencia-de-competencias-em-seis-areas\/","name":"Paredes de Coura aceita transfer\u00eancia de compet\u00eancias em seis \u00e1reas","isPartOf":{"@id":"https:\/\/www.altominho.tv\/site\/#website"},"primaryImageOfPage":{"@id":"https:\/\/www.altominho.tv\/site\/2019\/01\/30\/paredes-de-coura-aceita-transferencia-de-competencias-em-seis-areas\/#primaryimage"},"image":{"@id":"https:\/\/www.altominho.tv\/site\/2019\/01\/30\/paredes-de-coura-aceita-transferencia-de-competencias-em-seis-areas\/#primaryimage"},"thumbnailUrl":"https:\/\/www.altominho.tv\/site\/wp-content\/uploads\/2019\/01\/cmpdc.jpg","datePublished":"2019-01-30T10:30:25+00:00","author":{"@id":"https:\/\/www.altominho.tv\/site\/#\/schema\/person\/a0e4ef6d041f98ca284393d8f1d97153"},"breadcrumb":{"@id":"https:\/\/www.altominho.tv\/site\/2019\/01\/30\/paredes-de-coura-aceita-transferencia-de-competencias-em-seis-areas\/#breadcrumb"},"inLanguage":"pt-PT","potentialAction":[{"@type":"ReadAction","target":["https:\/\/www.altominho.tv\/site\/2019\/01\/30\/paredes-de-coura-aceita-transferencia-de-competencias-em-seis-areas\/"]}]},{"@type":"ImageObject","inLanguage":"pt-PT","@id":"https:\/\/www.altominho.tv\/site\/2019\/01\/30\/paredes-de-coura-aceita-transferencia-de-competencias-em-seis-areas\/#primaryimage","url":"https:\/\/www.altominho.tv\/site\/wp-content\/uploads\/2019\/01\/cmpdc.jpg","contentUrl":"https:\/\/www.altominho.tv\/site\/wp-content\/uploads\/2019\/01\/cmpdc.jpg","width":700,"height":394},{"@type":"BreadcrumbList","@id":"https:\/\/www.altominho.tv\/site\/2019\/01\/30\/paredes-de-coura-aceita-transferencia-de-competencias-em-seis-areas\/#breadcrumb","itemListElement":[{"@type":"ListItem","position":1,"name":"In\u00edcio","item":"https:\/\/www.altominho.tv\/site\/"},{"@type":"ListItem","position":2,"name":"Paredes de Coura aceita transfer\u00eancia de compet\u00eancias em seis \u00e1reas"}]},{"@type":"WebSite","@id":"https:\/\/www.altominho.tv\/site\/#website","url":"https:\/\/www.altominho.tv\/site\/","name":"Altominho.tv","description":"A sua regi\u00e3o \u00e0 dist\u00e2ncia de um clique...","potentialAction":[{"@type":"SearchAction","target":{"@type":"EntryPoint","urlTemplate":"https:\/\/www.altominho.tv\/site\/?s={search_term_string}"},"query-input":{"@type":"PropertyValueSpecification","valueRequired":true,"valueName":"search_term_string"}}],"inLanguage":"pt-PT"},{"@type":"Person","@id":"https:\/\/www.altominho.tv\/site\/#\/schema\/person\/a0e4ef6d041f98ca284393d8f1d97153","name":"Andreia Cunha","image":{"@type":"ImageObject","inLanguage":"pt-PT","@id":"https:\/\/www.altominho.tv\/site\/wp-content\/uploads\/2017\/11\/Andreia_Cunha-1-150x150.jpg","url":"https:\/\/www.altominho.tv\/site\/wp-content\/uploads\/2017\/11\/Andreia_Cunha-1-150x150.jpg","contentUrl":"https:\/\/www.altominho.tv\/site\/wp-content\/uploads\/2017\/11\/Andreia_Cunha-1-150x150.jpg","caption":"Andreia Cunha"},"url":"https:\/\/www.altominho.tv\/site\/author\/andreiacunha\/"}]}},"_links":{"self":[{"href":"https:\/\/www.altominho.tv\/site\/wp-json\/wp\/v2\/posts\/23263","targetHints":{"allow":["GET"]}}],"collection":[{"href":"https:\/\/www.altominho.tv\/site\/wp-json\/wp\/v2\/posts"}],"about":[{"href":"https:\/\/www.altominho.tv\/site\/wp-json\/wp\/v2\/types\/post"}],"author":[{"embeddable":true,"href":"https:\/\/www.altominho.tv\/site\/wp-json\/wp\/v2\/users\/7"}],"replies":[{"embeddable":true,"href":"https:\/\/www.altominho.tv\/site\/wp-json\/wp\/v2\/comments?post=23263"}],"version-history":[{"count":0,"href":"https:\/\/www.altominho.tv\/site\/wp-json\/wp\/v2\/posts\/23263\/revisions"}],"wp:featuredmedia":[{"embeddable":true,"href":"https:\/\/www.altominho.tv\/site\/wp-json\/wp\/v2\/media\/23265"}],"wp:attachment":[{"href":"https:\/\/www.altominho.tv\/site\/wp-json\/wp\/v2\/media?parent=23263"}],"wp:term":[{"taxonomy":"category","embeddable":true,"href":"https:\/\/www.altominho.tv\/site\/wp-json\/wp\/v2\/categories?post=23263"},{"taxonomy":"post_tag","embeddable":true,"href":"https:\/\/www.altominho.tv\/site\/wp-json\/wp\/v2\/tags?post=23263"}],"curies":[{"name":"wp","href":"https:\/\/api.w.org\/{rel}","templated":true}]}}