{"id":23179,"date":"2019-01-28T15:40:36","date_gmt":"2019-01-28T15:40:36","guid":{"rendered":"http:\/\/www.altominho.tv\/site\/?p=23179"},"modified":"2019-01-28T15:40:36","modified_gmt":"2019-01-28T15:40:36","slug":"moncao-rejeita-instalacao-de-linha-de-muito-alta-tensao","status":"publish","type":"post","link":"https:\/\/www.altominho.tv\/site\/2019\/01\/28\/moncao-rejeita-instalacao-de-linha-de-muito-alta-tensao\/","title":{"rendered":"Mon\u00e7\u00e3o rejeita instala\u00e7\u00e3o de linha de muito alta tens\u00e3o"},"content":{"rendered":"<p>Mon\u00e7\u00e3o rejeita a instala\u00e7\u00e3o, no concelho, de uma linha el\u00e9trica de muito alta tens\u00e3o, prevista no projeto da nova interliga\u00e7\u00e3o a 400KV Minho-Galiza, e &#8220;n\u00e3o ir\u00e1 fornecer qualquer informa\u00e7\u00e3o necess\u00e1ria \u00e0 aprova\u00e7\u00e3o do mesmo&#8221;.<\/p>\n<p>Em comunicado, o munic\u00edpio sustenta a rejei\u00e7\u00e3o daquele projeto com &#8220;o impacto brutal nos territ\u00f3rios e nas popula\u00e7\u00f5es locais, originando diversos problemas para a sa\u00fade p\u00fablica, comprovada em diferentes estudos e pesquisas efetuadas por organismos distintos e cred\u00edveis&#8221;.<\/p>\n<p>&#8220;A Organiza\u00e7\u00e3o Mundial de Sa\u00fade (OMS) tem publicado v\u00e1rios estudos que demonstram uma rela\u00e7\u00e3o direta do aumento de doen\u00e7as do foro oncol\u00f3gico, depress\u00f5es, aumento de stress, altera\u00e7\u00f5es do sono, cefaleias e crises epil\u00e9ticas, em popula\u00e7\u00f5es que residem perto ou est\u00e3o sobre grande exposi\u00e7\u00e3o aos campos eletromagn\u00e9ticos criados pela Linha de Muito Alta Tens\u00e3o&#8221;, refor\u00e7a a autarquia liderada por Ant\u00f3nio Barbosa.<\/p>\n<p>Em causa est\u00e1 a constru\u00e7\u00e3o de uma linha el\u00e9trica de 400 KV desde Fontefria, em territ\u00f3rio galego, at\u00e9 \u00e0 fronteira portuguesa, com o seu prolongamento \u00e0 rede el\u00e9trica nacional, no \u00e2mbito da Rede Nacional de Transporte operada pela empresa REN. Em 2015, o projeto foi &#8220;recalendarizado&#8221; para ser submetido a novos estudos.<\/p>\n<p>O tro\u00e7o portugu\u00eas prev\u00ea a constru\u00e7\u00e3o desta linha atrav\u00e9s de oito dos dez concelhos do distrito de Viana do Castelo e ainda por Vila Nova de Famalic\u00e3o, Barcelos (ambos do distrito de Braga), Vila do Conde e P\u00f3voa de Varzim (do distrito do Porto).<\/p>\n<p>De acordo com o Estudo de Impacto Ambiental, o tro\u00e7o nacional deste projeto prev\u00ea a constru\u00e7\u00e3o de duas novas linhas duplas trif\u00e1sicas de 400 KV, atravessando, potencialmente, 121 freguesias.<\/p>\n<p>A proximidade desta linha a\u00e9rea \u00e0s casas, as consequ\u00eancias dos campos eletromagn\u00e9ticos gerados na sa\u00fade humana ou o impacto visual de torres 75 metros com margens de seguran\u00e7a de 45 metros para cada lado s\u00e3o as principais preocupa\u00e7\u00f5es das popula\u00e7\u00f5es de ambos os lados da fronteira.<\/p>\n<p>Em Mon\u00e7\u00e3o, o &#8220;Projeto da Rede Nacional de Transporte de Eletricidade, Linha Ponte de Lima-Fontefria, Tro\u00e7o Portugu\u00eas, a 400Kv&#8221; foi rejeitado pelo executivo camar\u00e1rio, no dia 17 de janeiro e pela assembleia municipal, por unanimidade, na \u00faltima sexta-feira.<\/p>\n<p>Al\u00e9m de ter recusado a &#8220;coloca\u00e7\u00e3o terrestre de uma linha de muito alta tens\u00e3o&#8221;, os \u00f3rg\u00e3os aut\u00e1rquicos de Mon\u00e7\u00e3o aprovaram outra proposta que prev\u00ea &#8220;n\u00e3o fornecer qualquer informa\u00e7\u00e3o ou elemento necess\u00e1rio para a aprova\u00e7\u00e3o do projeto, n\u00e3o fazendo chegar, conforme solicitado pela REN, qualquer documenta\u00e7\u00e3o \u00e0quela entidade p\u00fablica&#8221;.<\/p>\n<p>Para o munic\u00edpio presidido por Ant\u00f3nio Barbosa, &#8220;com este empreendimento el\u00e9trico, a biodiversidade do concelho ficar\u00e1 severamente afetada, alterando as rotas migrat\u00f3rias de v\u00e1rias esp\u00e9cies animais e atingindo os habitats naturais das esp\u00e9cies aut\u00f3ctones&#8221;.<\/p>\n<p>&#8220;A fertilidade do espa\u00e7o rural, o equil\u00edbrio biol\u00f3gico e a diversidade dos recursos gen\u00e9ticos, ser\u00e3o atingidos com o projeto&#8221; l\u00ea-se na proposta aprovada.<\/p>\n<p>O documento aponta ainda que a passagem da linha de muita alta tens\u00e3o ser\u00e1 &#8220;penalizadora&#8221; para a produ\u00e7\u00e3o de vinho Alvarinho.<\/p>\n<p>&#8220;Al\u00e9m de descaraterizar a paisagem com torres e linhas a riscar apraz\u00edveis espa\u00e7os verdejantes, colocando em causa a estrat\u00e9gia tur\u00edstica da autarquia, os mon\u00e7anenses receiam que a qualidade do vinho Alvarinho, seguramente um dos melhores vinhos brancos do mundo, possa ser penalizada com aquele projeto el\u00e9trico&#8221;, refor\u00e7a a proposta.<\/p>\n<p>Em 2017, a C\u00e2mara de Barcelos interp\u00f4s uma a\u00e7\u00e3o administrativa de impugna\u00e7\u00e3o da declara\u00e7\u00e3o de impacto ambiental que viabilizou a passagem de linhas de tens\u00e3o e de muito alta tens\u00e3o por v\u00e1rios concelhos do Minho.<\/p>\n<p>No Alto Minho, foram realizadas manifesta\u00e7\u00f5es de protesto promovidas, conjuntamente, pelas popula\u00e7\u00f5es da Galiza, preocupadas com o impacto na sa\u00fade p\u00fablica.<\/p>\n<p>Fonte: Lusa<\/p>\n","protected":false},"excerpt":{"rendered":"<p>Mon\u00e7\u00e3o rejeita a instala\u00e7\u00e3o, no concelho, de uma linha el\u00e9trica de muito alta tens\u00e3o, prevista no projeto da nova interliga\u00e7\u00e3o a 400KV Minho-Galiza, e &#8220;n\u00e3o ir\u00e1 fornecer qualquer informa\u00e7\u00e3o necess\u00e1ria \u00e0 aprova\u00e7\u00e3o do mesmo&#8221;. Em comunicado, o munic\u00edpio sustenta a rejei\u00e7\u00e3o daquele projeto com &#8220;o impacto brutal nos territ\u00f3rios e nas popula\u00e7\u00f5es locais, originando diversos [&hellip;]<\/p>\n","protected":false},"author":12,"featured_media":23180,"comment_status":"closed","ping_status":"closed","sticky":false,"template":"","format":"standard","meta":{"_exactmetrics_skip_tracking":false,"_exactmetrics_sitenote_active":false,"_exactmetrics_sitenote_note":"","_exactmetrics_sitenote_category":0,"footnotes":""},"categories":[9],"tags":[27],"class_list":["post-23179","post","type-post","status-publish","format-standard","has-post-thumbnail","hentry","category-moncao","tag-sociedade"],"yoast_head":"<!-- This site is optimized with the Yoast SEO Premium plugin v27.5 (Yoast SEO v27.5) - https:\/\/yoast.com\/product\/yoast-seo-premium-wordpress\/ -->\n<title>Mon\u00e7\u00e3o rejeita instala\u00e7\u00e3o de linha de muito alta tens\u00e3o<\/title>\n<meta name=\"robots\" content=\"index, follow, max-snippet:-1, max-image-preview:large, max-video-preview:-1\" \/>\n<link rel=\"canonical\" href=\"https:\/\/www.altominho.tv\/site\/2019\/01\/28\/moncao-rejeita-instalacao-de-linha-de-muito-alta-tensao\/\" \/>\n<meta property=\"og:locale\" content=\"pt_PT\" \/>\n<meta property=\"og:type\" content=\"article\" \/>\n<meta property=\"og:title\" content=\"Mon\u00e7\u00e3o rejeita instala\u00e7\u00e3o de linha de muito alta tens\u00e3o\" \/>\n<meta property=\"og:description\" content=\"Mon\u00e7\u00e3o rejeita a instala\u00e7\u00e3o, no concelho, de uma linha el\u00e9trica de muito alta tens\u00e3o, prevista no projeto da nova interliga\u00e7\u00e3o a 400KV Minho-Galiza, e &#8220;n\u00e3o ir\u00e1 fornecer qualquer informa\u00e7\u00e3o necess\u00e1ria \u00e0 aprova\u00e7\u00e3o do mesmo&#8221;. Em comunicado, o munic\u00edpio sustenta a rejei\u00e7\u00e3o daquele projeto com &#8220;o impacto brutal nos territ\u00f3rios e nas popula\u00e7\u00f5es locais, originando diversos [&hellip;]\" \/>\n<meta property=\"og:url\" content=\"https:\/\/www.altominho.tv\/site\/2019\/01\/28\/moncao-rejeita-instalacao-de-linha-de-muito-alta-tensao\/\" \/>\n<meta property=\"og:site_name\" content=\"Altominho.tv\" \/>\n<meta property=\"article:publisher\" content=\"https:\/\/www.facebook.com\/altominhotv\" \/>\n<meta property=\"article:published_time\" content=\"2019-01-28T15:40:36+00:00\" \/>\n<meta property=\"og:image\" content=\"https:\/\/www.altominho.tv\/site\/wp-content\/uploads\/2019\/01\/strommast-708231_1920-e1548689961919.jpg\" \/>\n\t<meta property=\"og:image:width\" content=\"1920\" \/>\n\t<meta property=\"og:image:height\" content=\"1195\" \/>\n\t<meta property=\"og:image:type\" content=\"image\/jpeg\" \/>\n<meta name=\"author\" content=\"Andreia Ferreira\" \/>\n<meta name=\"twitter:card\" content=\"summary_large_image\" \/>\n<meta name=\"twitter:creator\" content=\"@altominhoTV\" \/>\n<meta name=\"twitter:site\" content=\"@altominhoTV\" \/>\n<meta name=\"twitter:label1\" content=\"Escrito por\" \/>\n\t<meta name=\"twitter:data1\" content=\"Andreia Ferreira\" \/>\n\t<meta name=\"twitter:label2\" content=\"Tempo estimado de leitura\" \/>\n\t<meta name=\"twitter:data2\" content=\"3 minutos\" \/>\n<script type=\"application\/ld+json\" class=\"yoast-schema-graph\">{\"@context\":\"https:\\\/\\\/schema.org\",\"@graph\":[{\"@type\":\"Article\",\"@id\":\"https:\\\/\\\/www.altominho.tv\\\/site\\\/2019\\\/01\\\/28\\\/moncao-rejeita-instalacao-de-linha-de-muito-alta-tensao\\\/#article\",\"isPartOf\":{\"@id\":\"https:\\\/\\\/www.altominho.tv\\\/site\\\/2019\\\/01\\\/28\\\/moncao-rejeita-instalacao-de-linha-de-muito-alta-tensao\\\/\"},\"author\":{\"name\":\"Andreia Ferreira\",\"@id\":\"https:\\\/\\\/www.altominho.tv\\\/site\\\/#\\\/schema\\\/person\\\/d9be4265364723f14ea8e0d56a1d38cd\"},\"headline\":\"Mon\u00e7\u00e3o rejeita instala\u00e7\u00e3o de linha de muito alta tens\u00e3o\",\"datePublished\":\"2019-01-28T15:40:36+00:00\",\"mainEntityOfPage\":{\"@id\":\"https:\\\/\\\/www.altominho.tv\\\/site\\\/2019\\\/01\\\/28\\\/moncao-rejeita-instalacao-de-linha-de-muito-alta-tensao\\\/\"},\"wordCount\":681,\"image\":{\"@id\":\"https:\\\/\\\/www.altominho.tv\\\/site\\\/2019\\\/01\\\/28\\\/moncao-rejeita-instalacao-de-linha-de-muito-alta-tensao\\\/#primaryimage\"},\"thumbnailUrl\":\"https:\\\/\\\/www.altominho.tv\\\/site\\\/wp-content\\\/uploads\\\/2019\\\/01\\\/strommast-708231_1920-e1548689961919.jpg\",\"keywords\":[\"Sociedade\"],\"articleSection\":[\"Mon\u00e7\u00e3o\"],\"inLanguage\":\"pt-PT\",\"copyrightYear\":\"2019\",\"copyrightHolder\":{\"@id\":\"https:\\\/\\\/www.altominho.tv\\\/site\\\/#organization\"}},{\"@type\":\"WebPage\",\"@id\":\"https:\\\/\\\/www.altominho.tv\\\/site\\\/2019\\\/01\\\/28\\\/moncao-rejeita-instalacao-de-linha-de-muito-alta-tensao\\\/\",\"url\":\"https:\\\/\\\/www.altominho.tv\\\/site\\\/2019\\\/01\\\/28\\\/moncao-rejeita-instalacao-de-linha-de-muito-alta-tensao\\\/\",\"name\":\"Mon\u00e7\u00e3o rejeita instala\u00e7\u00e3o de linha de muito alta tens\u00e3o\",\"isPartOf\":{\"@id\":\"https:\\\/\\\/www.altominho.tv\\\/site\\\/#website\"},\"primaryImageOfPage\":{\"@id\":\"https:\\\/\\\/www.altominho.tv\\\/site\\\/2019\\\/01\\\/28\\\/moncao-rejeita-instalacao-de-linha-de-muito-alta-tensao\\\/#primaryimage\"},\"image\":{\"@id\":\"https:\\\/\\\/www.altominho.tv\\\/site\\\/2019\\\/01\\\/28\\\/moncao-rejeita-instalacao-de-linha-de-muito-alta-tensao\\\/#primaryimage\"},\"thumbnailUrl\":\"https:\\\/\\\/www.altominho.tv\\\/site\\\/wp-content\\\/uploads\\\/2019\\\/01\\\/strommast-708231_1920-e1548689961919.jpg\",\"datePublished\":\"2019-01-28T15:40:36+00:00\",\"author\":{\"@id\":\"https:\\\/\\\/www.altominho.tv\\\/site\\\/#\\\/schema\\\/person\\\/d9be4265364723f14ea8e0d56a1d38cd\"},\"breadcrumb\":{\"@id\":\"https:\\\/\\\/www.altominho.tv\\\/site\\\/2019\\\/01\\\/28\\\/moncao-rejeita-instalacao-de-linha-de-muito-alta-tensao\\\/#breadcrumb\"},\"inLanguage\":\"pt-PT\",\"potentialAction\":[{\"@type\":\"ReadAction\",\"target\":[\"https:\\\/\\\/www.altominho.tv\\\/site\\\/2019\\\/01\\\/28\\\/moncao-rejeita-instalacao-de-linha-de-muito-alta-tensao\\\/\"]}]},{\"@type\":\"ImageObject\",\"inLanguage\":\"pt-PT\",\"@id\":\"https:\\\/\\\/www.altominho.tv\\\/site\\\/2019\\\/01\\\/28\\\/moncao-rejeita-instalacao-de-linha-de-muito-alta-tensao\\\/#primaryimage\",\"url\":\"https:\\\/\\\/www.altominho.tv\\\/site\\\/wp-content\\\/uploads\\\/2019\\\/01\\\/strommast-708231_1920-e1548689961919.jpg\",\"contentUrl\":\"https:\\\/\\\/www.altominho.tv\\\/site\\\/wp-content\\\/uploads\\\/2019\\\/01\\\/strommast-708231_1920-e1548689961919.jpg\",\"width\":1920,\"height\":1195,\"caption\":\"PIXABAY\"},{\"@type\":\"BreadcrumbList\",\"@id\":\"https:\\\/\\\/www.altominho.tv\\\/site\\\/2019\\\/01\\\/28\\\/moncao-rejeita-instalacao-de-linha-de-muito-alta-tensao\\\/#breadcrumb\",\"itemListElement\":[{\"@type\":\"ListItem\",\"position\":1,\"name\":\"In\u00edcio\",\"item\":\"https:\\\/\\\/www.altominho.tv\\\/site\\\/\"},{\"@type\":\"ListItem\",\"position\":2,\"name\":\"Mon\u00e7\u00e3o rejeita instala\u00e7\u00e3o de linha de muito alta tens\u00e3o\"}]},{\"@type\":\"WebSite\",\"@id\":\"https:\\\/\\\/www.altominho.tv\\\/site\\\/#website\",\"url\":\"https:\\\/\\\/www.altominho.tv\\\/site\\\/\",\"name\":\"Altominho.tv\",\"description\":\"A sua regi\u00e3o \u00e0 dist\u00e2ncia de um clique...\",\"potentialAction\":[{\"@type\":\"SearchAction\",\"target\":{\"@type\":\"EntryPoint\",\"urlTemplate\":\"https:\\\/\\\/www.altominho.tv\\\/site\\\/?s={search_term_string}\"},\"query-input\":{\"@type\":\"PropertyValueSpecification\",\"valueRequired\":true,\"valueName\":\"search_term_string\"}}],\"inLanguage\":\"pt-PT\"},{\"@type\":\"Person\",\"@id\":\"https:\\\/\\\/www.altominho.tv\\\/site\\\/#\\\/schema\\\/person\\\/d9be4265364723f14ea8e0d56a1d38cd\",\"name\":\"Andreia Ferreira\",\"image\":{\"@type\":\"ImageObject\",\"inLanguage\":\"pt-PT\",\"@id\":\"https:\\\/\\\/www.altominho.tv\\\/site\\\/wp-content\\\/uploads\\\/2021\\\/01\\\/AndreiaFerreira-150x150.jpg\",\"url\":\"https:\\\/\\\/www.altominho.tv\\\/site\\\/wp-content\\\/uploads\\\/2021\\\/01\\\/AndreiaFerreira-150x150.jpg\",\"contentUrl\":\"https:\\\/\\\/www.altominho.tv\\\/site\\\/wp-content\\\/uploads\\\/2021\\\/01\\\/AndreiaFerreira-150x150.jpg\",\"caption\":\"Andreia Ferreira\"},\"url\":\"https:\\\/\\\/www.altominho.tv\\\/site\\\/author\\\/andreiaferreira\\\/\"}]}<\/script>\n<!-- \/ Yoast SEO Premium plugin. -->","yoast_head_json":{"title":"Mon\u00e7\u00e3o rejeita instala\u00e7\u00e3o de linha de muito alta tens\u00e3o","robots":{"index":"index","follow":"follow","max-snippet":"max-snippet:-1","max-image-preview":"max-image-preview:large","max-video-preview":"max-video-preview:-1"},"canonical":"https:\/\/www.altominho.tv\/site\/2019\/01\/28\/moncao-rejeita-instalacao-de-linha-de-muito-alta-tensao\/","og_locale":"pt_PT","og_type":"article","og_title":"Mon\u00e7\u00e3o rejeita instala\u00e7\u00e3o de linha de muito alta tens\u00e3o","og_description":"Mon\u00e7\u00e3o rejeita a instala\u00e7\u00e3o, no concelho, de uma linha el\u00e9trica de muito alta tens\u00e3o, prevista no projeto da nova interliga\u00e7\u00e3o a 400KV Minho-Galiza, e &#8220;n\u00e3o ir\u00e1 fornecer qualquer informa\u00e7\u00e3o necess\u00e1ria \u00e0 aprova\u00e7\u00e3o do mesmo&#8221;. Em comunicado, o munic\u00edpio sustenta a rejei\u00e7\u00e3o daquele projeto com &#8220;o impacto brutal nos territ\u00f3rios e nas popula\u00e7\u00f5es locais, originando diversos [&hellip;]","og_url":"https:\/\/www.altominho.tv\/site\/2019\/01\/28\/moncao-rejeita-instalacao-de-linha-de-muito-alta-tensao\/","og_site_name":"Altominho.tv","article_publisher":"https:\/\/www.facebook.com\/altominhotv","article_published_time":"2019-01-28T15:40:36+00:00","og_image":[{"width":1920,"height":1195,"url":"https:\/\/www.altominho.tv\/site\/wp-content\/uploads\/2019\/01\/strommast-708231_1920-e1548689961919.jpg","type":"image\/jpeg"}],"author":"Andreia Ferreira","twitter_card":"summary_large_image","twitter_creator":"@altominhoTV","twitter_site":"@altominhoTV","twitter_misc":{"Escrito por":"Andreia Ferreira","Tempo estimado de leitura":"3 minutos"},"schema":{"@context":"https:\/\/schema.org","@graph":[{"@type":"Article","@id":"https:\/\/www.altominho.tv\/site\/2019\/01\/28\/moncao-rejeita-instalacao-de-linha-de-muito-alta-tensao\/#article","isPartOf":{"@id":"https:\/\/www.altominho.tv\/site\/2019\/01\/28\/moncao-rejeita-instalacao-de-linha-de-muito-alta-tensao\/"},"author":{"name":"Andreia Ferreira","@id":"https:\/\/www.altominho.tv\/site\/#\/schema\/person\/d9be4265364723f14ea8e0d56a1d38cd"},"headline":"Mon\u00e7\u00e3o rejeita instala\u00e7\u00e3o de linha de muito alta tens\u00e3o","datePublished":"2019-01-28T15:40:36+00:00","mainEntityOfPage":{"@id":"https:\/\/www.altominho.tv\/site\/2019\/01\/28\/moncao-rejeita-instalacao-de-linha-de-muito-alta-tensao\/"},"wordCount":681,"image":{"@id":"https:\/\/www.altominho.tv\/site\/2019\/01\/28\/moncao-rejeita-instalacao-de-linha-de-muito-alta-tensao\/#primaryimage"},"thumbnailUrl":"https:\/\/www.altominho.tv\/site\/wp-content\/uploads\/2019\/01\/strommast-708231_1920-e1548689961919.jpg","keywords":["Sociedade"],"articleSection":["Mon\u00e7\u00e3o"],"inLanguage":"pt-PT","copyrightYear":"2019","copyrightHolder":{"@id":"https:\/\/www.altominho.tv\/site\/#organization"}},{"@type":"WebPage","@id":"https:\/\/www.altominho.tv\/site\/2019\/01\/28\/moncao-rejeita-instalacao-de-linha-de-muito-alta-tensao\/","url":"https:\/\/www.altominho.tv\/site\/2019\/01\/28\/moncao-rejeita-instalacao-de-linha-de-muito-alta-tensao\/","name":"Mon\u00e7\u00e3o rejeita instala\u00e7\u00e3o de linha de muito alta tens\u00e3o","isPartOf":{"@id":"https:\/\/www.altominho.tv\/site\/#website"},"primaryImageOfPage":{"@id":"https:\/\/www.altominho.tv\/site\/2019\/01\/28\/moncao-rejeita-instalacao-de-linha-de-muito-alta-tensao\/#primaryimage"},"image":{"@id":"https:\/\/www.altominho.tv\/site\/2019\/01\/28\/moncao-rejeita-instalacao-de-linha-de-muito-alta-tensao\/#primaryimage"},"thumbnailUrl":"https:\/\/www.altominho.tv\/site\/wp-content\/uploads\/2019\/01\/strommast-708231_1920-e1548689961919.jpg","datePublished":"2019-01-28T15:40:36+00:00","author":{"@id":"https:\/\/www.altominho.tv\/site\/#\/schema\/person\/d9be4265364723f14ea8e0d56a1d38cd"},"breadcrumb":{"@id":"https:\/\/www.altominho.tv\/site\/2019\/01\/28\/moncao-rejeita-instalacao-de-linha-de-muito-alta-tensao\/#breadcrumb"},"inLanguage":"pt-PT","potentialAction":[{"@type":"ReadAction","target":["https:\/\/www.altominho.tv\/site\/2019\/01\/28\/moncao-rejeita-instalacao-de-linha-de-muito-alta-tensao\/"]}]},{"@type":"ImageObject","inLanguage":"pt-PT","@id":"https:\/\/www.altominho.tv\/site\/2019\/01\/28\/moncao-rejeita-instalacao-de-linha-de-muito-alta-tensao\/#primaryimage","url":"https:\/\/www.altominho.tv\/site\/wp-content\/uploads\/2019\/01\/strommast-708231_1920-e1548689961919.jpg","contentUrl":"https:\/\/www.altominho.tv\/site\/wp-content\/uploads\/2019\/01\/strommast-708231_1920-e1548689961919.jpg","width":1920,"height":1195,"caption":"PIXABAY"},{"@type":"BreadcrumbList","@id":"https:\/\/www.altominho.tv\/site\/2019\/01\/28\/moncao-rejeita-instalacao-de-linha-de-muito-alta-tensao\/#breadcrumb","itemListElement":[{"@type":"ListItem","position":1,"name":"In\u00edcio","item":"https:\/\/www.altominho.tv\/site\/"},{"@type":"ListItem","position":2,"name":"Mon\u00e7\u00e3o rejeita instala\u00e7\u00e3o de linha de muito alta tens\u00e3o"}]},{"@type":"WebSite","@id":"https:\/\/www.altominho.tv\/site\/#website","url":"https:\/\/www.altominho.tv\/site\/","name":"Altominho.tv","description":"A sua regi\u00e3o \u00e0 dist\u00e2ncia de um clique...","potentialAction":[{"@type":"SearchAction","target":{"@type":"EntryPoint","urlTemplate":"https:\/\/www.altominho.tv\/site\/?s={search_term_string}"},"query-input":{"@type":"PropertyValueSpecification","valueRequired":true,"valueName":"search_term_string"}}],"inLanguage":"pt-PT"},{"@type":"Person","@id":"https:\/\/www.altominho.tv\/site\/#\/schema\/person\/d9be4265364723f14ea8e0d56a1d38cd","name":"Andreia Ferreira","image":{"@type":"ImageObject","inLanguage":"pt-PT","@id":"https:\/\/www.altominho.tv\/site\/wp-content\/uploads\/2021\/01\/AndreiaFerreira-150x150.jpg","url":"https:\/\/www.altominho.tv\/site\/wp-content\/uploads\/2021\/01\/AndreiaFerreira-150x150.jpg","contentUrl":"https:\/\/www.altominho.tv\/site\/wp-content\/uploads\/2021\/01\/AndreiaFerreira-150x150.jpg","caption":"Andreia Ferreira"},"url":"https:\/\/www.altominho.tv\/site\/author\/andreiaferreira\/"}]}},"_links":{"self":[{"href":"https:\/\/www.altominho.tv\/site\/wp-json\/wp\/v2\/posts\/23179","targetHints":{"allow":["GET"]}}],"collection":[{"href":"https:\/\/www.altominho.tv\/site\/wp-json\/wp\/v2\/posts"}],"about":[{"href":"https:\/\/www.altominho.tv\/site\/wp-json\/wp\/v2\/types\/post"}],"author":[{"embeddable":true,"href":"https:\/\/www.altominho.tv\/site\/wp-json\/wp\/v2\/users\/12"}],"replies":[{"embeddable":true,"href":"https:\/\/www.altominho.tv\/site\/wp-json\/wp\/v2\/comments?post=23179"}],"version-history":[{"count":0,"href":"https:\/\/www.altominho.tv\/site\/wp-json\/wp\/v2\/posts\/23179\/revisions"}],"wp:featuredmedia":[{"embeddable":true,"href":"https:\/\/www.altominho.tv\/site\/wp-json\/wp\/v2\/media\/23180"}],"wp:attachment":[{"href":"https:\/\/www.altominho.tv\/site\/wp-json\/wp\/v2\/media?parent=23179"}],"wp:term":[{"taxonomy":"category","embeddable":true,"href":"https:\/\/www.altominho.tv\/site\/wp-json\/wp\/v2\/categories?post=23179"},{"taxonomy":"post_tag","embeddable":true,"href":"https:\/\/www.altominho.tv\/site\/wp-json\/wp\/v2\/tags?post=23179"}],"curies":[{"name":"wp","href":"https:\/\/api.w.org\/{rel}","templated":true}]}}