{"id":23174,"date":"2019-01-28T16:48:45","date_gmt":"2019-01-28T16:48:45","guid":{"rendered":"http:\/\/www.altominho.tv\/site\/?p=23174"},"modified":"2019-01-28T16:48:45","modified_gmt":"2019-01-28T16:48:45","slug":"caminha-apresenta-candidatura-de-2-milhoes-de-euros-para-agua-e-saneamento","status":"publish","type":"post","link":"https:\/\/www.altominho.tv\/site\/2019\/01\/28\/caminha-apresenta-candidatura-de-2-milhoes-de-euros-para-agua-e-saneamento\/","title":{"rendered":"Caminha apresenta candidatura de 2 milh\u00f5es de euros para \u00e1gua e saneamento"},"content":{"rendered":"<p>A C\u00e2mara de Caminha vai candidatar, at\u00e9 28 de fevereiro, um investimento de dois milh\u00f5es de euros ao Programa Operacional Sustentabilidade e Efici\u00eancia no Uso de Recursos (POSEUR) em abastecimento de \u00e1gua e saneamento b\u00e1sico.<\/p>\n<p>A autarquia informou, hoje, em comunicado, que &#8220;o protocolo relativo ao sistema de \u00e1guas do Alto Minho, indispens\u00e1vel \u00e0 candidatura daquele investimento, foi aprovada, por maioria, na \u00faltima reuni\u00e3o do executivo municipal&#8221;.<\/p>\n<p>O munic\u00edpio liderado por Miguel Alves refor\u00e7ou que esta candidatura &#8220;s\u00f3 \u00e9 poss\u00edvel porque o concelho decidiu integrar a parceria p\u00fablica de \u00c1guas do Alto Minho&#8221;, formalmente constitu\u00edda no in\u00edcio do m\u00eas.<\/p>\n<p>&#8220;Os munic\u00edpios, individualmente, n\u00e3o teriam acesso a este financiamento, que s\u00f3 est\u00e1 dispon\u00edvel para munic\u00edpios agregados&#8221;, frisou Miguel Alves, citado naquela nota.<\/p>\n<p>Em causa est\u00e1 a \u00c1guas do Alto Minho, empresa de gest\u00e3o das redes de \u00e1gua, em baixa, e do saneamento, detida em 51% pela \u00c1guas de Portugal (AdP) e, em 49%, por sete dos dez munic\u00edpios do distrito de Viana do Castelo que comp\u00f5em a Comunidade Intermunicipal (CIM) do Alto Minho.<\/p>\n<p>Dos dez concelhos do distrito de Viana do Castelo, apenas tr\u00eas &#8211; Ponte da Barca, Mon\u00e7\u00e3o e Melga\u00e7o &#8211; chumbaram a constitui\u00e7\u00e3o daquela parceria.<\/p>\n<p>De acordo com a C\u00e2mara de Caminha, &#8220;o prazo para apresenta\u00e7\u00e3o de candidaturas ao aviso do POSEUR decorre at\u00e9 ao dia 28 de fevereiro&#8221;, sendo que &#8220;os restantes munic\u00edpios da parceria t\u00eam de cumprir a mesma formalidade, para poderem tamb\u00e9m apresentar candidaturas&#8221;.<\/p>\n<p>No caso de Caminha, &#8220;o valor dos investimentos que a c\u00e2mara selecionou atinge cerca de dois milh\u00f5es de euros&#8221;, sendo que a escolha as interven\u00e7\u00f5es candidatadas &#8220;tiveram em conta a exist\u00eancia de projetos j\u00e1 prontos e em condi\u00e7\u00f5es de serem candidatados, assim como prioridades e valores&#8221;.<\/p>\n<p>Os projetos em causa dizem respeito \u00e0s redes de saneamento da Rua do Felo, em Moledo, do Lugar de Castanheirinho, em Venade, de Lage e Laboradas, em \u00c2ncora, de \u00c1guas de Enfr\u00f3i, em Moledo, e de Azevedo, em Azevedo, assim como a rede de abastecimento de \u00e1gua na Rua de \u00c1guas de Enfr\u00f3i, Moledo.<\/p>\n<p>A fus\u00e3o dos servi\u00e7os municipais de \u00e1guas e saneamento dos sete concelhos vai assegurar, em 30 anos, um investimento de 271 milh\u00f5es, na renova\u00e7\u00e3o, manuten\u00e7\u00e3o e amplia\u00e7\u00e3o de infraestruturas. Nos pr\u00f3ximos cinco anos, ser\u00e3o investidos 70 milh\u00f5es de euros na qualidade, alargamento e renova\u00e7\u00e3o de redes.<\/p>\n<p>A \u00c1guas do Alto Minho ser\u00e1 respons\u00e1vel pela gest\u00e3o e explora\u00e7\u00e3o do sistema integrado de abastecimento de \u00e1gua e de saneamento do Alto Minho, servindo uma popula\u00e7\u00e3o residente de 204 mil habitantes nos sete munic\u00edpios envolvidos e abrangendo 5.400 quil\u00f3metros de rede.<\/p>\n<p>Este projeto intermunicipal de abastecimento de \u00e1gua e saneamento de \u00e1guas residuais &#8220;tem como metas, entre outras, a redu\u00e7\u00e3o em um ter\u00e7o das perdas de \u00e1gua e o pleno cumprimento das licen\u00e7as de descarga das ETAR de pequena dimens\u00e3o&#8221;.<\/p>\n<p>Fonte: Lusa<\/p>\n","protected":false},"excerpt":{"rendered":"<p>A C\u00e2mara de Caminha vai candidatar, at\u00e9 28 de fevereiro, um investimento de dois milh\u00f5es de euros ao Programa Operacional Sustentabilidade e Efici\u00eancia no Uso de Recursos (POSEUR) em abastecimento de \u00e1gua e saneamento b\u00e1sico. A autarquia informou, hoje, em comunicado, que &#8220;o protocolo relativo ao sistema de \u00e1guas do Alto Minho, indispens\u00e1vel \u00e0 candidatura [&hellip;]<\/p>\n","protected":false},"author":12,"featured_media":23196,"comment_status":"closed","ping_status":"closed","sticky":false,"template":"","format":"standard","meta":{"_exactmetrics_skip_tracking":false,"_exactmetrics_sitenote_active":false,"_exactmetrics_sitenote_note":"","_exactmetrics_sitenote_category":0,"footnotes":""},"categories":[7],"tags":[27],"class_list":["post-23174","post","type-post","status-publish","format-standard","has-post-thumbnail","hentry","category-caminha","tag-sociedade"],"yoast_head":"<!-- This site is optimized with the Yoast SEO Premium plugin v27.5 (Yoast SEO v27.5) - https:\/\/yoast.com\/product\/yoast-seo-premium-wordpress\/ -->\n<title>Caminha apresenta candidatura de 2 milh\u00f5es de euros para \u00e1gua e saneamento<\/title>\n<meta name=\"robots\" content=\"index, follow, max-snippet:-1, max-image-preview:large, max-video-preview:-1\" \/>\n<link rel=\"canonical\" href=\"https:\/\/www.altominho.tv\/site\/2019\/01\/28\/caminha-apresenta-candidatura-de-2-milhoes-de-euros-para-agua-e-saneamento\/\" \/>\n<meta property=\"og:locale\" content=\"pt_PT\" \/>\n<meta property=\"og:type\" content=\"article\" \/>\n<meta property=\"og:title\" content=\"Caminha apresenta candidatura de 2 milh\u00f5es de euros para \u00e1gua e saneamento\" \/>\n<meta property=\"og:description\" content=\"A C\u00e2mara de Caminha vai candidatar, at\u00e9 28 de fevereiro, um investimento de dois milh\u00f5es de euros ao Programa Operacional Sustentabilidade e Efici\u00eancia no Uso de Recursos (POSEUR) em abastecimento de \u00e1gua e saneamento b\u00e1sico. A autarquia informou, hoje, em comunicado, que &#8220;o protocolo relativo ao sistema de \u00e1guas do Alto Minho, indispens\u00e1vel \u00e0 candidatura [&hellip;]\" \/>\n<meta property=\"og:url\" content=\"https:\/\/www.altominho.tv\/site\/2019\/01\/28\/caminha-apresenta-candidatura-de-2-milhoes-de-euros-para-agua-e-saneamento\/\" \/>\n<meta property=\"og:site_name\" content=\"Altominho.tv\" \/>\n<meta property=\"article:publisher\" content=\"https:\/\/www.facebook.com\/altominhotv\" \/>\n<meta property=\"article:published_time\" content=\"2019-01-28T16:48:45+00:00\" \/>\n<meta property=\"og:image\" content=\"https:\/\/www.altominho.tv\/site\/wp-content\/uploads\/2019\/01\/saneamento-e1548694087353.jpg\" \/>\n\t<meta property=\"og:image:width\" content=\"730\" \/>\n\t<meta property=\"og:image:height\" content=\"430\" \/>\n\t<meta property=\"og:image:type\" content=\"image\/jpeg\" \/>\n<meta name=\"author\" content=\"Andreia Ferreira\" \/>\n<meta name=\"twitter:card\" content=\"summary_large_image\" \/>\n<meta name=\"twitter:creator\" content=\"@altominhoTV\" \/>\n<meta name=\"twitter:site\" content=\"@altominhoTV\" \/>\n<meta name=\"twitter:label1\" content=\"Escrito por\" \/>\n\t<meta name=\"twitter:data1\" content=\"Andreia Ferreira\" \/>\n\t<meta name=\"twitter:label2\" content=\"Tempo estimado de leitura\" \/>\n\t<meta name=\"twitter:data2\" content=\"3 minutos\" \/>\n<script type=\"application\/ld+json\" class=\"yoast-schema-graph\">{\"@context\":\"https:\\\/\\\/schema.org\",\"@graph\":[{\"@type\":\"Article\",\"@id\":\"https:\\\/\\\/www.altominho.tv\\\/site\\\/2019\\\/01\\\/28\\\/caminha-apresenta-candidatura-de-2-milhoes-de-euros-para-agua-e-saneamento\\\/#article\",\"isPartOf\":{\"@id\":\"https:\\\/\\\/www.altominho.tv\\\/site\\\/2019\\\/01\\\/28\\\/caminha-apresenta-candidatura-de-2-milhoes-de-euros-para-agua-e-saneamento\\\/\"},\"author\":{\"name\":\"Andreia Ferreira\",\"@id\":\"https:\\\/\\\/www.altominho.tv\\\/site\\\/#\\\/schema\\\/person\\\/d9be4265364723f14ea8e0d56a1d38cd\"},\"headline\":\"Caminha apresenta candidatura de 2 milh\u00f5es de euros para \u00e1gua e saneamento\",\"datePublished\":\"2019-01-28T16:48:45+00:00\",\"mainEntityOfPage\":{\"@id\":\"https:\\\/\\\/www.altominho.tv\\\/site\\\/2019\\\/01\\\/28\\\/caminha-apresenta-candidatura-de-2-milhoes-de-euros-para-agua-e-saneamento\\\/\"},\"wordCount\":524,\"image\":{\"@id\":\"https:\\\/\\\/www.altominho.tv\\\/site\\\/2019\\\/01\\\/28\\\/caminha-apresenta-candidatura-de-2-milhoes-de-euros-para-agua-e-saneamento\\\/#primaryimage\"},\"thumbnailUrl\":\"https:\\\/\\\/www.altominho.tv\\\/site\\\/wp-content\\\/uploads\\\/2019\\\/01\\\/saneamento-e1548694087353.jpg\",\"keywords\":[\"Sociedade\"],\"articleSection\":[\"Caminha\"],\"inLanguage\":\"pt-PT\",\"copyrightYear\":\"2019\",\"copyrightHolder\":{\"@id\":\"https:\\\/\\\/www.altominho.tv\\\/site\\\/#organization\"}},{\"@type\":\"WebPage\",\"@id\":\"https:\\\/\\\/www.altominho.tv\\\/site\\\/2019\\\/01\\\/28\\\/caminha-apresenta-candidatura-de-2-milhoes-de-euros-para-agua-e-saneamento\\\/\",\"url\":\"https:\\\/\\\/www.altominho.tv\\\/site\\\/2019\\\/01\\\/28\\\/caminha-apresenta-candidatura-de-2-milhoes-de-euros-para-agua-e-saneamento\\\/\",\"name\":\"Caminha apresenta candidatura de 2 milh\u00f5es de euros para \u00e1gua e saneamento\",\"isPartOf\":{\"@id\":\"https:\\\/\\\/www.altominho.tv\\\/site\\\/#website\"},\"primaryImageOfPage\":{\"@id\":\"https:\\\/\\\/www.altominho.tv\\\/site\\\/2019\\\/01\\\/28\\\/caminha-apresenta-candidatura-de-2-milhoes-de-euros-para-agua-e-saneamento\\\/#primaryimage\"},\"image\":{\"@id\":\"https:\\\/\\\/www.altominho.tv\\\/site\\\/2019\\\/01\\\/28\\\/caminha-apresenta-candidatura-de-2-milhoes-de-euros-para-agua-e-saneamento\\\/#primaryimage\"},\"thumbnailUrl\":\"https:\\\/\\\/www.altominho.tv\\\/site\\\/wp-content\\\/uploads\\\/2019\\\/01\\\/saneamento-e1548694087353.jpg\",\"datePublished\":\"2019-01-28T16:48:45+00:00\",\"author\":{\"@id\":\"https:\\\/\\\/www.altominho.tv\\\/site\\\/#\\\/schema\\\/person\\\/d9be4265364723f14ea8e0d56a1d38cd\"},\"breadcrumb\":{\"@id\":\"https:\\\/\\\/www.altominho.tv\\\/site\\\/2019\\\/01\\\/28\\\/caminha-apresenta-candidatura-de-2-milhoes-de-euros-para-agua-e-saneamento\\\/#breadcrumb\"},\"inLanguage\":\"pt-PT\",\"potentialAction\":[{\"@type\":\"ReadAction\",\"target\":[\"https:\\\/\\\/www.altominho.tv\\\/site\\\/2019\\\/01\\\/28\\\/caminha-apresenta-candidatura-de-2-milhoes-de-euros-para-agua-e-saneamento\\\/\"]}]},{\"@type\":\"ImageObject\",\"inLanguage\":\"pt-PT\",\"@id\":\"https:\\\/\\\/www.altominho.tv\\\/site\\\/2019\\\/01\\\/28\\\/caminha-apresenta-candidatura-de-2-milhoes-de-euros-para-agua-e-saneamento\\\/#primaryimage\",\"url\":\"https:\\\/\\\/www.altominho.tv\\\/site\\\/wp-content\\\/uploads\\\/2019\\\/01\\\/saneamento-e1548694087353.jpg\",\"contentUrl\":\"https:\\\/\\\/www.altominho.tv\\\/site\\\/wp-content\\\/uploads\\\/2019\\\/01\\\/saneamento-e1548694087353.jpg\",\"width\":730,\"height\":430},{\"@type\":\"BreadcrumbList\",\"@id\":\"https:\\\/\\\/www.altominho.tv\\\/site\\\/2019\\\/01\\\/28\\\/caminha-apresenta-candidatura-de-2-milhoes-de-euros-para-agua-e-saneamento\\\/#breadcrumb\",\"itemListElement\":[{\"@type\":\"ListItem\",\"position\":1,\"name\":\"In\u00edcio\",\"item\":\"https:\\\/\\\/www.altominho.tv\\\/site\\\/\"},{\"@type\":\"ListItem\",\"position\":2,\"name\":\"Caminha apresenta candidatura de 2 milh\u00f5es de euros para \u00e1gua e saneamento\"}]},{\"@type\":\"WebSite\",\"@id\":\"https:\\\/\\\/www.altominho.tv\\\/site\\\/#website\",\"url\":\"https:\\\/\\\/www.altominho.tv\\\/site\\\/\",\"name\":\"Altominho.tv\",\"description\":\"A sua regi\u00e3o \u00e0 dist\u00e2ncia de um clique...\",\"potentialAction\":[{\"@type\":\"SearchAction\",\"target\":{\"@type\":\"EntryPoint\",\"urlTemplate\":\"https:\\\/\\\/www.altominho.tv\\\/site\\\/?s={search_term_string}\"},\"query-input\":{\"@type\":\"PropertyValueSpecification\",\"valueRequired\":true,\"valueName\":\"search_term_string\"}}],\"inLanguage\":\"pt-PT\"},{\"@type\":\"Person\",\"@id\":\"https:\\\/\\\/www.altominho.tv\\\/site\\\/#\\\/schema\\\/person\\\/d9be4265364723f14ea8e0d56a1d38cd\",\"name\":\"Andreia Ferreira\",\"image\":{\"@type\":\"ImageObject\",\"inLanguage\":\"pt-PT\",\"@id\":\"https:\\\/\\\/www.altominho.tv\\\/site\\\/wp-content\\\/uploads\\\/2021\\\/01\\\/AndreiaFerreira-150x150.jpg\",\"url\":\"https:\\\/\\\/www.altominho.tv\\\/site\\\/wp-content\\\/uploads\\\/2021\\\/01\\\/AndreiaFerreira-150x150.jpg\",\"contentUrl\":\"https:\\\/\\\/www.altominho.tv\\\/site\\\/wp-content\\\/uploads\\\/2021\\\/01\\\/AndreiaFerreira-150x150.jpg\",\"caption\":\"Andreia Ferreira\"},\"url\":\"https:\\\/\\\/www.altominho.tv\\\/site\\\/author\\\/andreiaferreira\\\/\"}]}<\/script>\n<!-- \/ Yoast SEO Premium plugin. -->","yoast_head_json":{"title":"Caminha apresenta candidatura de 2 milh\u00f5es de euros para \u00e1gua e saneamento","robots":{"index":"index","follow":"follow","max-snippet":"max-snippet:-1","max-image-preview":"max-image-preview:large","max-video-preview":"max-video-preview:-1"},"canonical":"https:\/\/www.altominho.tv\/site\/2019\/01\/28\/caminha-apresenta-candidatura-de-2-milhoes-de-euros-para-agua-e-saneamento\/","og_locale":"pt_PT","og_type":"article","og_title":"Caminha apresenta candidatura de 2 milh\u00f5es de euros para \u00e1gua e saneamento","og_description":"A C\u00e2mara de Caminha vai candidatar, at\u00e9 28 de fevereiro, um investimento de dois milh\u00f5es de euros ao Programa Operacional Sustentabilidade e Efici\u00eancia no Uso de Recursos (POSEUR) em abastecimento de \u00e1gua e saneamento b\u00e1sico. A autarquia informou, hoje, em comunicado, que &#8220;o protocolo relativo ao sistema de \u00e1guas do Alto Minho, indispens\u00e1vel \u00e0 candidatura [&hellip;]","og_url":"https:\/\/www.altominho.tv\/site\/2019\/01\/28\/caminha-apresenta-candidatura-de-2-milhoes-de-euros-para-agua-e-saneamento\/","og_site_name":"Altominho.tv","article_publisher":"https:\/\/www.facebook.com\/altominhotv","article_published_time":"2019-01-28T16:48:45+00:00","og_image":[{"width":730,"height":430,"url":"https:\/\/www.altominho.tv\/site\/wp-content\/uploads\/2019\/01\/saneamento-e1548694087353.jpg","type":"image\/jpeg"}],"author":"Andreia Ferreira","twitter_card":"summary_large_image","twitter_creator":"@altominhoTV","twitter_site":"@altominhoTV","twitter_misc":{"Escrito por":"Andreia Ferreira","Tempo estimado de leitura":"3 minutos"},"schema":{"@context":"https:\/\/schema.org","@graph":[{"@type":"Article","@id":"https:\/\/www.altominho.tv\/site\/2019\/01\/28\/caminha-apresenta-candidatura-de-2-milhoes-de-euros-para-agua-e-saneamento\/#article","isPartOf":{"@id":"https:\/\/www.altominho.tv\/site\/2019\/01\/28\/caminha-apresenta-candidatura-de-2-milhoes-de-euros-para-agua-e-saneamento\/"},"author":{"name":"Andreia Ferreira","@id":"https:\/\/www.altominho.tv\/site\/#\/schema\/person\/d9be4265364723f14ea8e0d56a1d38cd"},"headline":"Caminha apresenta candidatura de 2 milh\u00f5es de euros para \u00e1gua e saneamento","datePublished":"2019-01-28T16:48:45+00:00","mainEntityOfPage":{"@id":"https:\/\/www.altominho.tv\/site\/2019\/01\/28\/caminha-apresenta-candidatura-de-2-milhoes-de-euros-para-agua-e-saneamento\/"},"wordCount":524,"image":{"@id":"https:\/\/www.altominho.tv\/site\/2019\/01\/28\/caminha-apresenta-candidatura-de-2-milhoes-de-euros-para-agua-e-saneamento\/#primaryimage"},"thumbnailUrl":"https:\/\/www.altominho.tv\/site\/wp-content\/uploads\/2019\/01\/saneamento-e1548694087353.jpg","keywords":["Sociedade"],"articleSection":["Caminha"],"inLanguage":"pt-PT","copyrightYear":"2019","copyrightHolder":{"@id":"https:\/\/www.altominho.tv\/site\/#organization"}},{"@type":"WebPage","@id":"https:\/\/www.altominho.tv\/site\/2019\/01\/28\/caminha-apresenta-candidatura-de-2-milhoes-de-euros-para-agua-e-saneamento\/","url":"https:\/\/www.altominho.tv\/site\/2019\/01\/28\/caminha-apresenta-candidatura-de-2-milhoes-de-euros-para-agua-e-saneamento\/","name":"Caminha apresenta candidatura de 2 milh\u00f5es de euros para \u00e1gua e saneamento","isPartOf":{"@id":"https:\/\/www.altominho.tv\/site\/#website"},"primaryImageOfPage":{"@id":"https:\/\/www.altominho.tv\/site\/2019\/01\/28\/caminha-apresenta-candidatura-de-2-milhoes-de-euros-para-agua-e-saneamento\/#primaryimage"},"image":{"@id":"https:\/\/www.altominho.tv\/site\/2019\/01\/28\/caminha-apresenta-candidatura-de-2-milhoes-de-euros-para-agua-e-saneamento\/#primaryimage"},"thumbnailUrl":"https:\/\/www.altominho.tv\/site\/wp-content\/uploads\/2019\/01\/saneamento-e1548694087353.jpg","datePublished":"2019-01-28T16:48:45+00:00","author":{"@id":"https:\/\/www.altominho.tv\/site\/#\/schema\/person\/d9be4265364723f14ea8e0d56a1d38cd"},"breadcrumb":{"@id":"https:\/\/www.altominho.tv\/site\/2019\/01\/28\/caminha-apresenta-candidatura-de-2-milhoes-de-euros-para-agua-e-saneamento\/#breadcrumb"},"inLanguage":"pt-PT","potentialAction":[{"@type":"ReadAction","target":["https:\/\/www.altominho.tv\/site\/2019\/01\/28\/caminha-apresenta-candidatura-de-2-milhoes-de-euros-para-agua-e-saneamento\/"]}]},{"@type":"ImageObject","inLanguage":"pt-PT","@id":"https:\/\/www.altominho.tv\/site\/2019\/01\/28\/caminha-apresenta-candidatura-de-2-milhoes-de-euros-para-agua-e-saneamento\/#primaryimage","url":"https:\/\/www.altominho.tv\/site\/wp-content\/uploads\/2019\/01\/saneamento-e1548694087353.jpg","contentUrl":"https:\/\/www.altominho.tv\/site\/wp-content\/uploads\/2019\/01\/saneamento-e1548694087353.jpg","width":730,"height":430},{"@type":"BreadcrumbList","@id":"https:\/\/www.altominho.tv\/site\/2019\/01\/28\/caminha-apresenta-candidatura-de-2-milhoes-de-euros-para-agua-e-saneamento\/#breadcrumb","itemListElement":[{"@type":"ListItem","position":1,"name":"In\u00edcio","item":"https:\/\/www.altominho.tv\/site\/"},{"@type":"ListItem","position":2,"name":"Caminha apresenta candidatura de 2 milh\u00f5es de euros para \u00e1gua e saneamento"}]},{"@type":"WebSite","@id":"https:\/\/www.altominho.tv\/site\/#website","url":"https:\/\/www.altominho.tv\/site\/","name":"Altominho.tv","description":"A sua regi\u00e3o \u00e0 dist\u00e2ncia de um clique...","potentialAction":[{"@type":"SearchAction","target":{"@type":"EntryPoint","urlTemplate":"https:\/\/www.altominho.tv\/site\/?s={search_term_string}"},"query-input":{"@type":"PropertyValueSpecification","valueRequired":true,"valueName":"search_term_string"}}],"inLanguage":"pt-PT"},{"@type":"Person","@id":"https:\/\/www.altominho.tv\/site\/#\/schema\/person\/d9be4265364723f14ea8e0d56a1d38cd","name":"Andreia Ferreira","image":{"@type":"ImageObject","inLanguage":"pt-PT","@id":"https:\/\/www.altominho.tv\/site\/wp-content\/uploads\/2021\/01\/AndreiaFerreira-150x150.jpg","url":"https:\/\/www.altominho.tv\/site\/wp-content\/uploads\/2021\/01\/AndreiaFerreira-150x150.jpg","contentUrl":"https:\/\/www.altominho.tv\/site\/wp-content\/uploads\/2021\/01\/AndreiaFerreira-150x150.jpg","caption":"Andreia Ferreira"},"url":"https:\/\/www.altominho.tv\/site\/author\/andreiaferreira\/"}]}},"_links":{"self":[{"href":"https:\/\/www.altominho.tv\/site\/wp-json\/wp\/v2\/posts\/23174","targetHints":{"allow":["GET"]}}],"collection":[{"href":"https:\/\/www.altominho.tv\/site\/wp-json\/wp\/v2\/posts"}],"about":[{"href":"https:\/\/www.altominho.tv\/site\/wp-json\/wp\/v2\/types\/post"}],"author":[{"embeddable":true,"href":"https:\/\/www.altominho.tv\/site\/wp-json\/wp\/v2\/users\/12"}],"replies":[{"embeddable":true,"href":"https:\/\/www.altominho.tv\/site\/wp-json\/wp\/v2\/comments?post=23174"}],"version-history":[{"count":0,"href":"https:\/\/www.altominho.tv\/site\/wp-json\/wp\/v2\/posts\/23174\/revisions"}],"wp:featuredmedia":[{"embeddable":true,"href":"https:\/\/www.altominho.tv\/site\/wp-json\/wp\/v2\/media\/23196"}],"wp:attachment":[{"href":"https:\/\/www.altominho.tv\/site\/wp-json\/wp\/v2\/media?parent=23174"}],"wp:term":[{"taxonomy":"category","embeddable":true,"href":"https:\/\/www.altominho.tv\/site\/wp-json\/wp\/v2\/categories?post=23174"},{"taxonomy":"post_tag","embeddable":true,"href":"https:\/\/www.altominho.tv\/site\/wp-json\/wp\/v2\/tags?post=23174"}],"curies":[{"name":"wp","href":"https:\/\/api.w.org\/{rel}","templated":true}]}}