{"id":23160,"date":"2019-01-28T12:10:32","date_gmt":"2019-01-28T12:10:32","guid":{"rendered":"http:\/\/www.altominho.tv\/site\/?p=23160"},"modified":"2019-01-28T12:10:32","modified_gmt":"2019-01-28T12:10:32","slug":"moncao-rejeita-11-diplomas-de-descentralizacao-de-competencias-para-2019","status":"publish","type":"post","link":"https:\/\/www.altominho.tv\/site\/2019\/01\/28\/moncao-rejeita-11-diplomas-de-descentralizacao-de-competencias-para-2019\/","title":{"rendered":"Mon\u00e7\u00e3o rejeita 11 diplomas de descentraliza\u00e7\u00e3o de compet\u00eancias para 2019"},"content":{"rendered":"<p>A assembleia municipal de Mon\u00e7\u00e3o ratificou a proposta da maioria PSD na c\u00e2mara que rejeitou os 11 diplomas de descentraliza\u00e7\u00e3o de compet\u00eancias para 2019, por entender &#8220;n\u00e3o ser poss\u00edvel identificar as miss\u00f5es a cumprir e as implica\u00e7\u00f5es financeiras&#8221;.<\/p>\n<p>&#8220;Com o tempo e dados dispon\u00edveis, n\u00e3o \u00e9 poss\u00edvel identificar e determinar, de uma forma s\u00e9ria e respons\u00e1vel, qual o gui\u00e3o das miss\u00f5es a cumprir e as implica\u00e7\u00f5es financeiras, humanas e organizacionais adjacentes, bem como os espa\u00e7os, as vias e os equipamentos, cuja gest\u00e3o pode ser transferida para as freguesias&#8221;, explica, hoje, em comunicado, o munic\u00edpio.<\/p>\n<p>A autarquia, liderada por Ant\u00f3nio Barbosa, &#8220;sustenta ainda que este conjunto de circunst\u00e2ncias podem colocar em causa, ou mesmo obstaculizar, a estrat\u00e9gia de futuro preconizada pelo atual executivo, as pol\u00edticas estruturantes a desenvolver em cada dom\u00ednio de atua\u00e7\u00e3o e os princ\u00edpios de conten\u00e7\u00e3o de despesa p\u00fablica&#8221;.<\/p>\n<p>&#8220;Ao contr\u00e1rio da vis\u00e3o da C\u00e2mara de Mon\u00e7\u00e3o, o legislador pretende passar a mensagem, a nosso ver incorreta, que os munic\u00edpios devem ser pensados numa perspetiva pontual, rua a rua, infraestrutura a infraestrutura, sem a vis\u00e3o estruturante que devem manifestar na constru\u00e7\u00e3o de respostas efetivas \u00e0s diversas din\u00e2micas do concelho&#8221;, especifica a nota.<\/p>\n<p>A rejei\u00e7\u00e3o dos 11 diplomas foi tomada pela assembleia municipal no dia 25 de janeiro, ap\u00f3s a aprova\u00e7\u00e3o, no dia 17, em sess\u00e3o do executivo municipal de Mon\u00e7\u00e3o.<\/p>\n<p>O executivo municipal adiantou ter aceitado a transfer\u00eancia, para a Comunidade Intermunicipal (CIM) do Alto Minho, das compet\u00eancias relativas \u00e0s \u00e1reas da gest\u00e3o de fundos europeus e capta\u00e7\u00e3o investimento e promo\u00e7\u00e3o tur\u00edstica.<\/p>\n<p>Aquela decis\u00e3o, segundo Ant\u00f3nio Barbosa, &#8220;obedeceu ao princ\u00edpio de solidariedade e respeito pelas autarquias da CIM que apoiam aqueles decretos-lei&#8221;.<\/p>\n<p>&#8220;No seio da CIM do Alto Minho, a maioria dos munic\u00edpios apoiou a transfer\u00eancia de compet\u00eancias naquelas duas \u00e1reas&#8221;, frisou o autarca, citado na nota enviada \u00e0 imprensa.<\/p>\n<p>No \u00e2mbito da lei-quadro da transfer\u00eancia de compet\u00eancias para autarquias e entidades intermunicipais, j\u00e1 foram publicados 11 diplomas setoriais nos dom\u00ednios das praias, jogos de fortuna ou azar, promo\u00e7\u00e3o tur\u00edstica, vias de comunica\u00e7\u00e3o, justi\u00e7a, fundos europeus e capta\u00e7\u00e3o de investimento, bombeiros volunt\u00e1rios, atendimento ao cidad\u00e3o, habita\u00e7\u00e3o, patrim\u00f3nio e estacionamento p\u00fablico.<\/p>\n<p>O Governo aprovou, entretanto, os diplomas relacionados com policiamento de proximidade, prote\u00e7\u00e3o civil, prote\u00e7\u00e3o e sa\u00fade animal e seguran\u00e7a dos alimentos, cultura, a\u00e7\u00e3o social, educa\u00e7\u00e3o, sa\u00fade, transporte em vias naveg\u00e1veis interiores, \u00e1reas portu\u00e1rias e \u00e1reas protegidas, que ainda aguardam promulga\u00e7\u00e3o.<\/p>\n<p>Al\u00e9m destes 21 diplomas setoriais, num processo gradual de descentraliza\u00e7\u00e3o entre 2019 e 2021, altura em que as autarquias e entidades intermunicipais assumir\u00e3o em definitivo as novas atribui\u00e7\u00f5es, falta aprovar o decreto de novas compet\u00eancias das freguesias.<\/p>\n<p>Fonte: Lusa<\/p>\n","protected":false},"excerpt":{"rendered":"<p>A assembleia municipal de Mon\u00e7\u00e3o ratificou a proposta da maioria PSD na c\u00e2mara que rejeitou os 11 diplomas de descentraliza\u00e7\u00e3o de compet\u00eancias para 2019, por entender &#8220;n\u00e3o ser poss\u00edvel identificar as miss\u00f5es a cumprir e as implica\u00e7\u00f5es financeiras&#8221;. &#8220;Com o tempo e dados dispon\u00edveis, n\u00e3o \u00e9 poss\u00edvel identificar e determinar, de uma forma s\u00e9ria e [&hellip;]<\/p>\n","protected":false},"author":12,"featured_media":23164,"comment_status":"closed","ping_status":"closed","sticky":false,"template":"","format":"standard","meta":{"_exactmetrics_skip_tracking":false,"footnotes":""},"categories":[9],"tags":[27],"class_list":["post-23160","post","type-post","status-publish","format-standard","has-post-thumbnail","hentry","category-moncao","tag-sociedade"],"yoast_head":"<!-- This site is optimized with the Yoast SEO Premium plugin v28.3 (Yoast SEO v28.3) - https:\/\/yoast.com\/product\/yoast-seo-premium-wordpress\/ -->\n<title>Mon\u00e7\u00e3o rejeita 11 diplomas de descentraliza\u00e7\u00e3o de compet\u00eancias para 2019<\/title>\n<meta name=\"robots\" content=\"index, follow, max-snippet:-1, max-image-preview:large, max-video-preview:-1\" \/>\n<link rel=\"canonical\" href=\"https:\/\/www.altominho.tv\/site\/2019\/01\/28\/moncao-rejeita-11-diplomas-de-descentralizacao-de-competencias-para-2019\/\" \/>\n<meta property=\"og:locale\" content=\"pt_PT\" \/>\n<meta property=\"og:type\" content=\"article\" \/>\n<meta property=\"og:title\" content=\"Mon\u00e7\u00e3o rejeita 11 diplomas de descentraliza\u00e7\u00e3o de compet\u00eancias para 2019\" \/>\n<meta property=\"og:description\" content=\"A assembleia municipal de Mon\u00e7\u00e3o ratificou a proposta da maioria PSD na c\u00e2mara que rejeitou os 11 diplomas de descentraliza\u00e7\u00e3o de compet\u00eancias para 2019, por entender &#8220;n\u00e3o ser poss\u00edvel identificar as miss\u00f5es a cumprir e as implica\u00e7\u00f5es financeiras&#8221;. &#8220;Com o tempo e dados dispon\u00edveis, n\u00e3o \u00e9 poss\u00edvel identificar e determinar, de uma forma s\u00e9ria e [&hellip;]\" \/>\n<meta property=\"og:url\" content=\"https:\/\/www.altominho.tv\/site\/2019\/01\/28\/moncao-rejeita-11-diplomas-de-descentralizacao-de-competencias-para-2019\/\" \/>\n<meta property=\"og:site_name\" content=\"Altominho.tv\" \/>\n<meta property=\"article:publisher\" content=\"https:\/\/www.facebook.com\/altominhotv\" \/>\n<meta property=\"article:published_time\" content=\"2019-01-28T12:10:32+00:00\" \/>\n<meta property=\"og:image\" content=\"https:\/\/www.altominho.tv\/site\/wp-content\/uploads\/2019\/01\/Captura-de-ecra\u0303-2019-01-28-a\u0300s-11.50.25-copy.jpg\" \/>\n\t<meta property=\"og:image:width\" content=\"1277\" \/>\n\t<meta property=\"og:image:height\" content=\"674\" \/>\n\t<meta property=\"og:image:type\" content=\"image\/jpeg\" \/>\n<meta name=\"author\" content=\"Andreia Ferreira\" \/>\n<meta name=\"twitter:card\" content=\"summary_large_image\" \/>\n<meta name=\"twitter:creator\" content=\"@altominhoTV\" \/>\n<meta name=\"twitter:site\" content=\"@altominhoTV\" \/>\n<meta name=\"twitter:label1\" content=\"Escrito por\" \/>\n\t<meta name=\"twitter:data1\" content=\"Andreia Ferreira\" \/>\n\t<meta name=\"twitter:label2\" content=\"Tempo estimado de leitura\" \/>\n\t<meta name=\"twitter:data2\" content=\"3 minutos\" \/>\n<script type=\"application\/ld+json\" class=\"yoast-schema-graph\">{\"@context\":\"https:\\\/\\\/schema.org\",\"@graph\":[{\"@type\":\"Article\",\"@id\":\"https:\\\/\\\/www.altominho.tv\\\/site\\\/2019\\\/01\\\/28\\\/moncao-rejeita-11-diplomas-de-descentralizacao-de-competencias-para-2019\\\/#article\",\"isPartOf\":{\"@id\":\"https:\\\/\\\/www.altominho.tv\\\/site\\\/2019\\\/01\\\/28\\\/moncao-rejeita-11-diplomas-de-descentralizacao-de-competencias-para-2019\\\/\"},\"author\":{\"name\":\"Andreia Ferreira\",\"@id\":\"https:\\\/\\\/www.altominho.tv\\\/site\\\/#\\\/schema\\\/person\\\/d9be4265364723f14ea8e0d56a1d38cd\"},\"headline\":\"Mon\u00e7\u00e3o rejeita 11 diplomas de descentraliza\u00e7\u00e3o de compet\u00eancias para 2019\",\"datePublished\":\"2019-01-28T12:10:32+00:00\",\"mainEntityOfPage\":{\"@id\":\"https:\\\/\\\/www.altominho.tv\\\/site\\\/2019\\\/01\\\/28\\\/moncao-rejeita-11-diplomas-de-descentralizacao-de-competencias-para-2019\\\/\"},\"wordCount\":511,\"image\":{\"@id\":\"https:\\\/\\\/www.altominho.tv\\\/site\\\/2019\\\/01\\\/28\\\/moncao-rejeita-11-diplomas-de-descentralizacao-de-competencias-para-2019\\\/#primaryimage\"},\"thumbnailUrl\":\"https:\\\/\\\/www.altominho.tv\\\/site\\\/wp-content\\\/uploads\\\/2019\\\/01\\\/Captura-de-ecra\u0303-2019-01-28-a\u0300s-11.50.25-copy.jpg\",\"keywords\":[\"Sociedade\"],\"articleSection\":[\"Mon\u00e7\u00e3o\"],\"inLanguage\":\"pt-PT\",\"copyrightYear\":\"2019\",\"copyrightHolder\":{\"@id\":\"https:\\\/\\\/www.altominho.tv\\\/site\\\/#organization\"}},{\"@type\":\"WebPage\",\"@id\":\"https:\\\/\\\/www.altominho.tv\\\/site\\\/2019\\\/01\\\/28\\\/moncao-rejeita-11-diplomas-de-descentralizacao-de-competencias-para-2019\\\/\",\"url\":\"https:\\\/\\\/www.altominho.tv\\\/site\\\/2019\\\/01\\\/28\\\/moncao-rejeita-11-diplomas-de-descentralizacao-de-competencias-para-2019\\\/\",\"name\":\"Mon\u00e7\u00e3o rejeita 11 diplomas de descentraliza\u00e7\u00e3o de compet\u00eancias para 2019\",\"isPartOf\":{\"@id\":\"https:\\\/\\\/www.altominho.tv\\\/site\\\/#website\"},\"primaryImageOfPage\":{\"@id\":\"https:\\\/\\\/www.altominho.tv\\\/site\\\/2019\\\/01\\\/28\\\/moncao-rejeita-11-diplomas-de-descentralizacao-de-competencias-para-2019\\\/#primaryimage\"},\"image\":{\"@id\":\"https:\\\/\\\/www.altominho.tv\\\/site\\\/2019\\\/01\\\/28\\\/moncao-rejeita-11-diplomas-de-descentralizacao-de-competencias-para-2019\\\/#primaryimage\"},\"thumbnailUrl\":\"https:\\\/\\\/www.altominho.tv\\\/site\\\/wp-content\\\/uploads\\\/2019\\\/01\\\/Captura-de-ecra\u0303-2019-01-28-a\u0300s-11.50.25-copy.jpg\",\"datePublished\":\"2019-01-28T12:10:32+00:00\",\"author\":{\"@id\":\"https:\\\/\\\/www.altominho.tv\\\/site\\\/#\\\/schema\\\/person\\\/d9be4265364723f14ea8e0d56a1d38cd\"},\"breadcrumb\":{\"@id\":\"https:\\\/\\\/www.altominho.tv\\\/site\\\/2019\\\/01\\\/28\\\/moncao-rejeita-11-diplomas-de-descentralizacao-de-competencias-para-2019\\\/#breadcrumb\"},\"inLanguage\":\"pt-PT\",\"potentialAction\":[{\"@type\":\"ReadAction\",\"target\":[\"https:\\\/\\\/www.altominho.tv\\\/site\\\/2019\\\/01\\\/28\\\/moncao-rejeita-11-diplomas-de-descentralizacao-de-competencias-para-2019\\\/\"]}]},{\"@type\":\"ImageObject\",\"inLanguage\":\"pt-PT\",\"@id\":\"https:\\\/\\\/www.altominho.tv\\\/site\\\/2019\\\/01\\\/28\\\/moncao-rejeita-11-diplomas-de-descentralizacao-de-competencias-para-2019\\\/#primaryimage\",\"url\":\"https:\\\/\\\/www.altominho.tv\\\/site\\\/wp-content\\\/uploads\\\/2019\\\/01\\\/Captura-de-ecra\u0303-2019-01-28-a\u0300s-11.50.25-copy.jpg\",\"contentUrl\":\"https:\\\/\\\/www.altominho.tv\\\/site\\\/wp-content\\\/uploads\\\/2019\\\/01\\\/Captura-de-ecra\u0303-2019-01-28-a\u0300s-11.50.25-copy.jpg\",\"width\":1277,\"height\":674},{\"@type\":\"BreadcrumbList\",\"@id\":\"https:\\\/\\\/www.altominho.tv\\\/site\\\/2019\\\/01\\\/28\\\/moncao-rejeita-11-diplomas-de-descentralizacao-de-competencias-para-2019\\\/#breadcrumb\",\"itemListElement\":[{\"@type\":\"ListItem\",\"position\":1,\"name\":\"In\u00edcio\",\"item\":\"https:\\\/\\\/www.altominho.tv\\\/site\\\/\"},{\"@type\":\"ListItem\",\"position\":2,\"name\":\"Mon\u00e7\u00e3o rejeita 11 diplomas de descentraliza\u00e7\u00e3o de compet\u00eancias para 2019\"}]},{\"@type\":\"WebSite\",\"@id\":\"https:\\\/\\\/www.altominho.tv\\\/site\\\/#website\",\"url\":\"https:\\\/\\\/www.altominho.tv\\\/site\\\/\",\"name\":\"Altominho.tv\",\"description\":\"A sua regi\u00e3o \u00e0 dist\u00e2ncia de um clique...\",\"potentialAction\":[{\"@type\":\"SearchAction\",\"target\":{\"@type\":\"EntryPoint\",\"urlTemplate\":\"https:\\\/\\\/www.altominho.tv\\\/site\\\/?s={search_term_string}\"},\"query-input\":{\"@type\":\"PropertyValueSpecification\",\"valueRequired\":true,\"valueName\":\"search_term_string\"}}],\"inLanguage\":\"pt-PT\"},{\"@type\":\"Person\",\"@id\":\"https:\\\/\\\/www.altominho.tv\\\/site\\\/#\\\/schema\\\/person\\\/d9be4265364723f14ea8e0d56a1d38cd\",\"name\":\"Andreia Ferreira\",\"image\":{\"@type\":\"ImageObject\",\"inLanguage\":\"pt-PT\",\"@id\":\"https:\\\/\\\/www.altominho.tv\\\/site\\\/wp-content\\\/uploads\\\/2021\\\/01\\\/AndreiaFerreira-150x150.jpg\",\"url\":\"https:\\\/\\\/www.altominho.tv\\\/site\\\/wp-content\\\/uploads\\\/2021\\\/01\\\/AndreiaFerreira-150x150.jpg\",\"contentUrl\":\"https:\\\/\\\/www.altominho.tv\\\/site\\\/wp-content\\\/uploads\\\/2021\\\/01\\\/AndreiaFerreira-150x150.jpg\",\"caption\":\"Andreia Ferreira\"},\"url\":\"https:\\\/\\\/www.altominho.tv\\\/site\\\/author\\\/andreiaferreira\\\/\"}]}<\/script>\n<!-- \/ Yoast SEO Premium plugin. -->","yoast_head_json":{"title":"Mon\u00e7\u00e3o rejeita 11 diplomas de descentraliza\u00e7\u00e3o de compet\u00eancias para 2019","robots":{"index":"index","follow":"follow","max-snippet":"max-snippet:-1","max-image-preview":"max-image-preview:large","max-video-preview":"max-video-preview:-1"},"canonical":"https:\/\/www.altominho.tv\/site\/2019\/01\/28\/moncao-rejeita-11-diplomas-de-descentralizacao-de-competencias-para-2019\/","og_locale":"pt_PT","og_type":"article","og_title":"Mon\u00e7\u00e3o rejeita 11 diplomas de descentraliza\u00e7\u00e3o de compet\u00eancias para 2019","og_description":"A assembleia municipal de Mon\u00e7\u00e3o ratificou a proposta da maioria PSD na c\u00e2mara que rejeitou os 11 diplomas de descentraliza\u00e7\u00e3o de compet\u00eancias para 2019, por entender &#8220;n\u00e3o ser poss\u00edvel identificar as miss\u00f5es a cumprir e as implica\u00e7\u00f5es financeiras&#8221;. &#8220;Com o tempo e dados dispon\u00edveis, n\u00e3o \u00e9 poss\u00edvel identificar e determinar, de uma forma s\u00e9ria e [&hellip;]","og_url":"https:\/\/www.altominho.tv\/site\/2019\/01\/28\/moncao-rejeita-11-diplomas-de-descentralizacao-de-competencias-para-2019\/","og_site_name":"Altominho.tv","article_publisher":"https:\/\/www.facebook.com\/altominhotv","article_published_time":"2019-01-28T12:10:32+00:00","og_image":[{"width":1277,"height":674,"url":"https:\/\/www.altominho.tv\/site\/wp-content\/uploads\/2019\/01\/Captura-de-ecra\u0303-2019-01-28-a\u0300s-11.50.25-copy.jpg","type":"image\/jpeg"}],"author":"Andreia Ferreira","twitter_card":"summary_large_image","twitter_creator":"@altominhoTV","twitter_site":"@altominhoTV","twitter_misc":{"Escrito por":"Andreia Ferreira","Tempo estimado de leitura":"3 minutos"},"schema":{"@context":"https:\/\/schema.org","@graph":[{"@type":"Article","@id":"https:\/\/www.altominho.tv\/site\/2019\/01\/28\/moncao-rejeita-11-diplomas-de-descentralizacao-de-competencias-para-2019\/#article","isPartOf":{"@id":"https:\/\/www.altominho.tv\/site\/2019\/01\/28\/moncao-rejeita-11-diplomas-de-descentralizacao-de-competencias-para-2019\/"},"author":{"name":"Andreia Ferreira","@id":"https:\/\/www.altominho.tv\/site\/#\/schema\/person\/d9be4265364723f14ea8e0d56a1d38cd"},"headline":"Mon\u00e7\u00e3o rejeita 11 diplomas de descentraliza\u00e7\u00e3o de compet\u00eancias para 2019","datePublished":"2019-01-28T12:10:32+00:00","mainEntityOfPage":{"@id":"https:\/\/www.altominho.tv\/site\/2019\/01\/28\/moncao-rejeita-11-diplomas-de-descentralizacao-de-competencias-para-2019\/"},"wordCount":511,"image":{"@id":"https:\/\/www.altominho.tv\/site\/2019\/01\/28\/moncao-rejeita-11-diplomas-de-descentralizacao-de-competencias-para-2019\/#primaryimage"},"thumbnailUrl":"https:\/\/www.altominho.tv\/site\/wp-content\/uploads\/2019\/01\/Captura-de-ecra\u0303-2019-01-28-a\u0300s-11.50.25-copy.jpg","keywords":["Sociedade"],"articleSection":["Mon\u00e7\u00e3o"],"inLanguage":"pt-PT","copyrightYear":"2019","copyrightHolder":{"@id":"https:\/\/www.altominho.tv\/site\/#organization"}},{"@type":"WebPage","@id":"https:\/\/www.altominho.tv\/site\/2019\/01\/28\/moncao-rejeita-11-diplomas-de-descentralizacao-de-competencias-para-2019\/","url":"https:\/\/www.altominho.tv\/site\/2019\/01\/28\/moncao-rejeita-11-diplomas-de-descentralizacao-de-competencias-para-2019\/","name":"Mon\u00e7\u00e3o rejeita 11 diplomas de descentraliza\u00e7\u00e3o de compet\u00eancias para 2019","isPartOf":{"@id":"https:\/\/www.altominho.tv\/site\/#website"},"primaryImageOfPage":{"@id":"https:\/\/www.altominho.tv\/site\/2019\/01\/28\/moncao-rejeita-11-diplomas-de-descentralizacao-de-competencias-para-2019\/#primaryimage"},"image":{"@id":"https:\/\/www.altominho.tv\/site\/2019\/01\/28\/moncao-rejeita-11-diplomas-de-descentralizacao-de-competencias-para-2019\/#primaryimage"},"thumbnailUrl":"https:\/\/www.altominho.tv\/site\/wp-content\/uploads\/2019\/01\/Captura-de-ecra\u0303-2019-01-28-a\u0300s-11.50.25-copy.jpg","datePublished":"2019-01-28T12:10:32+00:00","author":{"@id":"https:\/\/www.altominho.tv\/site\/#\/schema\/person\/d9be4265364723f14ea8e0d56a1d38cd"},"breadcrumb":{"@id":"https:\/\/www.altominho.tv\/site\/2019\/01\/28\/moncao-rejeita-11-diplomas-de-descentralizacao-de-competencias-para-2019\/#breadcrumb"},"inLanguage":"pt-PT","potentialAction":[{"@type":"ReadAction","target":["https:\/\/www.altominho.tv\/site\/2019\/01\/28\/moncao-rejeita-11-diplomas-de-descentralizacao-de-competencias-para-2019\/"]}]},{"@type":"ImageObject","inLanguage":"pt-PT","@id":"https:\/\/www.altominho.tv\/site\/2019\/01\/28\/moncao-rejeita-11-diplomas-de-descentralizacao-de-competencias-para-2019\/#primaryimage","url":"https:\/\/www.altominho.tv\/site\/wp-content\/uploads\/2019\/01\/Captura-de-ecra\u0303-2019-01-28-a\u0300s-11.50.25-copy.jpg","contentUrl":"https:\/\/www.altominho.tv\/site\/wp-content\/uploads\/2019\/01\/Captura-de-ecra\u0303-2019-01-28-a\u0300s-11.50.25-copy.jpg","width":1277,"height":674},{"@type":"BreadcrumbList","@id":"https:\/\/www.altominho.tv\/site\/2019\/01\/28\/moncao-rejeita-11-diplomas-de-descentralizacao-de-competencias-para-2019\/#breadcrumb","itemListElement":[{"@type":"ListItem","position":1,"name":"In\u00edcio","item":"https:\/\/www.altominho.tv\/site\/"},{"@type":"ListItem","position":2,"name":"Mon\u00e7\u00e3o rejeita 11 diplomas de descentraliza\u00e7\u00e3o de compet\u00eancias para 2019"}]},{"@type":"WebSite","@id":"https:\/\/www.altominho.tv\/site\/#website","url":"https:\/\/www.altominho.tv\/site\/","name":"Altominho.tv","description":"A sua regi\u00e3o \u00e0 dist\u00e2ncia de um clique...","potentialAction":[{"@type":"SearchAction","target":{"@type":"EntryPoint","urlTemplate":"https:\/\/www.altominho.tv\/site\/?s={search_term_string}"},"query-input":{"@type":"PropertyValueSpecification","valueRequired":true,"valueName":"search_term_string"}}],"inLanguage":"pt-PT"},{"@type":"Person","@id":"https:\/\/www.altominho.tv\/site\/#\/schema\/person\/d9be4265364723f14ea8e0d56a1d38cd","name":"Andreia Ferreira","image":{"@type":"ImageObject","inLanguage":"pt-PT","@id":"https:\/\/www.altominho.tv\/site\/wp-content\/uploads\/2021\/01\/AndreiaFerreira-150x150.jpg","url":"https:\/\/www.altominho.tv\/site\/wp-content\/uploads\/2021\/01\/AndreiaFerreira-150x150.jpg","contentUrl":"https:\/\/www.altominho.tv\/site\/wp-content\/uploads\/2021\/01\/AndreiaFerreira-150x150.jpg","caption":"Andreia Ferreira"},"url":"https:\/\/www.altominho.tv\/site\/author\/andreiaferreira\/"}]}},"_links":{"self":[{"href":"https:\/\/www.altominho.tv\/site\/wp-json\/wp\/v2\/posts\/23160","targetHints":{"allow":["GET"]}}],"collection":[{"href":"https:\/\/www.altominho.tv\/site\/wp-json\/wp\/v2\/posts"}],"about":[{"href":"https:\/\/www.altominho.tv\/site\/wp-json\/wp\/v2\/types\/post"}],"author":[{"embeddable":true,"href":"https:\/\/www.altominho.tv\/site\/wp-json\/wp\/v2\/users\/12"}],"replies":[{"embeddable":true,"href":"https:\/\/www.altominho.tv\/site\/wp-json\/wp\/v2\/comments?post=23160"}],"version-history":[{"count":0,"href":"https:\/\/www.altominho.tv\/site\/wp-json\/wp\/v2\/posts\/23160\/revisions"}],"wp:featuredmedia":[{"embeddable":true,"href":"https:\/\/www.altominho.tv\/site\/wp-json\/wp\/v2\/media\/23164"}],"wp:attachment":[{"href":"https:\/\/www.altominho.tv\/site\/wp-json\/wp\/v2\/media?parent=23160"}],"wp:term":[{"taxonomy":"category","embeddable":true,"href":"https:\/\/www.altominho.tv\/site\/wp-json\/wp\/v2\/categories?post=23160"},{"taxonomy":"post_tag","embeddable":true,"href":"https:\/\/www.altominho.tv\/site\/wp-json\/wp\/v2\/tags?post=23160"}],"curies":[{"name":"wp","href":"https:\/\/api.w.org\/{rel}","templated":true}]}}