{"id":21828,"date":"2018-12-17T17:01:27","date_gmt":"2018-12-17T17:01:27","guid":{"rendered":"http:\/\/www.altominho.tv\/site\/?p=21828"},"modified":"2018-12-17T17:01:27","modified_gmt":"2018-12-17T17:01:27","slug":"municipio-de-cerveira-distinguido-com-premio-excelencia-energetico-ambiental-no-alto-minho","status":"publish","type":"post","link":"https:\/\/www.altominho.tv\/site\/2018\/12\/17\/municipio-de-cerveira-distinguido-com-premio-excelencia-energetico-ambiental-no-alto-minho\/","title":{"rendered":"Munic\u00edpio de Cerveira distinguido com pr\u00e9mio &#8220;Excel\u00eancia Energ\u00e9tico-Ambiental no Alto Minho&#8221;"},"content":{"rendered":"<p>O munic\u00edpio de Vila Nova de Cerveira recebeu, esta segunda-feira, o galard\u00e3o do primeiro lugar na categoria \u2018Efici\u00eancia Energ\u00e9tica e Renov\u00e1veis no setor p\u00fablico\u2019,\u00a0juntamente com o munic\u00edpio de Ponte da Barca, no \u00e2mbito da edi\u00e7\u00e3o 2016 do Pr\u00e9mio \u201cExcel\u00eancia Energ\u00e9tico-Ambiental no Alto Minho\u201d.<\/p>\n<p>Entre as quatro categorias \u2013 \u2018Efici\u00eancia Energ\u00e9tica e Renov\u00e1veis no setor p\u00fablico\u2019, \u2018Efici\u00eancia Energ\u00e9tica e Renov\u00e1veis no setor privado\u2019, \u2018Sensibiliza\u00e7\u00e3o Energ\u00e9tico-Ambiental\u2019 e \u2018Mobilidade Sustent\u00e1vel\u2019 \u2013 Vila Nova de Cerveira apresentou candidatura \u00e0 primeira, com a empreitada de valoriza\u00e7\u00e3o da ilumina\u00e7\u00e3o p\u00fablica atrav\u00e9s da tecnologia LED.\u00a0A autarquia procedeu \u00e0 substitui\u00e7\u00e3o das lumin\u00e1rias incandescentes existentes no Terreiro que, para al\u00e9m de instalar mais pontos de luz, permitiu reduzir significativamente a fatura energ\u00e9tica.<\/p>\n<p>O presidente da C\u00e2mara de Vila Nova de Cerveira, Fernando Nogueira,\u00a0presente na cerim\u00f3nia de entrega do pr\u00e9mio, que decorreu esta manh\u00e3 em Ponte de Lima, adiantou que \u201co objetivo \u00e9 continuar a ampliar esta a\u00e7\u00e3o a todo o concelho recorrendo \u00e0s verbas disponibilizadas pelo Portugal 2020 para a efici\u00eancia energ\u00e9tica\u201d.<\/p>\n<p>Este pr\u00e9mio, uma iniciativa dinamizada pela AREA Alto Minho \u2013 Ag\u00eancia Regional de Energia e Ambiente do Alto Minho, pretende &#8220;reconhecer um conjunto de organiza\u00e7\u00f5es, p\u00fablicas e privadas, que se destaquem pelos resultados obtidos na execu\u00e7\u00e3o de projetos ou a\u00e7\u00f5es que promovam o desenvolvimento sustent\u00e1vel do Alto Minho atrav\u00e9s da ado\u00e7\u00e3o de boas-pr\u00e1ticas energ\u00e9tico-ambientais&#8221;.<\/p>\n","protected":false},"excerpt":{"rendered":"<p>O munic\u00edpio de Vila Nova de Cerveira recebeu, esta segunda-feira, o galard\u00e3o do primeiro lugar na categoria \u2018Efici\u00eancia Energ\u00e9tica e Renov\u00e1veis no setor p\u00fablico\u2019,\u00a0juntamente com o munic\u00edpio de Ponte da Barca, no \u00e2mbito da edi\u00e7\u00e3o 2016 do Pr\u00e9mio \u201cExcel\u00eancia Energ\u00e9tico-Ambiental no Alto Minho\u201d. Entre as quatro categorias \u2013 \u2018Efici\u00eancia Energ\u00e9tica e Renov\u00e1veis no setor p\u00fablico\u2019, [&hellip;]<\/p>\n","protected":false},"author":12,"featured_media":21829,"comment_status":"closed","ping_status":"closed","sticky":false,"template":"","format":"standard","meta":{"_exactmetrics_skip_tracking":false,"_exactmetrics_sitenote_active":false,"_exactmetrics_sitenote_note":"","_exactmetrics_sitenote_category":0,"footnotes":""},"categories":[15],"tags":[27],"class_list":["post-21828","post","type-post","status-publish","format-standard","has-post-thumbnail","hentry","category-vila-nova-de-cerveira","tag-sociedade"],"yoast_head":"<!-- This site is optimized with the Yoast SEO Premium plugin v27.5 (Yoast SEO v27.5) - https:\/\/yoast.com\/product\/yoast-seo-premium-wordpress\/ -->\n<title>Munic\u00edpio de Cerveira distinguido com pr\u00e9mio &quot;Excel\u00eancia Energ\u00e9tico-Ambiental no Alto Minho&quot;<\/title>\n<meta name=\"robots\" content=\"index, follow, max-snippet:-1, max-image-preview:large, max-video-preview:-1\" \/>\n<link rel=\"canonical\" href=\"https:\/\/www.altominho.tv\/site\/2018\/12\/17\/municipio-de-cerveira-distinguido-com-premio-excelencia-energetico-ambiental-no-alto-minho\/\" \/>\n<meta property=\"og:locale\" content=\"pt_PT\" \/>\n<meta property=\"og:type\" content=\"article\" \/>\n<meta property=\"og:title\" content=\"Munic\u00edpio de Cerveira distinguido com pr\u00e9mio &quot;Excel\u00eancia Energ\u00e9tico-Ambiental no Alto Minho&quot;\" \/>\n<meta property=\"og:description\" content=\"O munic\u00edpio de Vila Nova de Cerveira recebeu, esta segunda-feira, o galard\u00e3o do primeiro lugar na categoria \u2018Efici\u00eancia Energ\u00e9tica e Renov\u00e1veis no setor p\u00fablico\u2019,\u00a0juntamente com o munic\u00edpio de Ponte da Barca, no \u00e2mbito da edi\u00e7\u00e3o 2016 do Pr\u00e9mio \u201cExcel\u00eancia Energ\u00e9tico-Ambiental no Alto Minho\u201d. Entre as quatro categorias \u2013 \u2018Efici\u00eancia Energ\u00e9tica e Renov\u00e1veis no setor p\u00fablico\u2019, [&hellip;]\" \/>\n<meta property=\"og:url\" content=\"https:\/\/www.altominho.tv\/site\/2018\/12\/17\/municipio-de-cerveira-distinguido-com-premio-excelencia-energetico-ambiental-no-alto-minho\/\" \/>\n<meta property=\"og:site_name\" content=\"Altominho.tv\" \/>\n<meta property=\"article:publisher\" content=\"https:\/\/www.facebook.com\/altominhotv\" \/>\n<meta property=\"article:published_time\" content=\"2018-12-17T17:01:27+00:00\" \/>\n<meta property=\"og:image\" content=\"https:\/\/www.altominho.tv\/site\/wp-content\/uploads\/2018\/12\/Pre\u0301mio-Cerveira.jpg\" \/>\n\t<meta property=\"og:image:width\" content=\"4392\" \/>\n\t<meta property=\"og:image:height\" content=\"2786\" \/>\n\t<meta property=\"og:image:type\" content=\"image\/jpeg\" \/>\n<meta name=\"author\" content=\"Andreia Ferreira\" \/>\n<meta name=\"twitter:card\" content=\"summary_large_image\" \/>\n<meta name=\"twitter:creator\" content=\"@altominhoTV\" \/>\n<meta name=\"twitter:site\" content=\"@altominhoTV\" \/>\n<meta name=\"twitter:label1\" content=\"Escrito por\" \/>\n\t<meta name=\"twitter:data1\" content=\"Andreia Ferreira\" \/>\n\t<meta name=\"twitter:label2\" content=\"Tempo estimado de leitura\" \/>\n\t<meta name=\"twitter:data2\" content=\"1 minuto\" \/>\n<script type=\"application\/ld+json\" class=\"yoast-schema-graph\">{\"@context\":\"https:\\\/\\\/schema.org\",\"@graph\":[{\"@type\":\"Article\",\"@id\":\"https:\\\/\\\/www.altominho.tv\\\/site\\\/2018\\\/12\\\/17\\\/municipio-de-cerveira-distinguido-com-premio-excelencia-energetico-ambiental-no-alto-minho\\\/#article\",\"isPartOf\":{\"@id\":\"https:\\\/\\\/www.altominho.tv\\\/site\\\/2018\\\/12\\\/17\\\/municipio-de-cerveira-distinguido-com-premio-excelencia-energetico-ambiental-no-alto-minho\\\/\"},\"author\":{\"name\":\"Andreia Ferreira\",\"@id\":\"https:\\\/\\\/www.altominho.tv\\\/site\\\/#\\\/schema\\\/person\\\/d9be4265364723f14ea8e0d56a1d38cd\"},\"headline\":\"Munic\u00edpio de Cerveira distinguido com pr\u00e9mio &#8220;Excel\u00eancia Energ\u00e9tico-Ambiental no Alto Minho&#8221;\",\"datePublished\":\"2018-12-17T17:01:27+00:00\",\"mainEntityOfPage\":{\"@id\":\"https:\\\/\\\/www.altominho.tv\\\/site\\\/2018\\\/12\\\/17\\\/municipio-de-cerveira-distinguido-com-premio-excelencia-energetico-ambiental-no-alto-minho\\\/\"},\"wordCount\":273,\"image\":{\"@id\":\"https:\\\/\\\/www.altominho.tv\\\/site\\\/2018\\\/12\\\/17\\\/municipio-de-cerveira-distinguido-com-premio-excelencia-energetico-ambiental-no-alto-minho\\\/#primaryimage\"},\"thumbnailUrl\":\"https:\\\/\\\/www.altominho.tv\\\/site\\\/wp-content\\\/uploads\\\/2018\\\/12\\\/Pre\u0301mio-Cerveira.jpg\",\"keywords\":[\"Sociedade\"],\"articleSection\":[\"Vila Nova de Cerveira\"],\"inLanguage\":\"pt-PT\",\"copyrightYear\":\"2018\",\"copyrightHolder\":{\"@id\":\"https:\\\/\\\/www.altominho.tv\\\/site\\\/#organization\"}},{\"@type\":\"WebPage\",\"@id\":\"https:\\\/\\\/www.altominho.tv\\\/site\\\/2018\\\/12\\\/17\\\/municipio-de-cerveira-distinguido-com-premio-excelencia-energetico-ambiental-no-alto-minho\\\/\",\"url\":\"https:\\\/\\\/www.altominho.tv\\\/site\\\/2018\\\/12\\\/17\\\/municipio-de-cerveira-distinguido-com-premio-excelencia-energetico-ambiental-no-alto-minho\\\/\",\"name\":\"Munic\u00edpio de Cerveira distinguido com pr\u00e9mio \\\"Excel\u00eancia Energ\u00e9tico-Ambiental no Alto Minho\\\"\",\"isPartOf\":{\"@id\":\"https:\\\/\\\/www.altominho.tv\\\/site\\\/#website\"},\"primaryImageOfPage\":{\"@id\":\"https:\\\/\\\/www.altominho.tv\\\/site\\\/2018\\\/12\\\/17\\\/municipio-de-cerveira-distinguido-com-premio-excelencia-energetico-ambiental-no-alto-minho\\\/#primaryimage\"},\"image\":{\"@id\":\"https:\\\/\\\/www.altominho.tv\\\/site\\\/2018\\\/12\\\/17\\\/municipio-de-cerveira-distinguido-com-premio-excelencia-energetico-ambiental-no-alto-minho\\\/#primaryimage\"},\"thumbnailUrl\":\"https:\\\/\\\/www.altominho.tv\\\/site\\\/wp-content\\\/uploads\\\/2018\\\/12\\\/Pre\u0301mio-Cerveira.jpg\",\"datePublished\":\"2018-12-17T17:01:27+00:00\",\"author\":{\"@id\":\"https:\\\/\\\/www.altominho.tv\\\/site\\\/#\\\/schema\\\/person\\\/d9be4265364723f14ea8e0d56a1d38cd\"},\"breadcrumb\":{\"@id\":\"https:\\\/\\\/www.altominho.tv\\\/site\\\/2018\\\/12\\\/17\\\/municipio-de-cerveira-distinguido-com-premio-excelencia-energetico-ambiental-no-alto-minho\\\/#breadcrumb\"},\"inLanguage\":\"pt-PT\",\"potentialAction\":[{\"@type\":\"ReadAction\",\"target\":[\"https:\\\/\\\/www.altominho.tv\\\/site\\\/2018\\\/12\\\/17\\\/municipio-de-cerveira-distinguido-com-premio-excelencia-energetico-ambiental-no-alto-minho\\\/\"]}]},{\"@type\":\"ImageObject\",\"inLanguage\":\"pt-PT\",\"@id\":\"https:\\\/\\\/www.altominho.tv\\\/site\\\/2018\\\/12\\\/17\\\/municipio-de-cerveira-distinguido-com-premio-excelencia-energetico-ambiental-no-alto-minho\\\/#primaryimage\",\"url\":\"https:\\\/\\\/www.altominho.tv\\\/site\\\/wp-content\\\/uploads\\\/2018\\\/12\\\/Pre\u0301mio-Cerveira.jpg\",\"contentUrl\":\"https:\\\/\\\/www.altominho.tv\\\/site\\\/wp-content\\\/uploads\\\/2018\\\/12\\\/Pre\u0301mio-Cerveira.jpg\",\"width\":4392,\"height\":2786},{\"@type\":\"BreadcrumbList\",\"@id\":\"https:\\\/\\\/www.altominho.tv\\\/site\\\/2018\\\/12\\\/17\\\/municipio-de-cerveira-distinguido-com-premio-excelencia-energetico-ambiental-no-alto-minho\\\/#breadcrumb\",\"itemListElement\":[{\"@type\":\"ListItem\",\"position\":1,\"name\":\"In\u00edcio\",\"item\":\"https:\\\/\\\/www.altominho.tv\\\/site\\\/\"},{\"@type\":\"ListItem\",\"position\":2,\"name\":\"Munic\u00edpio de Cerveira distinguido com pr\u00e9mio &#8220;Excel\u00eancia Energ\u00e9tico-Ambiental no Alto Minho&#8221;\"}]},{\"@type\":\"WebSite\",\"@id\":\"https:\\\/\\\/www.altominho.tv\\\/site\\\/#website\",\"url\":\"https:\\\/\\\/www.altominho.tv\\\/site\\\/\",\"name\":\"Altominho.tv\",\"description\":\"A sua regi\u00e3o \u00e0 dist\u00e2ncia de um clique...\",\"potentialAction\":[{\"@type\":\"SearchAction\",\"target\":{\"@type\":\"EntryPoint\",\"urlTemplate\":\"https:\\\/\\\/www.altominho.tv\\\/site\\\/?s={search_term_string}\"},\"query-input\":{\"@type\":\"PropertyValueSpecification\",\"valueRequired\":true,\"valueName\":\"search_term_string\"}}],\"inLanguage\":\"pt-PT\"},{\"@type\":\"Person\",\"@id\":\"https:\\\/\\\/www.altominho.tv\\\/site\\\/#\\\/schema\\\/person\\\/d9be4265364723f14ea8e0d56a1d38cd\",\"name\":\"Andreia Ferreira\",\"image\":{\"@type\":\"ImageObject\",\"inLanguage\":\"pt-PT\",\"@id\":\"https:\\\/\\\/www.altominho.tv\\\/site\\\/wp-content\\\/uploads\\\/2021\\\/01\\\/AndreiaFerreira-150x150.jpg\",\"url\":\"https:\\\/\\\/www.altominho.tv\\\/site\\\/wp-content\\\/uploads\\\/2021\\\/01\\\/AndreiaFerreira-150x150.jpg\",\"contentUrl\":\"https:\\\/\\\/www.altominho.tv\\\/site\\\/wp-content\\\/uploads\\\/2021\\\/01\\\/AndreiaFerreira-150x150.jpg\",\"caption\":\"Andreia Ferreira\"},\"url\":\"https:\\\/\\\/www.altominho.tv\\\/site\\\/author\\\/andreiaferreira\\\/\"}]}<\/script>\n<!-- \/ Yoast SEO Premium plugin. -->","yoast_head_json":{"title":"Munic\u00edpio de Cerveira distinguido com pr\u00e9mio \"Excel\u00eancia Energ\u00e9tico-Ambiental no Alto Minho\"","robots":{"index":"index","follow":"follow","max-snippet":"max-snippet:-1","max-image-preview":"max-image-preview:large","max-video-preview":"max-video-preview:-1"},"canonical":"https:\/\/www.altominho.tv\/site\/2018\/12\/17\/municipio-de-cerveira-distinguido-com-premio-excelencia-energetico-ambiental-no-alto-minho\/","og_locale":"pt_PT","og_type":"article","og_title":"Munic\u00edpio de Cerveira distinguido com pr\u00e9mio \"Excel\u00eancia Energ\u00e9tico-Ambiental no Alto Minho\"","og_description":"O munic\u00edpio de Vila Nova de Cerveira recebeu, esta segunda-feira, o galard\u00e3o do primeiro lugar na categoria \u2018Efici\u00eancia Energ\u00e9tica e Renov\u00e1veis no setor p\u00fablico\u2019,\u00a0juntamente com o munic\u00edpio de Ponte da Barca, no \u00e2mbito da edi\u00e7\u00e3o 2016 do Pr\u00e9mio \u201cExcel\u00eancia Energ\u00e9tico-Ambiental no Alto Minho\u201d. Entre as quatro categorias \u2013 \u2018Efici\u00eancia Energ\u00e9tica e Renov\u00e1veis no setor p\u00fablico\u2019, [&hellip;]","og_url":"https:\/\/www.altominho.tv\/site\/2018\/12\/17\/municipio-de-cerveira-distinguido-com-premio-excelencia-energetico-ambiental-no-alto-minho\/","og_site_name":"Altominho.tv","article_publisher":"https:\/\/www.facebook.com\/altominhotv","article_published_time":"2018-12-17T17:01:27+00:00","og_image":[{"width":4392,"height":2786,"url":"https:\/\/www.altominho.tv\/site\/wp-content\/uploads\/2018\/12\/Pre\u0301mio-Cerveira.jpg","type":"image\/jpeg"}],"author":"Andreia Ferreira","twitter_card":"summary_large_image","twitter_creator":"@altominhoTV","twitter_site":"@altominhoTV","twitter_misc":{"Escrito por":"Andreia Ferreira","Tempo estimado de leitura":"1 minuto"},"schema":{"@context":"https:\/\/schema.org","@graph":[{"@type":"Article","@id":"https:\/\/www.altominho.tv\/site\/2018\/12\/17\/municipio-de-cerveira-distinguido-com-premio-excelencia-energetico-ambiental-no-alto-minho\/#article","isPartOf":{"@id":"https:\/\/www.altominho.tv\/site\/2018\/12\/17\/municipio-de-cerveira-distinguido-com-premio-excelencia-energetico-ambiental-no-alto-minho\/"},"author":{"name":"Andreia Ferreira","@id":"https:\/\/www.altominho.tv\/site\/#\/schema\/person\/d9be4265364723f14ea8e0d56a1d38cd"},"headline":"Munic\u00edpio de Cerveira distinguido com pr\u00e9mio &#8220;Excel\u00eancia Energ\u00e9tico-Ambiental no Alto Minho&#8221;","datePublished":"2018-12-17T17:01:27+00:00","mainEntityOfPage":{"@id":"https:\/\/www.altominho.tv\/site\/2018\/12\/17\/municipio-de-cerveira-distinguido-com-premio-excelencia-energetico-ambiental-no-alto-minho\/"},"wordCount":273,"image":{"@id":"https:\/\/www.altominho.tv\/site\/2018\/12\/17\/municipio-de-cerveira-distinguido-com-premio-excelencia-energetico-ambiental-no-alto-minho\/#primaryimage"},"thumbnailUrl":"https:\/\/www.altominho.tv\/site\/wp-content\/uploads\/2018\/12\/Pre\u0301mio-Cerveira.jpg","keywords":["Sociedade"],"articleSection":["Vila Nova de Cerveira"],"inLanguage":"pt-PT","copyrightYear":"2018","copyrightHolder":{"@id":"https:\/\/www.altominho.tv\/site\/#organization"}},{"@type":"WebPage","@id":"https:\/\/www.altominho.tv\/site\/2018\/12\/17\/municipio-de-cerveira-distinguido-com-premio-excelencia-energetico-ambiental-no-alto-minho\/","url":"https:\/\/www.altominho.tv\/site\/2018\/12\/17\/municipio-de-cerveira-distinguido-com-premio-excelencia-energetico-ambiental-no-alto-minho\/","name":"Munic\u00edpio de Cerveira distinguido com pr\u00e9mio \"Excel\u00eancia Energ\u00e9tico-Ambiental no Alto Minho\"","isPartOf":{"@id":"https:\/\/www.altominho.tv\/site\/#website"},"primaryImageOfPage":{"@id":"https:\/\/www.altominho.tv\/site\/2018\/12\/17\/municipio-de-cerveira-distinguido-com-premio-excelencia-energetico-ambiental-no-alto-minho\/#primaryimage"},"image":{"@id":"https:\/\/www.altominho.tv\/site\/2018\/12\/17\/municipio-de-cerveira-distinguido-com-premio-excelencia-energetico-ambiental-no-alto-minho\/#primaryimage"},"thumbnailUrl":"https:\/\/www.altominho.tv\/site\/wp-content\/uploads\/2018\/12\/Pre\u0301mio-Cerveira.jpg","datePublished":"2018-12-17T17:01:27+00:00","author":{"@id":"https:\/\/www.altominho.tv\/site\/#\/schema\/person\/d9be4265364723f14ea8e0d56a1d38cd"},"breadcrumb":{"@id":"https:\/\/www.altominho.tv\/site\/2018\/12\/17\/municipio-de-cerveira-distinguido-com-premio-excelencia-energetico-ambiental-no-alto-minho\/#breadcrumb"},"inLanguage":"pt-PT","potentialAction":[{"@type":"ReadAction","target":["https:\/\/www.altominho.tv\/site\/2018\/12\/17\/municipio-de-cerveira-distinguido-com-premio-excelencia-energetico-ambiental-no-alto-minho\/"]}]},{"@type":"ImageObject","inLanguage":"pt-PT","@id":"https:\/\/www.altominho.tv\/site\/2018\/12\/17\/municipio-de-cerveira-distinguido-com-premio-excelencia-energetico-ambiental-no-alto-minho\/#primaryimage","url":"https:\/\/www.altominho.tv\/site\/wp-content\/uploads\/2018\/12\/Pre\u0301mio-Cerveira.jpg","contentUrl":"https:\/\/www.altominho.tv\/site\/wp-content\/uploads\/2018\/12\/Pre\u0301mio-Cerveira.jpg","width":4392,"height":2786},{"@type":"BreadcrumbList","@id":"https:\/\/www.altominho.tv\/site\/2018\/12\/17\/municipio-de-cerveira-distinguido-com-premio-excelencia-energetico-ambiental-no-alto-minho\/#breadcrumb","itemListElement":[{"@type":"ListItem","position":1,"name":"In\u00edcio","item":"https:\/\/www.altominho.tv\/site\/"},{"@type":"ListItem","position":2,"name":"Munic\u00edpio de Cerveira distinguido com pr\u00e9mio &#8220;Excel\u00eancia Energ\u00e9tico-Ambiental no Alto Minho&#8221;"}]},{"@type":"WebSite","@id":"https:\/\/www.altominho.tv\/site\/#website","url":"https:\/\/www.altominho.tv\/site\/","name":"Altominho.tv","description":"A sua regi\u00e3o \u00e0 dist\u00e2ncia de um clique...","potentialAction":[{"@type":"SearchAction","target":{"@type":"EntryPoint","urlTemplate":"https:\/\/www.altominho.tv\/site\/?s={search_term_string}"},"query-input":{"@type":"PropertyValueSpecification","valueRequired":true,"valueName":"search_term_string"}}],"inLanguage":"pt-PT"},{"@type":"Person","@id":"https:\/\/www.altominho.tv\/site\/#\/schema\/person\/d9be4265364723f14ea8e0d56a1d38cd","name":"Andreia Ferreira","image":{"@type":"ImageObject","inLanguage":"pt-PT","@id":"https:\/\/www.altominho.tv\/site\/wp-content\/uploads\/2021\/01\/AndreiaFerreira-150x150.jpg","url":"https:\/\/www.altominho.tv\/site\/wp-content\/uploads\/2021\/01\/AndreiaFerreira-150x150.jpg","contentUrl":"https:\/\/www.altominho.tv\/site\/wp-content\/uploads\/2021\/01\/AndreiaFerreira-150x150.jpg","caption":"Andreia Ferreira"},"url":"https:\/\/www.altominho.tv\/site\/author\/andreiaferreira\/"}]}},"_links":{"self":[{"href":"https:\/\/www.altominho.tv\/site\/wp-json\/wp\/v2\/posts\/21828","targetHints":{"allow":["GET"]}}],"collection":[{"href":"https:\/\/www.altominho.tv\/site\/wp-json\/wp\/v2\/posts"}],"about":[{"href":"https:\/\/www.altominho.tv\/site\/wp-json\/wp\/v2\/types\/post"}],"author":[{"embeddable":true,"href":"https:\/\/www.altominho.tv\/site\/wp-json\/wp\/v2\/users\/12"}],"replies":[{"embeddable":true,"href":"https:\/\/www.altominho.tv\/site\/wp-json\/wp\/v2\/comments?post=21828"}],"version-history":[{"count":0,"href":"https:\/\/www.altominho.tv\/site\/wp-json\/wp\/v2\/posts\/21828\/revisions"}],"wp:featuredmedia":[{"embeddable":true,"href":"https:\/\/www.altominho.tv\/site\/wp-json\/wp\/v2\/media\/21829"}],"wp:attachment":[{"href":"https:\/\/www.altominho.tv\/site\/wp-json\/wp\/v2\/media?parent=21828"}],"wp:term":[{"taxonomy":"category","embeddable":true,"href":"https:\/\/www.altominho.tv\/site\/wp-json\/wp\/v2\/categories?post=21828"},{"taxonomy":"post_tag","embeddable":true,"href":"https:\/\/www.altominho.tv\/site\/wp-json\/wp\/v2\/tags?post=21828"}],"curies":[{"name":"wp","href":"https:\/\/api.w.org\/{rel}","templated":true}]}}