{"id":20794,"date":"2018-11-19T12:19:12","date_gmt":"2018-11-19T12:19:12","guid":{"rendered":"http:\/\/www.altominho.tv\/site\/?p=20794"},"modified":"2018-11-19T12:19:12","modified_gmt":"2018-11-19T12:19:12","slug":"emparcelamento-agricola-reclamado-ha-decadas-incluido-no-orcamento-de-moncao-para-2019","status":"publish","type":"post","link":"https:\/\/www.altominho.tv\/site\/2018\/11\/19\/emparcelamento-agricola-reclamado-ha-decadas-incluido-no-orcamento-de-moncao-para-2019\/","title":{"rendered":"Emparcelamento agr\u00edcola reclamado h\u00e1 d\u00e9cadas inclu\u00eddo no or\u00e7amento de Mon\u00e7\u00e3o para 2019"},"content":{"rendered":"<p>O emparcelamento de Mon\u00e7\u00e3o, reclamado h\u00e1 d\u00e9cadas pelos agricultores locais, \u00e9 um dos projetos inclu\u00eddos no &#8220;maior&#8221; or\u00e7amento de sempre do concelho, no valor de 23,3 milh\u00f5es de euros.<\/p>\n<p>&#8220;O emparcelamento agr\u00edcola nas freguesias de Moreira, Barro\u00e7as e Taias, reclamado h\u00e1 muitos anos, vai finalmente avan\u00e7ar. O dinheiro est\u00e1 aprovado e o projeto a ser ultimado. O concurso p\u00fablico poder\u00e1 ser lan\u00e7ado antes do final do ano para que os trabalhos, no terreno, possam come\u00e7ar em 2019&#8221;, afirmou \u00e0\u00a0Lusa o presidente da C\u00e2mara, Ant\u00f3nio Barbosa.<\/p>\n<p>Segundo o autarca, o investimento naquele projeto, aprovado em Conselho de Ministros em novembro de 2016, \u00e9 superior a 4,3 milh\u00f5es de euros.<\/p>\n<p>&#8220;Os principais objetivos a concretizar com este emparcelamento s\u00e3o a introdu\u00e7\u00e3o de fatores de racionaliza\u00e7\u00e3o, valoriza\u00e7\u00e3o e competitividade agr\u00edcola, tendo como objetivo a promo\u00e7\u00e3o do ordenamento do espa\u00e7o rural, com o intuito de melhor aproveitar as potencialidades e recursos, com vista \u00e0 valoriza\u00e7\u00e3o da agricultura no espa\u00e7o rural&#8221;, referiu, na altura, o Conselho de Ministros.<\/p>\n<p>Em causa est\u00e1 um projeto para a reestrutura\u00e7\u00e3o e moderniza\u00e7\u00e3o, nomeadamente da produ\u00e7\u00e3o de vinho Alvarinho, atividade que envolve 2.000 produtores, com 67 empresas e 112 marcas diferentes.<\/p>\n<p>O projeto de ordenamento fundi\u00e1rio &#8220;envolve terrenos nas freguesias de Moreira e Barro\u00e7as e Taias, abrange 529 hectares, dos quais 127 de reconvers\u00e3o de vinha, 616 propriet\u00e1rios e 892 lotes&#8221;, sendo considerado &#8220;estruturante&#8221; para a reconvers\u00e3o agr\u00edcola e vin\u00edcola daquele concelho.<\/p>\n<p>Ant\u00f3nio Barbosa destacou ainda o investimento superior a tr\u00eas milh\u00f5es de euros na reabilita\u00e7\u00e3o urbana do casco hist\u00f3rico de Mon\u00e7\u00e3o e os mais de cinco milh\u00f5es de euros previstos para cinco projetos de saneamento b\u00e1sico e um de abastecimento de \u00e1gua a v\u00e1rias freguesias do concelho.<\/p>\n<p>O autarca referiu que o or\u00e7amento para 2019, no valor global de 23.336 milh\u00f5es de euros, &#8220;\u00e9 o maior de sempre no concelho&#8221;.<\/p>\n<p>&#8220;\u00c9 um documento realista, rigoroso e estruturante, focado no desenvolvimento econ\u00f3mico, cria\u00e7\u00e3o de riqueza e bem-estar de todos os mon\u00e7anenses&#8221;, refor\u00e7ou Ant\u00f3nio Barbosa, adiantando que o or\u00e7amento para o pr\u00f3ximo ano, apresentado &#8220;em Powerpoint, algo in\u00e9dito no concelho&#8221;, e aprovado em reuni\u00e3o camar\u00e1ria realizada na \u00faltima semana, prev\u00ea um &#8220;investimento total pr\u00f3ximo de dez milh\u00f5es de euros&#8221;.<\/p>\n<p>O documento, que ser\u00e1 submetido \u00e0 aprecia\u00e7\u00e3o e vota\u00e7\u00e3o da Assembleia Municipal na sexta-feira, pelas 21h00, foi rejeitado pelos vereadores do PS na autarquia, Augusto Domingues, Paulo Esteves e N\u00eddia Al\u00e9m.<\/p>\n<p>Em comunicado enviado \u00e0 imprensa, a bancada socialista justificou o sentido de voto com &#8220;o imposto da derrama municipal e os valores transferidos para freguesias&#8221;.<\/p>\n<p>&#8220;O voto contra explica-se por diferentes fatores. Antes de mais, \u00e9 preciso sublinhar o aumento das despesas com pessoal, fruto do crescimento exponencial das assessorias. Este voto contra prende-se ainda com a continuidade da derrama municipal e com o congelamento do valor das transfer\u00eancias de capital para as Freguesias de Mon\u00e7\u00e3o e Troviscoso e Mazedo e C\u00f4rtes&#8221;, sustentam os tr\u00eas vereadores socialistas.<\/p>\n","protected":false},"excerpt":{"rendered":"<p>O emparcelamento de Mon\u00e7\u00e3o, reclamado h\u00e1 d\u00e9cadas pelos agricultores locais, \u00e9 um dos projetos inclu\u00eddos no &#8220;maior&#8221; or\u00e7amento de sempre do concelho, no valor de 23,3 milh\u00f5es de euros. &#8220;O emparcelamento agr\u00edcola nas freguesias de Moreira, Barro\u00e7as e Taias, reclamado h\u00e1 muitos anos, vai finalmente avan\u00e7ar. O dinheiro est\u00e1 aprovado e o projeto a ser [&hellip;]<\/p>\n","protected":false},"author":12,"featured_media":20795,"comment_status":"closed","ping_status":"closed","sticky":false,"template":"","format":"standard","meta":{"_exactmetrics_skip_tracking":false,"_exactmetrics_sitenote_active":false,"_exactmetrics_sitenote_note":"","_exactmetrics_sitenote_category":0,"footnotes":""},"categories":[9],"tags":[21],"class_list":["post-20794","post","type-post","status-publish","format-standard","has-post-thumbnail","hentry","category-moncao","tag-economia"],"yoast_head":"<!-- This site is optimized with the Yoast SEO Premium plugin v27.5 (Yoast SEO v27.5) - https:\/\/yoast.com\/product\/yoast-seo-premium-wordpress\/ -->\n<title>Emparcelamento agr\u00edcola reclamado h\u00e1 d\u00e9cadas inclu\u00eddo no or\u00e7amento de Mon\u00e7\u00e3o para 2019<\/title>\n<meta name=\"robots\" content=\"index, follow, max-snippet:-1, max-image-preview:large, max-video-preview:-1\" \/>\n<link rel=\"canonical\" href=\"https:\/\/www.altominho.tv\/site\/2018\/11\/19\/emparcelamento-agricola-reclamado-ha-decadas-incluido-no-orcamento-de-moncao-para-2019\/\" \/>\n<meta property=\"og:locale\" content=\"pt_PT\" \/>\n<meta property=\"og:type\" content=\"article\" \/>\n<meta property=\"og:title\" content=\"Emparcelamento agr\u00edcola reclamado h\u00e1 d\u00e9cadas inclu\u00eddo no or\u00e7amento de Mon\u00e7\u00e3o para 2019\" \/>\n<meta property=\"og:description\" content=\"O emparcelamento de Mon\u00e7\u00e3o, reclamado h\u00e1 d\u00e9cadas pelos agricultores locais, \u00e9 um dos projetos inclu\u00eddos no &#8220;maior&#8221; or\u00e7amento de sempre do concelho, no valor de 23,3 milh\u00f5es de euros. &#8220;O emparcelamento agr\u00edcola nas freguesias de Moreira, Barro\u00e7as e Taias, reclamado h\u00e1 muitos anos, vai finalmente avan\u00e7ar. O dinheiro est\u00e1 aprovado e o projeto a ser [&hellip;]\" \/>\n<meta property=\"og:url\" content=\"https:\/\/www.altominho.tv\/site\/2018\/11\/19\/emparcelamento-agricola-reclamado-ha-decadas-incluido-no-orcamento-de-moncao-para-2019\/\" \/>\n<meta property=\"og:site_name\" content=\"Altominho.tv\" \/>\n<meta property=\"article:publisher\" content=\"https:\/\/www.facebook.com\/altominhotv\" \/>\n<meta property=\"article:published_time\" content=\"2018-11-19T12:19:12+00:00\" \/>\n<meta property=\"og:image\" content=\"https:\/\/www.altominho.tv\/site\/wp-content\/uploads\/2018\/11\/Untitled-Project.jpg\" \/>\n\t<meta property=\"og:image:width\" content=\"1920\" \/>\n\t<meta property=\"og:image:height\" content=\"1080\" \/>\n\t<meta property=\"og:image:type\" content=\"image\/jpeg\" \/>\n<meta name=\"author\" content=\"Andreia Ferreira\" \/>\n<meta name=\"twitter:card\" content=\"summary_large_image\" \/>\n<meta name=\"twitter:creator\" content=\"@altominhoTV\" \/>\n<meta name=\"twitter:site\" content=\"@altominhoTV\" \/>\n<meta name=\"twitter:label1\" content=\"Escrito por\" \/>\n\t<meta name=\"twitter:data1\" content=\"Andreia Ferreira\" \/>\n\t<meta name=\"twitter:label2\" content=\"Tempo estimado de leitura\" \/>\n\t<meta name=\"twitter:data2\" content=\"3 minutos\" \/>\n<script type=\"application\/ld+json\" class=\"yoast-schema-graph\">{\"@context\":\"https:\\\/\\\/schema.org\",\"@graph\":[{\"@type\":\"Article\",\"@id\":\"https:\\\/\\\/www.altominho.tv\\\/site\\\/2018\\\/11\\\/19\\\/emparcelamento-agricola-reclamado-ha-decadas-incluido-no-orcamento-de-moncao-para-2019\\\/#article\",\"isPartOf\":{\"@id\":\"https:\\\/\\\/www.altominho.tv\\\/site\\\/2018\\\/11\\\/19\\\/emparcelamento-agricola-reclamado-ha-decadas-incluido-no-orcamento-de-moncao-para-2019\\\/\"},\"author\":{\"name\":\"Andreia Ferreira\",\"@id\":\"https:\\\/\\\/www.altominho.tv\\\/site\\\/#\\\/schema\\\/person\\\/d9be4265364723f14ea8e0d56a1d38cd\"},\"headline\":\"Emparcelamento agr\u00edcola reclamado h\u00e1 d\u00e9cadas inclu\u00eddo no or\u00e7amento de Mon\u00e7\u00e3o para 2019\",\"datePublished\":\"2018-11-19T12:19:12+00:00\",\"mainEntityOfPage\":{\"@id\":\"https:\\\/\\\/www.altominho.tv\\\/site\\\/2018\\\/11\\\/19\\\/emparcelamento-agricola-reclamado-ha-decadas-incluido-no-orcamento-de-moncao-para-2019\\\/\"},\"wordCount\":535,\"image\":{\"@id\":\"https:\\\/\\\/www.altominho.tv\\\/site\\\/2018\\\/11\\\/19\\\/emparcelamento-agricola-reclamado-ha-decadas-incluido-no-orcamento-de-moncao-para-2019\\\/#primaryimage\"},\"thumbnailUrl\":\"https:\\\/\\\/www.altominho.tv\\\/site\\\/wp-content\\\/uploads\\\/2018\\\/11\\\/Untitled-Project.jpg\",\"keywords\":[\"Economia\"],\"articleSection\":[\"Mon\u00e7\u00e3o\"],\"inLanguage\":\"pt-PT\",\"copyrightYear\":\"2018\",\"copyrightHolder\":{\"@id\":\"https:\\\/\\\/www.altominho.tv\\\/site\\\/#organization\"}},{\"@type\":\"WebPage\",\"@id\":\"https:\\\/\\\/www.altominho.tv\\\/site\\\/2018\\\/11\\\/19\\\/emparcelamento-agricola-reclamado-ha-decadas-incluido-no-orcamento-de-moncao-para-2019\\\/\",\"url\":\"https:\\\/\\\/www.altominho.tv\\\/site\\\/2018\\\/11\\\/19\\\/emparcelamento-agricola-reclamado-ha-decadas-incluido-no-orcamento-de-moncao-para-2019\\\/\",\"name\":\"Emparcelamento agr\u00edcola reclamado h\u00e1 d\u00e9cadas inclu\u00eddo no or\u00e7amento de Mon\u00e7\u00e3o para 2019\",\"isPartOf\":{\"@id\":\"https:\\\/\\\/www.altominho.tv\\\/site\\\/#website\"},\"primaryImageOfPage\":{\"@id\":\"https:\\\/\\\/www.altominho.tv\\\/site\\\/2018\\\/11\\\/19\\\/emparcelamento-agricola-reclamado-ha-decadas-incluido-no-orcamento-de-moncao-para-2019\\\/#primaryimage\"},\"image\":{\"@id\":\"https:\\\/\\\/www.altominho.tv\\\/site\\\/2018\\\/11\\\/19\\\/emparcelamento-agricola-reclamado-ha-decadas-incluido-no-orcamento-de-moncao-para-2019\\\/#primaryimage\"},\"thumbnailUrl\":\"https:\\\/\\\/www.altominho.tv\\\/site\\\/wp-content\\\/uploads\\\/2018\\\/11\\\/Untitled-Project.jpg\",\"datePublished\":\"2018-11-19T12:19:12+00:00\",\"author\":{\"@id\":\"https:\\\/\\\/www.altominho.tv\\\/site\\\/#\\\/schema\\\/person\\\/d9be4265364723f14ea8e0d56a1d38cd\"},\"breadcrumb\":{\"@id\":\"https:\\\/\\\/www.altominho.tv\\\/site\\\/2018\\\/11\\\/19\\\/emparcelamento-agricola-reclamado-ha-decadas-incluido-no-orcamento-de-moncao-para-2019\\\/#breadcrumb\"},\"inLanguage\":\"pt-PT\",\"potentialAction\":[{\"@type\":\"ReadAction\",\"target\":[\"https:\\\/\\\/www.altominho.tv\\\/site\\\/2018\\\/11\\\/19\\\/emparcelamento-agricola-reclamado-ha-decadas-incluido-no-orcamento-de-moncao-para-2019\\\/\"]}]},{\"@type\":\"ImageObject\",\"inLanguage\":\"pt-PT\",\"@id\":\"https:\\\/\\\/www.altominho.tv\\\/site\\\/2018\\\/11\\\/19\\\/emparcelamento-agricola-reclamado-ha-decadas-incluido-no-orcamento-de-moncao-para-2019\\\/#primaryimage\",\"url\":\"https:\\\/\\\/www.altominho.tv\\\/site\\\/wp-content\\\/uploads\\\/2018\\\/11\\\/Untitled-Project.jpg\",\"contentUrl\":\"https:\\\/\\\/www.altominho.tv\\\/site\\\/wp-content\\\/uploads\\\/2018\\\/11\\\/Untitled-Project.jpg\",\"width\":1920,\"height\":1080},{\"@type\":\"BreadcrumbList\",\"@id\":\"https:\\\/\\\/www.altominho.tv\\\/site\\\/2018\\\/11\\\/19\\\/emparcelamento-agricola-reclamado-ha-decadas-incluido-no-orcamento-de-moncao-para-2019\\\/#breadcrumb\",\"itemListElement\":[{\"@type\":\"ListItem\",\"position\":1,\"name\":\"In\u00edcio\",\"item\":\"https:\\\/\\\/www.altominho.tv\\\/site\\\/\"},{\"@type\":\"ListItem\",\"position\":2,\"name\":\"Emparcelamento agr\u00edcola reclamado h\u00e1 d\u00e9cadas inclu\u00eddo no or\u00e7amento de Mon\u00e7\u00e3o para 2019\"}]},{\"@type\":\"WebSite\",\"@id\":\"https:\\\/\\\/www.altominho.tv\\\/site\\\/#website\",\"url\":\"https:\\\/\\\/www.altominho.tv\\\/site\\\/\",\"name\":\"Altominho.tv\",\"description\":\"A sua regi\u00e3o \u00e0 dist\u00e2ncia de um clique...\",\"potentialAction\":[{\"@type\":\"SearchAction\",\"target\":{\"@type\":\"EntryPoint\",\"urlTemplate\":\"https:\\\/\\\/www.altominho.tv\\\/site\\\/?s={search_term_string}\"},\"query-input\":{\"@type\":\"PropertyValueSpecification\",\"valueRequired\":true,\"valueName\":\"search_term_string\"}}],\"inLanguage\":\"pt-PT\"},{\"@type\":\"Person\",\"@id\":\"https:\\\/\\\/www.altominho.tv\\\/site\\\/#\\\/schema\\\/person\\\/d9be4265364723f14ea8e0d56a1d38cd\",\"name\":\"Andreia Ferreira\",\"image\":{\"@type\":\"ImageObject\",\"inLanguage\":\"pt-PT\",\"@id\":\"https:\\\/\\\/www.altominho.tv\\\/site\\\/wp-content\\\/uploads\\\/2021\\\/01\\\/AndreiaFerreira-150x150.jpg\",\"url\":\"https:\\\/\\\/www.altominho.tv\\\/site\\\/wp-content\\\/uploads\\\/2021\\\/01\\\/AndreiaFerreira-150x150.jpg\",\"contentUrl\":\"https:\\\/\\\/www.altominho.tv\\\/site\\\/wp-content\\\/uploads\\\/2021\\\/01\\\/AndreiaFerreira-150x150.jpg\",\"caption\":\"Andreia Ferreira\"},\"url\":\"https:\\\/\\\/www.altominho.tv\\\/site\\\/author\\\/andreiaferreira\\\/\"}]}<\/script>\n<!-- \/ Yoast SEO Premium plugin. -->","yoast_head_json":{"title":"Emparcelamento agr\u00edcola reclamado h\u00e1 d\u00e9cadas inclu\u00eddo no or\u00e7amento de Mon\u00e7\u00e3o para 2019","robots":{"index":"index","follow":"follow","max-snippet":"max-snippet:-1","max-image-preview":"max-image-preview:large","max-video-preview":"max-video-preview:-1"},"canonical":"https:\/\/www.altominho.tv\/site\/2018\/11\/19\/emparcelamento-agricola-reclamado-ha-decadas-incluido-no-orcamento-de-moncao-para-2019\/","og_locale":"pt_PT","og_type":"article","og_title":"Emparcelamento agr\u00edcola reclamado h\u00e1 d\u00e9cadas inclu\u00eddo no or\u00e7amento de Mon\u00e7\u00e3o para 2019","og_description":"O emparcelamento de Mon\u00e7\u00e3o, reclamado h\u00e1 d\u00e9cadas pelos agricultores locais, \u00e9 um dos projetos inclu\u00eddos no &#8220;maior&#8221; or\u00e7amento de sempre do concelho, no valor de 23,3 milh\u00f5es de euros. &#8220;O emparcelamento agr\u00edcola nas freguesias de Moreira, Barro\u00e7as e Taias, reclamado h\u00e1 muitos anos, vai finalmente avan\u00e7ar. O dinheiro est\u00e1 aprovado e o projeto a ser [&hellip;]","og_url":"https:\/\/www.altominho.tv\/site\/2018\/11\/19\/emparcelamento-agricola-reclamado-ha-decadas-incluido-no-orcamento-de-moncao-para-2019\/","og_site_name":"Altominho.tv","article_publisher":"https:\/\/www.facebook.com\/altominhotv","article_published_time":"2018-11-19T12:19:12+00:00","og_image":[{"width":1920,"height":1080,"url":"https:\/\/www.altominho.tv\/site\/wp-content\/uploads\/2018\/11\/Untitled-Project.jpg","type":"image\/jpeg"}],"author":"Andreia Ferreira","twitter_card":"summary_large_image","twitter_creator":"@altominhoTV","twitter_site":"@altominhoTV","twitter_misc":{"Escrito por":"Andreia Ferreira","Tempo estimado de leitura":"3 minutos"},"schema":{"@context":"https:\/\/schema.org","@graph":[{"@type":"Article","@id":"https:\/\/www.altominho.tv\/site\/2018\/11\/19\/emparcelamento-agricola-reclamado-ha-decadas-incluido-no-orcamento-de-moncao-para-2019\/#article","isPartOf":{"@id":"https:\/\/www.altominho.tv\/site\/2018\/11\/19\/emparcelamento-agricola-reclamado-ha-decadas-incluido-no-orcamento-de-moncao-para-2019\/"},"author":{"name":"Andreia Ferreira","@id":"https:\/\/www.altominho.tv\/site\/#\/schema\/person\/d9be4265364723f14ea8e0d56a1d38cd"},"headline":"Emparcelamento agr\u00edcola reclamado h\u00e1 d\u00e9cadas inclu\u00eddo no or\u00e7amento de Mon\u00e7\u00e3o para 2019","datePublished":"2018-11-19T12:19:12+00:00","mainEntityOfPage":{"@id":"https:\/\/www.altominho.tv\/site\/2018\/11\/19\/emparcelamento-agricola-reclamado-ha-decadas-incluido-no-orcamento-de-moncao-para-2019\/"},"wordCount":535,"image":{"@id":"https:\/\/www.altominho.tv\/site\/2018\/11\/19\/emparcelamento-agricola-reclamado-ha-decadas-incluido-no-orcamento-de-moncao-para-2019\/#primaryimage"},"thumbnailUrl":"https:\/\/www.altominho.tv\/site\/wp-content\/uploads\/2018\/11\/Untitled-Project.jpg","keywords":["Economia"],"articleSection":["Mon\u00e7\u00e3o"],"inLanguage":"pt-PT","copyrightYear":"2018","copyrightHolder":{"@id":"https:\/\/www.altominho.tv\/site\/#organization"}},{"@type":"WebPage","@id":"https:\/\/www.altominho.tv\/site\/2018\/11\/19\/emparcelamento-agricola-reclamado-ha-decadas-incluido-no-orcamento-de-moncao-para-2019\/","url":"https:\/\/www.altominho.tv\/site\/2018\/11\/19\/emparcelamento-agricola-reclamado-ha-decadas-incluido-no-orcamento-de-moncao-para-2019\/","name":"Emparcelamento agr\u00edcola reclamado h\u00e1 d\u00e9cadas inclu\u00eddo no or\u00e7amento de Mon\u00e7\u00e3o para 2019","isPartOf":{"@id":"https:\/\/www.altominho.tv\/site\/#website"},"primaryImageOfPage":{"@id":"https:\/\/www.altominho.tv\/site\/2018\/11\/19\/emparcelamento-agricola-reclamado-ha-decadas-incluido-no-orcamento-de-moncao-para-2019\/#primaryimage"},"image":{"@id":"https:\/\/www.altominho.tv\/site\/2018\/11\/19\/emparcelamento-agricola-reclamado-ha-decadas-incluido-no-orcamento-de-moncao-para-2019\/#primaryimage"},"thumbnailUrl":"https:\/\/www.altominho.tv\/site\/wp-content\/uploads\/2018\/11\/Untitled-Project.jpg","datePublished":"2018-11-19T12:19:12+00:00","author":{"@id":"https:\/\/www.altominho.tv\/site\/#\/schema\/person\/d9be4265364723f14ea8e0d56a1d38cd"},"breadcrumb":{"@id":"https:\/\/www.altominho.tv\/site\/2018\/11\/19\/emparcelamento-agricola-reclamado-ha-decadas-incluido-no-orcamento-de-moncao-para-2019\/#breadcrumb"},"inLanguage":"pt-PT","potentialAction":[{"@type":"ReadAction","target":["https:\/\/www.altominho.tv\/site\/2018\/11\/19\/emparcelamento-agricola-reclamado-ha-decadas-incluido-no-orcamento-de-moncao-para-2019\/"]}]},{"@type":"ImageObject","inLanguage":"pt-PT","@id":"https:\/\/www.altominho.tv\/site\/2018\/11\/19\/emparcelamento-agricola-reclamado-ha-decadas-incluido-no-orcamento-de-moncao-para-2019\/#primaryimage","url":"https:\/\/www.altominho.tv\/site\/wp-content\/uploads\/2018\/11\/Untitled-Project.jpg","contentUrl":"https:\/\/www.altominho.tv\/site\/wp-content\/uploads\/2018\/11\/Untitled-Project.jpg","width":1920,"height":1080},{"@type":"BreadcrumbList","@id":"https:\/\/www.altominho.tv\/site\/2018\/11\/19\/emparcelamento-agricola-reclamado-ha-decadas-incluido-no-orcamento-de-moncao-para-2019\/#breadcrumb","itemListElement":[{"@type":"ListItem","position":1,"name":"In\u00edcio","item":"https:\/\/www.altominho.tv\/site\/"},{"@type":"ListItem","position":2,"name":"Emparcelamento agr\u00edcola reclamado h\u00e1 d\u00e9cadas inclu\u00eddo no or\u00e7amento de Mon\u00e7\u00e3o para 2019"}]},{"@type":"WebSite","@id":"https:\/\/www.altominho.tv\/site\/#website","url":"https:\/\/www.altominho.tv\/site\/","name":"Altominho.tv","description":"A sua regi\u00e3o \u00e0 dist\u00e2ncia de um clique...","potentialAction":[{"@type":"SearchAction","target":{"@type":"EntryPoint","urlTemplate":"https:\/\/www.altominho.tv\/site\/?s={search_term_string}"},"query-input":{"@type":"PropertyValueSpecification","valueRequired":true,"valueName":"search_term_string"}}],"inLanguage":"pt-PT"},{"@type":"Person","@id":"https:\/\/www.altominho.tv\/site\/#\/schema\/person\/d9be4265364723f14ea8e0d56a1d38cd","name":"Andreia Ferreira","image":{"@type":"ImageObject","inLanguage":"pt-PT","@id":"https:\/\/www.altominho.tv\/site\/wp-content\/uploads\/2021\/01\/AndreiaFerreira-150x150.jpg","url":"https:\/\/www.altominho.tv\/site\/wp-content\/uploads\/2021\/01\/AndreiaFerreira-150x150.jpg","contentUrl":"https:\/\/www.altominho.tv\/site\/wp-content\/uploads\/2021\/01\/AndreiaFerreira-150x150.jpg","caption":"Andreia Ferreira"},"url":"https:\/\/www.altominho.tv\/site\/author\/andreiaferreira\/"}]}},"_links":{"self":[{"href":"https:\/\/www.altominho.tv\/site\/wp-json\/wp\/v2\/posts\/20794","targetHints":{"allow":["GET"]}}],"collection":[{"href":"https:\/\/www.altominho.tv\/site\/wp-json\/wp\/v2\/posts"}],"about":[{"href":"https:\/\/www.altominho.tv\/site\/wp-json\/wp\/v2\/types\/post"}],"author":[{"embeddable":true,"href":"https:\/\/www.altominho.tv\/site\/wp-json\/wp\/v2\/users\/12"}],"replies":[{"embeddable":true,"href":"https:\/\/www.altominho.tv\/site\/wp-json\/wp\/v2\/comments?post=20794"}],"version-history":[{"count":0,"href":"https:\/\/www.altominho.tv\/site\/wp-json\/wp\/v2\/posts\/20794\/revisions"}],"wp:featuredmedia":[{"embeddable":true,"href":"https:\/\/www.altominho.tv\/site\/wp-json\/wp\/v2\/media\/20795"}],"wp:attachment":[{"href":"https:\/\/www.altominho.tv\/site\/wp-json\/wp\/v2\/media?parent=20794"}],"wp:term":[{"taxonomy":"category","embeddable":true,"href":"https:\/\/www.altominho.tv\/site\/wp-json\/wp\/v2\/categories?post=20794"},{"taxonomy":"post_tag","embeddable":true,"href":"https:\/\/www.altominho.tv\/site\/wp-json\/wp\/v2\/tags?post=20794"}],"curies":[{"name":"wp","href":"https:\/\/api.w.org\/{rel}","templated":true}]}}