{"id":20667,"date":"2018-11-14T11:40:28","date_gmt":"2018-11-14T11:40:28","guid":{"rendered":"http:\/\/www.altominho.tv\/site\/?p=20667"},"modified":"2018-11-14T11:40:28","modified_gmt":"2018-11-14T11:40:28","slug":"casa-das-artes-recebe-o-2o-encontro-de-teatro-luso-galaico-de-15-a-18-de-novembro","status":"publish","type":"post","link":"https:\/\/www.altominho.tv\/site\/2018\/11\/14\/casa-das-artes-recebe-o-2o-encontro-de-teatro-luso-galaico-de-15-a-18-de-novembro\/","title":{"rendered":"Casa das Artes recebe o 2\u00ba encontro de Teatro Luso-Galaico de 15 a 18 de novembro"},"content":{"rendered":"<div class=\"text-align-justify\">A Casa das Artes, em Arcos de Valdevez, vai receber o 2\u00ba encontro de Teatro Luso-Galaico de 15 a 18 de novembro.<\/div>\n<div class=\"text-align-justify\">V\u00e3o subir ao palco principal da Casa das Artes, os grupos de teatro Kris\u00e1lida (Portugal), Perip\u00e9cia Teatro (Portugal\/Espanha), GTV- Grupo de Teatro do Vez (Portugal) e grupo de Teatro Airi\u00f1os (Galiza).<\/div>\n<div class=\"text-align-justify\">O grupo Kris\u00e1lida faz a estreia desta edi\u00e7\u00e3o com a pe\u00e7a \u201cAuto da \u00cdndia\u201d, no dia 15, pelas 15h00 para o p\u00fablico escolar.<\/div>\n<div class=\"text-align-justify\">O AUTO DA \u00cdNDIA que escolheram, &#8220;preocupou-se com os comportamentos sociais, com um \u201cgestus\u201d que se faz o poss\u00edvel por mostrar, o que s\u00f3 \u00e9 poss\u00edvel mostrando o contexto hist\u00f3rico&#8221;.<\/div>\n<div class=\"text-align-justify\">No dia 16, pelas 22h00, o Grupo Perip\u00e9cia Teatro, encena \u201cla Tortilla de mi Madre\u201d.<\/div>\n<div class=\"text-align-justify\">&#8220;A nova pe\u00e7a desta companhia transmontana, resulta numa reflex\u00e3o perspicaz e acutilante sobre a impiedade do tempo, sobre as rela\u00e7\u00f5es humanas, as incoer\u00eancias da exist\u00eancia e sobre a solid\u00e3o, a que nos for\u00e7am ou \u00e0 qual nos for\u00e7amos, por comodismo ou por op\u00e7\u00e3o, e que \u00e9 fruto da crescente desumaniza\u00e7\u00e3o que carateriza o nosso tempo&#8221;, informou o Munic\u00edpio.<\/div>\n<div class=\"text-align-justify\">No dia 17, pelas 22h00 o GTV- Grupo de Teatro do Vez sobe ao palco, em estreia absoluta, com a pe\u00e7a \u201cOS 10 COBRIMENTOS\u201d, um texto que retrata os descobrimentos portugueses, de uma forma des(construtiva), em que o autor \u201cbrinca com seriedade, faz a teatraliza\u00e7\u00e3o hist\u00f3rica da Hist\u00f3ria ao Vivo, da s\u00e1tira social, do humor constante, muitas vezes brutal, desajeitado, corrosivo, mas lucidamente construtivo\u201d.<\/div>\n<div class=\"text-align-justify\">Por fim, no dia 18 de novembro, domingo \u00e0s 16H00, a Casa das Artes recebe a encena\u00e7\u00e3o \u201cROMEO E XULIETA\u201d, pelo Grupo de Teatro Airi\u00f1os (Galiza).<\/div>\n<div>Um fim de semana com uma programa\u00e7\u00e3o cultural variada, em Arcos de Valdevez.<\/div>\n","protected":false},"excerpt":{"rendered":"<p>A Casa das Artes, em Arcos de Valdevez, vai receber o 2\u00ba encontro de Teatro Luso-Galaico de 15 a 18 de novembro. V\u00e3o subir ao palco principal da Casa das Artes, os grupos de teatro Kris\u00e1lida (Portugal), Perip\u00e9cia Teatro (Portugal\/Espanha), GTV- Grupo de Teatro do Vez (Portugal) e grupo de Teatro Airi\u00f1os (Galiza). O grupo [&hellip;]<\/p>\n","protected":false},"author":7,"featured_media":20668,"comment_status":"closed","ping_status":"closed","sticky":false,"template":"","format":"standard","meta":{"_exactmetrics_skip_tracking":false,"_exactmetrics_sitenote_active":false,"_exactmetrics_sitenote_note":"","_exactmetrics_sitenote_category":0,"footnotes":""},"categories":[2],"tags":[19,24],"class_list":["post-20667","post","type-post","status-publish","format-standard","has-post-thumbnail","hentry","category-arcos-de-valdevez","tag-cultura","tag-lazer"],"yoast_head":"<!-- This site is optimized with the Yoast SEO Premium plugin v27.5 (Yoast SEO v27.5) - https:\/\/yoast.com\/product\/yoast-seo-premium-wordpress\/ -->\n<title>Casa das Artes recebe o 2\u00ba encontro de Teatro Luso-Galaico de 15 a 18 de novembro<\/title>\n<meta name=\"robots\" content=\"index, follow, max-snippet:-1, max-image-preview:large, max-video-preview:-1\" \/>\n<link rel=\"canonical\" href=\"https:\/\/www.altominho.tv\/site\/2018\/11\/14\/casa-das-artes-recebe-o-2o-encontro-de-teatro-luso-galaico-de-15-a-18-de-novembro\/\" \/>\n<meta property=\"og:locale\" content=\"pt_PT\" \/>\n<meta property=\"og:type\" content=\"article\" \/>\n<meta property=\"og:title\" content=\"Casa das Artes recebe o 2\u00ba encontro de Teatro Luso-Galaico de 15 a 18 de novembro\" \/>\n<meta property=\"og:description\" content=\"A Casa das Artes, em Arcos de Valdevez, vai receber o 2\u00ba encontro de Teatro Luso-Galaico de 15 a 18 de novembro. V\u00e3o subir ao palco principal da Casa das Artes, os grupos de teatro Kris\u00e1lida (Portugal), Perip\u00e9cia Teatro (Portugal\/Espanha), GTV- Grupo de Teatro do Vez (Portugal) e grupo de Teatro Airi\u00f1os (Galiza). O grupo [&hellip;]\" \/>\n<meta property=\"og:url\" content=\"https:\/\/www.altominho.tv\/site\/2018\/11\/14\/casa-das-artes-recebe-o-2o-encontro-de-teatro-luso-galaico-de-15-a-18-de-novembro\/\" \/>\n<meta property=\"og:site_name\" content=\"Altominho.tv\" \/>\n<meta property=\"article:publisher\" content=\"https:\/\/www.facebook.com\/altominhotv\" \/>\n<meta property=\"article:published_time\" content=\"2018-11-14T11:40:28+00:00\" \/>\n<meta property=\"og:image\" content=\"https:\/\/www.altominho.tv\/site\/wp-content\/uploads\/2018\/11\/artes.jpg\" \/>\n\t<meta property=\"og:image:width\" content=\"1024\" \/>\n\t<meta property=\"og:image:height\" content=\"645\" \/>\n\t<meta property=\"og:image:type\" content=\"image\/jpeg\" \/>\n<meta name=\"author\" content=\"Andreia Cunha\" \/>\n<meta name=\"twitter:card\" content=\"summary_large_image\" \/>\n<meta name=\"twitter:creator\" content=\"@altominhoTV\" \/>\n<meta name=\"twitter:site\" content=\"@altominhoTV\" \/>\n<meta name=\"twitter:label1\" content=\"Escrito por\" \/>\n\t<meta name=\"twitter:data1\" content=\"Andreia Cunha\" \/>\n\t<meta name=\"twitter:label2\" content=\"Tempo estimado de leitura\" \/>\n\t<meta name=\"twitter:data2\" content=\"2 minutos\" \/>\n<script type=\"application\/ld+json\" class=\"yoast-schema-graph\">{\"@context\":\"https:\\\/\\\/schema.org\",\"@graph\":[{\"@type\":\"Article\",\"@id\":\"https:\\\/\\\/www.altominho.tv\\\/site\\\/2018\\\/11\\\/14\\\/casa-das-artes-recebe-o-2o-encontro-de-teatro-luso-galaico-de-15-a-18-de-novembro\\\/#article\",\"isPartOf\":{\"@id\":\"https:\\\/\\\/www.altominho.tv\\\/site\\\/2018\\\/11\\\/14\\\/casa-das-artes-recebe-o-2o-encontro-de-teatro-luso-galaico-de-15-a-18-de-novembro\\\/\"},\"author\":{\"name\":\"Andreia Cunha\",\"@id\":\"https:\\\/\\\/www.altominho.tv\\\/site\\\/#\\\/schema\\\/person\\\/a0e4ef6d041f98ca284393d8f1d97153\"},\"headline\":\"Casa das Artes recebe o 2\u00ba encontro de Teatro Luso-Galaico de 15 a 18 de novembro\",\"datePublished\":\"2018-11-14T11:40:28+00:00\",\"mainEntityOfPage\":{\"@id\":\"https:\\\/\\\/www.altominho.tv\\\/site\\\/2018\\\/11\\\/14\\\/casa-das-artes-recebe-o-2o-encontro-de-teatro-luso-galaico-de-15-a-18-de-novembro\\\/\"},\"wordCount\":317,\"image\":{\"@id\":\"https:\\\/\\\/www.altominho.tv\\\/site\\\/2018\\\/11\\\/14\\\/casa-das-artes-recebe-o-2o-encontro-de-teatro-luso-galaico-de-15-a-18-de-novembro\\\/#primaryimage\"},\"thumbnailUrl\":\"https:\\\/\\\/www.altominho.tv\\\/site\\\/wp-content\\\/uploads\\\/2018\\\/11\\\/artes.jpg\",\"keywords\":[\"Cultura\",\"Lazer\"],\"articleSection\":[\"Arcos de Valdevez\"],\"inLanguage\":\"pt-PT\",\"copyrightYear\":\"2018\",\"copyrightHolder\":{\"@id\":\"https:\\\/\\\/www.altominho.tv\\\/site\\\/#organization\"}},{\"@type\":\"WebPage\",\"@id\":\"https:\\\/\\\/www.altominho.tv\\\/site\\\/2018\\\/11\\\/14\\\/casa-das-artes-recebe-o-2o-encontro-de-teatro-luso-galaico-de-15-a-18-de-novembro\\\/\",\"url\":\"https:\\\/\\\/www.altominho.tv\\\/site\\\/2018\\\/11\\\/14\\\/casa-das-artes-recebe-o-2o-encontro-de-teatro-luso-galaico-de-15-a-18-de-novembro\\\/\",\"name\":\"Casa das Artes recebe o 2\u00ba encontro de Teatro Luso-Galaico de 15 a 18 de novembro\",\"isPartOf\":{\"@id\":\"https:\\\/\\\/www.altominho.tv\\\/site\\\/#website\"},\"primaryImageOfPage\":{\"@id\":\"https:\\\/\\\/www.altominho.tv\\\/site\\\/2018\\\/11\\\/14\\\/casa-das-artes-recebe-o-2o-encontro-de-teatro-luso-galaico-de-15-a-18-de-novembro\\\/#primaryimage\"},\"image\":{\"@id\":\"https:\\\/\\\/www.altominho.tv\\\/site\\\/2018\\\/11\\\/14\\\/casa-das-artes-recebe-o-2o-encontro-de-teatro-luso-galaico-de-15-a-18-de-novembro\\\/#primaryimage\"},\"thumbnailUrl\":\"https:\\\/\\\/www.altominho.tv\\\/site\\\/wp-content\\\/uploads\\\/2018\\\/11\\\/artes.jpg\",\"datePublished\":\"2018-11-14T11:40:28+00:00\",\"author\":{\"@id\":\"https:\\\/\\\/www.altominho.tv\\\/site\\\/#\\\/schema\\\/person\\\/a0e4ef6d041f98ca284393d8f1d97153\"},\"breadcrumb\":{\"@id\":\"https:\\\/\\\/www.altominho.tv\\\/site\\\/2018\\\/11\\\/14\\\/casa-das-artes-recebe-o-2o-encontro-de-teatro-luso-galaico-de-15-a-18-de-novembro\\\/#breadcrumb\"},\"inLanguage\":\"pt-PT\",\"potentialAction\":[{\"@type\":\"ReadAction\",\"target\":[\"https:\\\/\\\/www.altominho.tv\\\/site\\\/2018\\\/11\\\/14\\\/casa-das-artes-recebe-o-2o-encontro-de-teatro-luso-galaico-de-15-a-18-de-novembro\\\/\"]}]},{\"@type\":\"ImageObject\",\"inLanguage\":\"pt-PT\",\"@id\":\"https:\\\/\\\/www.altominho.tv\\\/site\\\/2018\\\/11\\\/14\\\/casa-das-artes-recebe-o-2o-encontro-de-teatro-luso-galaico-de-15-a-18-de-novembro\\\/#primaryimage\",\"url\":\"https:\\\/\\\/www.altominho.tv\\\/site\\\/wp-content\\\/uploads\\\/2018\\\/11\\\/artes.jpg\",\"contentUrl\":\"https:\\\/\\\/www.altominho.tv\\\/site\\\/wp-content\\\/uploads\\\/2018\\\/11\\\/artes.jpg\",\"width\":1024,\"height\":645},{\"@type\":\"BreadcrumbList\",\"@id\":\"https:\\\/\\\/www.altominho.tv\\\/site\\\/2018\\\/11\\\/14\\\/casa-das-artes-recebe-o-2o-encontro-de-teatro-luso-galaico-de-15-a-18-de-novembro\\\/#breadcrumb\",\"itemListElement\":[{\"@type\":\"ListItem\",\"position\":1,\"name\":\"In\u00edcio\",\"item\":\"https:\\\/\\\/www.altominho.tv\\\/site\\\/\"},{\"@type\":\"ListItem\",\"position\":2,\"name\":\"Casa das Artes recebe o 2\u00ba encontro de Teatro Luso-Galaico de 15 a 18 de novembro\"}]},{\"@type\":\"WebSite\",\"@id\":\"https:\\\/\\\/www.altominho.tv\\\/site\\\/#website\",\"url\":\"https:\\\/\\\/www.altominho.tv\\\/site\\\/\",\"name\":\"Altominho.tv\",\"description\":\"A sua regi\u00e3o \u00e0 dist\u00e2ncia de um clique...\",\"potentialAction\":[{\"@type\":\"SearchAction\",\"target\":{\"@type\":\"EntryPoint\",\"urlTemplate\":\"https:\\\/\\\/www.altominho.tv\\\/site\\\/?s={search_term_string}\"},\"query-input\":{\"@type\":\"PropertyValueSpecification\",\"valueRequired\":true,\"valueName\":\"search_term_string\"}}],\"inLanguage\":\"pt-PT\"},{\"@type\":\"Person\",\"@id\":\"https:\\\/\\\/www.altominho.tv\\\/site\\\/#\\\/schema\\\/person\\\/a0e4ef6d041f98ca284393d8f1d97153\",\"name\":\"Andreia Cunha\",\"image\":{\"@type\":\"ImageObject\",\"inLanguage\":\"pt-PT\",\"@id\":\"https:\\\/\\\/www.altominho.tv\\\/site\\\/wp-content\\\/uploads\\\/2017\\\/11\\\/Andreia_Cunha-1-150x150.jpg\",\"url\":\"https:\\\/\\\/www.altominho.tv\\\/site\\\/wp-content\\\/uploads\\\/2017\\\/11\\\/Andreia_Cunha-1-150x150.jpg\",\"contentUrl\":\"https:\\\/\\\/www.altominho.tv\\\/site\\\/wp-content\\\/uploads\\\/2017\\\/11\\\/Andreia_Cunha-1-150x150.jpg\",\"caption\":\"Andreia Cunha\"},\"url\":\"https:\\\/\\\/www.altominho.tv\\\/site\\\/author\\\/andreiacunha\\\/\"}]}<\/script>\n<!-- \/ Yoast SEO Premium plugin. -->","yoast_head_json":{"title":"Casa das Artes recebe o 2\u00ba encontro de Teatro Luso-Galaico de 15 a 18 de novembro","robots":{"index":"index","follow":"follow","max-snippet":"max-snippet:-1","max-image-preview":"max-image-preview:large","max-video-preview":"max-video-preview:-1"},"canonical":"https:\/\/www.altominho.tv\/site\/2018\/11\/14\/casa-das-artes-recebe-o-2o-encontro-de-teatro-luso-galaico-de-15-a-18-de-novembro\/","og_locale":"pt_PT","og_type":"article","og_title":"Casa das Artes recebe o 2\u00ba encontro de Teatro Luso-Galaico de 15 a 18 de novembro","og_description":"A Casa das Artes, em Arcos de Valdevez, vai receber o 2\u00ba encontro de Teatro Luso-Galaico de 15 a 18 de novembro. V\u00e3o subir ao palco principal da Casa das Artes, os grupos de teatro Kris\u00e1lida (Portugal), Perip\u00e9cia Teatro (Portugal\/Espanha), GTV- Grupo de Teatro do Vez (Portugal) e grupo de Teatro Airi\u00f1os (Galiza). O grupo [&hellip;]","og_url":"https:\/\/www.altominho.tv\/site\/2018\/11\/14\/casa-das-artes-recebe-o-2o-encontro-de-teatro-luso-galaico-de-15-a-18-de-novembro\/","og_site_name":"Altominho.tv","article_publisher":"https:\/\/www.facebook.com\/altominhotv","article_published_time":"2018-11-14T11:40:28+00:00","og_image":[{"width":1024,"height":645,"url":"https:\/\/www.altominho.tv\/site\/wp-content\/uploads\/2018\/11\/artes.jpg","type":"image\/jpeg"}],"author":"Andreia Cunha","twitter_card":"summary_large_image","twitter_creator":"@altominhoTV","twitter_site":"@altominhoTV","twitter_misc":{"Escrito por":"Andreia Cunha","Tempo estimado de leitura":"2 minutos"},"schema":{"@context":"https:\/\/schema.org","@graph":[{"@type":"Article","@id":"https:\/\/www.altominho.tv\/site\/2018\/11\/14\/casa-das-artes-recebe-o-2o-encontro-de-teatro-luso-galaico-de-15-a-18-de-novembro\/#article","isPartOf":{"@id":"https:\/\/www.altominho.tv\/site\/2018\/11\/14\/casa-das-artes-recebe-o-2o-encontro-de-teatro-luso-galaico-de-15-a-18-de-novembro\/"},"author":{"name":"Andreia Cunha","@id":"https:\/\/www.altominho.tv\/site\/#\/schema\/person\/a0e4ef6d041f98ca284393d8f1d97153"},"headline":"Casa das Artes recebe o 2\u00ba encontro de Teatro Luso-Galaico de 15 a 18 de novembro","datePublished":"2018-11-14T11:40:28+00:00","mainEntityOfPage":{"@id":"https:\/\/www.altominho.tv\/site\/2018\/11\/14\/casa-das-artes-recebe-o-2o-encontro-de-teatro-luso-galaico-de-15-a-18-de-novembro\/"},"wordCount":317,"image":{"@id":"https:\/\/www.altominho.tv\/site\/2018\/11\/14\/casa-das-artes-recebe-o-2o-encontro-de-teatro-luso-galaico-de-15-a-18-de-novembro\/#primaryimage"},"thumbnailUrl":"https:\/\/www.altominho.tv\/site\/wp-content\/uploads\/2018\/11\/artes.jpg","keywords":["Cultura","Lazer"],"articleSection":["Arcos de Valdevez"],"inLanguage":"pt-PT","copyrightYear":"2018","copyrightHolder":{"@id":"https:\/\/www.altominho.tv\/site\/#organization"}},{"@type":"WebPage","@id":"https:\/\/www.altominho.tv\/site\/2018\/11\/14\/casa-das-artes-recebe-o-2o-encontro-de-teatro-luso-galaico-de-15-a-18-de-novembro\/","url":"https:\/\/www.altominho.tv\/site\/2018\/11\/14\/casa-das-artes-recebe-o-2o-encontro-de-teatro-luso-galaico-de-15-a-18-de-novembro\/","name":"Casa das Artes recebe o 2\u00ba encontro de Teatro Luso-Galaico de 15 a 18 de novembro","isPartOf":{"@id":"https:\/\/www.altominho.tv\/site\/#website"},"primaryImageOfPage":{"@id":"https:\/\/www.altominho.tv\/site\/2018\/11\/14\/casa-das-artes-recebe-o-2o-encontro-de-teatro-luso-galaico-de-15-a-18-de-novembro\/#primaryimage"},"image":{"@id":"https:\/\/www.altominho.tv\/site\/2018\/11\/14\/casa-das-artes-recebe-o-2o-encontro-de-teatro-luso-galaico-de-15-a-18-de-novembro\/#primaryimage"},"thumbnailUrl":"https:\/\/www.altominho.tv\/site\/wp-content\/uploads\/2018\/11\/artes.jpg","datePublished":"2018-11-14T11:40:28+00:00","author":{"@id":"https:\/\/www.altominho.tv\/site\/#\/schema\/person\/a0e4ef6d041f98ca284393d8f1d97153"},"breadcrumb":{"@id":"https:\/\/www.altominho.tv\/site\/2018\/11\/14\/casa-das-artes-recebe-o-2o-encontro-de-teatro-luso-galaico-de-15-a-18-de-novembro\/#breadcrumb"},"inLanguage":"pt-PT","potentialAction":[{"@type":"ReadAction","target":["https:\/\/www.altominho.tv\/site\/2018\/11\/14\/casa-das-artes-recebe-o-2o-encontro-de-teatro-luso-galaico-de-15-a-18-de-novembro\/"]}]},{"@type":"ImageObject","inLanguage":"pt-PT","@id":"https:\/\/www.altominho.tv\/site\/2018\/11\/14\/casa-das-artes-recebe-o-2o-encontro-de-teatro-luso-galaico-de-15-a-18-de-novembro\/#primaryimage","url":"https:\/\/www.altominho.tv\/site\/wp-content\/uploads\/2018\/11\/artes.jpg","contentUrl":"https:\/\/www.altominho.tv\/site\/wp-content\/uploads\/2018\/11\/artes.jpg","width":1024,"height":645},{"@type":"BreadcrumbList","@id":"https:\/\/www.altominho.tv\/site\/2018\/11\/14\/casa-das-artes-recebe-o-2o-encontro-de-teatro-luso-galaico-de-15-a-18-de-novembro\/#breadcrumb","itemListElement":[{"@type":"ListItem","position":1,"name":"In\u00edcio","item":"https:\/\/www.altominho.tv\/site\/"},{"@type":"ListItem","position":2,"name":"Casa das Artes recebe o 2\u00ba encontro de Teatro Luso-Galaico de 15 a 18 de novembro"}]},{"@type":"WebSite","@id":"https:\/\/www.altominho.tv\/site\/#website","url":"https:\/\/www.altominho.tv\/site\/","name":"Altominho.tv","description":"A sua regi\u00e3o \u00e0 dist\u00e2ncia de um clique...","potentialAction":[{"@type":"SearchAction","target":{"@type":"EntryPoint","urlTemplate":"https:\/\/www.altominho.tv\/site\/?s={search_term_string}"},"query-input":{"@type":"PropertyValueSpecification","valueRequired":true,"valueName":"search_term_string"}}],"inLanguage":"pt-PT"},{"@type":"Person","@id":"https:\/\/www.altominho.tv\/site\/#\/schema\/person\/a0e4ef6d041f98ca284393d8f1d97153","name":"Andreia Cunha","image":{"@type":"ImageObject","inLanguage":"pt-PT","@id":"https:\/\/www.altominho.tv\/site\/wp-content\/uploads\/2017\/11\/Andreia_Cunha-1-150x150.jpg","url":"https:\/\/www.altominho.tv\/site\/wp-content\/uploads\/2017\/11\/Andreia_Cunha-1-150x150.jpg","contentUrl":"https:\/\/www.altominho.tv\/site\/wp-content\/uploads\/2017\/11\/Andreia_Cunha-1-150x150.jpg","caption":"Andreia Cunha"},"url":"https:\/\/www.altominho.tv\/site\/author\/andreiacunha\/"}]}},"_links":{"self":[{"href":"https:\/\/www.altominho.tv\/site\/wp-json\/wp\/v2\/posts\/20667","targetHints":{"allow":["GET"]}}],"collection":[{"href":"https:\/\/www.altominho.tv\/site\/wp-json\/wp\/v2\/posts"}],"about":[{"href":"https:\/\/www.altominho.tv\/site\/wp-json\/wp\/v2\/types\/post"}],"author":[{"embeddable":true,"href":"https:\/\/www.altominho.tv\/site\/wp-json\/wp\/v2\/users\/7"}],"replies":[{"embeddable":true,"href":"https:\/\/www.altominho.tv\/site\/wp-json\/wp\/v2\/comments?post=20667"}],"version-history":[{"count":0,"href":"https:\/\/www.altominho.tv\/site\/wp-json\/wp\/v2\/posts\/20667\/revisions"}],"wp:featuredmedia":[{"embeddable":true,"href":"https:\/\/www.altominho.tv\/site\/wp-json\/wp\/v2\/media\/20668"}],"wp:attachment":[{"href":"https:\/\/www.altominho.tv\/site\/wp-json\/wp\/v2\/media?parent=20667"}],"wp:term":[{"taxonomy":"category","embeddable":true,"href":"https:\/\/www.altominho.tv\/site\/wp-json\/wp\/v2\/categories?post=20667"},{"taxonomy":"post_tag","embeddable":true,"href":"https:\/\/www.altominho.tv\/site\/wp-json\/wp\/v2\/tags?post=20667"}],"curies":[{"name":"wp","href":"https:\/\/api.w.org\/{rel}","templated":true}]}}