{"id":20501,"date":"2018-11-09T15:48:25","date_gmt":"2018-11-09T15:48:25","guid":{"rendered":"http:\/\/www.altominho.tv\/site\/?p=20501"},"modified":"2018-11-09T15:48:25","modified_gmt":"2018-11-09T15:48:25","slug":"projeto-literario-fortalece-intercambio-cultural-entre-moncao-e-redondela","status":"publish","type":"post","link":"https:\/\/www.altominho.tv\/site\/2018\/11\/09\/projeto-literario-fortalece-intercambio-cultural-entre-moncao-e-redondela\/","title":{"rendered":"Projeto liter\u00e1rio fortalece interc\u00e2mbio cultural entre Mon\u00e7\u00e3o e Redondela"},"content":{"rendered":"<p>Os munic\u00edpios de Mon\u00e7\u00e3o e Redondela, localidade galega geminada com Mon\u00e7\u00e3o, estabeleceram uma parceria para concretizar o projeto \u201cLiteraturas Irm\u00e1s\/Irm\u00e3s\u201d.<\/p>\n<p>Segundo a autarquia de Mon\u00e7\u00e3o, trata-se de uma iniciativa cultural que tem como objetivo &#8220;dar a conhecer aos leitores de uma margem do rio Minho os escritores da outra margem&#8221;.<\/p>\n<p>\u201cEsta iniciativa visa a partilha de momentos culturais entre as comunidades de Mon\u00e7\u00e3o e Redondela, facilitando a aquisi\u00e7\u00e3o de conhecimentos dos escritores de Portugal e da Galiza e contribuindo para fortalecer o interc\u00e2mbio cultural entre as duas localidades\u201d, refere o vereador da C\u00e2mara de Mon\u00e7\u00e3o, Jo\u00e3o Oliveira.<\/p>\n<p>Neste \u00e2mbito, a Biblioteca P\u00fablica de Redondela apresenta publica\u00e7\u00f5es de Jos\u00e9 Saramago e a Biblioteca Municipal de Mon\u00e7\u00e3o possui obras liter\u00e1rias de Manuel Rivas, proporcionando aos respetivos leitores um conhecimento mais aprofundado do universo liter\u00e1rio destes dois escritores.<\/p>\n<p style=\"font-weight: 400\">As publica\u00e7\u00f5es que se encontram dispon\u00edveis numa das bibliotecas foram disponibilizadas pela outra biblioteca. A cada tr\u00eas meses, ser\u00e3o selecionados novos escritores, estando previstas algumas mesas redondas para debater a import\u00e2ncia destes interc\u00e2mbios culturais.<\/p>\n","protected":false},"excerpt":{"rendered":"<p>Os munic\u00edpios de Mon\u00e7\u00e3o e Redondela, localidade galega geminada com Mon\u00e7\u00e3o, estabeleceram uma parceria para concretizar o projeto \u201cLiteraturas Irm\u00e1s\/Irm\u00e3s\u201d. Segundo a autarquia de Mon\u00e7\u00e3o, trata-se de uma iniciativa cultural que tem como objetivo &#8220;dar a conhecer aos leitores de uma margem do rio Minho os escritores da outra margem&#8221;. \u201cEsta iniciativa visa a partilha [&hellip;]<\/p>\n","protected":false},"author":12,"featured_media":20503,"comment_status":"closed","ping_status":"closed","sticky":false,"template":"","format":"standard","meta":{"_exactmetrics_skip_tracking":false,"_exactmetrics_sitenote_active":false,"_exactmetrics_sitenote_note":"","_exactmetrics_sitenote_category":0,"footnotes":""},"categories":[9],"tags":[19],"class_list":["post-20501","post","type-post","status-publish","format-standard","has-post-thumbnail","hentry","category-moncao","tag-cultura"],"yoast_head":"<!-- This site is optimized with the Yoast SEO Premium plugin v27.5 (Yoast SEO v27.5) - https:\/\/yoast.com\/product\/yoast-seo-premium-wordpress\/ -->\n<title>Projeto liter\u00e1rio fortalece interc\u00e2mbio cultural entre Mon\u00e7\u00e3o e Redondela<\/title>\n<meta name=\"robots\" content=\"index, follow, max-snippet:-1, max-image-preview:large, max-video-preview:-1\" \/>\n<link rel=\"canonical\" href=\"https:\/\/www.altominho.tv\/site\/2018\/11\/09\/projeto-literario-fortalece-intercambio-cultural-entre-moncao-e-redondela\/\" \/>\n<meta property=\"og:locale\" content=\"pt_PT\" \/>\n<meta property=\"og:type\" content=\"article\" \/>\n<meta property=\"og:title\" content=\"Projeto liter\u00e1rio fortalece interc\u00e2mbio cultural entre Mon\u00e7\u00e3o e Redondela\" \/>\n<meta property=\"og:description\" content=\"Os munic\u00edpios de Mon\u00e7\u00e3o e Redondela, localidade galega geminada com Mon\u00e7\u00e3o, estabeleceram uma parceria para concretizar o projeto \u201cLiteraturas Irm\u00e1s\/Irm\u00e3s\u201d. Segundo a autarquia de Mon\u00e7\u00e3o, trata-se de uma iniciativa cultural que tem como objetivo &#8220;dar a conhecer aos leitores de uma margem do rio Minho os escritores da outra margem&#8221;. \u201cEsta iniciativa visa a partilha [&hellip;]\" \/>\n<meta property=\"og:url\" content=\"https:\/\/www.altominho.tv\/site\/2018\/11\/09\/projeto-literario-fortalece-intercambio-cultural-entre-moncao-e-redondela\/\" \/>\n<meta property=\"og:site_name\" content=\"Altominho.tv\" \/>\n<meta property=\"article:publisher\" content=\"https:\/\/www.facebook.com\/altominhotv\" \/>\n<meta property=\"article:published_time\" content=\"2018-11-09T15:48:25+00:00\" \/>\n<meta property=\"og:image\" content=\"https:\/\/www.altominho.tv\/site\/wp-content\/uploads\/2018\/11\/literatura.jpg\" \/>\n\t<meta property=\"og:image:width\" content=\"588\" \/>\n\t<meta property=\"og:image:height\" content=\"360\" \/>\n\t<meta property=\"og:image:type\" content=\"image\/jpeg\" \/>\n<meta name=\"author\" content=\"Andreia Ferreira\" \/>\n<meta name=\"twitter:card\" content=\"summary_large_image\" \/>\n<meta name=\"twitter:creator\" content=\"@altominhoTV\" \/>\n<meta name=\"twitter:site\" content=\"@altominhoTV\" \/>\n<meta name=\"twitter:label1\" content=\"Escrito por\" \/>\n\t<meta name=\"twitter:data1\" content=\"Andreia Ferreira\" \/>\n\t<meta name=\"twitter:label2\" content=\"Tempo estimado de leitura\" \/>\n\t<meta name=\"twitter:data2\" content=\"1 minuto\" \/>\n<script type=\"application\/ld+json\" class=\"yoast-schema-graph\">{\"@context\":\"https:\\\/\\\/schema.org\",\"@graph\":[{\"@type\":\"Article\",\"@id\":\"https:\\\/\\\/www.altominho.tv\\\/site\\\/2018\\\/11\\\/09\\\/projeto-literario-fortalece-intercambio-cultural-entre-moncao-e-redondela\\\/#article\",\"isPartOf\":{\"@id\":\"https:\\\/\\\/www.altominho.tv\\\/site\\\/2018\\\/11\\\/09\\\/projeto-literario-fortalece-intercambio-cultural-entre-moncao-e-redondela\\\/\"},\"author\":{\"name\":\"Andreia Ferreira\",\"@id\":\"https:\\\/\\\/www.altominho.tv\\\/site\\\/#\\\/schema\\\/person\\\/d9be4265364723f14ea8e0d56a1d38cd\"},\"headline\":\"Projeto liter\u00e1rio fortalece interc\u00e2mbio cultural entre Mon\u00e7\u00e3o e Redondela\",\"datePublished\":\"2018-11-09T15:48:25+00:00\",\"mainEntityOfPage\":{\"@id\":\"https:\\\/\\\/www.altominho.tv\\\/site\\\/2018\\\/11\\\/09\\\/projeto-literario-fortalece-intercambio-cultural-entre-moncao-e-redondela\\\/\"},\"wordCount\":205,\"image\":{\"@id\":\"https:\\\/\\\/www.altominho.tv\\\/site\\\/2018\\\/11\\\/09\\\/projeto-literario-fortalece-intercambio-cultural-entre-moncao-e-redondela\\\/#primaryimage\"},\"thumbnailUrl\":\"https:\\\/\\\/www.altominho.tv\\\/site\\\/wp-content\\\/uploads\\\/2018\\\/11\\\/literatura.jpg\",\"keywords\":[\"Cultura\"],\"articleSection\":[\"Mon\u00e7\u00e3o\"],\"inLanguage\":\"pt-PT\",\"copyrightYear\":\"2018\",\"copyrightHolder\":{\"@id\":\"https:\\\/\\\/www.altominho.tv\\\/site\\\/#organization\"}},{\"@type\":\"WebPage\",\"@id\":\"https:\\\/\\\/www.altominho.tv\\\/site\\\/2018\\\/11\\\/09\\\/projeto-literario-fortalece-intercambio-cultural-entre-moncao-e-redondela\\\/\",\"url\":\"https:\\\/\\\/www.altominho.tv\\\/site\\\/2018\\\/11\\\/09\\\/projeto-literario-fortalece-intercambio-cultural-entre-moncao-e-redondela\\\/\",\"name\":\"Projeto liter\u00e1rio fortalece interc\u00e2mbio cultural entre Mon\u00e7\u00e3o e Redondela\",\"isPartOf\":{\"@id\":\"https:\\\/\\\/www.altominho.tv\\\/site\\\/#website\"},\"primaryImageOfPage\":{\"@id\":\"https:\\\/\\\/www.altominho.tv\\\/site\\\/2018\\\/11\\\/09\\\/projeto-literario-fortalece-intercambio-cultural-entre-moncao-e-redondela\\\/#primaryimage\"},\"image\":{\"@id\":\"https:\\\/\\\/www.altominho.tv\\\/site\\\/2018\\\/11\\\/09\\\/projeto-literario-fortalece-intercambio-cultural-entre-moncao-e-redondela\\\/#primaryimage\"},\"thumbnailUrl\":\"https:\\\/\\\/www.altominho.tv\\\/site\\\/wp-content\\\/uploads\\\/2018\\\/11\\\/literatura.jpg\",\"datePublished\":\"2018-11-09T15:48:25+00:00\",\"author\":{\"@id\":\"https:\\\/\\\/www.altominho.tv\\\/site\\\/#\\\/schema\\\/person\\\/d9be4265364723f14ea8e0d56a1d38cd\"},\"breadcrumb\":{\"@id\":\"https:\\\/\\\/www.altominho.tv\\\/site\\\/2018\\\/11\\\/09\\\/projeto-literario-fortalece-intercambio-cultural-entre-moncao-e-redondela\\\/#breadcrumb\"},\"inLanguage\":\"pt-PT\",\"potentialAction\":[{\"@type\":\"ReadAction\",\"target\":[\"https:\\\/\\\/www.altominho.tv\\\/site\\\/2018\\\/11\\\/09\\\/projeto-literario-fortalece-intercambio-cultural-entre-moncao-e-redondela\\\/\"]}]},{\"@type\":\"ImageObject\",\"inLanguage\":\"pt-PT\",\"@id\":\"https:\\\/\\\/www.altominho.tv\\\/site\\\/2018\\\/11\\\/09\\\/projeto-literario-fortalece-intercambio-cultural-entre-moncao-e-redondela\\\/#primaryimage\",\"url\":\"https:\\\/\\\/www.altominho.tv\\\/site\\\/wp-content\\\/uploads\\\/2018\\\/11\\\/literatura.jpg\",\"contentUrl\":\"https:\\\/\\\/www.altominho.tv\\\/site\\\/wp-content\\\/uploads\\\/2018\\\/11\\\/literatura.jpg\",\"width\":588,\"height\":360},{\"@type\":\"BreadcrumbList\",\"@id\":\"https:\\\/\\\/www.altominho.tv\\\/site\\\/2018\\\/11\\\/09\\\/projeto-literario-fortalece-intercambio-cultural-entre-moncao-e-redondela\\\/#breadcrumb\",\"itemListElement\":[{\"@type\":\"ListItem\",\"position\":1,\"name\":\"In\u00edcio\",\"item\":\"https:\\\/\\\/www.altominho.tv\\\/site\\\/\"},{\"@type\":\"ListItem\",\"position\":2,\"name\":\"Projeto liter\u00e1rio fortalece interc\u00e2mbio cultural entre Mon\u00e7\u00e3o e Redondela\"}]},{\"@type\":\"WebSite\",\"@id\":\"https:\\\/\\\/www.altominho.tv\\\/site\\\/#website\",\"url\":\"https:\\\/\\\/www.altominho.tv\\\/site\\\/\",\"name\":\"Altominho.tv\",\"description\":\"A sua regi\u00e3o \u00e0 dist\u00e2ncia de um clique...\",\"potentialAction\":[{\"@type\":\"SearchAction\",\"target\":{\"@type\":\"EntryPoint\",\"urlTemplate\":\"https:\\\/\\\/www.altominho.tv\\\/site\\\/?s={search_term_string}\"},\"query-input\":{\"@type\":\"PropertyValueSpecification\",\"valueRequired\":true,\"valueName\":\"search_term_string\"}}],\"inLanguage\":\"pt-PT\"},{\"@type\":\"Person\",\"@id\":\"https:\\\/\\\/www.altominho.tv\\\/site\\\/#\\\/schema\\\/person\\\/d9be4265364723f14ea8e0d56a1d38cd\",\"name\":\"Andreia Ferreira\",\"image\":{\"@type\":\"ImageObject\",\"inLanguage\":\"pt-PT\",\"@id\":\"https:\\\/\\\/www.altominho.tv\\\/site\\\/wp-content\\\/uploads\\\/2021\\\/01\\\/AndreiaFerreira-150x150.jpg\",\"url\":\"https:\\\/\\\/www.altominho.tv\\\/site\\\/wp-content\\\/uploads\\\/2021\\\/01\\\/AndreiaFerreira-150x150.jpg\",\"contentUrl\":\"https:\\\/\\\/www.altominho.tv\\\/site\\\/wp-content\\\/uploads\\\/2021\\\/01\\\/AndreiaFerreira-150x150.jpg\",\"caption\":\"Andreia Ferreira\"},\"url\":\"https:\\\/\\\/www.altominho.tv\\\/site\\\/author\\\/andreiaferreira\\\/\"}]}<\/script>\n<!-- \/ Yoast SEO Premium plugin. -->","yoast_head_json":{"title":"Projeto liter\u00e1rio fortalece interc\u00e2mbio cultural entre Mon\u00e7\u00e3o e Redondela","robots":{"index":"index","follow":"follow","max-snippet":"max-snippet:-1","max-image-preview":"max-image-preview:large","max-video-preview":"max-video-preview:-1"},"canonical":"https:\/\/www.altominho.tv\/site\/2018\/11\/09\/projeto-literario-fortalece-intercambio-cultural-entre-moncao-e-redondela\/","og_locale":"pt_PT","og_type":"article","og_title":"Projeto liter\u00e1rio fortalece interc\u00e2mbio cultural entre Mon\u00e7\u00e3o e Redondela","og_description":"Os munic\u00edpios de Mon\u00e7\u00e3o e Redondela, localidade galega geminada com Mon\u00e7\u00e3o, estabeleceram uma parceria para concretizar o projeto \u201cLiteraturas Irm\u00e1s\/Irm\u00e3s\u201d. Segundo a autarquia de Mon\u00e7\u00e3o, trata-se de uma iniciativa cultural que tem como objetivo &#8220;dar a conhecer aos leitores de uma margem do rio Minho os escritores da outra margem&#8221;. \u201cEsta iniciativa visa a partilha [&hellip;]","og_url":"https:\/\/www.altominho.tv\/site\/2018\/11\/09\/projeto-literario-fortalece-intercambio-cultural-entre-moncao-e-redondela\/","og_site_name":"Altominho.tv","article_publisher":"https:\/\/www.facebook.com\/altominhotv","article_published_time":"2018-11-09T15:48:25+00:00","og_image":[{"width":588,"height":360,"url":"https:\/\/www.altominho.tv\/site\/wp-content\/uploads\/2018\/11\/literatura.jpg","type":"image\/jpeg"}],"author":"Andreia Ferreira","twitter_card":"summary_large_image","twitter_creator":"@altominhoTV","twitter_site":"@altominhoTV","twitter_misc":{"Escrito por":"Andreia Ferreira","Tempo estimado de leitura":"1 minuto"},"schema":{"@context":"https:\/\/schema.org","@graph":[{"@type":"Article","@id":"https:\/\/www.altominho.tv\/site\/2018\/11\/09\/projeto-literario-fortalece-intercambio-cultural-entre-moncao-e-redondela\/#article","isPartOf":{"@id":"https:\/\/www.altominho.tv\/site\/2018\/11\/09\/projeto-literario-fortalece-intercambio-cultural-entre-moncao-e-redondela\/"},"author":{"name":"Andreia Ferreira","@id":"https:\/\/www.altominho.tv\/site\/#\/schema\/person\/d9be4265364723f14ea8e0d56a1d38cd"},"headline":"Projeto liter\u00e1rio fortalece interc\u00e2mbio cultural entre Mon\u00e7\u00e3o e Redondela","datePublished":"2018-11-09T15:48:25+00:00","mainEntityOfPage":{"@id":"https:\/\/www.altominho.tv\/site\/2018\/11\/09\/projeto-literario-fortalece-intercambio-cultural-entre-moncao-e-redondela\/"},"wordCount":205,"image":{"@id":"https:\/\/www.altominho.tv\/site\/2018\/11\/09\/projeto-literario-fortalece-intercambio-cultural-entre-moncao-e-redondela\/#primaryimage"},"thumbnailUrl":"https:\/\/www.altominho.tv\/site\/wp-content\/uploads\/2018\/11\/literatura.jpg","keywords":["Cultura"],"articleSection":["Mon\u00e7\u00e3o"],"inLanguage":"pt-PT","copyrightYear":"2018","copyrightHolder":{"@id":"https:\/\/www.altominho.tv\/site\/#organization"}},{"@type":"WebPage","@id":"https:\/\/www.altominho.tv\/site\/2018\/11\/09\/projeto-literario-fortalece-intercambio-cultural-entre-moncao-e-redondela\/","url":"https:\/\/www.altominho.tv\/site\/2018\/11\/09\/projeto-literario-fortalece-intercambio-cultural-entre-moncao-e-redondela\/","name":"Projeto liter\u00e1rio fortalece interc\u00e2mbio cultural entre Mon\u00e7\u00e3o e Redondela","isPartOf":{"@id":"https:\/\/www.altominho.tv\/site\/#website"},"primaryImageOfPage":{"@id":"https:\/\/www.altominho.tv\/site\/2018\/11\/09\/projeto-literario-fortalece-intercambio-cultural-entre-moncao-e-redondela\/#primaryimage"},"image":{"@id":"https:\/\/www.altominho.tv\/site\/2018\/11\/09\/projeto-literario-fortalece-intercambio-cultural-entre-moncao-e-redondela\/#primaryimage"},"thumbnailUrl":"https:\/\/www.altominho.tv\/site\/wp-content\/uploads\/2018\/11\/literatura.jpg","datePublished":"2018-11-09T15:48:25+00:00","author":{"@id":"https:\/\/www.altominho.tv\/site\/#\/schema\/person\/d9be4265364723f14ea8e0d56a1d38cd"},"breadcrumb":{"@id":"https:\/\/www.altominho.tv\/site\/2018\/11\/09\/projeto-literario-fortalece-intercambio-cultural-entre-moncao-e-redondela\/#breadcrumb"},"inLanguage":"pt-PT","potentialAction":[{"@type":"ReadAction","target":["https:\/\/www.altominho.tv\/site\/2018\/11\/09\/projeto-literario-fortalece-intercambio-cultural-entre-moncao-e-redondela\/"]}]},{"@type":"ImageObject","inLanguage":"pt-PT","@id":"https:\/\/www.altominho.tv\/site\/2018\/11\/09\/projeto-literario-fortalece-intercambio-cultural-entre-moncao-e-redondela\/#primaryimage","url":"https:\/\/www.altominho.tv\/site\/wp-content\/uploads\/2018\/11\/literatura.jpg","contentUrl":"https:\/\/www.altominho.tv\/site\/wp-content\/uploads\/2018\/11\/literatura.jpg","width":588,"height":360},{"@type":"BreadcrumbList","@id":"https:\/\/www.altominho.tv\/site\/2018\/11\/09\/projeto-literario-fortalece-intercambio-cultural-entre-moncao-e-redondela\/#breadcrumb","itemListElement":[{"@type":"ListItem","position":1,"name":"In\u00edcio","item":"https:\/\/www.altominho.tv\/site\/"},{"@type":"ListItem","position":2,"name":"Projeto liter\u00e1rio fortalece interc\u00e2mbio cultural entre Mon\u00e7\u00e3o e Redondela"}]},{"@type":"WebSite","@id":"https:\/\/www.altominho.tv\/site\/#website","url":"https:\/\/www.altominho.tv\/site\/","name":"Altominho.tv","description":"A sua regi\u00e3o \u00e0 dist\u00e2ncia de um clique...","potentialAction":[{"@type":"SearchAction","target":{"@type":"EntryPoint","urlTemplate":"https:\/\/www.altominho.tv\/site\/?s={search_term_string}"},"query-input":{"@type":"PropertyValueSpecification","valueRequired":true,"valueName":"search_term_string"}}],"inLanguage":"pt-PT"},{"@type":"Person","@id":"https:\/\/www.altominho.tv\/site\/#\/schema\/person\/d9be4265364723f14ea8e0d56a1d38cd","name":"Andreia Ferreira","image":{"@type":"ImageObject","inLanguage":"pt-PT","@id":"https:\/\/www.altominho.tv\/site\/wp-content\/uploads\/2021\/01\/AndreiaFerreira-150x150.jpg","url":"https:\/\/www.altominho.tv\/site\/wp-content\/uploads\/2021\/01\/AndreiaFerreira-150x150.jpg","contentUrl":"https:\/\/www.altominho.tv\/site\/wp-content\/uploads\/2021\/01\/AndreiaFerreira-150x150.jpg","caption":"Andreia Ferreira"},"url":"https:\/\/www.altominho.tv\/site\/author\/andreiaferreira\/"}]}},"_links":{"self":[{"href":"https:\/\/www.altominho.tv\/site\/wp-json\/wp\/v2\/posts\/20501","targetHints":{"allow":["GET"]}}],"collection":[{"href":"https:\/\/www.altominho.tv\/site\/wp-json\/wp\/v2\/posts"}],"about":[{"href":"https:\/\/www.altominho.tv\/site\/wp-json\/wp\/v2\/types\/post"}],"author":[{"embeddable":true,"href":"https:\/\/www.altominho.tv\/site\/wp-json\/wp\/v2\/users\/12"}],"replies":[{"embeddable":true,"href":"https:\/\/www.altominho.tv\/site\/wp-json\/wp\/v2\/comments?post=20501"}],"version-history":[{"count":0,"href":"https:\/\/www.altominho.tv\/site\/wp-json\/wp\/v2\/posts\/20501\/revisions"}],"wp:featuredmedia":[{"embeddable":true,"href":"https:\/\/www.altominho.tv\/site\/wp-json\/wp\/v2\/media\/20503"}],"wp:attachment":[{"href":"https:\/\/www.altominho.tv\/site\/wp-json\/wp\/v2\/media?parent=20501"}],"wp:term":[{"taxonomy":"category","embeddable":true,"href":"https:\/\/www.altominho.tv\/site\/wp-json\/wp\/v2\/categories?post=20501"},{"taxonomy":"post_tag","embeddable":true,"href":"https:\/\/www.altominho.tv\/site\/wp-json\/wp\/v2\/tags?post=20501"}],"curies":[{"name":"wp","href":"https:\/\/api.w.org\/{rel}","templated":true}]}}