{"id":20467,"date":"2018-11-08T19:19:56","date_gmt":"2018-11-08T19:19:56","guid":{"rendered":"http:\/\/www.altominho.tv\/site\/?p=20467"},"modified":"2018-11-08T19:19:56","modified_gmt":"2018-11-08T19:19:56","slug":"rapariga-de-16-anos-em-estado-grave-apos-atropelamento-em-moncao","status":"publish","type":"post","link":"https:\/\/www.altominho.tv\/site\/2018\/11\/08\/rapariga-de-16-anos-em-estado-grave-apos-atropelamento-em-moncao\/","title":{"rendered":"Rapariga de 16 anos em estado grave ap\u00f3s atropelamento em Mon\u00e7\u00e3o"},"content":{"rendered":"<p>Uma rapariga de 16 anos ficou em estado grave depois de ter sido atropelada por um ve\u00edculo ligeiro, na Estrada Nacional (EN) 101, na freguesia de Mazedo, em Mon\u00e7\u00e3o.<\/p>\n<p>De acordo com fonte do Comando Distrital de Opera\u00e7\u00f5es de Socorro (CDOS) de Viana do Castelo foi acionado o helic\u00f3ptero do INEM para transporte da v\u00edtima ao hospital.<\/p>\n<p>O acidente ocorreu cerca das 18h03, no lugar de Eirado, estando ainda por \u00a0apurar as circunst\u00e2ncias em que ocorreu o atropelamento.<\/p>\n<p>Ao local compareceram ainda seis operacionais e tr\u00eas viaturas dos Bombeiros Volunt\u00e1rios de Mon\u00e7\u00e3o, a ambul\u00e2ncia de Suporte Imediato de Vida (SIV) de Melga\u00e7o e a GNR.<\/p>\n","protected":false},"excerpt":{"rendered":"<p>Uma rapariga de 16 anos ficou em estado grave depois de ter sido atropelada por um ve\u00edculo ligeiro, na Estrada Nacional (EN) 101, na freguesia de Mazedo, em Mon\u00e7\u00e3o. De acordo com fonte do Comando Distrital de Opera\u00e7\u00f5es de Socorro (CDOS) de Viana do Castelo foi acionado o helic\u00f3ptero do INEM para transporte da v\u00edtima [&hellip;]<\/p>\n","protected":false},"author":12,"featured_media":19397,"comment_status":"closed","ping_status":"closed","sticky":false,"template":"","format":"standard","meta":{"_exactmetrics_skip_tracking":false,"_exactmetrics_sitenote_active":false,"_exactmetrics_sitenote_note":"","_exactmetrics_sitenote_category":0,"footnotes":""},"categories":[9],"tags":[27],"class_list":["post-20467","post","type-post","status-publish","format-standard","has-post-thumbnail","hentry","category-moncao","tag-sociedade"],"yoast_head":"<!-- This site is optimized with the Yoast SEO Premium plugin v27.5 (Yoast SEO v27.5) - https:\/\/yoast.com\/product\/yoast-seo-premium-wordpress\/ -->\n<title>Rapariga de 16 anos em estado grave ap\u00f3s atropelamento em Mon\u00e7\u00e3o<\/title>\n<meta name=\"robots\" content=\"index, follow, max-snippet:-1, max-image-preview:large, max-video-preview:-1\" \/>\n<link rel=\"canonical\" href=\"https:\/\/www.altominho.tv\/site\/2018\/11\/08\/rapariga-de-16-anos-em-estado-grave-apos-atropelamento-em-moncao\/\" \/>\n<meta property=\"og:locale\" content=\"pt_PT\" \/>\n<meta property=\"og:type\" content=\"article\" \/>\n<meta property=\"og:title\" content=\"Rapariga de 16 anos em estado grave ap\u00f3s atropelamento em Mon\u00e7\u00e3o\" \/>\n<meta property=\"og:description\" content=\"Uma rapariga de 16 anos ficou em estado grave depois de ter sido atropelada por um ve\u00edculo ligeiro, na Estrada Nacional (EN) 101, na freguesia de Mazedo, em Mon\u00e7\u00e3o. De acordo com fonte do Comando Distrital de Opera\u00e7\u00f5es de Socorro (CDOS) de Viana do Castelo foi acionado o helic\u00f3ptero do INEM para transporte da v\u00edtima [&hellip;]\" \/>\n<meta property=\"og:url\" content=\"https:\/\/www.altominho.tv\/site\/2018\/11\/08\/rapariga-de-16-anos-em-estado-grave-apos-atropelamento-em-moncao\/\" \/>\n<meta property=\"og:site_name\" content=\"Altominho.tv\" \/>\n<meta property=\"article:publisher\" content=\"https:\/\/www.facebook.com\/altominhotv\" \/>\n<meta property=\"article:published_time\" content=\"2018-11-08T19:19:56+00:00\" \/>\n<meta property=\"og:image\" content=\"https:\/\/www.altominho.tv\/site\/wp-content\/uploads\/2018\/10\/inem.jpg\" \/>\n\t<meta property=\"og:image:width\" content=\"907\" \/>\n\t<meta property=\"og:image:height\" content=\"605\" \/>\n\t<meta property=\"og:image:type\" content=\"image\/jpeg\" \/>\n<meta name=\"author\" content=\"Andreia Ferreira\" \/>\n<meta name=\"twitter:card\" content=\"summary_large_image\" \/>\n<meta name=\"twitter:creator\" content=\"@altominhoTV\" \/>\n<meta name=\"twitter:site\" content=\"@altominhoTV\" \/>\n<meta name=\"twitter:label1\" content=\"Escrito por\" \/>\n\t<meta name=\"twitter:data1\" content=\"Andreia Ferreira\" \/>\n\t<meta name=\"twitter:label2\" content=\"Tempo estimado de leitura\" \/>\n\t<meta name=\"twitter:data2\" content=\"1 minuto\" \/>\n<script type=\"application\/ld+json\" class=\"yoast-schema-graph\">{\"@context\":\"https:\\\/\\\/schema.org\",\"@graph\":[{\"@type\":\"Article\",\"@id\":\"https:\\\/\\\/www.altominho.tv\\\/site\\\/2018\\\/11\\\/08\\\/rapariga-de-16-anos-em-estado-grave-apos-atropelamento-em-moncao\\\/#article\",\"isPartOf\":{\"@id\":\"https:\\\/\\\/www.altominho.tv\\\/site\\\/2018\\\/11\\\/08\\\/rapariga-de-16-anos-em-estado-grave-apos-atropelamento-em-moncao\\\/\"},\"author\":{\"name\":\"Andreia Ferreira\",\"@id\":\"https:\\\/\\\/www.altominho.tv\\\/site\\\/#\\\/schema\\\/person\\\/d9be4265364723f14ea8e0d56a1d38cd\"},\"headline\":\"Rapariga de 16 anos em estado grave ap\u00f3s atropelamento em Mon\u00e7\u00e3o\",\"datePublished\":\"2018-11-08T19:19:56+00:00\",\"mainEntityOfPage\":{\"@id\":\"https:\\\/\\\/www.altominho.tv\\\/site\\\/2018\\\/11\\\/08\\\/rapariga-de-16-anos-em-estado-grave-apos-atropelamento-em-moncao\\\/\"},\"wordCount\":126,\"image\":{\"@id\":\"https:\\\/\\\/www.altominho.tv\\\/site\\\/2018\\\/11\\\/08\\\/rapariga-de-16-anos-em-estado-grave-apos-atropelamento-em-moncao\\\/#primaryimage\"},\"thumbnailUrl\":\"https:\\\/\\\/www.altominho.tv\\\/site\\\/wp-content\\\/uploads\\\/2018\\\/10\\\/inem.jpg\",\"keywords\":[\"Sociedade\"],\"articleSection\":[\"Mon\u00e7\u00e3o\"],\"inLanguage\":\"pt-PT\",\"copyrightYear\":\"2018\",\"copyrightHolder\":{\"@id\":\"https:\\\/\\\/www.altominho.tv\\\/site\\\/#organization\"}},{\"@type\":\"WebPage\",\"@id\":\"https:\\\/\\\/www.altominho.tv\\\/site\\\/2018\\\/11\\\/08\\\/rapariga-de-16-anos-em-estado-grave-apos-atropelamento-em-moncao\\\/\",\"url\":\"https:\\\/\\\/www.altominho.tv\\\/site\\\/2018\\\/11\\\/08\\\/rapariga-de-16-anos-em-estado-grave-apos-atropelamento-em-moncao\\\/\",\"name\":\"Rapariga de 16 anos em estado grave ap\u00f3s atropelamento em Mon\u00e7\u00e3o\",\"isPartOf\":{\"@id\":\"https:\\\/\\\/www.altominho.tv\\\/site\\\/#website\"},\"primaryImageOfPage\":{\"@id\":\"https:\\\/\\\/www.altominho.tv\\\/site\\\/2018\\\/11\\\/08\\\/rapariga-de-16-anos-em-estado-grave-apos-atropelamento-em-moncao\\\/#primaryimage\"},\"image\":{\"@id\":\"https:\\\/\\\/www.altominho.tv\\\/site\\\/2018\\\/11\\\/08\\\/rapariga-de-16-anos-em-estado-grave-apos-atropelamento-em-moncao\\\/#primaryimage\"},\"thumbnailUrl\":\"https:\\\/\\\/www.altominho.tv\\\/site\\\/wp-content\\\/uploads\\\/2018\\\/10\\\/inem.jpg\",\"datePublished\":\"2018-11-08T19:19:56+00:00\",\"author\":{\"@id\":\"https:\\\/\\\/www.altominho.tv\\\/site\\\/#\\\/schema\\\/person\\\/d9be4265364723f14ea8e0d56a1d38cd\"},\"breadcrumb\":{\"@id\":\"https:\\\/\\\/www.altominho.tv\\\/site\\\/2018\\\/11\\\/08\\\/rapariga-de-16-anos-em-estado-grave-apos-atropelamento-em-moncao\\\/#breadcrumb\"},\"inLanguage\":\"pt-PT\",\"potentialAction\":[{\"@type\":\"ReadAction\",\"target\":[\"https:\\\/\\\/www.altominho.tv\\\/site\\\/2018\\\/11\\\/08\\\/rapariga-de-16-anos-em-estado-grave-apos-atropelamento-em-moncao\\\/\"]}]},{\"@type\":\"ImageObject\",\"inLanguage\":\"pt-PT\",\"@id\":\"https:\\\/\\\/www.altominho.tv\\\/site\\\/2018\\\/11\\\/08\\\/rapariga-de-16-anos-em-estado-grave-apos-atropelamento-em-moncao\\\/#primaryimage\",\"url\":\"https:\\\/\\\/www.altominho.tv\\\/site\\\/wp-content\\\/uploads\\\/2018\\\/10\\\/inem.jpg\",\"contentUrl\":\"https:\\\/\\\/www.altominho.tv\\\/site\\\/wp-content\\\/uploads\\\/2018\\\/10\\\/inem.jpg\",\"width\":907,\"height\":605},{\"@type\":\"BreadcrumbList\",\"@id\":\"https:\\\/\\\/www.altominho.tv\\\/site\\\/2018\\\/11\\\/08\\\/rapariga-de-16-anos-em-estado-grave-apos-atropelamento-em-moncao\\\/#breadcrumb\",\"itemListElement\":[{\"@type\":\"ListItem\",\"position\":1,\"name\":\"In\u00edcio\",\"item\":\"https:\\\/\\\/www.altominho.tv\\\/site\\\/\"},{\"@type\":\"ListItem\",\"position\":2,\"name\":\"Rapariga de 16 anos em estado grave ap\u00f3s atropelamento em Mon\u00e7\u00e3o\"}]},{\"@type\":\"WebSite\",\"@id\":\"https:\\\/\\\/www.altominho.tv\\\/site\\\/#website\",\"url\":\"https:\\\/\\\/www.altominho.tv\\\/site\\\/\",\"name\":\"Altominho.tv\",\"description\":\"A sua regi\u00e3o \u00e0 dist\u00e2ncia de um clique...\",\"potentialAction\":[{\"@type\":\"SearchAction\",\"target\":{\"@type\":\"EntryPoint\",\"urlTemplate\":\"https:\\\/\\\/www.altominho.tv\\\/site\\\/?s={search_term_string}\"},\"query-input\":{\"@type\":\"PropertyValueSpecification\",\"valueRequired\":true,\"valueName\":\"search_term_string\"}}],\"inLanguage\":\"pt-PT\"},{\"@type\":\"Person\",\"@id\":\"https:\\\/\\\/www.altominho.tv\\\/site\\\/#\\\/schema\\\/person\\\/d9be4265364723f14ea8e0d56a1d38cd\",\"name\":\"Andreia Ferreira\",\"image\":{\"@type\":\"ImageObject\",\"inLanguage\":\"pt-PT\",\"@id\":\"https:\\\/\\\/www.altominho.tv\\\/site\\\/wp-content\\\/uploads\\\/2021\\\/01\\\/AndreiaFerreira-150x150.jpg\",\"url\":\"https:\\\/\\\/www.altominho.tv\\\/site\\\/wp-content\\\/uploads\\\/2021\\\/01\\\/AndreiaFerreira-150x150.jpg\",\"contentUrl\":\"https:\\\/\\\/www.altominho.tv\\\/site\\\/wp-content\\\/uploads\\\/2021\\\/01\\\/AndreiaFerreira-150x150.jpg\",\"caption\":\"Andreia Ferreira\"},\"url\":\"https:\\\/\\\/www.altominho.tv\\\/site\\\/author\\\/andreiaferreira\\\/\"}]}<\/script>\n<!-- \/ Yoast SEO Premium plugin. -->","yoast_head_json":{"title":"Rapariga de 16 anos em estado grave ap\u00f3s atropelamento em Mon\u00e7\u00e3o","robots":{"index":"index","follow":"follow","max-snippet":"max-snippet:-1","max-image-preview":"max-image-preview:large","max-video-preview":"max-video-preview:-1"},"canonical":"https:\/\/www.altominho.tv\/site\/2018\/11\/08\/rapariga-de-16-anos-em-estado-grave-apos-atropelamento-em-moncao\/","og_locale":"pt_PT","og_type":"article","og_title":"Rapariga de 16 anos em estado grave ap\u00f3s atropelamento em Mon\u00e7\u00e3o","og_description":"Uma rapariga de 16 anos ficou em estado grave depois de ter sido atropelada por um ve\u00edculo ligeiro, na Estrada Nacional (EN) 101, na freguesia de Mazedo, em Mon\u00e7\u00e3o. De acordo com fonte do Comando Distrital de Opera\u00e7\u00f5es de Socorro (CDOS) de Viana do Castelo foi acionado o helic\u00f3ptero do INEM para transporte da v\u00edtima [&hellip;]","og_url":"https:\/\/www.altominho.tv\/site\/2018\/11\/08\/rapariga-de-16-anos-em-estado-grave-apos-atropelamento-em-moncao\/","og_site_name":"Altominho.tv","article_publisher":"https:\/\/www.facebook.com\/altominhotv","article_published_time":"2018-11-08T19:19:56+00:00","og_image":[{"width":907,"height":605,"url":"https:\/\/www.altominho.tv\/site\/wp-content\/uploads\/2018\/10\/inem.jpg","type":"image\/jpeg"}],"author":"Andreia Ferreira","twitter_card":"summary_large_image","twitter_creator":"@altominhoTV","twitter_site":"@altominhoTV","twitter_misc":{"Escrito por":"Andreia Ferreira","Tempo estimado de leitura":"1 minuto"},"schema":{"@context":"https:\/\/schema.org","@graph":[{"@type":"Article","@id":"https:\/\/www.altominho.tv\/site\/2018\/11\/08\/rapariga-de-16-anos-em-estado-grave-apos-atropelamento-em-moncao\/#article","isPartOf":{"@id":"https:\/\/www.altominho.tv\/site\/2018\/11\/08\/rapariga-de-16-anos-em-estado-grave-apos-atropelamento-em-moncao\/"},"author":{"name":"Andreia Ferreira","@id":"https:\/\/www.altominho.tv\/site\/#\/schema\/person\/d9be4265364723f14ea8e0d56a1d38cd"},"headline":"Rapariga de 16 anos em estado grave ap\u00f3s atropelamento em Mon\u00e7\u00e3o","datePublished":"2018-11-08T19:19:56+00:00","mainEntityOfPage":{"@id":"https:\/\/www.altominho.tv\/site\/2018\/11\/08\/rapariga-de-16-anos-em-estado-grave-apos-atropelamento-em-moncao\/"},"wordCount":126,"image":{"@id":"https:\/\/www.altominho.tv\/site\/2018\/11\/08\/rapariga-de-16-anos-em-estado-grave-apos-atropelamento-em-moncao\/#primaryimage"},"thumbnailUrl":"https:\/\/www.altominho.tv\/site\/wp-content\/uploads\/2018\/10\/inem.jpg","keywords":["Sociedade"],"articleSection":["Mon\u00e7\u00e3o"],"inLanguage":"pt-PT","copyrightYear":"2018","copyrightHolder":{"@id":"https:\/\/www.altominho.tv\/site\/#organization"}},{"@type":"WebPage","@id":"https:\/\/www.altominho.tv\/site\/2018\/11\/08\/rapariga-de-16-anos-em-estado-grave-apos-atropelamento-em-moncao\/","url":"https:\/\/www.altominho.tv\/site\/2018\/11\/08\/rapariga-de-16-anos-em-estado-grave-apos-atropelamento-em-moncao\/","name":"Rapariga de 16 anos em estado grave ap\u00f3s atropelamento em Mon\u00e7\u00e3o","isPartOf":{"@id":"https:\/\/www.altominho.tv\/site\/#website"},"primaryImageOfPage":{"@id":"https:\/\/www.altominho.tv\/site\/2018\/11\/08\/rapariga-de-16-anos-em-estado-grave-apos-atropelamento-em-moncao\/#primaryimage"},"image":{"@id":"https:\/\/www.altominho.tv\/site\/2018\/11\/08\/rapariga-de-16-anos-em-estado-grave-apos-atropelamento-em-moncao\/#primaryimage"},"thumbnailUrl":"https:\/\/www.altominho.tv\/site\/wp-content\/uploads\/2018\/10\/inem.jpg","datePublished":"2018-11-08T19:19:56+00:00","author":{"@id":"https:\/\/www.altominho.tv\/site\/#\/schema\/person\/d9be4265364723f14ea8e0d56a1d38cd"},"breadcrumb":{"@id":"https:\/\/www.altominho.tv\/site\/2018\/11\/08\/rapariga-de-16-anos-em-estado-grave-apos-atropelamento-em-moncao\/#breadcrumb"},"inLanguage":"pt-PT","potentialAction":[{"@type":"ReadAction","target":["https:\/\/www.altominho.tv\/site\/2018\/11\/08\/rapariga-de-16-anos-em-estado-grave-apos-atropelamento-em-moncao\/"]}]},{"@type":"ImageObject","inLanguage":"pt-PT","@id":"https:\/\/www.altominho.tv\/site\/2018\/11\/08\/rapariga-de-16-anos-em-estado-grave-apos-atropelamento-em-moncao\/#primaryimage","url":"https:\/\/www.altominho.tv\/site\/wp-content\/uploads\/2018\/10\/inem.jpg","contentUrl":"https:\/\/www.altominho.tv\/site\/wp-content\/uploads\/2018\/10\/inem.jpg","width":907,"height":605},{"@type":"BreadcrumbList","@id":"https:\/\/www.altominho.tv\/site\/2018\/11\/08\/rapariga-de-16-anos-em-estado-grave-apos-atropelamento-em-moncao\/#breadcrumb","itemListElement":[{"@type":"ListItem","position":1,"name":"In\u00edcio","item":"https:\/\/www.altominho.tv\/site\/"},{"@type":"ListItem","position":2,"name":"Rapariga de 16 anos em estado grave ap\u00f3s atropelamento em Mon\u00e7\u00e3o"}]},{"@type":"WebSite","@id":"https:\/\/www.altominho.tv\/site\/#website","url":"https:\/\/www.altominho.tv\/site\/","name":"Altominho.tv","description":"A sua regi\u00e3o \u00e0 dist\u00e2ncia de um clique...","potentialAction":[{"@type":"SearchAction","target":{"@type":"EntryPoint","urlTemplate":"https:\/\/www.altominho.tv\/site\/?s={search_term_string}"},"query-input":{"@type":"PropertyValueSpecification","valueRequired":true,"valueName":"search_term_string"}}],"inLanguage":"pt-PT"},{"@type":"Person","@id":"https:\/\/www.altominho.tv\/site\/#\/schema\/person\/d9be4265364723f14ea8e0d56a1d38cd","name":"Andreia Ferreira","image":{"@type":"ImageObject","inLanguage":"pt-PT","@id":"https:\/\/www.altominho.tv\/site\/wp-content\/uploads\/2021\/01\/AndreiaFerreira-150x150.jpg","url":"https:\/\/www.altominho.tv\/site\/wp-content\/uploads\/2021\/01\/AndreiaFerreira-150x150.jpg","contentUrl":"https:\/\/www.altominho.tv\/site\/wp-content\/uploads\/2021\/01\/AndreiaFerreira-150x150.jpg","caption":"Andreia Ferreira"},"url":"https:\/\/www.altominho.tv\/site\/author\/andreiaferreira\/"}]}},"_links":{"self":[{"href":"https:\/\/www.altominho.tv\/site\/wp-json\/wp\/v2\/posts\/20467","targetHints":{"allow":["GET"]}}],"collection":[{"href":"https:\/\/www.altominho.tv\/site\/wp-json\/wp\/v2\/posts"}],"about":[{"href":"https:\/\/www.altominho.tv\/site\/wp-json\/wp\/v2\/types\/post"}],"author":[{"embeddable":true,"href":"https:\/\/www.altominho.tv\/site\/wp-json\/wp\/v2\/users\/12"}],"replies":[{"embeddable":true,"href":"https:\/\/www.altominho.tv\/site\/wp-json\/wp\/v2\/comments?post=20467"}],"version-history":[{"count":0,"href":"https:\/\/www.altominho.tv\/site\/wp-json\/wp\/v2\/posts\/20467\/revisions"}],"wp:featuredmedia":[{"embeddable":true,"href":"https:\/\/www.altominho.tv\/site\/wp-json\/wp\/v2\/media\/19397"}],"wp:attachment":[{"href":"https:\/\/www.altominho.tv\/site\/wp-json\/wp\/v2\/media?parent=20467"}],"wp:term":[{"taxonomy":"category","embeddable":true,"href":"https:\/\/www.altominho.tv\/site\/wp-json\/wp\/v2\/categories?post=20467"},{"taxonomy":"post_tag","embeddable":true,"href":"https:\/\/www.altominho.tv\/site\/wp-json\/wp\/v2\/tags?post=20467"}],"curies":[{"name":"wp","href":"https:\/\/api.w.org\/{rel}","templated":true}]}}