{"id":20417,"date":"2018-11-07T12:25:22","date_gmt":"2018-11-07T12:25:22","guid":{"rendered":"http:\/\/www.altominho.tv\/site\/?p=20417"},"modified":"2018-11-07T12:25:22","modified_gmt":"2018-11-07T12:25:22","slug":"moncao-quer-investir-mais-de-680-mil-euros-para-poupar-na-iluminacao-publica","status":"publish","type":"post","link":"https:\/\/www.altominho.tv\/site\/2018\/11\/07\/moncao-quer-investir-mais-de-680-mil-euros-para-poupar-na-iluminacao-publica\/","title":{"rendered":"Mon\u00e7\u00e3o quer investir mais de 680 mil euros para poupar na ilumina\u00e7\u00e3o p\u00fablica"},"content":{"rendered":"<p>A C\u00e2mara de Mon\u00e7\u00e3o vai candidatar aos fundos do Norte 2020 um investimento de 686 mil euros para instalar 2.460 l\u00e2mpadas LED que permitam reduzir os custos com a ilumina\u00e7\u00e3o p\u00fablica do concelho, informou hoje a autarquia.<\/p>\n<p>Em comunicado, o munic\u00edpio liderado pelo social-democrata Ant\u00f3nio Barbosa explicou que o projeto &#8220;ter\u00e1 uma comparticipa\u00e7\u00e3o de 95% do montante total, sendo que, no futuro, com o novo sistema em funcionamento, o valor do investimento ser\u00e1 reembols\u00e1vel pelo munic\u00edpio em presta\u00e7\u00f5es mensais, equivalentes a 70% da poupan\u00e7a gerada&#8221;.<\/p>\n<p>O projeto el\u00e9trico j\u00e1 aprovado, por unanimidade, em reuni\u00e3o camar\u00e1ria prev\u00ea &#8220;a substitui\u00e7\u00e3o de 2.460 lumin\u00e1rias incandescentes (l\u00e2mpadas de merc\u00fario e vapor s\u00f3dio) por lumin\u00e1rias LED de 37 W (1780), 66 W (82), 99 W (385), globos (140), projetores (41) e projetores de pavimento (32)&#8221;.<\/p>\n<p>&#8220;Al\u00e9m de proporcionar uma energia mais limpa, a tecnologia LED garante maior durabilidade das lumin\u00e1rias e menor consumo de eletricidade, com consequente poupan\u00e7a para os cofres da autarquia&#8221;, referiu o autarca Ant\u00f3nio Barbosa.<\/p>\n<p>A interven\u00e7\u00e3o &#8220;decorrer\u00e1 na zona urbana de Mon\u00e7\u00e3o e nas freguesias de Riba de Mouro, Tangil, Longos Vales, Ceiv\u00e3es, Segude, Valadares, Barbeita, Troviscoso e Bela, contribuindo para que as l\u00e2mpadas incandescentes, com produ\u00e7\u00e3o proibida na Europa desde setembro de 2012, possam ser substitu\u00eddas por um sistema mais fi\u00e1vel e econ\u00f3mico&#8221;.<\/p>\n<p>Atrav\u00e9s de candidaturas anteriores, aquele munic\u00edpio do distrito de Viana do Castelo conseguiu apoios de fundos comunit\u00e1rios para substituir &#8220;as l\u00e2mpadas incandescentes por lumin\u00e1rias LED nas principais entradas da vila, estruturas escolares, equipamentos desportivos e \u00e1reas habitacionais&#8221;.<\/p>\n","protected":false},"excerpt":{"rendered":"<p>A C\u00e2mara de Mon\u00e7\u00e3o vai candidatar aos fundos do Norte 2020 um investimento de 686 mil euros para instalar 2.460 l\u00e2mpadas LED que permitam reduzir os custos com a ilumina\u00e7\u00e3o p\u00fablica do concelho, informou hoje a autarquia. Em comunicado, o munic\u00edpio liderado pelo social-democrata Ant\u00f3nio Barbosa explicou que o projeto &#8220;ter\u00e1 uma comparticipa\u00e7\u00e3o de 95% [&hellip;]<\/p>\n","protected":false},"author":7,"featured_media":20418,"comment_status":"closed","ping_status":"closed","sticky":false,"template":"","format":"standard","meta":{"_exactmetrics_skip_tracking":false,"_exactmetrics_sitenote_active":false,"_exactmetrics_sitenote_note":"","_exactmetrics_sitenote_category":0,"footnotes":""},"categories":[9],"tags":[27],"class_list":["post-20417","post","type-post","status-publish","format-standard","has-post-thumbnail","hentry","category-moncao","tag-sociedade"],"yoast_head":"<!-- This site is optimized with the Yoast SEO Premium plugin v27.5 (Yoast SEO v27.5) - https:\/\/yoast.com\/product\/yoast-seo-premium-wordpress\/ -->\n<title>Mon\u00e7\u00e3o quer investir mais de 680 mil euros para poupar na ilumina\u00e7\u00e3o p\u00fablica<\/title>\n<meta name=\"robots\" content=\"index, follow, max-snippet:-1, max-image-preview:large, max-video-preview:-1\" \/>\n<link rel=\"canonical\" href=\"https:\/\/www.altominho.tv\/site\/2018\/11\/07\/moncao-quer-investir-mais-de-680-mil-euros-para-poupar-na-iluminacao-publica\/\" \/>\n<meta property=\"og:locale\" content=\"pt_PT\" \/>\n<meta property=\"og:type\" content=\"article\" \/>\n<meta property=\"og:title\" content=\"Mon\u00e7\u00e3o quer investir mais de 680 mil euros para poupar na ilumina\u00e7\u00e3o p\u00fablica\" \/>\n<meta property=\"og:description\" content=\"A C\u00e2mara de Mon\u00e7\u00e3o vai candidatar aos fundos do Norte 2020 um investimento de 686 mil euros para instalar 2.460 l\u00e2mpadas LED que permitam reduzir os custos com a ilumina\u00e7\u00e3o p\u00fablica do concelho, informou hoje a autarquia. Em comunicado, o munic\u00edpio liderado pelo social-democrata Ant\u00f3nio Barbosa explicou que o projeto &#8220;ter\u00e1 uma comparticipa\u00e7\u00e3o de 95% [&hellip;]\" \/>\n<meta property=\"og:url\" content=\"https:\/\/www.altominho.tv\/site\/2018\/11\/07\/moncao-quer-investir-mais-de-680-mil-euros-para-poupar-na-iluminacao-publica\/\" \/>\n<meta property=\"og:site_name\" content=\"Altominho.tv\" \/>\n<meta property=\"article:publisher\" content=\"https:\/\/www.facebook.com\/altominhotv\" \/>\n<meta property=\"article:published_time\" content=\"2018-11-07T12:25:22+00:00\" \/>\n<meta property=\"og:image\" content=\"https:\/\/www.altominho.tv\/site\/wp-content\/uploads\/2018\/11\/mon\u00e7\u00e3o.jpg\" \/>\n\t<meta property=\"og:image:width\" content=\"2022\" \/>\n\t<meta property=\"og:image:height\" content=\"900\" \/>\n\t<meta property=\"og:image:type\" content=\"image\/jpeg\" \/>\n<meta name=\"author\" content=\"Andreia Cunha\" \/>\n<meta name=\"twitter:card\" content=\"summary_large_image\" \/>\n<meta name=\"twitter:creator\" content=\"@altominhoTV\" \/>\n<meta name=\"twitter:site\" content=\"@altominhoTV\" \/>\n<meta name=\"twitter:label1\" content=\"Escrito por\" \/>\n\t<meta name=\"twitter:data1\" content=\"Andreia Cunha\" \/>\n\t<meta name=\"twitter:label2\" content=\"Tempo estimado de leitura\" \/>\n\t<meta name=\"twitter:data2\" content=\"1 minuto\" \/>\n<script type=\"application\/ld+json\" class=\"yoast-schema-graph\">{\"@context\":\"https:\\\/\\\/schema.org\",\"@graph\":[{\"@type\":\"Article\",\"@id\":\"https:\\\/\\\/www.altominho.tv\\\/site\\\/2018\\\/11\\\/07\\\/moncao-quer-investir-mais-de-680-mil-euros-para-poupar-na-iluminacao-publica\\\/#article\",\"isPartOf\":{\"@id\":\"https:\\\/\\\/www.altominho.tv\\\/site\\\/2018\\\/11\\\/07\\\/moncao-quer-investir-mais-de-680-mil-euros-para-poupar-na-iluminacao-publica\\\/\"},\"author\":{\"name\":\"Andreia Cunha\",\"@id\":\"https:\\\/\\\/www.altominho.tv\\\/site\\\/#\\\/schema\\\/person\\\/a0e4ef6d041f98ca284393d8f1d97153\"},\"headline\":\"Mon\u00e7\u00e3o quer investir mais de 680 mil euros para poupar na ilumina\u00e7\u00e3o p\u00fablica\",\"datePublished\":\"2018-11-07T12:25:22+00:00\",\"mainEntityOfPage\":{\"@id\":\"https:\\\/\\\/www.altominho.tv\\\/site\\\/2018\\\/11\\\/07\\\/moncao-quer-investir-mais-de-680-mil-euros-para-poupar-na-iluminacao-publica\\\/\"},\"wordCount\":287,\"image\":{\"@id\":\"https:\\\/\\\/www.altominho.tv\\\/site\\\/2018\\\/11\\\/07\\\/moncao-quer-investir-mais-de-680-mil-euros-para-poupar-na-iluminacao-publica\\\/#primaryimage\"},\"thumbnailUrl\":\"https:\\\/\\\/www.altominho.tv\\\/site\\\/wp-content\\\/uploads\\\/2018\\\/11\\\/mon\u00e7\u00e3o.jpg\",\"keywords\":[\"Sociedade\"],\"articleSection\":[\"Mon\u00e7\u00e3o\"],\"inLanguage\":\"pt-PT\",\"copyrightYear\":\"2018\",\"copyrightHolder\":{\"@id\":\"https:\\\/\\\/www.altominho.tv\\\/site\\\/#organization\"}},{\"@type\":\"WebPage\",\"@id\":\"https:\\\/\\\/www.altominho.tv\\\/site\\\/2018\\\/11\\\/07\\\/moncao-quer-investir-mais-de-680-mil-euros-para-poupar-na-iluminacao-publica\\\/\",\"url\":\"https:\\\/\\\/www.altominho.tv\\\/site\\\/2018\\\/11\\\/07\\\/moncao-quer-investir-mais-de-680-mil-euros-para-poupar-na-iluminacao-publica\\\/\",\"name\":\"Mon\u00e7\u00e3o quer investir mais de 680 mil euros para poupar na ilumina\u00e7\u00e3o p\u00fablica\",\"isPartOf\":{\"@id\":\"https:\\\/\\\/www.altominho.tv\\\/site\\\/#website\"},\"primaryImageOfPage\":{\"@id\":\"https:\\\/\\\/www.altominho.tv\\\/site\\\/2018\\\/11\\\/07\\\/moncao-quer-investir-mais-de-680-mil-euros-para-poupar-na-iluminacao-publica\\\/#primaryimage\"},\"image\":{\"@id\":\"https:\\\/\\\/www.altominho.tv\\\/site\\\/2018\\\/11\\\/07\\\/moncao-quer-investir-mais-de-680-mil-euros-para-poupar-na-iluminacao-publica\\\/#primaryimage\"},\"thumbnailUrl\":\"https:\\\/\\\/www.altominho.tv\\\/site\\\/wp-content\\\/uploads\\\/2018\\\/11\\\/mon\u00e7\u00e3o.jpg\",\"datePublished\":\"2018-11-07T12:25:22+00:00\",\"author\":{\"@id\":\"https:\\\/\\\/www.altominho.tv\\\/site\\\/#\\\/schema\\\/person\\\/a0e4ef6d041f98ca284393d8f1d97153\"},\"breadcrumb\":{\"@id\":\"https:\\\/\\\/www.altominho.tv\\\/site\\\/2018\\\/11\\\/07\\\/moncao-quer-investir-mais-de-680-mil-euros-para-poupar-na-iluminacao-publica\\\/#breadcrumb\"},\"inLanguage\":\"pt-PT\",\"potentialAction\":[{\"@type\":\"ReadAction\",\"target\":[\"https:\\\/\\\/www.altominho.tv\\\/site\\\/2018\\\/11\\\/07\\\/moncao-quer-investir-mais-de-680-mil-euros-para-poupar-na-iluminacao-publica\\\/\"]}]},{\"@type\":\"ImageObject\",\"inLanguage\":\"pt-PT\",\"@id\":\"https:\\\/\\\/www.altominho.tv\\\/site\\\/2018\\\/11\\\/07\\\/moncao-quer-investir-mais-de-680-mil-euros-para-poupar-na-iluminacao-publica\\\/#primaryimage\",\"url\":\"https:\\\/\\\/www.altominho.tv\\\/site\\\/wp-content\\\/uploads\\\/2018\\\/11\\\/mon\u00e7\u00e3o.jpg\",\"contentUrl\":\"https:\\\/\\\/www.altominho.tv\\\/site\\\/wp-content\\\/uploads\\\/2018\\\/11\\\/mon\u00e7\u00e3o.jpg\",\"width\":2022,\"height\":900},{\"@type\":\"BreadcrumbList\",\"@id\":\"https:\\\/\\\/www.altominho.tv\\\/site\\\/2018\\\/11\\\/07\\\/moncao-quer-investir-mais-de-680-mil-euros-para-poupar-na-iluminacao-publica\\\/#breadcrumb\",\"itemListElement\":[{\"@type\":\"ListItem\",\"position\":1,\"name\":\"In\u00edcio\",\"item\":\"https:\\\/\\\/www.altominho.tv\\\/site\\\/\"},{\"@type\":\"ListItem\",\"position\":2,\"name\":\"Mon\u00e7\u00e3o quer investir mais de 680 mil euros para poupar na ilumina\u00e7\u00e3o p\u00fablica\"}]},{\"@type\":\"WebSite\",\"@id\":\"https:\\\/\\\/www.altominho.tv\\\/site\\\/#website\",\"url\":\"https:\\\/\\\/www.altominho.tv\\\/site\\\/\",\"name\":\"Altominho.tv\",\"description\":\"A sua regi\u00e3o \u00e0 dist\u00e2ncia de um clique...\",\"potentialAction\":[{\"@type\":\"SearchAction\",\"target\":{\"@type\":\"EntryPoint\",\"urlTemplate\":\"https:\\\/\\\/www.altominho.tv\\\/site\\\/?s={search_term_string}\"},\"query-input\":{\"@type\":\"PropertyValueSpecification\",\"valueRequired\":true,\"valueName\":\"search_term_string\"}}],\"inLanguage\":\"pt-PT\"},{\"@type\":\"Person\",\"@id\":\"https:\\\/\\\/www.altominho.tv\\\/site\\\/#\\\/schema\\\/person\\\/a0e4ef6d041f98ca284393d8f1d97153\",\"name\":\"Andreia Cunha\",\"image\":{\"@type\":\"ImageObject\",\"inLanguage\":\"pt-PT\",\"@id\":\"https:\\\/\\\/www.altominho.tv\\\/site\\\/wp-content\\\/uploads\\\/2017\\\/11\\\/Andreia_Cunha-1-150x150.jpg\",\"url\":\"https:\\\/\\\/www.altominho.tv\\\/site\\\/wp-content\\\/uploads\\\/2017\\\/11\\\/Andreia_Cunha-1-150x150.jpg\",\"contentUrl\":\"https:\\\/\\\/www.altominho.tv\\\/site\\\/wp-content\\\/uploads\\\/2017\\\/11\\\/Andreia_Cunha-1-150x150.jpg\",\"caption\":\"Andreia Cunha\"},\"url\":\"https:\\\/\\\/www.altominho.tv\\\/site\\\/author\\\/andreiacunha\\\/\"}]}<\/script>\n<!-- \/ Yoast SEO Premium plugin. -->","yoast_head_json":{"title":"Mon\u00e7\u00e3o quer investir mais de 680 mil euros para poupar na ilumina\u00e7\u00e3o p\u00fablica","robots":{"index":"index","follow":"follow","max-snippet":"max-snippet:-1","max-image-preview":"max-image-preview:large","max-video-preview":"max-video-preview:-1"},"canonical":"https:\/\/www.altominho.tv\/site\/2018\/11\/07\/moncao-quer-investir-mais-de-680-mil-euros-para-poupar-na-iluminacao-publica\/","og_locale":"pt_PT","og_type":"article","og_title":"Mon\u00e7\u00e3o quer investir mais de 680 mil euros para poupar na ilumina\u00e7\u00e3o p\u00fablica","og_description":"A C\u00e2mara de Mon\u00e7\u00e3o vai candidatar aos fundos do Norte 2020 um investimento de 686 mil euros para instalar 2.460 l\u00e2mpadas LED que permitam reduzir os custos com a ilumina\u00e7\u00e3o p\u00fablica do concelho, informou hoje a autarquia. Em comunicado, o munic\u00edpio liderado pelo social-democrata Ant\u00f3nio Barbosa explicou que o projeto &#8220;ter\u00e1 uma comparticipa\u00e7\u00e3o de 95% [&hellip;]","og_url":"https:\/\/www.altominho.tv\/site\/2018\/11\/07\/moncao-quer-investir-mais-de-680-mil-euros-para-poupar-na-iluminacao-publica\/","og_site_name":"Altominho.tv","article_publisher":"https:\/\/www.facebook.com\/altominhotv","article_published_time":"2018-11-07T12:25:22+00:00","og_image":[{"width":2022,"height":900,"url":"https:\/\/www.altominho.tv\/site\/wp-content\/uploads\/2018\/11\/mon\u00e7\u00e3o.jpg","type":"image\/jpeg"}],"author":"Andreia Cunha","twitter_card":"summary_large_image","twitter_creator":"@altominhoTV","twitter_site":"@altominhoTV","twitter_misc":{"Escrito por":"Andreia Cunha","Tempo estimado de leitura":"1 minuto"},"schema":{"@context":"https:\/\/schema.org","@graph":[{"@type":"Article","@id":"https:\/\/www.altominho.tv\/site\/2018\/11\/07\/moncao-quer-investir-mais-de-680-mil-euros-para-poupar-na-iluminacao-publica\/#article","isPartOf":{"@id":"https:\/\/www.altominho.tv\/site\/2018\/11\/07\/moncao-quer-investir-mais-de-680-mil-euros-para-poupar-na-iluminacao-publica\/"},"author":{"name":"Andreia Cunha","@id":"https:\/\/www.altominho.tv\/site\/#\/schema\/person\/a0e4ef6d041f98ca284393d8f1d97153"},"headline":"Mon\u00e7\u00e3o quer investir mais de 680 mil euros para poupar na ilumina\u00e7\u00e3o p\u00fablica","datePublished":"2018-11-07T12:25:22+00:00","mainEntityOfPage":{"@id":"https:\/\/www.altominho.tv\/site\/2018\/11\/07\/moncao-quer-investir-mais-de-680-mil-euros-para-poupar-na-iluminacao-publica\/"},"wordCount":287,"image":{"@id":"https:\/\/www.altominho.tv\/site\/2018\/11\/07\/moncao-quer-investir-mais-de-680-mil-euros-para-poupar-na-iluminacao-publica\/#primaryimage"},"thumbnailUrl":"https:\/\/www.altominho.tv\/site\/wp-content\/uploads\/2018\/11\/mon\u00e7\u00e3o.jpg","keywords":["Sociedade"],"articleSection":["Mon\u00e7\u00e3o"],"inLanguage":"pt-PT","copyrightYear":"2018","copyrightHolder":{"@id":"https:\/\/www.altominho.tv\/site\/#organization"}},{"@type":"WebPage","@id":"https:\/\/www.altominho.tv\/site\/2018\/11\/07\/moncao-quer-investir-mais-de-680-mil-euros-para-poupar-na-iluminacao-publica\/","url":"https:\/\/www.altominho.tv\/site\/2018\/11\/07\/moncao-quer-investir-mais-de-680-mil-euros-para-poupar-na-iluminacao-publica\/","name":"Mon\u00e7\u00e3o quer investir mais de 680 mil euros para poupar na ilumina\u00e7\u00e3o p\u00fablica","isPartOf":{"@id":"https:\/\/www.altominho.tv\/site\/#website"},"primaryImageOfPage":{"@id":"https:\/\/www.altominho.tv\/site\/2018\/11\/07\/moncao-quer-investir-mais-de-680-mil-euros-para-poupar-na-iluminacao-publica\/#primaryimage"},"image":{"@id":"https:\/\/www.altominho.tv\/site\/2018\/11\/07\/moncao-quer-investir-mais-de-680-mil-euros-para-poupar-na-iluminacao-publica\/#primaryimage"},"thumbnailUrl":"https:\/\/www.altominho.tv\/site\/wp-content\/uploads\/2018\/11\/mon\u00e7\u00e3o.jpg","datePublished":"2018-11-07T12:25:22+00:00","author":{"@id":"https:\/\/www.altominho.tv\/site\/#\/schema\/person\/a0e4ef6d041f98ca284393d8f1d97153"},"breadcrumb":{"@id":"https:\/\/www.altominho.tv\/site\/2018\/11\/07\/moncao-quer-investir-mais-de-680-mil-euros-para-poupar-na-iluminacao-publica\/#breadcrumb"},"inLanguage":"pt-PT","potentialAction":[{"@type":"ReadAction","target":["https:\/\/www.altominho.tv\/site\/2018\/11\/07\/moncao-quer-investir-mais-de-680-mil-euros-para-poupar-na-iluminacao-publica\/"]}]},{"@type":"ImageObject","inLanguage":"pt-PT","@id":"https:\/\/www.altominho.tv\/site\/2018\/11\/07\/moncao-quer-investir-mais-de-680-mil-euros-para-poupar-na-iluminacao-publica\/#primaryimage","url":"https:\/\/www.altominho.tv\/site\/wp-content\/uploads\/2018\/11\/mon\u00e7\u00e3o.jpg","contentUrl":"https:\/\/www.altominho.tv\/site\/wp-content\/uploads\/2018\/11\/mon\u00e7\u00e3o.jpg","width":2022,"height":900},{"@type":"BreadcrumbList","@id":"https:\/\/www.altominho.tv\/site\/2018\/11\/07\/moncao-quer-investir-mais-de-680-mil-euros-para-poupar-na-iluminacao-publica\/#breadcrumb","itemListElement":[{"@type":"ListItem","position":1,"name":"In\u00edcio","item":"https:\/\/www.altominho.tv\/site\/"},{"@type":"ListItem","position":2,"name":"Mon\u00e7\u00e3o quer investir mais de 680 mil euros para poupar na ilumina\u00e7\u00e3o p\u00fablica"}]},{"@type":"WebSite","@id":"https:\/\/www.altominho.tv\/site\/#website","url":"https:\/\/www.altominho.tv\/site\/","name":"Altominho.tv","description":"A sua regi\u00e3o \u00e0 dist\u00e2ncia de um clique...","potentialAction":[{"@type":"SearchAction","target":{"@type":"EntryPoint","urlTemplate":"https:\/\/www.altominho.tv\/site\/?s={search_term_string}"},"query-input":{"@type":"PropertyValueSpecification","valueRequired":true,"valueName":"search_term_string"}}],"inLanguage":"pt-PT"},{"@type":"Person","@id":"https:\/\/www.altominho.tv\/site\/#\/schema\/person\/a0e4ef6d041f98ca284393d8f1d97153","name":"Andreia Cunha","image":{"@type":"ImageObject","inLanguage":"pt-PT","@id":"https:\/\/www.altominho.tv\/site\/wp-content\/uploads\/2017\/11\/Andreia_Cunha-1-150x150.jpg","url":"https:\/\/www.altominho.tv\/site\/wp-content\/uploads\/2017\/11\/Andreia_Cunha-1-150x150.jpg","contentUrl":"https:\/\/www.altominho.tv\/site\/wp-content\/uploads\/2017\/11\/Andreia_Cunha-1-150x150.jpg","caption":"Andreia Cunha"},"url":"https:\/\/www.altominho.tv\/site\/author\/andreiacunha\/"}]}},"_links":{"self":[{"href":"https:\/\/www.altominho.tv\/site\/wp-json\/wp\/v2\/posts\/20417","targetHints":{"allow":["GET"]}}],"collection":[{"href":"https:\/\/www.altominho.tv\/site\/wp-json\/wp\/v2\/posts"}],"about":[{"href":"https:\/\/www.altominho.tv\/site\/wp-json\/wp\/v2\/types\/post"}],"author":[{"embeddable":true,"href":"https:\/\/www.altominho.tv\/site\/wp-json\/wp\/v2\/users\/7"}],"replies":[{"embeddable":true,"href":"https:\/\/www.altominho.tv\/site\/wp-json\/wp\/v2\/comments?post=20417"}],"version-history":[{"count":0,"href":"https:\/\/www.altominho.tv\/site\/wp-json\/wp\/v2\/posts\/20417\/revisions"}],"wp:featuredmedia":[{"embeddable":true,"href":"https:\/\/www.altominho.tv\/site\/wp-json\/wp\/v2\/media\/20418"}],"wp:attachment":[{"href":"https:\/\/www.altominho.tv\/site\/wp-json\/wp\/v2\/media?parent=20417"}],"wp:term":[{"taxonomy":"category","embeddable":true,"href":"https:\/\/www.altominho.tv\/site\/wp-json\/wp\/v2\/categories?post=20417"},{"taxonomy":"post_tag","embeddable":true,"href":"https:\/\/www.altominho.tv\/site\/wp-json\/wp\/v2\/tags?post=20417"}],"curies":[{"name":"wp","href":"https:\/\/api.w.org\/{rel}","templated":true}]}}