{"id":20405,"date":"2018-11-07T11:53:14","date_gmt":"2018-11-07T11:53:14","guid":{"rendered":"http:\/\/www.altominho.tv\/site\/?p=20405"},"modified":"2018-11-07T11:53:14","modified_gmt":"2018-11-07T11:53:14","slug":"viana-do-castelo-abre-a-porta-dos-descobrimentos-no-sabado","status":"publish","type":"post","link":"https:\/\/www.altominho.tv\/site\/2018\/11\/07\/viana-do-castelo-abre-a-porta-dos-descobrimentos-no-sabado\/","title":{"rendered":"Viana do Castelo abre a Porta dos Descobrimentos no s\u00e1bado"},"content":{"rendered":"<p style=\"font-weight: 400\">A viagem no tempo pelo Alto Minho chega, no pr\u00f3ximo s\u00e1bado, a Viana do Castelo. A capital do distrito vai abrir a Porta do Tempo dos Descobrimentos com uma confer\u00eancia, uma visita guiada e performativa e um encontro de <em>sketching<\/em> no centro da cidade.<\/p>\n<p>O projeto\u00a0\u201cAlto Minho 4D \u2013 Viagem no Tempo\u201d promovido pela Comunidade Intermunicipal (CIM) do Alto Minho inclui, \u00e0s 11h00, a confer\u00eancia intitulada\u00a0 \u201cDos Descobrimentos\u201d, que ter\u00e1 lugar na biblioteca municipal. Esta iniciativa,\u00a0organizada pelo Centro Cultural do Alto Minho, contar\u00e1 com a participa\u00e7\u00e3o dos investigadores Ant\u00f3nio Matos Reis e Margarida Valla e tem entrada livre, mediante inscri\u00e7\u00e3o pr\u00e9via no site da CIM do Alto Minho.<\/p>\n<p>A partir das 15h00,\u00a0os participantes ter\u00e3o a oportunidade de acompanhar uma visita guiada e performativa\u00a0pelo patrim\u00f3nio hist\u00f3rico, arquitet\u00f3nico e art\u00edstico de Viana do Castelo, com partida na Capela das Almas. A visita ser\u00e1 conduzida pelo Teatro do Noroeste \u2013 CDV e pelas Com\u00e9dias do Minho, em co-programa\u00e7\u00e3o com a Talkie-Walkie e a Ondamarela, e conta com a participa\u00e7\u00e3o da comunidade local da ribeira de Viana.<\/p>\n<p style=\"font-weight: 400\">Esta viagem inclui ainda uma atividade de <em>sketching<\/em> urbano, realizada pela Associa\u00e7\u00e3o Urban Sketchers Portugal (UskP), que juntar\u00e1 dezenas de <em>sketchers<\/em> no centro hist\u00f3rico, para um registo art\u00edstico do patrim\u00f3nio cultural e natural daquela cidade.<\/p>\n<p style=\"font-weight: 400\">Esta ser\u00e1 a s\u00e9tima Porta do Tempo a abrir-se no \u00e2mbito do projeto \u201cAlto Minho 4D \u2013 Viagem no Tempo\u201d, que j\u00e1 passou por Caminha, Mon\u00e7\u00e3o, Ponte de Lima, Ponte da Barca, Valen\u00e7a e Melga\u00e7o.<\/p>\n<p style=\"font-weight: 400\">Com esta iniciativa intermunicipal, cada um dos concelhos do Alto Minho encabe\u00e7ar\u00e1 uma rota, que funcionar\u00e1 como o \u201cportal\u201d de acesso a uma \u201cesta\u00e7\u00e3o do tempo\u201d e ir\u00e1 dispor de uma s\u00e9rie de val\u00eancias, nas quais se apresentar\u00e1 uma sequ\u00eancia de recursos patrimoniais alusivos a essa rota, a serem visitados n\u00e3o s\u00f3 nesse concelho, mas em todo o territ\u00f3rio, no intuito de promover um circuito cultural pelo Alto Minho e, consequentemente, a mobilidade tur\u00edstica na regi\u00e3o.<\/p>\n<p style=\"font-weight: 400\">A iniciativa \u00e9 promovida pela CIM Alto Minho, cofinanciada pelo Programa Operacional Regional do Norte \u2013 Norte 2020, no dom\u00ednio do \u201cPatrim\u00f3nio Cultural\u201d, e encontra-se integrada no Ano Europeu do Patrim\u00f3nio Cultural em Portugal.<\/p>\n","protected":false},"excerpt":{"rendered":"<p>A viagem no tempo pelo Alto Minho chega, no pr\u00f3ximo s\u00e1bado, a Viana do Castelo. A capital do distrito vai abrir a Porta do Tempo dos Descobrimentos com uma confer\u00eancia, uma visita guiada e performativa e um encontro de sketching no centro da cidade. O projeto\u00a0\u201cAlto Minho 4D \u2013 Viagem no Tempo\u201d promovido pela Comunidade [&hellip;]<\/p>\n","protected":false},"author":12,"featured_media":20406,"comment_status":"closed","ping_status":"closed","sticky":false,"template":"","format":"standard","meta":{"_exactmetrics_skip_tracking":false,"_exactmetrics_sitenote_active":false,"_exactmetrics_sitenote_note":"","_exactmetrics_sitenote_category":0,"footnotes":""},"categories":[14],"tags":[19],"class_list":["post-20405","post","type-post","status-publish","format-standard","has-post-thumbnail","hentry","category-viana-do-castelo","tag-cultura"],"yoast_head":"<!-- This site is optimized with the Yoast SEO Premium plugin v27.4 (Yoast SEO v27.4) - https:\/\/yoast.com\/product\/yoast-seo-premium-wordpress\/ -->\n<title>Viana do Castelo abre a Porta dos Descobrimentos no s\u00e1bado<\/title>\n<meta name=\"robots\" content=\"index, follow, max-snippet:-1, max-image-preview:large, max-video-preview:-1\" \/>\n<link rel=\"canonical\" href=\"https:\/\/www.altominho.tv\/site\/2018\/11\/07\/viana-do-castelo-abre-a-porta-dos-descobrimentos-no-sabado\/\" \/>\n<meta property=\"og:locale\" content=\"pt_PT\" \/>\n<meta property=\"og:type\" content=\"article\" \/>\n<meta property=\"og:title\" content=\"Viana do Castelo abre a Porta dos Descobrimentos no s\u00e1bado\" \/>\n<meta property=\"og:description\" content=\"A viagem no tempo pelo Alto Minho chega, no pr\u00f3ximo s\u00e1bado, a Viana do Castelo. A capital do distrito vai abrir a Porta do Tempo dos Descobrimentos com uma confer\u00eancia, uma visita guiada e performativa e um encontro de sketching no centro da cidade. O projeto\u00a0\u201cAlto Minho 4D \u2013 Viagem no Tempo\u201d promovido pela Comunidade [&hellip;]\" \/>\n<meta property=\"og:url\" content=\"https:\/\/www.altominho.tv\/site\/2018\/11\/07\/viana-do-castelo-abre-a-porta-dos-descobrimentos-no-sabado\/\" \/>\n<meta property=\"og:site_name\" content=\"Altominho.tv\" \/>\n<meta property=\"article:publisher\" content=\"https:\/\/www.facebook.com\/altominhotv\" \/>\n<meta property=\"article:published_time\" content=\"2018-11-07T11:53:14+00:00\" \/>\n<meta property=\"og:image\" content=\"https:\/\/www.altominho.tv\/site\/wp-content\/uploads\/2018\/11\/Igreja-das-Almas-Viana-do-Castelo-1.jpg\" \/>\n\t<meta property=\"og:image:width\" content=\"1024\" \/>\n\t<meta property=\"og:image:height\" content=\"681\" \/>\n\t<meta property=\"og:image:type\" content=\"image\/jpeg\" \/>\n<meta name=\"author\" content=\"Andreia Ferreira\" \/>\n<meta name=\"twitter:card\" content=\"summary_large_image\" \/>\n<meta name=\"twitter:creator\" content=\"@altominhoTV\" \/>\n<meta name=\"twitter:site\" content=\"@altominhoTV\" \/>\n<meta name=\"twitter:label1\" content=\"Escrito por\" \/>\n\t<meta name=\"twitter:data1\" content=\"Andreia Ferreira\" \/>\n\t<meta name=\"twitter:label2\" content=\"Tempo estimado de leitura\" \/>\n\t<meta name=\"twitter:data2\" content=\"2 minutos\" \/>\n<script type=\"application\/ld+json\" class=\"yoast-schema-graph\">{\"@context\":\"https:\\\/\\\/schema.org\",\"@graph\":[{\"@type\":\"Article\",\"@id\":\"https:\\\/\\\/www.altominho.tv\\\/site\\\/2018\\\/11\\\/07\\\/viana-do-castelo-abre-a-porta-dos-descobrimentos-no-sabado\\\/#article\",\"isPartOf\":{\"@id\":\"https:\\\/\\\/www.altominho.tv\\\/site\\\/2018\\\/11\\\/07\\\/viana-do-castelo-abre-a-porta-dos-descobrimentos-no-sabado\\\/\"},\"author\":{\"name\":\"Andreia Ferreira\",\"@id\":\"https:\\\/\\\/www.altominho.tv\\\/site\\\/#\\\/schema\\\/person\\\/d9be4265364723f14ea8e0d56a1d38cd\"},\"headline\":\"Viana do Castelo abre a Porta dos Descobrimentos no s\u00e1bado\",\"datePublished\":\"2018-11-07T11:53:14+00:00\",\"mainEntityOfPage\":{\"@id\":\"https:\\\/\\\/www.altominho.tv\\\/site\\\/2018\\\/11\\\/07\\\/viana-do-castelo-abre-a-porta-dos-descobrimentos-no-sabado\\\/\"},\"wordCount\":398,\"image\":{\"@id\":\"https:\\\/\\\/www.altominho.tv\\\/site\\\/2018\\\/11\\\/07\\\/viana-do-castelo-abre-a-porta-dos-descobrimentos-no-sabado\\\/#primaryimage\"},\"thumbnailUrl\":\"https:\\\/\\\/www.altominho.tv\\\/site\\\/wp-content\\\/uploads\\\/2018\\\/11\\\/Igreja-das-Almas-Viana-do-Castelo-1.jpg\",\"keywords\":[\"Cultura\"],\"articleSection\":[\"Viana do Castelo\"],\"inLanguage\":\"pt-PT\",\"copyrightYear\":\"2018\",\"copyrightHolder\":{\"@id\":\"https:\\\/\\\/www.altominho.tv\\\/site\\\/#organization\"}},{\"@type\":\"WebPage\",\"@id\":\"https:\\\/\\\/www.altominho.tv\\\/site\\\/2018\\\/11\\\/07\\\/viana-do-castelo-abre-a-porta-dos-descobrimentos-no-sabado\\\/\",\"url\":\"https:\\\/\\\/www.altominho.tv\\\/site\\\/2018\\\/11\\\/07\\\/viana-do-castelo-abre-a-porta-dos-descobrimentos-no-sabado\\\/\",\"name\":\"Viana do Castelo abre a Porta dos Descobrimentos no s\u00e1bado\",\"isPartOf\":{\"@id\":\"https:\\\/\\\/www.altominho.tv\\\/site\\\/#website\"},\"primaryImageOfPage\":{\"@id\":\"https:\\\/\\\/www.altominho.tv\\\/site\\\/2018\\\/11\\\/07\\\/viana-do-castelo-abre-a-porta-dos-descobrimentos-no-sabado\\\/#primaryimage\"},\"image\":{\"@id\":\"https:\\\/\\\/www.altominho.tv\\\/site\\\/2018\\\/11\\\/07\\\/viana-do-castelo-abre-a-porta-dos-descobrimentos-no-sabado\\\/#primaryimage\"},\"thumbnailUrl\":\"https:\\\/\\\/www.altominho.tv\\\/site\\\/wp-content\\\/uploads\\\/2018\\\/11\\\/Igreja-das-Almas-Viana-do-Castelo-1.jpg\",\"datePublished\":\"2018-11-07T11:53:14+00:00\",\"author\":{\"@id\":\"https:\\\/\\\/www.altominho.tv\\\/site\\\/#\\\/schema\\\/person\\\/d9be4265364723f14ea8e0d56a1d38cd\"},\"breadcrumb\":{\"@id\":\"https:\\\/\\\/www.altominho.tv\\\/site\\\/2018\\\/11\\\/07\\\/viana-do-castelo-abre-a-porta-dos-descobrimentos-no-sabado\\\/#breadcrumb\"},\"inLanguage\":\"pt-PT\",\"potentialAction\":[{\"@type\":\"ReadAction\",\"target\":[\"https:\\\/\\\/www.altominho.tv\\\/site\\\/2018\\\/11\\\/07\\\/viana-do-castelo-abre-a-porta-dos-descobrimentos-no-sabado\\\/\"]}]},{\"@type\":\"ImageObject\",\"inLanguage\":\"pt-PT\",\"@id\":\"https:\\\/\\\/www.altominho.tv\\\/site\\\/2018\\\/11\\\/07\\\/viana-do-castelo-abre-a-porta-dos-descobrimentos-no-sabado\\\/#primaryimage\",\"url\":\"https:\\\/\\\/www.altominho.tv\\\/site\\\/wp-content\\\/uploads\\\/2018\\\/11\\\/Igreja-das-Almas-Viana-do-Castelo-1.jpg\",\"contentUrl\":\"https:\\\/\\\/www.altominho.tv\\\/site\\\/wp-content\\\/uploads\\\/2018\\\/11\\\/Igreja-das-Almas-Viana-do-Castelo-1.jpg\",\"width\":1024,\"height\":681,\"caption\":\"OLHAR VIANA DO CASTELO\"},{\"@type\":\"BreadcrumbList\",\"@id\":\"https:\\\/\\\/www.altominho.tv\\\/site\\\/2018\\\/11\\\/07\\\/viana-do-castelo-abre-a-porta-dos-descobrimentos-no-sabado\\\/#breadcrumb\",\"itemListElement\":[{\"@type\":\"ListItem\",\"position\":1,\"name\":\"In\u00edcio\",\"item\":\"https:\\\/\\\/www.altominho.tv\\\/site\\\/\"},{\"@type\":\"ListItem\",\"position\":2,\"name\":\"Viana do Castelo abre a Porta dos Descobrimentos no s\u00e1bado\"}]},{\"@type\":\"WebSite\",\"@id\":\"https:\\\/\\\/www.altominho.tv\\\/site\\\/#website\",\"url\":\"https:\\\/\\\/www.altominho.tv\\\/site\\\/\",\"name\":\"Altominho.tv\",\"description\":\"A sua regi\u00e3o \u00e0 dist\u00e2ncia de um clique...\",\"potentialAction\":[{\"@type\":\"SearchAction\",\"target\":{\"@type\":\"EntryPoint\",\"urlTemplate\":\"https:\\\/\\\/www.altominho.tv\\\/site\\\/?s={search_term_string}\"},\"query-input\":{\"@type\":\"PropertyValueSpecification\",\"valueRequired\":true,\"valueName\":\"search_term_string\"}}],\"inLanguage\":\"pt-PT\"},{\"@type\":\"Person\",\"@id\":\"https:\\\/\\\/www.altominho.tv\\\/site\\\/#\\\/schema\\\/person\\\/d9be4265364723f14ea8e0d56a1d38cd\",\"name\":\"Andreia Ferreira\",\"image\":{\"@type\":\"ImageObject\",\"inLanguage\":\"pt-PT\",\"@id\":\"https:\\\/\\\/www.altominho.tv\\\/site\\\/wp-content\\\/uploads\\\/2021\\\/01\\\/AndreiaFerreira-150x150.jpg\",\"url\":\"https:\\\/\\\/www.altominho.tv\\\/site\\\/wp-content\\\/uploads\\\/2021\\\/01\\\/AndreiaFerreira-150x150.jpg\",\"contentUrl\":\"https:\\\/\\\/www.altominho.tv\\\/site\\\/wp-content\\\/uploads\\\/2021\\\/01\\\/AndreiaFerreira-150x150.jpg\",\"caption\":\"Andreia Ferreira\"},\"url\":\"https:\\\/\\\/www.altominho.tv\\\/site\\\/author\\\/andreiaferreira\\\/\"}]}<\/script>\n<!-- \/ Yoast SEO Premium plugin. -->","yoast_head_json":{"title":"Viana do Castelo abre a Porta dos Descobrimentos no s\u00e1bado","robots":{"index":"index","follow":"follow","max-snippet":"max-snippet:-1","max-image-preview":"max-image-preview:large","max-video-preview":"max-video-preview:-1"},"canonical":"https:\/\/www.altominho.tv\/site\/2018\/11\/07\/viana-do-castelo-abre-a-porta-dos-descobrimentos-no-sabado\/","og_locale":"pt_PT","og_type":"article","og_title":"Viana do Castelo abre a Porta dos Descobrimentos no s\u00e1bado","og_description":"A viagem no tempo pelo Alto Minho chega, no pr\u00f3ximo s\u00e1bado, a Viana do Castelo. A capital do distrito vai abrir a Porta do Tempo dos Descobrimentos com uma confer\u00eancia, uma visita guiada e performativa e um encontro de sketching no centro da cidade. O projeto\u00a0\u201cAlto Minho 4D \u2013 Viagem no Tempo\u201d promovido pela Comunidade [&hellip;]","og_url":"https:\/\/www.altominho.tv\/site\/2018\/11\/07\/viana-do-castelo-abre-a-porta-dos-descobrimentos-no-sabado\/","og_site_name":"Altominho.tv","article_publisher":"https:\/\/www.facebook.com\/altominhotv","article_published_time":"2018-11-07T11:53:14+00:00","og_image":[{"width":1024,"height":681,"url":"https:\/\/www.altominho.tv\/site\/wp-content\/uploads\/2018\/11\/Igreja-das-Almas-Viana-do-Castelo-1.jpg","type":"image\/jpeg"}],"author":"Andreia Ferreira","twitter_card":"summary_large_image","twitter_creator":"@altominhoTV","twitter_site":"@altominhoTV","twitter_misc":{"Escrito por":"Andreia Ferreira","Tempo estimado de leitura":"2 minutos"},"schema":{"@context":"https:\/\/schema.org","@graph":[{"@type":"Article","@id":"https:\/\/www.altominho.tv\/site\/2018\/11\/07\/viana-do-castelo-abre-a-porta-dos-descobrimentos-no-sabado\/#article","isPartOf":{"@id":"https:\/\/www.altominho.tv\/site\/2018\/11\/07\/viana-do-castelo-abre-a-porta-dos-descobrimentos-no-sabado\/"},"author":{"name":"Andreia Ferreira","@id":"https:\/\/www.altominho.tv\/site\/#\/schema\/person\/d9be4265364723f14ea8e0d56a1d38cd"},"headline":"Viana do Castelo abre a Porta dos Descobrimentos no s\u00e1bado","datePublished":"2018-11-07T11:53:14+00:00","mainEntityOfPage":{"@id":"https:\/\/www.altominho.tv\/site\/2018\/11\/07\/viana-do-castelo-abre-a-porta-dos-descobrimentos-no-sabado\/"},"wordCount":398,"image":{"@id":"https:\/\/www.altominho.tv\/site\/2018\/11\/07\/viana-do-castelo-abre-a-porta-dos-descobrimentos-no-sabado\/#primaryimage"},"thumbnailUrl":"https:\/\/www.altominho.tv\/site\/wp-content\/uploads\/2018\/11\/Igreja-das-Almas-Viana-do-Castelo-1.jpg","keywords":["Cultura"],"articleSection":["Viana do Castelo"],"inLanguage":"pt-PT","copyrightYear":"2018","copyrightHolder":{"@id":"https:\/\/www.altominho.tv\/site\/#organization"}},{"@type":"WebPage","@id":"https:\/\/www.altominho.tv\/site\/2018\/11\/07\/viana-do-castelo-abre-a-porta-dos-descobrimentos-no-sabado\/","url":"https:\/\/www.altominho.tv\/site\/2018\/11\/07\/viana-do-castelo-abre-a-porta-dos-descobrimentos-no-sabado\/","name":"Viana do Castelo abre a Porta dos Descobrimentos no s\u00e1bado","isPartOf":{"@id":"https:\/\/www.altominho.tv\/site\/#website"},"primaryImageOfPage":{"@id":"https:\/\/www.altominho.tv\/site\/2018\/11\/07\/viana-do-castelo-abre-a-porta-dos-descobrimentos-no-sabado\/#primaryimage"},"image":{"@id":"https:\/\/www.altominho.tv\/site\/2018\/11\/07\/viana-do-castelo-abre-a-porta-dos-descobrimentos-no-sabado\/#primaryimage"},"thumbnailUrl":"https:\/\/www.altominho.tv\/site\/wp-content\/uploads\/2018\/11\/Igreja-das-Almas-Viana-do-Castelo-1.jpg","datePublished":"2018-11-07T11:53:14+00:00","author":{"@id":"https:\/\/www.altominho.tv\/site\/#\/schema\/person\/d9be4265364723f14ea8e0d56a1d38cd"},"breadcrumb":{"@id":"https:\/\/www.altominho.tv\/site\/2018\/11\/07\/viana-do-castelo-abre-a-porta-dos-descobrimentos-no-sabado\/#breadcrumb"},"inLanguage":"pt-PT","potentialAction":[{"@type":"ReadAction","target":["https:\/\/www.altominho.tv\/site\/2018\/11\/07\/viana-do-castelo-abre-a-porta-dos-descobrimentos-no-sabado\/"]}]},{"@type":"ImageObject","inLanguage":"pt-PT","@id":"https:\/\/www.altominho.tv\/site\/2018\/11\/07\/viana-do-castelo-abre-a-porta-dos-descobrimentos-no-sabado\/#primaryimage","url":"https:\/\/www.altominho.tv\/site\/wp-content\/uploads\/2018\/11\/Igreja-das-Almas-Viana-do-Castelo-1.jpg","contentUrl":"https:\/\/www.altominho.tv\/site\/wp-content\/uploads\/2018\/11\/Igreja-das-Almas-Viana-do-Castelo-1.jpg","width":1024,"height":681,"caption":"OLHAR VIANA DO CASTELO"},{"@type":"BreadcrumbList","@id":"https:\/\/www.altominho.tv\/site\/2018\/11\/07\/viana-do-castelo-abre-a-porta-dos-descobrimentos-no-sabado\/#breadcrumb","itemListElement":[{"@type":"ListItem","position":1,"name":"In\u00edcio","item":"https:\/\/www.altominho.tv\/site\/"},{"@type":"ListItem","position":2,"name":"Viana do Castelo abre a Porta dos Descobrimentos no s\u00e1bado"}]},{"@type":"WebSite","@id":"https:\/\/www.altominho.tv\/site\/#website","url":"https:\/\/www.altominho.tv\/site\/","name":"Altominho.tv","description":"A sua regi\u00e3o \u00e0 dist\u00e2ncia de um clique...","potentialAction":[{"@type":"SearchAction","target":{"@type":"EntryPoint","urlTemplate":"https:\/\/www.altominho.tv\/site\/?s={search_term_string}"},"query-input":{"@type":"PropertyValueSpecification","valueRequired":true,"valueName":"search_term_string"}}],"inLanguage":"pt-PT"},{"@type":"Person","@id":"https:\/\/www.altominho.tv\/site\/#\/schema\/person\/d9be4265364723f14ea8e0d56a1d38cd","name":"Andreia Ferreira","image":{"@type":"ImageObject","inLanguage":"pt-PT","@id":"https:\/\/www.altominho.tv\/site\/wp-content\/uploads\/2021\/01\/AndreiaFerreira-150x150.jpg","url":"https:\/\/www.altominho.tv\/site\/wp-content\/uploads\/2021\/01\/AndreiaFerreira-150x150.jpg","contentUrl":"https:\/\/www.altominho.tv\/site\/wp-content\/uploads\/2021\/01\/AndreiaFerreira-150x150.jpg","caption":"Andreia Ferreira"},"url":"https:\/\/www.altominho.tv\/site\/author\/andreiaferreira\/"}]}},"_links":{"self":[{"href":"https:\/\/www.altominho.tv\/site\/wp-json\/wp\/v2\/posts\/20405","targetHints":{"allow":["GET"]}}],"collection":[{"href":"https:\/\/www.altominho.tv\/site\/wp-json\/wp\/v2\/posts"}],"about":[{"href":"https:\/\/www.altominho.tv\/site\/wp-json\/wp\/v2\/types\/post"}],"author":[{"embeddable":true,"href":"https:\/\/www.altominho.tv\/site\/wp-json\/wp\/v2\/users\/12"}],"replies":[{"embeddable":true,"href":"https:\/\/www.altominho.tv\/site\/wp-json\/wp\/v2\/comments?post=20405"}],"version-history":[{"count":0,"href":"https:\/\/www.altominho.tv\/site\/wp-json\/wp\/v2\/posts\/20405\/revisions"}],"wp:featuredmedia":[{"embeddable":true,"href":"https:\/\/www.altominho.tv\/site\/wp-json\/wp\/v2\/media\/20406"}],"wp:attachment":[{"href":"https:\/\/www.altominho.tv\/site\/wp-json\/wp\/v2\/media?parent=20405"}],"wp:term":[{"taxonomy":"category","embeddable":true,"href":"https:\/\/www.altominho.tv\/site\/wp-json\/wp\/v2\/categories?post=20405"},{"taxonomy":"post_tag","embeddable":true,"href":"https:\/\/www.altominho.tv\/site\/wp-json\/wp\/v2\/tags?post=20405"}],"curies":[{"name":"wp","href":"https:\/\/api.w.org\/{rel}","templated":true}]}}