{"id":20233,"date":"2018-11-02T13:16:34","date_gmt":"2018-11-02T13:16:34","guid":{"rendered":"http:\/\/www.altominho.tv\/site\/?p=20233"},"modified":"2018-11-02T14:59:50","modified_gmt":"2018-11-02T14:59:50","slug":"moncao-vai-prolongar-ecopista-do-rio-minho","status":"publish","type":"post","link":"https:\/\/www.altominho.tv\/site\/2018\/11\/02\/moncao-vai-prolongar-ecopista-do-rio-minho\/","title":{"rendered":"Mon\u00e7\u00e3o vai prolongar ecopista do rio Minho"},"content":{"rendered":"<p>A C\u00e2mara de Mon\u00e7\u00e3o vai investir perto de 120 mil euros no prolongamento da ecopista do rio Minho\u00a0entre o Parque das Caldas e a freguesia da Bela para garantir a liga\u00e7\u00e3o entre aquela vila e o centro hist\u00f3rico de Valen\u00e7a.<\/p>\n<p>De acordo com fonte da autarquia, as obras, que v\u00e3o come\u00e7ar este m\u00eas, representam a primeira fase de uma empreitada que, no total, ir\u00e1 assegurar um percurso de 4,3 quil\u00f3metros junto \u00e0quele rio internacional.<\/p>\n<p>A interven\u00e7\u00e3o, j\u00e1 adjudicada pela C\u00e2mara liderada por Ant\u00f3nio Barbosa, tem uma extens\u00e3o de 1.050 metros, terminando na zona do posto aqu\u00edcola, em Troviscoso, antes da ponte sobre a ribeira do Ameal.<\/p>\n<p>&#8220;O prolongamento deste corredor ecol\u00f3gico, que tem merecido refer\u00eancias elogiosas e recebido v\u00e1rias distin\u00e7\u00f5es, permitir\u00e1 a cria\u00e7\u00e3o de mais um motivo de interesse para quem gosta de passear ou praticar desporto em comunh\u00e3o com a natureza&#8221;, afirmou o autarca, citado na nota do munic\u00edpio.<\/p>\n<p>Segundo a autarquia, o &#8220;tra\u00e7ado resultou de um estudo exaustivo, que sofreu diversas altera\u00e7\u00f5es, at\u00e9 se encontrar a solu\u00e7\u00e3o menos impactante no sistema natural protegido. Ser\u00e3o utilizadas t\u00e9cnicas de estabiliza\u00e7\u00e3o de taludes e prote\u00e7\u00e3o de linhas de \u00e1gua baseados em princ\u00edpios de engenharia natural&#8221;, explicou a fonte municipal.<\/p>\n<p>&#8220;Toda a ocupa\u00e7\u00e3o ser\u00e1 implantada sobre diversos caminhos rurais e agr\u00edcolas existentes e alguns carreiros de pescadores, n\u00e3o colidindo com a paisagem natural ou com os movimentos do rio Minho em per\u00edodos de cheia, respeitando a vegeta\u00e7\u00e3o aut\u00f3ctone envolvente&#8221;, adiantam.<\/p>\n<p>A obra contempla a constru\u00e7\u00e3o de &#8220;um passadi\u00e7o elevado em madeira com, aproximadamente, 55 metros de extens\u00e3o, devido a uma depress\u00e3o existente, junto a uma velha pesqueira parcialmente destru\u00edda&#8221;. Os trabalhos incluem a demoli\u00e7\u00e3o de &#8220;uma ponte de bet\u00e3o armado, sendo substitu\u00edda por uma nova ponte em madeira, mais elevada e com maior dimens\u00e3o&#8221;.<\/p>\n<p>Com o prolongamento da ecopista do rio Minho, o munic\u00edpio de Mon\u00e7\u00e3o pretende garantir &#8220;a passagem dos utilizadores por um percurso serpenteante, adaptado \u00e0 topografia original e incidindo em carreiros e caminhos existentes, evitando-se o corte de vegeta\u00e7\u00e3o aut\u00f3ctone e permitindo um trajeto seguro sem impacto negativo no solo e na paisagem&#8221;.<\/p>\n<p>O primeiro tro\u00e7o da ecopista do rio Minho entre Mon\u00e7\u00e3o e Valen\u00e7a foi inaugurado em 2004 e tem, atualmente, uma extens\u00e3o superior a 20 quil\u00f3metros entre os centros hist\u00f3ricos dos dois munic\u00edpios vizinhos.<\/p>\n<p>Em 2009, aquele tro\u00e7o da ecopista do rio Minho foi classificado como o quarto melhor da Europa. Em 2017, o percurso total, de cerca de 46 quil\u00f3metros, entre Seixas, no concelho de Caminha, e Mon\u00e7\u00e3o, recebeu o t\u00edtulo de terceira melhor Via Verde da Europa.<\/p>\n","protected":false},"excerpt":{"rendered":"<p>A C\u00e2mara de Mon\u00e7\u00e3o vai investir perto de 120 mil euros no prolongamento da ecopista do rio Minho\u00a0entre o Parque das Caldas e a freguesia da Bela para garantir a liga\u00e7\u00e3o entre aquela vila e o centro hist\u00f3rico de Valen\u00e7a. De acordo com fonte da autarquia, as obras, que v\u00e3o come\u00e7ar este m\u00eas, representam a [&hellip;]<\/p>\n","protected":false},"author":12,"featured_media":20243,"comment_status":"closed","ping_status":"closed","sticky":false,"template":"","format":"standard","meta":{"_exactmetrics_skip_tracking":false,"_exactmetrics_sitenote_active":false,"_exactmetrics_sitenote_note":"","_exactmetrics_sitenote_category":0,"footnotes":""},"categories":[9],"tags":[27],"class_list":["post-20233","post","type-post","status-publish","format-standard","has-post-thumbnail","hentry","category-moncao","tag-sociedade"],"yoast_head":"<!-- This site is optimized with the Yoast SEO Premium plugin v27.5 (Yoast SEO v27.5) - https:\/\/yoast.com\/product\/yoast-seo-premium-wordpress\/ -->\n<title>Mon\u00e7\u00e3o vai prolongar ecopista do rio Minho<\/title>\n<meta name=\"robots\" content=\"index, follow, max-snippet:-1, max-image-preview:large, max-video-preview:-1\" \/>\n<link rel=\"canonical\" href=\"https:\/\/www.altominho.tv\/site\/2018\/11\/02\/moncao-vai-prolongar-ecopista-do-rio-minho\/\" \/>\n<meta property=\"og:locale\" content=\"pt_PT\" \/>\n<meta property=\"og:type\" content=\"article\" \/>\n<meta property=\"og:title\" content=\"Mon\u00e7\u00e3o vai prolongar ecopista do rio Minho\" \/>\n<meta property=\"og:description\" content=\"A C\u00e2mara de Mon\u00e7\u00e3o vai investir perto de 120 mil euros no prolongamento da ecopista do rio Minho\u00a0entre o Parque das Caldas e a freguesia da Bela para garantir a liga\u00e7\u00e3o entre aquela vila e o centro hist\u00f3rico de Valen\u00e7a. De acordo com fonte da autarquia, as obras, que v\u00e3o come\u00e7ar este m\u00eas, representam a [&hellip;]\" \/>\n<meta property=\"og:url\" content=\"https:\/\/www.altominho.tv\/site\/2018\/11\/02\/moncao-vai-prolongar-ecopista-do-rio-minho\/\" \/>\n<meta property=\"og:site_name\" content=\"Altominho.tv\" \/>\n<meta property=\"article:publisher\" content=\"https:\/\/www.facebook.com\/altominhotv\" \/>\n<meta property=\"article:published_time\" content=\"2018-11-02T13:16:34+00:00\" \/>\n<meta property=\"article:modified_time\" content=\"2018-11-02T14:59:50+00:00\" \/>\n<meta property=\"og:image\" content=\"https:\/\/www.altominho.tv\/site\/wp-content\/uploads\/2018\/11\/ecopista-rio-minho-ola-vida.jpg\" \/>\n\t<meta property=\"og:image:width\" content=\"1269\" \/>\n\t<meta property=\"og:image:height\" content=\"846\" \/>\n\t<meta property=\"og:image:type\" content=\"image\/jpeg\" \/>\n<meta name=\"author\" content=\"Andreia Ferreira\" \/>\n<meta name=\"twitter:card\" content=\"summary_large_image\" \/>\n<meta name=\"twitter:creator\" content=\"@altominhoTV\" \/>\n<meta name=\"twitter:site\" content=\"@altominhoTV\" \/>\n<meta name=\"twitter:label1\" content=\"Escrito por\" \/>\n\t<meta name=\"twitter:data1\" content=\"Andreia Ferreira\" \/>\n\t<meta name=\"twitter:label2\" content=\"Tempo estimado de leitura\" \/>\n\t<meta name=\"twitter:data2\" content=\"2 minutos\" \/>\n<script type=\"application\/ld+json\" class=\"yoast-schema-graph\">{\"@context\":\"https:\\\/\\\/schema.org\",\"@graph\":[{\"@type\":\"Article\",\"@id\":\"https:\\\/\\\/www.altominho.tv\\\/site\\\/2018\\\/11\\\/02\\\/moncao-vai-prolongar-ecopista-do-rio-minho\\\/#article\",\"isPartOf\":{\"@id\":\"https:\\\/\\\/www.altominho.tv\\\/site\\\/2018\\\/11\\\/02\\\/moncao-vai-prolongar-ecopista-do-rio-minho\\\/\"},\"author\":{\"name\":\"Andreia Ferreira\",\"@id\":\"https:\\\/\\\/www.altominho.tv\\\/site\\\/#\\\/schema\\\/person\\\/d9be4265364723f14ea8e0d56a1d38cd\"},\"headline\":\"Mon\u00e7\u00e3o vai prolongar ecopista do rio Minho\",\"datePublished\":\"2018-11-02T13:16:34+00:00\",\"dateModified\":\"2018-11-02T14:59:50+00:00\",\"mainEntityOfPage\":{\"@id\":\"https:\\\/\\\/www.altominho.tv\\\/site\\\/2018\\\/11\\\/02\\\/moncao-vai-prolongar-ecopista-do-rio-minho\\\/\"},\"wordCount\":480,\"image\":{\"@id\":\"https:\\\/\\\/www.altominho.tv\\\/site\\\/2018\\\/11\\\/02\\\/moncao-vai-prolongar-ecopista-do-rio-minho\\\/#primaryimage\"},\"thumbnailUrl\":\"https:\\\/\\\/www.altominho.tv\\\/site\\\/wp-content\\\/uploads\\\/2018\\\/11\\\/ecopista-rio-minho-ola-vida.jpg\",\"keywords\":[\"Sociedade\"],\"articleSection\":[\"Mon\u00e7\u00e3o\"],\"inLanguage\":\"pt-PT\",\"copyrightYear\":\"2018\",\"copyrightHolder\":{\"@id\":\"https:\\\/\\\/www.altominho.tv\\\/site\\\/#organization\"}},{\"@type\":\"WebPage\",\"@id\":\"https:\\\/\\\/www.altominho.tv\\\/site\\\/2018\\\/11\\\/02\\\/moncao-vai-prolongar-ecopista-do-rio-minho\\\/\",\"url\":\"https:\\\/\\\/www.altominho.tv\\\/site\\\/2018\\\/11\\\/02\\\/moncao-vai-prolongar-ecopista-do-rio-minho\\\/\",\"name\":\"Mon\u00e7\u00e3o vai prolongar ecopista do rio Minho\",\"isPartOf\":{\"@id\":\"https:\\\/\\\/www.altominho.tv\\\/site\\\/#website\"},\"primaryImageOfPage\":{\"@id\":\"https:\\\/\\\/www.altominho.tv\\\/site\\\/2018\\\/11\\\/02\\\/moncao-vai-prolongar-ecopista-do-rio-minho\\\/#primaryimage\"},\"image\":{\"@id\":\"https:\\\/\\\/www.altominho.tv\\\/site\\\/2018\\\/11\\\/02\\\/moncao-vai-prolongar-ecopista-do-rio-minho\\\/#primaryimage\"},\"thumbnailUrl\":\"https:\\\/\\\/www.altominho.tv\\\/site\\\/wp-content\\\/uploads\\\/2018\\\/11\\\/ecopista-rio-minho-ola-vida.jpg\",\"datePublished\":\"2018-11-02T13:16:34+00:00\",\"dateModified\":\"2018-11-02T14:59:50+00:00\",\"author\":{\"@id\":\"https:\\\/\\\/www.altominho.tv\\\/site\\\/#\\\/schema\\\/person\\\/d9be4265364723f14ea8e0d56a1d38cd\"},\"breadcrumb\":{\"@id\":\"https:\\\/\\\/www.altominho.tv\\\/site\\\/2018\\\/11\\\/02\\\/moncao-vai-prolongar-ecopista-do-rio-minho\\\/#breadcrumb\"},\"inLanguage\":\"pt-PT\",\"potentialAction\":[{\"@type\":\"ReadAction\",\"target\":[\"https:\\\/\\\/www.altominho.tv\\\/site\\\/2018\\\/11\\\/02\\\/moncao-vai-prolongar-ecopista-do-rio-minho\\\/\"]}]},{\"@type\":\"ImageObject\",\"inLanguage\":\"pt-PT\",\"@id\":\"https:\\\/\\\/www.altominho.tv\\\/site\\\/2018\\\/11\\\/02\\\/moncao-vai-prolongar-ecopista-do-rio-minho\\\/#primaryimage\",\"url\":\"https:\\\/\\\/www.altominho.tv\\\/site\\\/wp-content\\\/uploads\\\/2018\\\/11\\\/ecopista-rio-minho-ola-vida.jpg\",\"contentUrl\":\"https:\\\/\\\/www.altominho.tv\\\/site\\\/wp-content\\\/uploads\\\/2018\\\/11\\\/ecopista-rio-minho-ola-vida.jpg\",\"width\":1269,\"height\":846,\"caption\":\"OL\u00c1 VIDA\"},{\"@type\":\"BreadcrumbList\",\"@id\":\"https:\\\/\\\/www.altominho.tv\\\/site\\\/2018\\\/11\\\/02\\\/moncao-vai-prolongar-ecopista-do-rio-minho\\\/#breadcrumb\",\"itemListElement\":[{\"@type\":\"ListItem\",\"position\":1,\"name\":\"In\u00edcio\",\"item\":\"https:\\\/\\\/www.altominho.tv\\\/site\\\/\"},{\"@type\":\"ListItem\",\"position\":2,\"name\":\"Mon\u00e7\u00e3o vai prolongar ecopista do rio Minho\"}]},{\"@type\":\"WebSite\",\"@id\":\"https:\\\/\\\/www.altominho.tv\\\/site\\\/#website\",\"url\":\"https:\\\/\\\/www.altominho.tv\\\/site\\\/\",\"name\":\"Altominho.tv\",\"description\":\"A sua regi\u00e3o \u00e0 dist\u00e2ncia de um clique...\",\"potentialAction\":[{\"@type\":\"SearchAction\",\"target\":{\"@type\":\"EntryPoint\",\"urlTemplate\":\"https:\\\/\\\/www.altominho.tv\\\/site\\\/?s={search_term_string}\"},\"query-input\":{\"@type\":\"PropertyValueSpecification\",\"valueRequired\":true,\"valueName\":\"search_term_string\"}}],\"inLanguage\":\"pt-PT\"},{\"@type\":\"Person\",\"@id\":\"https:\\\/\\\/www.altominho.tv\\\/site\\\/#\\\/schema\\\/person\\\/d9be4265364723f14ea8e0d56a1d38cd\",\"name\":\"Andreia Ferreira\",\"image\":{\"@type\":\"ImageObject\",\"inLanguage\":\"pt-PT\",\"@id\":\"https:\\\/\\\/www.altominho.tv\\\/site\\\/wp-content\\\/uploads\\\/2021\\\/01\\\/AndreiaFerreira-150x150.jpg\",\"url\":\"https:\\\/\\\/www.altominho.tv\\\/site\\\/wp-content\\\/uploads\\\/2021\\\/01\\\/AndreiaFerreira-150x150.jpg\",\"contentUrl\":\"https:\\\/\\\/www.altominho.tv\\\/site\\\/wp-content\\\/uploads\\\/2021\\\/01\\\/AndreiaFerreira-150x150.jpg\",\"caption\":\"Andreia Ferreira\"},\"url\":\"https:\\\/\\\/www.altominho.tv\\\/site\\\/author\\\/andreiaferreira\\\/\"}]}<\/script>\n<!-- \/ Yoast SEO Premium plugin. -->","yoast_head_json":{"title":"Mon\u00e7\u00e3o vai prolongar ecopista do rio Minho","robots":{"index":"index","follow":"follow","max-snippet":"max-snippet:-1","max-image-preview":"max-image-preview:large","max-video-preview":"max-video-preview:-1"},"canonical":"https:\/\/www.altominho.tv\/site\/2018\/11\/02\/moncao-vai-prolongar-ecopista-do-rio-minho\/","og_locale":"pt_PT","og_type":"article","og_title":"Mon\u00e7\u00e3o vai prolongar ecopista do rio Minho","og_description":"A C\u00e2mara de Mon\u00e7\u00e3o vai investir perto de 120 mil euros no prolongamento da ecopista do rio Minho\u00a0entre o Parque das Caldas e a freguesia da Bela para garantir a liga\u00e7\u00e3o entre aquela vila e o centro hist\u00f3rico de Valen\u00e7a. De acordo com fonte da autarquia, as obras, que v\u00e3o come\u00e7ar este m\u00eas, representam a [&hellip;]","og_url":"https:\/\/www.altominho.tv\/site\/2018\/11\/02\/moncao-vai-prolongar-ecopista-do-rio-minho\/","og_site_name":"Altominho.tv","article_publisher":"https:\/\/www.facebook.com\/altominhotv","article_published_time":"2018-11-02T13:16:34+00:00","article_modified_time":"2018-11-02T14:59:50+00:00","og_image":[{"width":1269,"height":846,"url":"https:\/\/www.altominho.tv\/site\/wp-content\/uploads\/2018\/11\/ecopista-rio-minho-ola-vida.jpg","type":"image\/jpeg"}],"author":"Andreia Ferreira","twitter_card":"summary_large_image","twitter_creator":"@altominhoTV","twitter_site":"@altominhoTV","twitter_misc":{"Escrito por":"Andreia Ferreira","Tempo estimado de leitura":"2 minutos"},"schema":{"@context":"https:\/\/schema.org","@graph":[{"@type":"Article","@id":"https:\/\/www.altominho.tv\/site\/2018\/11\/02\/moncao-vai-prolongar-ecopista-do-rio-minho\/#article","isPartOf":{"@id":"https:\/\/www.altominho.tv\/site\/2018\/11\/02\/moncao-vai-prolongar-ecopista-do-rio-minho\/"},"author":{"name":"Andreia Ferreira","@id":"https:\/\/www.altominho.tv\/site\/#\/schema\/person\/d9be4265364723f14ea8e0d56a1d38cd"},"headline":"Mon\u00e7\u00e3o vai prolongar ecopista do rio Minho","datePublished":"2018-11-02T13:16:34+00:00","dateModified":"2018-11-02T14:59:50+00:00","mainEntityOfPage":{"@id":"https:\/\/www.altominho.tv\/site\/2018\/11\/02\/moncao-vai-prolongar-ecopista-do-rio-minho\/"},"wordCount":480,"image":{"@id":"https:\/\/www.altominho.tv\/site\/2018\/11\/02\/moncao-vai-prolongar-ecopista-do-rio-minho\/#primaryimage"},"thumbnailUrl":"https:\/\/www.altominho.tv\/site\/wp-content\/uploads\/2018\/11\/ecopista-rio-minho-ola-vida.jpg","keywords":["Sociedade"],"articleSection":["Mon\u00e7\u00e3o"],"inLanguage":"pt-PT","copyrightYear":"2018","copyrightHolder":{"@id":"https:\/\/www.altominho.tv\/site\/#organization"}},{"@type":"WebPage","@id":"https:\/\/www.altominho.tv\/site\/2018\/11\/02\/moncao-vai-prolongar-ecopista-do-rio-minho\/","url":"https:\/\/www.altominho.tv\/site\/2018\/11\/02\/moncao-vai-prolongar-ecopista-do-rio-minho\/","name":"Mon\u00e7\u00e3o vai prolongar ecopista do rio Minho","isPartOf":{"@id":"https:\/\/www.altominho.tv\/site\/#website"},"primaryImageOfPage":{"@id":"https:\/\/www.altominho.tv\/site\/2018\/11\/02\/moncao-vai-prolongar-ecopista-do-rio-minho\/#primaryimage"},"image":{"@id":"https:\/\/www.altominho.tv\/site\/2018\/11\/02\/moncao-vai-prolongar-ecopista-do-rio-minho\/#primaryimage"},"thumbnailUrl":"https:\/\/www.altominho.tv\/site\/wp-content\/uploads\/2018\/11\/ecopista-rio-minho-ola-vida.jpg","datePublished":"2018-11-02T13:16:34+00:00","dateModified":"2018-11-02T14:59:50+00:00","author":{"@id":"https:\/\/www.altominho.tv\/site\/#\/schema\/person\/d9be4265364723f14ea8e0d56a1d38cd"},"breadcrumb":{"@id":"https:\/\/www.altominho.tv\/site\/2018\/11\/02\/moncao-vai-prolongar-ecopista-do-rio-minho\/#breadcrumb"},"inLanguage":"pt-PT","potentialAction":[{"@type":"ReadAction","target":["https:\/\/www.altominho.tv\/site\/2018\/11\/02\/moncao-vai-prolongar-ecopista-do-rio-minho\/"]}]},{"@type":"ImageObject","inLanguage":"pt-PT","@id":"https:\/\/www.altominho.tv\/site\/2018\/11\/02\/moncao-vai-prolongar-ecopista-do-rio-minho\/#primaryimage","url":"https:\/\/www.altominho.tv\/site\/wp-content\/uploads\/2018\/11\/ecopista-rio-minho-ola-vida.jpg","contentUrl":"https:\/\/www.altominho.tv\/site\/wp-content\/uploads\/2018\/11\/ecopista-rio-minho-ola-vida.jpg","width":1269,"height":846,"caption":"OL\u00c1 VIDA"},{"@type":"BreadcrumbList","@id":"https:\/\/www.altominho.tv\/site\/2018\/11\/02\/moncao-vai-prolongar-ecopista-do-rio-minho\/#breadcrumb","itemListElement":[{"@type":"ListItem","position":1,"name":"In\u00edcio","item":"https:\/\/www.altominho.tv\/site\/"},{"@type":"ListItem","position":2,"name":"Mon\u00e7\u00e3o vai prolongar ecopista do rio Minho"}]},{"@type":"WebSite","@id":"https:\/\/www.altominho.tv\/site\/#website","url":"https:\/\/www.altominho.tv\/site\/","name":"Altominho.tv","description":"A sua regi\u00e3o \u00e0 dist\u00e2ncia de um clique...","potentialAction":[{"@type":"SearchAction","target":{"@type":"EntryPoint","urlTemplate":"https:\/\/www.altominho.tv\/site\/?s={search_term_string}"},"query-input":{"@type":"PropertyValueSpecification","valueRequired":true,"valueName":"search_term_string"}}],"inLanguage":"pt-PT"},{"@type":"Person","@id":"https:\/\/www.altominho.tv\/site\/#\/schema\/person\/d9be4265364723f14ea8e0d56a1d38cd","name":"Andreia Ferreira","image":{"@type":"ImageObject","inLanguage":"pt-PT","@id":"https:\/\/www.altominho.tv\/site\/wp-content\/uploads\/2021\/01\/AndreiaFerreira-150x150.jpg","url":"https:\/\/www.altominho.tv\/site\/wp-content\/uploads\/2021\/01\/AndreiaFerreira-150x150.jpg","contentUrl":"https:\/\/www.altominho.tv\/site\/wp-content\/uploads\/2021\/01\/AndreiaFerreira-150x150.jpg","caption":"Andreia Ferreira"},"url":"https:\/\/www.altominho.tv\/site\/author\/andreiaferreira\/"}]}},"_links":{"self":[{"href":"https:\/\/www.altominho.tv\/site\/wp-json\/wp\/v2\/posts\/20233","targetHints":{"allow":["GET"]}}],"collection":[{"href":"https:\/\/www.altominho.tv\/site\/wp-json\/wp\/v2\/posts"}],"about":[{"href":"https:\/\/www.altominho.tv\/site\/wp-json\/wp\/v2\/types\/post"}],"author":[{"embeddable":true,"href":"https:\/\/www.altominho.tv\/site\/wp-json\/wp\/v2\/users\/12"}],"replies":[{"embeddable":true,"href":"https:\/\/www.altominho.tv\/site\/wp-json\/wp\/v2\/comments?post=20233"}],"version-history":[{"count":0,"href":"https:\/\/www.altominho.tv\/site\/wp-json\/wp\/v2\/posts\/20233\/revisions"}],"wp:featuredmedia":[{"embeddable":true,"href":"https:\/\/www.altominho.tv\/site\/wp-json\/wp\/v2\/media\/20243"}],"wp:attachment":[{"href":"https:\/\/www.altominho.tv\/site\/wp-json\/wp\/v2\/media?parent=20233"}],"wp:term":[{"taxonomy":"category","embeddable":true,"href":"https:\/\/www.altominho.tv\/site\/wp-json\/wp\/v2\/categories?post=20233"},{"taxonomy":"post_tag","embeddable":true,"href":"https:\/\/www.altominho.tv\/site\/wp-json\/wp\/v2\/tags?post=20233"}],"curies":[{"name":"wp","href":"https:\/\/api.w.org\/{rel}","templated":true}]}}