{"id":20197,"date":"2018-10-31T19:43:31","date_gmt":"2018-10-31T19:43:31","guid":{"rendered":"http:\/\/www.altominho.tv\/site\/?p=20197"},"modified":"2018-10-31T19:43:31","modified_gmt":"2018-10-31T19:43:31","slug":"exposicao-teatro-do-noroeste-cdv-25-anos-de-1-a-30-de-novembro","status":"publish","type":"post","link":"https:\/\/www.altominho.tv\/site\/2018\/10\/31\/exposicao-teatro-do-noroeste-cdv-25-anos-de-1-a-30-de-novembro\/","title":{"rendered":"Exposi\u00e7\u00e3o \u201cTeatro do Noroeste \u2013 Cdv 25 Anos\u201d de 1 a 30 de novembro"},"content":{"rendered":"<p>No m\u00eas de novembro, est\u00e1 patente a Exposi\u00e7\u00e3o comemorativa \u201cTeatro do Noroeste \u2013 Cdv 25 Anos\u201d.<\/p>\n<p>O Teatro Municipal S\u00e1 de Miranda, em Viana do Castelo, \u00e9 o local que acolhe esta exposi\u00e7\u00e3o.<\/p>\n<p>O Teatro do Noroeste foi criado em Outubro de 1991, apresentando-se como Companhia residente do Teatro Municipal S\u00e1 de Miranda, pela primeira vez, a 6 de Dezembro do mesmo ano, com a pe\u00e7a Amor de D. Perlimplim com Belisa em seu Jardim, de Federico Garcia Lorca.<\/p>\n<p>Uma exposi\u00e7\u00e3o para ver de 1 a 30 de novembro.<\/p>\n","protected":false},"excerpt":{"rendered":"<p>No m\u00eas de novembro, est\u00e1 patente a Exposi\u00e7\u00e3o comemorativa \u201cTeatro do Noroeste \u2013 Cdv 25 Anos\u201d. O Teatro Municipal S\u00e1 de Miranda, em Viana do Castelo, \u00e9 o local que acolhe esta exposi\u00e7\u00e3o. O Teatro do Noroeste foi criado em Outubro de 1991, apresentando-se como Companhia residente do Teatro Municipal S\u00e1 de Miranda, pela primeira [&hellip;]<\/p>\n","protected":false},"author":7,"featured_media":20198,"comment_status":"closed","ping_status":"closed","sticky":false,"template":"","format":"standard","meta":{"_exactmetrics_skip_tracking":false,"_exactmetrics_sitenote_active":false,"_exactmetrics_sitenote_note":"","_exactmetrics_sitenote_category":0,"footnotes":""},"categories":[14],"tags":[19,24],"class_list":["post-20197","post","type-post","status-publish","format-standard","has-post-thumbnail","hentry","category-viana-do-castelo","tag-cultura","tag-lazer"],"yoast_head":"<!-- This site is optimized with the Yoast SEO Premium plugin v27.4 (Yoast SEO v27.4) - https:\/\/yoast.com\/product\/yoast-seo-premium-wordpress\/ -->\n<title>Exposi\u00e7\u00e3o \u201cTeatro do Noroeste \u2013 Cdv 25 Anos\u201d de 1 a 30 de novembro<\/title>\n<meta name=\"robots\" content=\"index, follow, max-snippet:-1, max-image-preview:large, max-video-preview:-1\" \/>\n<link rel=\"canonical\" href=\"https:\/\/www.altominho.tv\/site\/2018\/10\/31\/exposicao-teatro-do-noroeste-cdv-25-anos-de-1-a-30-de-novembro\/\" \/>\n<meta property=\"og:locale\" content=\"pt_PT\" \/>\n<meta property=\"og:type\" content=\"article\" \/>\n<meta property=\"og:title\" content=\"Exposi\u00e7\u00e3o \u201cTeatro do Noroeste \u2013 Cdv 25 Anos\u201d de 1 a 30 de novembro\" \/>\n<meta property=\"og:description\" content=\"No m\u00eas de novembro, est\u00e1 patente a Exposi\u00e7\u00e3o comemorativa \u201cTeatro do Noroeste \u2013 Cdv 25 Anos\u201d. O Teatro Municipal S\u00e1 de Miranda, em Viana do Castelo, \u00e9 o local que acolhe esta exposi\u00e7\u00e3o. O Teatro do Noroeste foi criado em Outubro de 1991, apresentando-se como Companhia residente do Teatro Municipal S\u00e1 de Miranda, pela primeira [&hellip;]\" \/>\n<meta property=\"og:url\" content=\"https:\/\/www.altominho.tv\/site\/2018\/10\/31\/exposicao-teatro-do-noroeste-cdv-25-anos-de-1-a-30-de-novembro\/\" \/>\n<meta property=\"og:site_name\" content=\"Altominho.tv\" \/>\n<meta property=\"article:publisher\" content=\"https:\/\/www.facebook.com\/altominhotv\" \/>\n<meta property=\"article:published_time\" content=\"2018-10-31T19:43:31+00:00\" \/>\n<meta property=\"og:image\" content=\"https:\/\/www.altominho.tv\/site\/wp-content\/uploads\/2018\/10\/viana1.jpg\" \/>\n\t<meta property=\"og:image:width\" content=\"378\" \/>\n\t<meta property=\"og:image:height\" content=\"252\" \/>\n\t<meta property=\"og:image:type\" content=\"image\/jpeg\" \/>\n<meta name=\"author\" content=\"Andreia Cunha\" \/>\n<meta name=\"twitter:card\" content=\"summary_large_image\" \/>\n<meta name=\"twitter:creator\" content=\"@altominhoTV\" \/>\n<meta name=\"twitter:site\" content=\"@altominhoTV\" \/>\n<meta name=\"twitter:label1\" content=\"Escrito por\" \/>\n\t<meta name=\"twitter:data1\" content=\"Andreia Cunha\" \/>\n<script type=\"application\/ld+json\" class=\"yoast-schema-graph\">{\"@context\":\"https:\\\/\\\/schema.org\",\"@graph\":[{\"@type\":\"Article\",\"@id\":\"https:\\\/\\\/www.altominho.tv\\\/site\\\/2018\\\/10\\\/31\\\/exposicao-teatro-do-noroeste-cdv-25-anos-de-1-a-30-de-novembro\\\/#article\",\"isPartOf\":{\"@id\":\"https:\\\/\\\/www.altominho.tv\\\/site\\\/2018\\\/10\\\/31\\\/exposicao-teatro-do-noroeste-cdv-25-anos-de-1-a-30-de-novembro\\\/\"},\"author\":{\"name\":\"Andreia Cunha\",\"@id\":\"https:\\\/\\\/www.altominho.tv\\\/site\\\/#\\\/schema\\\/person\\\/a0e4ef6d041f98ca284393d8f1d97153\"},\"headline\":\"Exposi\u00e7\u00e3o \u201cTeatro do Noroeste \u2013 Cdv 25 Anos\u201d de 1 a 30 de novembro\",\"datePublished\":\"2018-10-31T19:43:31+00:00\",\"mainEntityOfPage\":{\"@id\":\"https:\\\/\\\/www.altominho.tv\\\/site\\\/2018\\\/10\\\/31\\\/exposicao-teatro-do-noroeste-cdv-25-anos-de-1-a-30-de-novembro\\\/\"},\"wordCount\":98,\"image\":{\"@id\":\"https:\\\/\\\/www.altominho.tv\\\/site\\\/2018\\\/10\\\/31\\\/exposicao-teatro-do-noroeste-cdv-25-anos-de-1-a-30-de-novembro\\\/#primaryimage\"},\"thumbnailUrl\":\"https:\\\/\\\/www.altominho.tv\\\/site\\\/wp-content\\\/uploads\\\/2018\\\/10\\\/viana1.jpg\",\"keywords\":[\"Cultura\",\"Lazer\"],\"articleSection\":[\"Viana do Castelo\"],\"inLanguage\":\"pt-PT\",\"copyrightYear\":\"2018\",\"copyrightHolder\":{\"@id\":\"https:\\\/\\\/www.altominho.tv\\\/site\\\/#organization\"}},{\"@type\":\"WebPage\",\"@id\":\"https:\\\/\\\/www.altominho.tv\\\/site\\\/2018\\\/10\\\/31\\\/exposicao-teatro-do-noroeste-cdv-25-anos-de-1-a-30-de-novembro\\\/\",\"url\":\"https:\\\/\\\/www.altominho.tv\\\/site\\\/2018\\\/10\\\/31\\\/exposicao-teatro-do-noroeste-cdv-25-anos-de-1-a-30-de-novembro\\\/\",\"name\":\"Exposi\u00e7\u00e3o \u201cTeatro do Noroeste \u2013 Cdv 25 Anos\u201d de 1 a 30 de novembro\",\"isPartOf\":{\"@id\":\"https:\\\/\\\/www.altominho.tv\\\/site\\\/#website\"},\"primaryImageOfPage\":{\"@id\":\"https:\\\/\\\/www.altominho.tv\\\/site\\\/2018\\\/10\\\/31\\\/exposicao-teatro-do-noroeste-cdv-25-anos-de-1-a-30-de-novembro\\\/#primaryimage\"},\"image\":{\"@id\":\"https:\\\/\\\/www.altominho.tv\\\/site\\\/2018\\\/10\\\/31\\\/exposicao-teatro-do-noroeste-cdv-25-anos-de-1-a-30-de-novembro\\\/#primaryimage\"},\"thumbnailUrl\":\"https:\\\/\\\/www.altominho.tv\\\/site\\\/wp-content\\\/uploads\\\/2018\\\/10\\\/viana1.jpg\",\"datePublished\":\"2018-10-31T19:43:31+00:00\",\"author\":{\"@id\":\"https:\\\/\\\/www.altominho.tv\\\/site\\\/#\\\/schema\\\/person\\\/a0e4ef6d041f98ca284393d8f1d97153\"},\"breadcrumb\":{\"@id\":\"https:\\\/\\\/www.altominho.tv\\\/site\\\/2018\\\/10\\\/31\\\/exposicao-teatro-do-noroeste-cdv-25-anos-de-1-a-30-de-novembro\\\/#breadcrumb\"},\"inLanguage\":\"pt-PT\",\"potentialAction\":[{\"@type\":\"ReadAction\",\"target\":[\"https:\\\/\\\/www.altominho.tv\\\/site\\\/2018\\\/10\\\/31\\\/exposicao-teatro-do-noroeste-cdv-25-anos-de-1-a-30-de-novembro\\\/\"]}]},{\"@type\":\"ImageObject\",\"inLanguage\":\"pt-PT\",\"@id\":\"https:\\\/\\\/www.altominho.tv\\\/site\\\/2018\\\/10\\\/31\\\/exposicao-teatro-do-noroeste-cdv-25-anos-de-1-a-30-de-novembro\\\/#primaryimage\",\"url\":\"https:\\\/\\\/www.altominho.tv\\\/site\\\/wp-content\\\/uploads\\\/2018\\\/10\\\/viana1.jpg\",\"contentUrl\":\"https:\\\/\\\/www.altominho.tv\\\/site\\\/wp-content\\\/uploads\\\/2018\\\/10\\\/viana1.jpg\",\"width\":378,\"height\":252},{\"@type\":\"BreadcrumbList\",\"@id\":\"https:\\\/\\\/www.altominho.tv\\\/site\\\/2018\\\/10\\\/31\\\/exposicao-teatro-do-noroeste-cdv-25-anos-de-1-a-30-de-novembro\\\/#breadcrumb\",\"itemListElement\":[{\"@type\":\"ListItem\",\"position\":1,\"name\":\"In\u00edcio\",\"item\":\"https:\\\/\\\/www.altominho.tv\\\/site\\\/\"},{\"@type\":\"ListItem\",\"position\":2,\"name\":\"Exposi\u00e7\u00e3o \u201cTeatro do Noroeste \u2013 Cdv 25 Anos\u201d de 1 a 30 de novembro\"}]},{\"@type\":\"WebSite\",\"@id\":\"https:\\\/\\\/www.altominho.tv\\\/site\\\/#website\",\"url\":\"https:\\\/\\\/www.altominho.tv\\\/site\\\/\",\"name\":\"Altominho.tv\",\"description\":\"A sua regi\u00e3o \u00e0 dist\u00e2ncia de um clique...\",\"potentialAction\":[{\"@type\":\"SearchAction\",\"target\":{\"@type\":\"EntryPoint\",\"urlTemplate\":\"https:\\\/\\\/www.altominho.tv\\\/site\\\/?s={search_term_string}\"},\"query-input\":{\"@type\":\"PropertyValueSpecification\",\"valueRequired\":true,\"valueName\":\"search_term_string\"}}],\"inLanguage\":\"pt-PT\"},{\"@type\":\"Person\",\"@id\":\"https:\\\/\\\/www.altominho.tv\\\/site\\\/#\\\/schema\\\/person\\\/a0e4ef6d041f98ca284393d8f1d97153\",\"name\":\"Andreia Cunha\",\"image\":{\"@type\":\"ImageObject\",\"inLanguage\":\"pt-PT\",\"@id\":\"https:\\\/\\\/www.altominho.tv\\\/site\\\/wp-content\\\/uploads\\\/2017\\\/11\\\/Andreia_Cunha-1-150x150.jpg\",\"url\":\"https:\\\/\\\/www.altominho.tv\\\/site\\\/wp-content\\\/uploads\\\/2017\\\/11\\\/Andreia_Cunha-1-150x150.jpg\",\"contentUrl\":\"https:\\\/\\\/www.altominho.tv\\\/site\\\/wp-content\\\/uploads\\\/2017\\\/11\\\/Andreia_Cunha-1-150x150.jpg\",\"caption\":\"Andreia Cunha\"},\"url\":\"https:\\\/\\\/www.altominho.tv\\\/site\\\/author\\\/andreiacunha\\\/\"}]}<\/script>\n<!-- \/ Yoast SEO Premium plugin. -->","yoast_head_json":{"title":"Exposi\u00e7\u00e3o \u201cTeatro do Noroeste \u2013 Cdv 25 Anos\u201d de 1 a 30 de novembro","robots":{"index":"index","follow":"follow","max-snippet":"max-snippet:-1","max-image-preview":"max-image-preview:large","max-video-preview":"max-video-preview:-1"},"canonical":"https:\/\/www.altominho.tv\/site\/2018\/10\/31\/exposicao-teatro-do-noroeste-cdv-25-anos-de-1-a-30-de-novembro\/","og_locale":"pt_PT","og_type":"article","og_title":"Exposi\u00e7\u00e3o \u201cTeatro do Noroeste \u2013 Cdv 25 Anos\u201d de 1 a 30 de novembro","og_description":"No m\u00eas de novembro, est\u00e1 patente a Exposi\u00e7\u00e3o comemorativa \u201cTeatro do Noroeste \u2013 Cdv 25 Anos\u201d. O Teatro Municipal S\u00e1 de Miranda, em Viana do Castelo, \u00e9 o local que acolhe esta exposi\u00e7\u00e3o. O Teatro do Noroeste foi criado em Outubro de 1991, apresentando-se como Companhia residente do Teatro Municipal S\u00e1 de Miranda, pela primeira [&hellip;]","og_url":"https:\/\/www.altominho.tv\/site\/2018\/10\/31\/exposicao-teatro-do-noroeste-cdv-25-anos-de-1-a-30-de-novembro\/","og_site_name":"Altominho.tv","article_publisher":"https:\/\/www.facebook.com\/altominhotv","article_published_time":"2018-10-31T19:43:31+00:00","og_image":[{"width":378,"height":252,"url":"https:\/\/www.altominho.tv\/site\/wp-content\/uploads\/2018\/10\/viana1.jpg","type":"image\/jpeg"}],"author":"Andreia Cunha","twitter_card":"summary_large_image","twitter_creator":"@altominhoTV","twitter_site":"@altominhoTV","twitter_misc":{"Escrito por":"Andreia Cunha"},"schema":{"@context":"https:\/\/schema.org","@graph":[{"@type":"Article","@id":"https:\/\/www.altominho.tv\/site\/2018\/10\/31\/exposicao-teatro-do-noroeste-cdv-25-anos-de-1-a-30-de-novembro\/#article","isPartOf":{"@id":"https:\/\/www.altominho.tv\/site\/2018\/10\/31\/exposicao-teatro-do-noroeste-cdv-25-anos-de-1-a-30-de-novembro\/"},"author":{"name":"Andreia Cunha","@id":"https:\/\/www.altominho.tv\/site\/#\/schema\/person\/a0e4ef6d041f98ca284393d8f1d97153"},"headline":"Exposi\u00e7\u00e3o \u201cTeatro do Noroeste \u2013 Cdv 25 Anos\u201d de 1 a 30 de novembro","datePublished":"2018-10-31T19:43:31+00:00","mainEntityOfPage":{"@id":"https:\/\/www.altominho.tv\/site\/2018\/10\/31\/exposicao-teatro-do-noroeste-cdv-25-anos-de-1-a-30-de-novembro\/"},"wordCount":98,"image":{"@id":"https:\/\/www.altominho.tv\/site\/2018\/10\/31\/exposicao-teatro-do-noroeste-cdv-25-anos-de-1-a-30-de-novembro\/#primaryimage"},"thumbnailUrl":"https:\/\/www.altominho.tv\/site\/wp-content\/uploads\/2018\/10\/viana1.jpg","keywords":["Cultura","Lazer"],"articleSection":["Viana do Castelo"],"inLanguage":"pt-PT","copyrightYear":"2018","copyrightHolder":{"@id":"https:\/\/www.altominho.tv\/site\/#organization"}},{"@type":"WebPage","@id":"https:\/\/www.altominho.tv\/site\/2018\/10\/31\/exposicao-teatro-do-noroeste-cdv-25-anos-de-1-a-30-de-novembro\/","url":"https:\/\/www.altominho.tv\/site\/2018\/10\/31\/exposicao-teatro-do-noroeste-cdv-25-anos-de-1-a-30-de-novembro\/","name":"Exposi\u00e7\u00e3o \u201cTeatro do Noroeste \u2013 Cdv 25 Anos\u201d de 1 a 30 de novembro","isPartOf":{"@id":"https:\/\/www.altominho.tv\/site\/#website"},"primaryImageOfPage":{"@id":"https:\/\/www.altominho.tv\/site\/2018\/10\/31\/exposicao-teatro-do-noroeste-cdv-25-anos-de-1-a-30-de-novembro\/#primaryimage"},"image":{"@id":"https:\/\/www.altominho.tv\/site\/2018\/10\/31\/exposicao-teatro-do-noroeste-cdv-25-anos-de-1-a-30-de-novembro\/#primaryimage"},"thumbnailUrl":"https:\/\/www.altominho.tv\/site\/wp-content\/uploads\/2018\/10\/viana1.jpg","datePublished":"2018-10-31T19:43:31+00:00","author":{"@id":"https:\/\/www.altominho.tv\/site\/#\/schema\/person\/a0e4ef6d041f98ca284393d8f1d97153"},"breadcrumb":{"@id":"https:\/\/www.altominho.tv\/site\/2018\/10\/31\/exposicao-teatro-do-noroeste-cdv-25-anos-de-1-a-30-de-novembro\/#breadcrumb"},"inLanguage":"pt-PT","potentialAction":[{"@type":"ReadAction","target":["https:\/\/www.altominho.tv\/site\/2018\/10\/31\/exposicao-teatro-do-noroeste-cdv-25-anos-de-1-a-30-de-novembro\/"]}]},{"@type":"ImageObject","inLanguage":"pt-PT","@id":"https:\/\/www.altominho.tv\/site\/2018\/10\/31\/exposicao-teatro-do-noroeste-cdv-25-anos-de-1-a-30-de-novembro\/#primaryimage","url":"https:\/\/www.altominho.tv\/site\/wp-content\/uploads\/2018\/10\/viana1.jpg","contentUrl":"https:\/\/www.altominho.tv\/site\/wp-content\/uploads\/2018\/10\/viana1.jpg","width":378,"height":252},{"@type":"BreadcrumbList","@id":"https:\/\/www.altominho.tv\/site\/2018\/10\/31\/exposicao-teatro-do-noroeste-cdv-25-anos-de-1-a-30-de-novembro\/#breadcrumb","itemListElement":[{"@type":"ListItem","position":1,"name":"In\u00edcio","item":"https:\/\/www.altominho.tv\/site\/"},{"@type":"ListItem","position":2,"name":"Exposi\u00e7\u00e3o \u201cTeatro do Noroeste \u2013 Cdv 25 Anos\u201d de 1 a 30 de novembro"}]},{"@type":"WebSite","@id":"https:\/\/www.altominho.tv\/site\/#website","url":"https:\/\/www.altominho.tv\/site\/","name":"Altominho.tv","description":"A sua regi\u00e3o \u00e0 dist\u00e2ncia de um clique...","potentialAction":[{"@type":"SearchAction","target":{"@type":"EntryPoint","urlTemplate":"https:\/\/www.altominho.tv\/site\/?s={search_term_string}"},"query-input":{"@type":"PropertyValueSpecification","valueRequired":true,"valueName":"search_term_string"}}],"inLanguage":"pt-PT"},{"@type":"Person","@id":"https:\/\/www.altominho.tv\/site\/#\/schema\/person\/a0e4ef6d041f98ca284393d8f1d97153","name":"Andreia Cunha","image":{"@type":"ImageObject","inLanguage":"pt-PT","@id":"https:\/\/www.altominho.tv\/site\/wp-content\/uploads\/2017\/11\/Andreia_Cunha-1-150x150.jpg","url":"https:\/\/www.altominho.tv\/site\/wp-content\/uploads\/2017\/11\/Andreia_Cunha-1-150x150.jpg","contentUrl":"https:\/\/www.altominho.tv\/site\/wp-content\/uploads\/2017\/11\/Andreia_Cunha-1-150x150.jpg","caption":"Andreia Cunha"},"url":"https:\/\/www.altominho.tv\/site\/author\/andreiacunha\/"}]}},"_links":{"self":[{"href":"https:\/\/www.altominho.tv\/site\/wp-json\/wp\/v2\/posts\/20197","targetHints":{"allow":["GET"]}}],"collection":[{"href":"https:\/\/www.altominho.tv\/site\/wp-json\/wp\/v2\/posts"}],"about":[{"href":"https:\/\/www.altominho.tv\/site\/wp-json\/wp\/v2\/types\/post"}],"author":[{"embeddable":true,"href":"https:\/\/www.altominho.tv\/site\/wp-json\/wp\/v2\/users\/7"}],"replies":[{"embeddable":true,"href":"https:\/\/www.altominho.tv\/site\/wp-json\/wp\/v2\/comments?post=20197"}],"version-history":[{"count":0,"href":"https:\/\/www.altominho.tv\/site\/wp-json\/wp\/v2\/posts\/20197\/revisions"}],"wp:featuredmedia":[{"embeddable":true,"href":"https:\/\/www.altominho.tv\/site\/wp-json\/wp\/v2\/media\/20198"}],"wp:attachment":[{"href":"https:\/\/www.altominho.tv\/site\/wp-json\/wp\/v2\/media?parent=20197"}],"wp:term":[{"taxonomy":"category","embeddable":true,"href":"https:\/\/www.altominho.tv\/site\/wp-json\/wp\/v2\/categories?post=20197"},{"taxonomy":"post_tag","embeddable":true,"href":"https:\/\/www.altominho.tv\/site\/wp-json\/wp\/v2\/tags?post=20197"}],"curies":[{"name":"wp","href":"https:\/\/api.w.org\/{rel}","templated":true}]}}