{"id":19623,"date":"2018-10-16T11:36:48","date_gmt":"2018-10-16T10:36:48","guid":{"rendered":"http:\/\/www.altominho.tv\/site\/?p=19623"},"modified":"2018-10-16T11:36:48","modified_gmt":"2018-10-16T10:36:48","slug":"moncao-acolhe-caminhada-mais-assombrada-do-ano","status":"publish","type":"post","link":"https:\/\/www.altominho.tv\/site\/2018\/10\/16\/moncao-acolhe-caminhada-mais-assombrada-do-ano\/","title":{"rendered":"Mon\u00e7\u00e3o acolhe &#8220;caminhada mais assombrada do ano&#8221;"},"content":{"rendered":"<p>Em plena noite de Halloween, a vila de Mon\u00e7\u00e3o acolhe a &#8220;caminhada mais assombrada do ano&#8221;.<\/p>\n<p>Se foi um dos &#8220;azarados&#8221; que n\u00e3o conseguiu participar nas edi\u00e7\u00f5es anteriores, este ano tem novamente oportunidade de participar numa caminhada, de cerca de 12km, com in\u00edcio pelas 20h, na Pra\u00e7a Deu-la-Deu.<\/p>\n<p>&#8220;As almas penadas, os esp\u00edritos desassossegados e as meigas andam \u00e0 solta e vagueiam pelos locais meio ermos do monte&#8221;.<\/p>\n<p>Uma caminhada &#8220;assombrada&#8221;, onde se ir\u00e3o reviver lendas, e que promete, ao mesmo tempo, muita anima\u00e7\u00e3o.<\/p>\n<p>A organiza\u00e7\u00e3o aconselha os participantes a levar roupa e cal\u00e7ado confort\u00e1vel, um agasalho e uma lanterna.<\/p>\n<p>O pre\u00e7o por participante \u00e9 de 10\u20ac, e inclui seguro, refor\u00e7o, brinde, queimada e transporte de regresso.<\/p>\n","protected":false},"excerpt":{"rendered":"<p>Em plena noite de Halloween, a vila de Mon\u00e7\u00e3o acolhe a &#8220;caminhada mais assombrada do ano&#8221;. Se foi um dos &#8220;azarados&#8221; que n\u00e3o conseguiu participar nas edi\u00e7\u00f5es anteriores, este ano tem novamente oportunidade de participar numa caminhada, de cerca de 12km, com in\u00edcio pelas 20h, na Pra\u00e7a Deu-la-Deu. &#8220;As almas penadas, os esp\u00edritos desassossegados e [&hellip;]<\/p>\n","protected":false},"author":7,"featured_media":19624,"comment_status":"closed","ping_status":"closed","sticky":false,"template":"","format":"standard","meta":{"_exactmetrics_skip_tracking":false,"footnotes":""},"categories":[9],"tags":[24,27],"class_list":["post-19623","post","type-post","status-publish","format-standard","has-post-thumbnail","hentry","category-moncao","tag-lazer","tag-sociedade"],"yoast_head":"<!-- This site is optimized with the Yoast SEO Premium plugin v28.3 (Yoast SEO v28.3) - https:\/\/yoast.com\/product\/yoast-seo-premium-wordpress\/ -->\n<title>Mon\u00e7\u00e3o acolhe &quot;caminhada mais assombrada do ano&quot;<\/title>\n<meta name=\"robots\" content=\"index, follow, max-snippet:-1, max-image-preview:large, max-video-preview:-1\" \/>\n<link rel=\"canonical\" href=\"https:\/\/www.altominho.tv\/site\/2018\/10\/16\/moncao-acolhe-caminhada-mais-assombrada-do-ano\/\" \/>\n<meta property=\"og:locale\" content=\"pt_PT\" \/>\n<meta property=\"og:type\" content=\"article\" \/>\n<meta property=\"og:title\" content=\"Mon\u00e7\u00e3o acolhe &quot;caminhada mais assombrada do ano&quot;\" \/>\n<meta property=\"og:description\" content=\"Em plena noite de Halloween, a vila de Mon\u00e7\u00e3o acolhe a &#8220;caminhada mais assombrada do ano&#8221;. Se foi um dos &#8220;azarados&#8221; que n\u00e3o conseguiu participar nas edi\u00e7\u00f5es anteriores, este ano tem novamente oportunidade de participar numa caminhada, de cerca de 12km, com in\u00edcio pelas 20h, na Pra\u00e7a Deu-la-Deu. &#8220;As almas penadas, os esp\u00edritos desassossegados e [&hellip;]\" \/>\n<meta property=\"og:url\" content=\"https:\/\/www.altominho.tv\/site\/2018\/10\/16\/moncao-acolhe-caminhada-mais-assombrada-do-ano\/\" \/>\n<meta property=\"og:site_name\" content=\"Altominho.tv\" \/>\n<meta property=\"article:publisher\" content=\"https:\/\/www.facebook.com\/altominhotv\" \/>\n<meta property=\"article:published_time\" content=\"2018-10-16T10:36:48+00:00\" \/>\n<meta property=\"og:image\" content=\"https:\/\/www.altominho.tv\/site\/wp-content\/uploads\/2018\/10\/halloween.jpg\" \/>\n\t<meta property=\"og:image:width\" content=\"900\" \/>\n\t<meta property=\"og:image:height\" content=\"691\" \/>\n\t<meta property=\"og:image:type\" content=\"image\/jpeg\" \/>\n<meta name=\"author\" content=\"Andreia Cunha\" \/>\n<meta name=\"twitter:card\" content=\"summary_large_image\" \/>\n<meta name=\"twitter:creator\" content=\"@altominhoTV\" \/>\n<meta name=\"twitter:site\" content=\"@altominhoTV\" \/>\n<meta name=\"twitter:label1\" content=\"Escrito por\" \/>\n\t<meta name=\"twitter:data1\" content=\"Andreia Cunha\" \/>\n\t<meta name=\"twitter:label2\" content=\"Tempo estimado de leitura\" \/>\n\t<meta name=\"twitter:data2\" content=\"1 minuto\" \/>\n<script type=\"application\/ld+json\" class=\"yoast-schema-graph\">{\"@context\":\"https:\\\/\\\/schema.org\",\"@graph\":[{\"@type\":\"Article\",\"@id\":\"https:\\\/\\\/www.altominho.tv\\\/site\\\/2018\\\/10\\\/16\\\/moncao-acolhe-caminhada-mais-assombrada-do-ano\\\/#article\",\"isPartOf\":{\"@id\":\"https:\\\/\\\/www.altominho.tv\\\/site\\\/2018\\\/10\\\/16\\\/moncao-acolhe-caminhada-mais-assombrada-do-ano\\\/\"},\"author\":{\"name\":\"Andreia Cunha\",\"@id\":\"https:\\\/\\\/www.altominho.tv\\\/site\\\/#\\\/schema\\\/person\\\/a0e4ef6d041f98ca284393d8f1d97153\"},\"headline\":\"Mon\u00e7\u00e3o acolhe &#8220;caminhada mais assombrada do ano&#8221;\",\"datePublished\":\"2018-10-16T10:36:48+00:00\",\"mainEntityOfPage\":{\"@id\":\"https:\\\/\\\/www.altominho.tv\\\/site\\\/2018\\\/10\\\/16\\\/moncao-acolhe-caminhada-mais-assombrada-do-ano\\\/\"},\"wordCount\":135,\"image\":{\"@id\":\"https:\\\/\\\/www.altominho.tv\\\/site\\\/2018\\\/10\\\/16\\\/moncao-acolhe-caminhada-mais-assombrada-do-ano\\\/#primaryimage\"},\"thumbnailUrl\":\"https:\\\/\\\/www.altominho.tv\\\/site\\\/wp-content\\\/uploads\\\/2018\\\/10\\\/halloween.jpg\",\"keywords\":[\"Lazer\",\"Sociedade\"],\"articleSection\":[\"Mon\u00e7\u00e3o\"],\"inLanguage\":\"pt-PT\",\"copyrightYear\":\"2018\",\"copyrightHolder\":{\"@id\":\"https:\\\/\\\/www.altominho.tv\\\/site\\\/#organization\"}},{\"@type\":\"WebPage\",\"@id\":\"https:\\\/\\\/www.altominho.tv\\\/site\\\/2018\\\/10\\\/16\\\/moncao-acolhe-caminhada-mais-assombrada-do-ano\\\/\",\"url\":\"https:\\\/\\\/www.altominho.tv\\\/site\\\/2018\\\/10\\\/16\\\/moncao-acolhe-caminhada-mais-assombrada-do-ano\\\/\",\"name\":\"Mon\u00e7\u00e3o acolhe \\\"caminhada mais assombrada do ano\\\"\",\"isPartOf\":{\"@id\":\"https:\\\/\\\/www.altominho.tv\\\/site\\\/#website\"},\"primaryImageOfPage\":{\"@id\":\"https:\\\/\\\/www.altominho.tv\\\/site\\\/2018\\\/10\\\/16\\\/moncao-acolhe-caminhada-mais-assombrada-do-ano\\\/#primaryimage\"},\"image\":{\"@id\":\"https:\\\/\\\/www.altominho.tv\\\/site\\\/2018\\\/10\\\/16\\\/moncao-acolhe-caminhada-mais-assombrada-do-ano\\\/#primaryimage\"},\"thumbnailUrl\":\"https:\\\/\\\/www.altominho.tv\\\/site\\\/wp-content\\\/uploads\\\/2018\\\/10\\\/halloween.jpg\",\"datePublished\":\"2018-10-16T10:36:48+00:00\",\"author\":{\"@id\":\"https:\\\/\\\/www.altominho.tv\\\/site\\\/#\\\/schema\\\/person\\\/a0e4ef6d041f98ca284393d8f1d97153\"},\"breadcrumb\":{\"@id\":\"https:\\\/\\\/www.altominho.tv\\\/site\\\/2018\\\/10\\\/16\\\/moncao-acolhe-caminhada-mais-assombrada-do-ano\\\/#breadcrumb\"},\"inLanguage\":\"pt-PT\",\"potentialAction\":[{\"@type\":\"ReadAction\",\"target\":[\"https:\\\/\\\/www.altominho.tv\\\/site\\\/2018\\\/10\\\/16\\\/moncao-acolhe-caminhada-mais-assombrada-do-ano\\\/\"]}]},{\"@type\":\"ImageObject\",\"inLanguage\":\"pt-PT\",\"@id\":\"https:\\\/\\\/www.altominho.tv\\\/site\\\/2018\\\/10\\\/16\\\/moncao-acolhe-caminhada-mais-assombrada-do-ano\\\/#primaryimage\",\"url\":\"https:\\\/\\\/www.altominho.tv\\\/site\\\/wp-content\\\/uploads\\\/2018\\\/10\\\/halloween.jpg\",\"contentUrl\":\"https:\\\/\\\/www.altominho.tv\\\/site\\\/wp-content\\\/uploads\\\/2018\\\/10\\\/halloween.jpg\",\"width\":900,\"height\":691},{\"@type\":\"BreadcrumbList\",\"@id\":\"https:\\\/\\\/www.altominho.tv\\\/site\\\/2018\\\/10\\\/16\\\/moncao-acolhe-caminhada-mais-assombrada-do-ano\\\/#breadcrumb\",\"itemListElement\":[{\"@type\":\"ListItem\",\"position\":1,\"name\":\"In\u00edcio\",\"item\":\"https:\\\/\\\/www.altominho.tv\\\/site\\\/\"},{\"@type\":\"ListItem\",\"position\":2,\"name\":\"Mon\u00e7\u00e3o acolhe &#8220;caminhada mais assombrada do ano&#8221;\"}]},{\"@type\":\"WebSite\",\"@id\":\"https:\\\/\\\/www.altominho.tv\\\/site\\\/#website\",\"url\":\"https:\\\/\\\/www.altominho.tv\\\/site\\\/\",\"name\":\"Altominho.tv\",\"description\":\"A sua regi\u00e3o \u00e0 dist\u00e2ncia de um clique...\",\"potentialAction\":[{\"@type\":\"SearchAction\",\"target\":{\"@type\":\"EntryPoint\",\"urlTemplate\":\"https:\\\/\\\/www.altominho.tv\\\/site\\\/?s={search_term_string}\"},\"query-input\":{\"@type\":\"PropertyValueSpecification\",\"valueRequired\":true,\"valueName\":\"search_term_string\"}}],\"inLanguage\":\"pt-PT\"},{\"@type\":\"Person\",\"@id\":\"https:\\\/\\\/www.altominho.tv\\\/site\\\/#\\\/schema\\\/person\\\/a0e4ef6d041f98ca284393d8f1d97153\",\"name\":\"Andreia Cunha\",\"image\":{\"@type\":\"ImageObject\",\"inLanguage\":\"pt-PT\",\"@id\":\"https:\\\/\\\/www.altominho.tv\\\/site\\\/wp-content\\\/uploads\\\/2017\\\/11\\\/Andreia_Cunha-1-150x150.jpg\",\"url\":\"https:\\\/\\\/www.altominho.tv\\\/site\\\/wp-content\\\/uploads\\\/2017\\\/11\\\/Andreia_Cunha-1-150x150.jpg\",\"contentUrl\":\"https:\\\/\\\/www.altominho.tv\\\/site\\\/wp-content\\\/uploads\\\/2017\\\/11\\\/Andreia_Cunha-1-150x150.jpg\",\"caption\":\"Andreia Cunha\"},\"url\":\"https:\\\/\\\/www.altominho.tv\\\/site\\\/author\\\/andreiacunha\\\/\"}]}<\/script>\n<!-- \/ Yoast SEO Premium plugin. -->","yoast_head_json":{"title":"Mon\u00e7\u00e3o acolhe \"caminhada mais assombrada do ano\"","robots":{"index":"index","follow":"follow","max-snippet":"max-snippet:-1","max-image-preview":"max-image-preview:large","max-video-preview":"max-video-preview:-1"},"canonical":"https:\/\/www.altominho.tv\/site\/2018\/10\/16\/moncao-acolhe-caminhada-mais-assombrada-do-ano\/","og_locale":"pt_PT","og_type":"article","og_title":"Mon\u00e7\u00e3o acolhe \"caminhada mais assombrada do ano\"","og_description":"Em plena noite de Halloween, a vila de Mon\u00e7\u00e3o acolhe a &#8220;caminhada mais assombrada do ano&#8221;. Se foi um dos &#8220;azarados&#8221; que n\u00e3o conseguiu participar nas edi\u00e7\u00f5es anteriores, este ano tem novamente oportunidade de participar numa caminhada, de cerca de 12km, com in\u00edcio pelas 20h, na Pra\u00e7a Deu-la-Deu. &#8220;As almas penadas, os esp\u00edritos desassossegados e [&hellip;]","og_url":"https:\/\/www.altominho.tv\/site\/2018\/10\/16\/moncao-acolhe-caminhada-mais-assombrada-do-ano\/","og_site_name":"Altominho.tv","article_publisher":"https:\/\/www.facebook.com\/altominhotv","article_published_time":"2018-10-16T10:36:48+00:00","og_image":[{"width":900,"height":691,"url":"https:\/\/www.altominho.tv\/site\/wp-content\/uploads\/2018\/10\/halloween.jpg","type":"image\/jpeg"}],"author":"Andreia Cunha","twitter_card":"summary_large_image","twitter_creator":"@altominhoTV","twitter_site":"@altominhoTV","twitter_misc":{"Escrito por":"Andreia Cunha","Tempo estimado de leitura":"1 minuto"},"schema":{"@context":"https:\/\/schema.org","@graph":[{"@type":"Article","@id":"https:\/\/www.altominho.tv\/site\/2018\/10\/16\/moncao-acolhe-caminhada-mais-assombrada-do-ano\/#article","isPartOf":{"@id":"https:\/\/www.altominho.tv\/site\/2018\/10\/16\/moncao-acolhe-caminhada-mais-assombrada-do-ano\/"},"author":{"name":"Andreia Cunha","@id":"https:\/\/www.altominho.tv\/site\/#\/schema\/person\/a0e4ef6d041f98ca284393d8f1d97153"},"headline":"Mon\u00e7\u00e3o acolhe &#8220;caminhada mais assombrada do ano&#8221;","datePublished":"2018-10-16T10:36:48+00:00","mainEntityOfPage":{"@id":"https:\/\/www.altominho.tv\/site\/2018\/10\/16\/moncao-acolhe-caminhada-mais-assombrada-do-ano\/"},"wordCount":135,"image":{"@id":"https:\/\/www.altominho.tv\/site\/2018\/10\/16\/moncao-acolhe-caminhada-mais-assombrada-do-ano\/#primaryimage"},"thumbnailUrl":"https:\/\/www.altominho.tv\/site\/wp-content\/uploads\/2018\/10\/halloween.jpg","keywords":["Lazer","Sociedade"],"articleSection":["Mon\u00e7\u00e3o"],"inLanguage":"pt-PT","copyrightYear":"2018","copyrightHolder":{"@id":"https:\/\/www.altominho.tv\/site\/#organization"}},{"@type":"WebPage","@id":"https:\/\/www.altominho.tv\/site\/2018\/10\/16\/moncao-acolhe-caminhada-mais-assombrada-do-ano\/","url":"https:\/\/www.altominho.tv\/site\/2018\/10\/16\/moncao-acolhe-caminhada-mais-assombrada-do-ano\/","name":"Mon\u00e7\u00e3o acolhe \"caminhada mais assombrada do ano\"","isPartOf":{"@id":"https:\/\/www.altominho.tv\/site\/#website"},"primaryImageOfPage":{"@id":"https:\/\/www.altominho.tv\/site\/2018\/10\/16\/moncao-acolhe-caminhada-mais-assombrada-do-ano\/#primaryimage"},"image":{"@id":"https:\/\/www.altominho.tv\/site\/2018\/10\/16\/moncao-acolhe-caminhada-mais-assombrada-do-ano\/#primaryimage"},"thumbnailUrl":"https:\/\/www.altominho.tv\/site\/wp-content\/uploads\/2018\/10\/halloween.jpg","datePublished":"2018-10-16T10:36:48+00:00","author":{"@id":"https:\/\/www.altominho.tv\/site\/#\/schema\/person\/a0e4ef6d041f98ca284393d8f1d97153"},"breadcrumb":{"@id":"https:\/\/www.altominho.tv\/site\/2018\/10\/16\/moncao-acolhe-caminhada-mais-assombrada-do-ano\/#breadcrumb"},"inLanguage":"pt-PT","potentialAction":[{"@type":"ReadAction","target":["https:\/\/www.altominho.tv\/site\/2018\/10\/16\/moncao-acolhe-caminhada-mais-assombrada-do-ano\/"]}]},{"@type":"ImageObject","inLanguage":"pt-PT","@id":"https:\/\/www.altominho.tv\/site\/2018\/10\/16\/moncao-acolhe-caminhada-mais-assombrada-do-ano\/#primaryimage","url":"https:\/\/www.altominho.tv\/site\/wp-content\/uploads\/2018\/10\/halloween.jpg","contentUrl":"https:\/\/www.altominho.tv\/site\/wp-content\/uploads\/2018\/10\/halloween.jpg","width":900,"height":691},{"@type":"BreadcrumbList","@id":"https:\/\/www.altominho.tv\/site\/2018\/10\/16\/moncao-acolhe-caminhada-mais-assombrada-do-ano\/#breadcrumb","itemListElement":[{"@type":"ListItem","position":1,"name":"In\u00edcio","item":"https:\/\/www.altominho.tv\/site\/"},{"@type":"ListItem","position":2,"name":"Mon\u00e7\u00e3o acolhe &#8220;caminhada mais assombrada do ano&#8221;"}]},{"@type":"WebSite","@id":"https:\/\/www.altominho.tv\/site\/#website","url":"https:\/\/www.altominho.tv\/site\/","name":"Altominho.tv","description":"A sua regi\u00e3o \u00e0 dist\u00e2ncia de um clique...","potentialAction":[{"@type":"SearchAction","target":{"@type":"EntryPoint","urlTemplate":"https:\/\/www.altominho.tv\/site\/?s={search_term_string}"},"query-input":{"@type":"PropertyValueSpecification","valueRequired":true,"valueName":"search_term_string"}}],"inLanguage":"pt-PT"},{"@type":"Person","@id":"https:\/\/www.altominho.tv\/site\/#\/schema\/person\/a0e4ef6d041f98ca284393d8f1d97153","name":"Andreia Cunha","image":{"@type":"ImageObject","inLanguage":"pt-PT","@id":"https:\/\/www.altominho.tv\/site\/wp-content\/uploads\/2017\/11\/Andreia_Cunha-1-150x150.jpg","url":"https:\/\/www.altominho.tv\/site\/wp-content\/uploads\/2017\/11\/Andreia_Cunha-1-150x150.jpg","contentUrl":"https:\/\/www.altominho.tv\/site\/wp-content\/uploads\/2017\/11\/Andreia_Cunha-1-150x150.jpg","caption":"Andreia Cunha"},"url":"https:\/\/www.altominho.tv\/site\/author\/andreiacunha\/"}]}},"_links":{"self":[{"href":"https:\/\/www.altominho.tv\/site\/wp-json\/wp\/v2\/posts\/19623","targetHints":{"allow":["GET"]}}],"collection":[{"href":"https:\/\/www.altominho.tv\/site\/wp-json\/wp\/v2\/posts"}],"about":[{"href":"https:\/\/www.altominho.tv\/site\/wp-json\/wp\/v2\/types\/post"}],"author":[{"embeddable":true,"href":"https:\/\/www.altominho.tv\/site\/wp-json\/wp\/v2\/users\/7"}],"replies":[{"embeddable":true,"href":"https:\/\/www.altominho.tv\/site\/wp-json\/wp\/v2\/comments?post=19623"}],"version-history":[{"count":0,"href":"https:\/\/www.altominho.tv\/site\/wp-json\/wp\/v2\/posts\/19623\/revisions"}],"wp:featuredmedia":[{"embeddable":true,"href":"https:\/\/www.altominho.tv\/site\/wp-json\/wp\/v2\/media\/19624"}],"wp:attachment":[{"href":"https:\/\/www.altominho.tv\/site\/wp-json\/wp\/v2\/media?parent=19623"}],"wp:term":[{"taxonomy":"category","embeddable":true,"href":"https:\/\/www.altominho.tv\/site\/wp-json\/wp\/v2\/categories?post=19623"},{"taxonomy":"post_tag","embeddable":true,"href":"https:\/\/www.altominho.tv\/site\/wp-json\/wp\/v2\/tags?post=19623"}],"curies":[{"name":"wp","href":"https:\/\/api.w.org\/{rel}","templated":true}]}}