{"id":19256,"date":"2018-10-03T12:51:33","date_gmt":"2018-10-03T11:51:33","guid":{"rendered":"http:\/\/www.altominho.tv\/site\/?p=19256"},"modified":"2018-10-03T12:51:33","modified_gmt":"2018-10-03T11:51:33","slug":"rally-eurocidade-valenca-e-tui-regressa-a-12-e-13-de-outubro","status":"publish","type":"post","link":"https:\/\/www.altominho.tv\/site\/2018\/10\/03\/rally-eurocidade-valenca-e-tui-regressa-a-12-e-13-de-outubro\/","title":{"rendered":"Rally Eurocidade Valen\u00e7a e Tui regressa a 12 e 13 de Outubro"},"content":{"rendered":"<p>A terceira edi\u00e7\u00e3o do Rally Eurocidade Valen\u00e7a e Tui vai realizar-se nos dias 12 e 13 de outubro, num percurso de 71,68 quil\u00f3metros pelos concelhos de Valen\u00e7a, Paredes de Coura e Vila Nova de Cerveira.<\/p>\n<p>As verifica\u00e7\u00f5es t\u00e9cnicas v\u00e3o decorrer na sexta-feira, dia 12, pelas 20h30, no parque envolvente aos Bombeiros Volunt\u00e1rios de Valen\u00e7a.<\/p>\n<p>A prova tem in\u00edcio marcado para as 9h50, de 13 de outubro, no recinto do Campo da Feira de Valen\u00e7a,\u00a0ponto de concentra\u00e7\u00e3o de todas as equipas e pilotos participantes.<\/p>\n<p>A primeira sec\u00e7\u00e3o come\u00e7a em Gandra, \u00e0s 10h08, por cima da Igreja Paroquial e dirige-se depois para Tai\u00e3o e Gondelim (Cerdal), entrando em Paredes de Coura, por Venade at\u00e9 Mozelos.<\/p>\n<p>De Paredes de Coura segue o percurso da EN 301 at\u00e9 Agualonga onde deriva para a EN 201, apanhando outra vez a EN 301 por Covas, em Vila Nova de Cerveira, com passagem por France em dire\u00e7\u00e3o a Gondar\u00e9m. De seguida, os concorrentes encaminham-se para o reagrupamento no recinto do Campo da Feira de Valen\u00e7a.<\/p>\n<p>A segunda sec\u00e7\u00e3o come\u00e7a em Gandra, no mesmo local, \u00e0s 12h57, seguindo o mesmo percurso da primeira sec\u00e7\u00e3o.<\/p>\n<p>A organiza\u00e7\u00e3o garante que &#8220;os percursos est\u00e3o preparados para proporcionar grandes emo\u00e7\u00f5es e muita adrenalina nos tro\u00e7os de montanha, tanto aos pilotos como ao p\u00fablico&#8221;.<\/p>\n<p>Ao longo dos tr\u00eas concelhos &#8220;est\u00e3o identificados locais para o acompanhamento da prova&#8221;. J\u00e1 os\u00a0parques de assist\u00eancia e log\u00edstica estar\u00e3o localizados no Campo da Feira de Valen\u00e7a e os parques de reagrupamento de viaturas nas \u00e1reas envolventes ao Quartel dos Bombeiros Volunt\u00e1rios de Valen\u00e7a.<\/p>\n<p>A organiza\u00e7\u00e3o do evento est\u00e1 a cargo da Parallelvelocity e conta com o apoio da Eurocidade Tui Valen\u00e7a, dos munic\u00edpios de Valen\u00e7a, Paredes de Coura e Vila Nova de Cerveira e Escuderia Dona Urrraca.<\/p>\n","protected":false},"excerpt":{"rendered":"<p>A terceira edi\u00e7\u00e3o do Rally Eurocidade Valen\u00e7a e Tui vai realizar-se nos dias 12 e 13 de outubro, num percurso de 71,68 quil\u00f3metros pelos concelhos de Valen\u00e7a, Paredes de Coura e Vila Nova de Cerveira. As verifica\u00e7\u00f5es t\u00e9cnicas v\u00e3o decorrer na sexta-feira, dia 12, pelas 20h30, no parque envolvente aos Bombeiros Volunt\u00e1rios de Valen\u00e7a. A [&hellip;]<\/p>\n","protected":false},"author":12,"featured_media":19268,"comment_status":"closed","ping_status":"closed","sticky":false,"template":"","format":"standard","meta":{"_exactmetrics_skip_tracking":false,"footnotes":""},"categories":[13],"tags":[20],"class_list":["post-19256","post","type-post","status-publish","format-standard","has-post-thumbnail","hentry","category-valenca","tag-desporto"],"yoast_head":"<!-- This site is optimized with the Yoast SEO Premium plugin v28.3 (Yoast SEO v28.3) - https:\/\/yoast.com\/product\/yoast-seo-premium-wordpress\/ -->\n<title>Rally Eurocidade Valen\u00e7a e Tui regressa a 12 e 13 de Outubro<\/title>\n<meta name=\"robots\" content=\"index, follow, max-snippet:-1, max-image-preview:large, max-video-preview:-1\" \/>\n<link rel=\"canonical\" href=\"https:\/\/www.altominho.tv\/site\/2018\/10\/03\/rally-eurocidade-valenca-e-tui-regressa-a-12-e-13-de-outubro\/\" \/>\n<meta property=\"og:locale\" content=\"pt_PT\" \/>\n<meta property=\"og:type\" content=\"article\" \/>\n<meta property=\"og:title\" content=\"Rally Eurocidade Valen\u00e7a e Tui regressa a 12 e 13 de Outubro\" \/>\n<meta property=\"og:description\" content=\"A terceira edi\u00e7\u00e3o do Rally Eurocidade Valen\u00e7a e Tui vai realizar-se nos dias 12 e 13 de outubro, num percurso de 71,68 quil\u00f3metros pelos concelhos de Valen\u00e7a, Paredes de Coura e Vila Nova de Cerveira. As verifica\u00e7\u00f5es t\u00e9cnicas v\u00e3o decorrer na sexta-feira, dia 12, pelas 20h30, no parque envolvente aos Bombeiros Volunt\u00e1rios de Valen\u00e7a. A [&hellip;]\" \/>\n<meta property=\"og:url\" content=\"https:\/\/www.altominho.tv\/site\/2018\/10\/03\/rally-eurocidade-valenca-e-tui-regressa-a-12-e-13-de-outubro\/\" \/>\n<meta property=\"og:site_name\" content=\"Altominho.tv\" \/>\n<meta property=\"article:publisher\" content=\"https:\/\/www.facebook.com\/altominhotv\" \/>\n<meta property=\"article:published_time\" content=\"2018-10-03T11:51:33+00:00\" \/>\n<meta property=\"og:image\" content=\"https:\/\/www.altominho.tv\/site\/wp-content\/uploads\/2018\/10\/5120.jpg\" \/>\n\t<meta property=\"og:image:width\" content=\"800\" \/>\n\t<meta property=\"og:image:height\" content=\"600\" \/>\n\t<meta property=\"og:image:type\" content=\"image\/jpeg\" \/>\n<meta name=\"author\" content=\"Andreia Ferreira\" \/>\n<meta name=\"twitter:card\" content=\"summary_large_image\" \/>\n<meta name=\"twitter:creator\" content=\"@altominhoTV\" \/>\n<meta name=\"twitter:site\" content=\"@altominhoTV\" \/>\n<meta name=\"twitter:label1\" content=\"Escrito por\" \/>\n\t<meta name=\"twitter:data1\" content=\"Andreia Ferreira\" \/>\n\t<meta name=\"twitter:label2\" content=\"Tempo estimado de leitura\" \/>\n\t<meta name=\"twitter:data2\" content=\"2 minutos\" \/>\n<script type=\"application\/ld+json\" class=\"yoast-schema-graph\">{\"@context\":\"https:\\\/\\\/schema.org\",\"@graph\":[{\"@type\":\"Article\",\"@id\":\"https:\\\/\\\/www.altominho.tv\\\/site\\\/2018\\\/10\\\/03\\\/rally-eurocidade-valenca-e-tui-regressa-a-12-e-13-de-outubro\\\/#article\",\"isPartOf\":{\"@id\":\"https:\\\/\\\/www.altominho.tv\\\/site\\\/2018\\\/10\\\/03\\\/rally-eurocidade-valenca-e-tui-regressa-a-12-e-13-de-outubro\\\/\"},\"author\":{\"name\":\"Andreia Ferreira\",\"@id\":\"https:\\\/\\\/www.altominho.tv\\\/site\\\/#\\\/schema\\\/person\\\/d9be4265364723f14ea8e0d56a1d38cd\"},\"headline\":\"Rally Eurocidade Valen\u00e7a e Tui regressa a 12 e 13 de Outubro\",\"datePublished\":\"2018-10-03T11:51:33+00:00\",\"mainEntityOfPage\":{\"@id\":\"https:\\\/\\\/www.altominho.tv\\\/site\\\/2018\\\/10\\\/03\\\/rally-eurocidade-valenca-e-tui-regressa-a-12-e-13-de-outubro\\\/\"},\"wordCount\":332,\"image\":{\"@id\":\"https:\\\/\\\/www.altominho.tv\\\/site\\\/2018\\\/10\\\/03\\\/rally-eurocidade-valenca-e-tui-regressa-a-12-e-13-de-outubro\\\/#primaryimage\"},\"thumbnailUrl\":\"https:\\\/\\\/www.altominho.tv\\\/site\\\/wp-content\\\/uploads\\\/2018\\\/10\\\/5120.jpg\",\"keywords\":[\"Desporto\"],\"articleSection\":[\"Valen\u00e7a\"],\"inLanguage\":\"pt-PT\",\"copyrightYear\":\"2018\",\"copyrightHolder\":{\"@id\":\"https:\\\/\\\/www.altominho.tv\\\/site\\\/#organization\"}},{\"@type\":\"WebPage\",\"@id\":\"https:\\\/\\\/www.altominho.tv\\\/site\\\/2018\\\/10\\\/03\\\/rally-eurocidade-valenca-e-tui-regressa-a-12-e-13-de-outubro\\\/\",\"url\":\"https:\\\/\\\/www.altominho.tv\\\/site\\\/2018\\\/10\\\/03\\\/rally-eurocidade-valenca-e-tui-regressa-a-12-e-13-de-outubro\\\/\",\"name\":\"Rally Eurocidade Valen\u00e7a e Tui regressa a 12 e 13 de Outubro\",\"isPartOf\":{\"@id\":\"https:\\\/\\\/www.altominho.tv\\\/site\\\/#website\"},\"primaryImageOfPage\":{\"@id\":\"https:\\\/\\\/www.altominho.tv\\\/site\\\/2018\\\/10\\\/03\\\/rally-eurocidade-valenca-e-tui-regressa-a-12-e-13-de-outubro\\\/#primaryimage\"},\"image\":{\"@id\":\"https:\\\/\\\/www.altominho.tv\\\/site\\\/2018\\\/10\\\/03\\\/rally-eurocidade-valenca-e-tui-regressa-a-12-e-13-de-outubro\\\/#primaryimage\"},\"thumbnailUrl\":\"https:\\\/\\\/www.altominho.tv\\\/site\\\/wp-content\\\/uploads\\\/2018\\\/10\\\/5120.jpg\",\"datePublished\":\"2018-10-03T11:51:33+00:00\",\"author\":{\"@id\":\"https:\\\/\\\/www.altominho.tv\\\/site\\\/#\\\/schema\\\/person\\\/d9be4265364723f14ea8e0d56a1d38cd\"},\"breadcrumb\":{\"@id\":\"https:\\\/\\\/www.altominho.tv\\\/site\\\/2018\\\/10\\\/03\\\/rally-eurocidade-valenca-e-tui-regressa-a-12-e-13-de-outubro\\\/#breadcrumb\"},\"inLanguage\":\"pt-PT\",\"potentialAction\":[{\"@type\":\"ReadAction\",\"target\":[\"https:\\\/\\\/www.altominho.tv\\\/site\\\/2018\\\/10\\\/03\\\/rally-eurocidade-valenca-e-tui-regressa-a-12-e-13-de-outubro\\\/\"]}]},{\"@type\":\"ImageObject\",\"inLanguage\":\"pt-PT\",\"@id\":\"https:\\\/\\\/www.altominho.tv\\\/site\\\/2018\\\/10\\\/03\\\/rally-eurocidade-valenca-e-tui-regressa-a-12-e-13-de-outubro\\\/#primaryimage\",\"url\":\"https:\\\/\\\/www.altominho.tv\\\/site\\\/wp-content\\\/uploads\\\/2018\\\/10\\\/5120.jpg\",\"contentUrl\":\"https:\\\/\\\/www.altominho.tv\\\/site\\\/wp-content\\\/uploads\\\/2018\\\/10\\\/5120.jpg\",\"width\":800,\"height\":600},{\"@type\":\"BreadcrumbList\",\"@id\":\"https:\\\/\\\/www.altominho.tv\\\/site\\\/2018\\\/10\\\/03\\\/rally-eurocidade-valenca-e-tui-regressa-a-12-e-13-de-outubro\\\/#breadcrumb\",\"itemListElement\":[{\"@type\":\"ListItem\",\"position\":1,\"name\":\"In\u00edcio\",\"item\":\"https:\\\/\\\/www.altominho.tv\\\/site\\\/\"},{\"@type\":\"ListItem\",\"position\":2,\"name\":\"Rally Eurocidade Valen\u00e7a e Tui regressa a 12 e 13 de Outubro\"}]},{\"@type\":\"WebSite\",\"@id\":\"https:\\\/\\\/www.altominho.tv\\\/site\\\/#website\",\"url\":\"https:\\\/\\\/www.altominho.tv\\\/site\\\/\",\"name\":\"Altominho.tv\",\"description\":\"A sua regi\u00e3o \u00e0 dist\u00e2ncia de um clique...\",\"potentialAction\":[{\"@type\":\"SearchAction\",\"target\":{\"@type\":\"EntryPoint\",\"urlTemplate\":\"https:\\\/\\\/www.altominho.tv\\\/site\\\/?s={search_term_string}\"},\"query-input\":{\"@type\":\"PropertyValueSpecification\",\"valueRequired\":true,\"valueName\":\"search_term_string\"}}],\"inLanguage\":\"pt-PT\"},{\"@type\":\"Person\",\"@id\":\"https:\\\/\\\/www.altominho.tv\\\/site\\\/#\\\/schema\\\/person\\\/d9be4265364723f14ea8e0d56a1d38cd\",\"name\":\"Andreia Ferreira\",\"image\":{\"@type\":\"ImageObject\",\"inLanguage\":\"pt-PT\",\"@id\":\"https:\\\/\\\/www.altominho.tv\\\/site\\\/wp-content\\\/uploads\\\/2021\\\/01\\\/AndreiaFerreira-150x150.jpg\",\"url\":\"https:\\\/\\\/www.altominho.tv\\\/site\\\/wp-content\\\/uploads\\\/2021\\\/01\\\/AndreiaFerreira-150x150.jpg\",\"contentUrl\":\"https:\\\/\\\/www.altominho.tv\\\/site\\\/wp-content\\\/uploads\\\/2021\\\/01\\\/AndreiaFerreira-150x150.jpg\",\"caption\":\"Andreia Ferreira\"},\"url\":\"https:\\\/\\\/www.altominho.tv\\\/site\\\/author\\\/andreiaferreira\\\/\"}]}<\/script>\n<!-- \/ Yoast SEO Premium plugin. -->","yoast_head_json":{"title":"Rally Eurocidade Valen\u00e7a e Tui regressa a 12 e 13 de Outubro","robots":{"index":"index","follow":"follow","max-snippet":"max-snippet:-1","max-image-preview":"max-image-preview:large","max-video-preview":"max-video-preview:-1"},"canonical":"https:\/\/www.altominho.tv\/site\/2018\/10\/03\/rally-eurocidade-valenca-e-tui-regressa-a-12-e-13-de-outubro\/","og_locale":"pt_PT","og_type":"article","og_title":"Rally Eurocidade Valen\u00e7a e Tui regressa a 12 e 13 de Outubro","og_description":"A terceira edi\u00e7\u00e3o do Rally Eurocidade Valen\u00e7a e Tui vai realizar-se nos dias 12 e 13 de outubro, num percurso de 71,68 quil\u00f3metros pelos concelhos de Valen\u00e7a, Paredes de Coura e Vila Nova de Cerveira. As verifica\u00e7\u00f5es t\u00e9cnicas v\u00e3o decorrer na sexta-feira, dia 12, pelas 20h30, no parque envolvente aos Bombeiros Volunt\u00e1rios de Valen\u00e7a. A [&hellip;]","og_url":"https:\/\/www.altominho.tv\/site\/2018\/10\/03\/rally-eurocidade-valenca-e-tui-regressa-a-12-e-13-de-outubro\/","og_site_name":"Altominho.tv","article_publisher":"https:\/\/www.facebook.com\/altominhotv","article_published_time":"2018-10-03T11:51:33+00:00","og_image":[{"width":800,"height":600,"url":"https:\/\/www.altominho.tv\/site\/wp-content\/uploads\/2018\/10\/5120.jpg","type":"image\/jpeg"}],"author":"Andreia Ferreira","twitter_card":"summary_large_image","twitter_creator":"@altominhoTV","twitter_site":"@altominhoTV","twitter_misc":{"Escrito por":"Andreia Ferreira","Tempo estimado de leitura":"2 minutos"},"schema":{"@context":"https:\/\/schema.org","@graph":[{"@type":"Article","@id":"https:\/\/www.altominho.tv\/site\/2018\/10\/03\/rally-eurocidade-valenca-e-tui-regressa-a-12-e-13-de-outubro\/#article","isPartOf":{"@id":"https:\/\/www.altominho.tv\/site\/2018\/10\/03\/rally-eurocidade-valenca-e-tui-regressa-a-12-e-13-de-outubro\/"},"author":{"name":"Andreia Ferreira","@id":"https:\/\/www.altominho.tv\/site\/#\/schema\/person\/d9be4265364723f14ea8e0d56a1d38cd"},"headline":"Rally Eurocidade Valen\u00e7a e Tui regressa a 12 e 13 de Outubro","datePublished":"2018-10-03T11:51:33+00:00","mainEntityOfPage":{"@id":"https:\/\/www.altominho.tv\/site\/2018\/10\/03\/rally-eurocidade-valenca-e-tui-regressa-a-12-e-13-de-outubro\/"},"wordCount":332,"image":{"@id":"https:\/\/www.altominho.tv\/site\/2018\/10\/03\/rally-eurocidade-valenca-e-tui-regressa-a-12-e-13-de-outubro\/#primaryimage"},"thumbnailUrl":"https:\/\/www.altominho.tv\/site\/wp-content\/uploads\/2018\/10\/5120.jpg","keywords":["Desporto"],"articleSection":["Valen\u00e7a"],"inLanguage":"pt-PT","copyrightYear":"2018","copyrightHolder":{"@id":"https:\/\/www.altominho.tv\/site\/#organization"}},{"@type":"WebPage","@id":"https:\/\/www.altominho.tv\/site\/2018\/10\/03\/rally-eurocidade-valenca-e-tui-regressa-a-12-e-13-de-outubro\/","url":"https:\/\/www.altominho.tv\/site\/2018\/10\/03\/rally-eurocidade-valenca-e-tui-regressa-a-12-e-13-de-outubro\/","name":"Rally Eurocidade Valen\u00e7a e Tui regressa a 12 e 13 de Outubro","isPartOf":{"@id":"https:\/\/www.altominho.tv\/site\/#website"},"primaryImageOfPage":{"@id":"https:\/\/www.altominho.tv\/site\/2018\/10\/03\/rally-eurocidade-valenca-e-tui-regressa-a-12-e-13-de-outubro\/#primaryimage"},"image":{"@id":"https:\/\/www.altominho.tv\/site\/2018\/10\/03\/rally-eurocidade-valenca-e-tui-regressa-a-12-e-13-de-outubro\/#primaryimage"},"thumbnailUrl":"https:\/\/www.altominho.tv\/site\/wp-content\/uploads\/2018\/10\/5120.jpg","datePublished":"2018-10-03T11:51:33+00:00","author":{"@id":"https:\/\/www.altominho.tv\/site\/#\/schema\/person\/d9be4265364723f14ea8e0d56a1d38cd"},"breadcrumb":{"@id":"https:\/\/www.altominho.tv\/site\/2018\/10\/03\/rally-eurocidade-valenca-e-tui-regressa-a-12-e-13-de-outubro\/#breadcrumb"},"inLanguage":"pt-PT","potentialAction":[{"@type":"ReadAction","target":["https:\/\/www.altominho.tv\/site\/2018\/10\/03\/rally-eurocidade-valenca-e-tui-regressa-a-12-e-13-de-outubro\/"]}]},{"@type":"ImageObject","inLanguage":"pt-PT","@id":"https:\/\/www.altominho.tv\/site\/2018\/10\/03\/rally-eurocidade-valenca-e-tui-regressa-a-12-e-13-de-outubro\/#primaryimage","url":"https:\/\/www.altominho.tv\/site\/wp-content\/uploads\/2018\/10\/5120.jpg","contentUrl":"https:\/\/www.altominho.tv\/site\/wp-content\/uploads\/2018\/10\/5120.jpg","width":800,"height":600},{"@type":"BreadcrumbList","@id":"https:\/\/www.altominho.tv\/site\/2018\/10\/03\/rally-eurocidade-valenca-e-tui-regressa-a-12-e-13-de-outubro\/#breadcrumb","itemListElement":[{"@type":"ListItem","position":1,"name":"In\u00edcio","item":"https:\/\/www.altominho.tv\/site\/"},{"@type":"ListItem","position":2,"name":"Rally Eurocidade Valen\u00e7a e Tui regressa a 12 e 13 de Outubro"}]},{"@type":"WebSite","@id":"https:\/\/www.altominho.tv\/site\/#website","url":"https:\/\/www.altominho.tv\/site\/","name":"Altominho.tv","description":"A sua regi\u00e3o \u00e0 dist\u00e2ncia de um clique...","potentialAction":[{"@type":"SearchAction","target":{"@type":"EntryPoint","urlTemplate":"https:\/\/www.altominho.tv\/site\/?s={search_term_string}"},"query-input":{"@type":"PropertyValueSpecification","valueRequired":true,"valueName":"search_term_string"}}],"inLanguage":"pt-PT"},{"@type":"Person","@id":"https:\/\/www.altominho.tv\/site\/#\/schema\/person\/d9be4265364723f14ea8e0d56a1d38cd","name":"Andreia Ferreira","image":{"@type":"ImageObject","inLanguage":"pt-PT","@id":"https:\/\/www.altominho.tv\/site\/wp-content\/uploads\/2021\/01\/AndreiaFerreira-150x150.jpg","url":"https:\/\/www.altominho.tv\/site\/wp-content\/uploads\/2021\/01\/AndreiaFerreira-150x150.jpg","contentUrl":"https:\/\/www.altominho.tv\/site\/wp-content\/uploads\/2021\/01\/AndreiaFerreira-150x150.jpg","caption":"Andreia Ferreira"},"url":"https:\/\/www.altominho.tv\/site\/author\/andreiaferreira\/"}]}},"_links":{"self":[{"href":"https:\/\/www.altominho.tv\/site\/wp-json\/wp\/v2\/posts\/19256","targetHints":{"allow":["GET"]}}],"collection":[{"href":"https:\/\/www.altominho.tv\/site\/wp-json\/wp\/v2\/posts"}],"about":[{"href":"https:\/\/www.altominho.tv\/site\/wp-json\/wp\/v2\/types\/post"}],"author":[{"embeddable":true,"href":"https:\/\/www.altominho.tv\/site\/wp-json\/wp\/v2\/users\/12"}],"replies":[{"embeddable":true,"href":"https:\/\/www.altominho.tv\/site\/wp-json\/wp\/v2\/comments?post=19256"}],"version-history":[{"count":0,"href":"https:\/\/www.altominho.tv\/site\/wp-json\/wp\/v2\/posts\/19256\/revisions"}],"wp:featuredmedia":[{"embeddable":true,"href":"https:\/\/www.altominho.tv\/site\/wp-json\/wp\/v2\/media\/19268"}],"wp:attachment":[{"href":"https:\/\/www.altominho.tv\/site\/wp-json\/wp\/v2\/media?parent=19256"}],"wp:term":[{"taxonomy":"category","embeddable":true,"href":"https:\/\/www.altominho.tv\/site\/wp-json\/wp\/v2\/categories?post=19256"},{"taxonomy":"post_tag","embeddable":true,"href":"https:\/\/www.altominho.tv\/site\/wp-json\/wp\/v2\/tags?post=19256"}],"curies":[{"name":"wp","href":"https:\/\/api.w.org\/{rel}","templated":true}]}}