{"id":17657,"date":"2018-08-17T13:42:33","date_gmt":"2018-08-17T12:42:33","guid":{"rendered":"http:\/\/www.altominho.tv\/site\/?p=17657"},"modified":"2018-08-17T13:42:33","modified_gmt":"2018-08-17T12:42:33","slug":"investimento-de-mais-de-800-mil-euros-facilita-acessos-a-arcos-de-valdevez","status":"publish","type":"post","link":"https:\/\/www.altominho.tv\/site\/2018\/08\/17\/investimento-de-mais-de-800-mil-euros-facilita-acessos-a-arcos-de-valdevez\/","title":{"rendered":"Investimento de mais de 800 mil euros facilita acessos a Arcos de Valdevez"},"content":{"rendered":"<p>A C\u00e2mara de Arcos de Valdevez investiu 800 mil euros na requalifica\u00e7\u00e3o da estrada de entrada no concelho por Guilhadeses, uma empreitada que ser\u00e1 inaugurada no domingo e teve por objetivos melhorar aquele acesso, garantindo condi\u00e7\u00f5es de seguran\u00e7a rodovi\u00e1ria.<\/p>\n<p>&#8220;Foi um investimento suportado pelo C\u00e2mara Municipal. A candidatura a fundos comunit\u00e1rios ainda n\u00e3o foi aprovada e caso venha a ser garantido o financiamento ser\u00e1 inferior a 50%&#8221;, afirmou hoje \u00e0 ag\u00eancia Lusa o autarca Jo\u00e3o Manuel Esteves.<\/p>\n<p>A inaugura\u00e7\u00e3o daquela empreitada est\u00e1 marcada para domingo, pelas 11:00, junto \u00e0 antiga escola prim\u00e1ria de Guilhadeses.<\/p>\n<p>Segundo o autarca, trata-se de &#8220;um dos principais eixos de passagem da sede do concelho, que promove o acesso \u00e0s zonas habitacionais, empresariais, estabelecimentos de ensino e equipamentos sociais, localizados a sudoeste assim como a liga\u00e7\u00e3o a outros eixos vi\u00e1rios de grande import\u00e2ncia (IC28, EN101 e EN202)&#8221;.<\/p>\n<p>A obra, &#8220;necess\u00e1ria para melhorar a mobilidade urbana na entrada sudoeste da sede do concelho&#8221;, vem ainda garantir &#8220;condi\u00e7\u00f5es de seguran\u00e7a rodovi\u00e1rias e de conforto na circula\u00e7\u00e3o pedonal, ao tro\u00e7o de estrada nacional (EN) 202 entre a rotunda da Am\u00e1lia, em Guilhadeses, e a entrada para Cadorcas&#8221;.<\/p>\n<p>A empreitada &#8220;contemplou a constru\u00e7\u00e3o de passeios e passadeiras, de um corredor de circula\u00e7\u00e3o de veloc\u00edpedes, com liga\u00e7\u00e3o \u00e0 zona do centro c\u00edvico de Guilhadeses, at\u00e9 ao Campo da Feira&#8221;.<\/p>\n","protected":false},"excerpt":{"rendered":"<p>A C\u00e2mara de Arcos de Valdevez investiu 800 mil euros na requalifica\u00e7\u00e3o da estrada de entrada no concelho por Guilhadeses, uma empreitada que ser\u00e1 inaugurada no domingo e teve por objetivos melhorar aquele acesso, garantindo condi\u00e7\u00f5es de seguran\u00e7a rodovi\u00e1ria. &#8220;Foi um investimento suportado pelo C\u00e2mara Municipal. A candidatura a fundos comunit\u00e1rios ainda n\u00e3o foi aprovada [&hellip;]<\/p>\n","protected":false},"author":7,"featured_media":17658,"comment_status":"closed","ping_status":"closed","sticky":false,"template":"","format":"standard","meta":{"_exactmetrics_skip_tracking":false,"_exactmetrics_sitenote_active":false,"_exactmetrics_sitenote_note":"","_exactmetrics_sitenote_category":0,"footnotes":""},"categories":[2],"tags":[27],"class_list":["post-17657","post","type-post","status-publish","format-standard","has-post-thumbnail","hentry","category-arcos-de-valdevez","tag-sociedade"],"yoast_head":"<!-- This site is optimized with the Yoast SEO Premium plugin v27.5 (Yoast SEO v27.5) - https:\/\/yoast.com\/product\/yoast-seo-premium-wordpress\/ -->\n<title>Investimento de mais de 800 mil euros facilita acessos a Arcos de Valdevez<\/title>\n<meta name=\"robots\" content=\"index, follow, max-snippet:-1, max-image-preview:large, max-video-preview:-1\" \/>\n<link rel=\"canonical\" href=\"https:\/\/www.altominho.tv\/site\/2018\/08\/17\/investimento-de-mais-de-800-mil-euros-facilita-acessos-a-arcos-de-valdevez\/\" \/>\n<meta property=\"og:locale\" content=\"pt_PT\" \/>\n<meta property=\"og:type\" content=\"article\" \/>\n<meta property=\"og:title\" content=\"Investimento de mais de 800 mil euros facilita acessos a Arcos de Valdevez\" \/>\n<meta property=\"og:description\" content=\"A C\u00e2mara de Arcos de Valdevez investiu 800 mil euros na requalifica\u00e7\u00e3o da estrada de entrada no concelho por Guilhadeses, uma empreitada que ser\u00e1 inaugurada no domingo e teve por objetivos melhorar aquele acesso, garantindo condi\u00e7\u00f5es de seguran\u00e7a rodovi\u00e1ria. &#8220;Foi um investimento suportado pelo C\u00e2mara Municipal. A candidatura a fundos comunit\u00e1rios ainda n\u00e3o foi aprovada [&hellip;]\" \/>\n<meta property=\"og:url\" content=\"https:\/\/www.altominho.tv\/site\/2018\/08\/17\/investimento-de-mais-de-800-mil-euros-facilita-acessos-a-arcos-de-valdevez\/\" \/>\n<meta property=\"og:site_name\" content=\"Altominho.tv\" \/>\n<meta property=\"article:publisher\" content=\"https:\/\/www.facebook.com\/altominhotv\" \/>\n<meta property=\"article:published_time\" content=\"2018-08-17T12:42:33+00:00\" \/>\n<meta property=\"og:image\" content=\"https:\/\/www.altominho.tv\/site\/wp-content\/uploads\/2018\/08\/arcose.jpg\" \/>\n\t<meta property=\"og:image:width\" content=\"679\" \/>\n\t<meta property=\"og:image:height\" content=\"350\" \/>\n\t<meta property=\"og:image:type\" content=\"image\/jpeg\" \/>\n<meta name=\"author\" content=\"Andreia Cunha\" \/>\n<meta name=\"twitter:card\" content=\"summary_large_image\" \/>\n<meta name=\"twitter:creator\" content=\"@altominhoTV\" \/>\n<meta name=\"twitter:site\" content=\"@altominhoTV\" \/>\n<meta name=\"twitter:label1\" content=\"Escrito por\" \/>\n\t<meta name=\"twitter:data1\" content=\"Andreia Cunha\" \/>\n\t<meta name=\"twitter:label2\" content=\"Tempo estimado de leitura\" \/>\n\t<meta name=\"twitter:data2\" content=\"1 minuto\" \/>\n<script type=\"application\/ld+json\" class=\"yoast-schema-graph\">{\"@context\":\"https:\\\/\\\/schema.org\",\"@graph\":[{\"@type\":\"Article\",\"@id\":\"https:\\\/\\\/www.altominho.tv\\\/site\\\/2018\\\/08\\\/17\\\/investimento-de-mais-de-800-mil-euros-facilita-acessos-a-arcos-de-valdevez\\\/#article\",\"isPartOf\":{\"@id\":\"https:\\\/\\\/www.altominho.tv\\\/site\\\/2018\\\/08\\\/17\\\/investimento-de-mais-de-800-mil-euros-facilita-acessos-a-arcos-de-valdevez\\\/\"},\"author\":{\"name\":\"Andreia Cunha\",\"@id\":\"https:\\\/\\\/www.altominho.tv\\\/site\\\/#\\\/schema\\\/person\\\/a0e4ef6d041f98ca284393d8f1d97153\"},\"headline\":\"Investimento de mais de 800 mil euros facilita acessos a Arcos de Valdevez\",\"datePublished\":\"2018-08-17T12:42:33+00:00\",\"mainEntityOfPage\":{\"@id\":\"https:\\\/\\\/www.altominho.tv\\\/site\\\/2018\\\/08\\\/17\\\/investimento-de-mais-de-800-mil-euros-facilita-acessos-a-arcos-de-valdevez\\\/\"},\"wordCount\":250,\"image\":{\"@id\":\"https:\\\/\\\/www.altominho.tv\\\/site\\\/2018\\\/08\\\/17\\\/investimento-de-mais-de-800-mil-euros-facilita-acessos-a-arcos-de-valdevez\\\/#primaryimage\"},\"thumbnailUrl\":\"https:\\\/\\\/www.altominho.tv\\\/site\\\/wp-content\\\/uploads\\\/2018\\\/08\\\/arcose.jpg\",\"keywords\":[\"Sociedade\"],\"articleSection\":[\"Arcos de Valdevez\"],\"inLanguage\":\"pt-PT\",\"copyrightYear\":\"2018\",\"copyrightHolder\":{\"@id\":\"https:\\\/\\\/www.altominho.tv\\\/site\\\/#organization\"}},{\"@type\":\"WebPage\",\"@id\":\"https:\\\/\\\/www.altominho.tv\\\/site\\\/2018\\\/08\\\/17\\\/investimento-de-mais-de-800-mil-euros-facilita-acessos-a-arcos-de-valdevez\\\/\",\"url\":\"https:\\\/\\\/www.altominho.tv\\\/site\\\/2018\\\/08\\\/17\\\/investimento-de-mais-de-800-mil-euros-facilita-acessos-a-arcos-de-valdevez\\\/\",\"name\":\"Investimento de mais de 800 mil euros facilita acessos a Arcos de Valdevez\",\"isPartOf\":{\"@id\":\"https:\\\/\\\/www.altominho.tv\\\/site\\\/#website\"},\"primaryImageOfPage\":{\"@id\":\"https:\\\/\\\/www.altominho.tv\\\/site\\\/2018\\\/08\\\/17\\\/investimento-de-mais-de-800-mil-euros-facilita-acessos-a-arcos-de-valdevez\\\/#primaryimage\"},\"image\":{\"@id\":\"https:\\\/\\\/www.altominho.tv\\\/site\\\/2018\\\/08\\\/17\\\/investimento-de-mais-de-800-mil-euros-facilita-acessos-a-arcos-de-valdevez\\\/#primaryimage\"},\"thumbnailUrl\":\"https:\\\/\\\/www.altominho.tv\\\/site\\\/wp-content\\\/uploads\\\/2018\\\/08\\\/arcose.jpg\",\"datePublished\":\"2018-08-17T12:42:33+00:00\",\"author\":{\"@id\":\"https:\\\/\\\/www.altominho.tv\\\/site\\\/#\\\/schema\\\/person\\\/a0e4ef6d041f98ca284393d8f1d97153\"},\"breadcrumb\":{\"@id\":\"https:\\\/\\\/www.altominho.tv\\\/site\\\/2018\\\/08\\\/17\\\/investimento-de-mais-de-800-mil-euros-facilita-acessos-a-arcos-de-valdevez\\\/#breadcrumb\"},\"inLanguage\":\"pt-PT\",\"potentialAction\":[{\"@type\":\"ReadAction\",\"target\":[\"https:\\\/\\\/www.altominho.tv\\\/site\\\/2018\\\/08\\\/17\\\/investimento-de-mais-de-800-mil-euros-facilita-acessos-a-arcos-de-valdevez\\\/\"]}]},{\"@type\":\"ImageObject\",\"inLanguage\":\"pt-PT\",\"@id\":\"https:\\\/\\\/www.altominho.tv\\\/site\\\/2018\\\/08\\\/17\\\/investimento-de-mais-de-800-mil-euros-facilita-acessos-a-arcos-de-valdevez\\\/#primaryimage\",\"url\":\"https:\\\/\\\/www.altominho.tv\\\/site\\\/wp-content\\\/uploads\\\/2018\\\/08\\\/arcose.jpg\",\"contentUrl\":\"https:\\\/\\\/www.altominho.tv\\\/site\\\/wp-content\\\/uploads\\\/2018\\\/08\\\/arcose.jpg\",\"width\":679,\"height\":350},{\"@type\":\"BreadcrumbList\",\"@id\":\"https:\\\/\\\/www.altominho.tv\\\/site\\\/2018\\\/08\\\/17\\\/investimento-de-mais-de-800-mil-euros-facilita-acessos-a-arcos-de-valdevez\\\/#breadcrumb\",\"itemListElement\":[{\"@type\":\"ListItem\",\"position\":1,\"name\":\"In\u00edcio\",\"item\":\"https:\\\/\\\/www.altominho.tv\\\/site\\\/\"},{\"@type\":\"ListItem\",\"position\":2,\"name\":\"Investimento de mais de 800 mil euros facilita acessos a Arcos de Valdevez\"}]},{\"@type\":\"WebSite\",\"@id\":\"https:\\\/\\\/www.altominho.tv\\\/site\\\/#website\",\"url\":\"https:\\\/\\\/www.altominho.tv\\\/site\\\/\",\"name\":\"Altominho.tv\",\"description\":\"A sua regi\u00e3o \u00e0 dist\u00e2ncia de um clique...\",\"potentialAction\":[{\"@type\":\"SearchAction\",\"target\":{\"@type\":\"EntryPoint\",\"urlTemplate\":\"https:\\\/\\\/www.altominho.tv\\\/site\\\/?s={search_term_string}\"},\"query-input\":{\"@type\":\"PropertyValueSpecification\",\"valueRequired\":true,\"valueName\":\"search_term_string\"}}],\"inLanguage\":\"pt-PT\"},{\"@type\":\"Person\",\"@id\":\"https:\\\/\\\/www.altominho.tv\\\/site\\\/#\\\/schema\\\/person\\\/a0e4ef6d041f98ca284393d8f1d97153\",\"name\":\"Andreia Cunha\",\"image\":{\"@type\":\"ImageObject\",\"inLanguage\":\"pt-PT\",\"@id\":\"https:\\\/\\\/www.altominho.tv\\\/site\\\/wp-content\\\/uploads\\\/2017\\\/11\\\/Andreia_Cunha-1-150x150.jpg\",\"url\":\"https:\\\/\\\/www.altominho.tv\\\/site\\\/wp-content\\\/uploads\\\/2017\\\/11\\\/Andreia_Cunha-1-150x150.jpg\",\"contentUrl\":\"https:\\\/\\\/www.altominho.tv\\\/site\\\/wp-content\\\/uploads\\\/2017\\\/11\\\/Andreia_Cunha-1-150x150.jpg\",\"caption\":\"Andreia Cunha\"},\"url\":\"https:\\\/\\\/www.altominho.tv\\\/site\\\/author\\\/andreiacunha\\\/\"}]}<\/script>\n<!-- \/ Yoast SEO Premium plugin. -->","yoast_head_json":{"title":"Investimento de mais de 800 mil euros facilita acessos a Arcos de Valdevez","robots":{"index":"index","follow":"follow","max-snippet":"max-snippet:-1","max-image-preview":"max-image-preview:large","max-video-preview":"max-video-preview:-1"},"canonical":"https:\/\/www.altominho.tv\/site\/2018\/08\/17\/investimento-de-mais-de-800-mil-euros-facilita-acessos-a-arcos-de-valdevez\/","og_locale":"pt_PT","og_type":"article","og_title":"Investimento de mais de 800 mil euros facilita acessos a Arcos de Valdevez","og_description":"A C\u00e2mara de Arcos de Valdevez investiu 800 mil euros na requalifica\u00e7\u00e3o da estrada de entrada no concelho por Guilhadeses, uma empreitada que ser\u00e1 inaugurada no domingo e teve por objetivos melhorar aquele acesso, garantindo condi\u00e7\u00f5es de seguran\u00e7a rodovi\u00e1ria. &#8220;Foi um investimento suportado pelo C\u00e2mara Municipal. A candidatura a fundos comunit\u00e1rios ainda n\u00e3o foi aprovada [&hellip;]","og_url":"https:\/\/www.altominho.tv\/site\/2018\/08\/17\/investimento-de-mais-de-800-mil-euros-facilita-acessos-a-arcos-de-valdevez\/","og_site_name":"Altominho.tv","article_publisher":"https:\/\/www.facebook.com\/altominhotv","article_published_time":"2018-08-17T12:42:33+00:00","og_image":[{"width":679,"height":350,"url":"https:\/\/www.altominho.tv\/site\/wp-content\/uploads\/2018\/08\/arcose.jpg","type":"image\/jpeg"}],"author":"Andreia Cunha","twitter_card":"summary_large_image","twitter_creator":"@altominhoTV","twitter_site":"@altominhoTV","twitter_misc":{"Escrito por":"Andreia Cunha","Tempo estimado de leitura":"1 minuto"},"schema":{"@context":"https:\/\/schema.org","@graph":[{"@type":"Article","@id":"https:\/\/www.altominho.tv\/site\/2018\/08\/17\/investimento-de-mais-de-800-mil-euros-facilita-acessos-a-arcos-de-valdevez\/#article","isPartOf":{"@id":"https:\/\/www.altominho.tv\/site\/2018\/08\/17\/investimento-de-mais-de-800-mil-euros-facilita-acessos-a-arcos-de-valdevez\/"},"author":{"name":"Andreia Cunha","@id":"https:\/\/www.altominho.tv\/site\/#\/schema\/person\/a0e4ef6d041f98ca284393d8f1d97153"},"headline":"Investimento de mais de 800 mil euros facilita acessos a Arcos de Valdevez","datePublished":"2018-08-17T12:42:33+00:00","mainEntityOfPage":{"@id":"https:\/\/www.altominho.tv\/site\/2018\/08\/17\/investimento-de-mais-de-800-mil-euros-facilita-acessos-a-arcos-de-valdevez\/"},"wordCount":250,"image":{"@id":"https:\/\/www.altominho.tv\/site\/2018\/08\/17\/investimento-de-mais-de-800-mil-euros-facilita-acessos-a-arcos-de-valdevez\/#primaryimage"},"thumbnailUrl":"https:\/\/www.altominho.tv\/site\/wp-content\/uploads\/2018\/08\/arcose.jpg","keywords":["Sociedade"],"articleSection":["Arcos de Valdevez"],"inLanguage":"pt-PT","copyrightYear":"2018","copyrightHolder":{"@id":"https:\/\/www.altominho.tv\/site\/#organization"}},{"@type":"WebPage","@id":"https:\/\/www.altominho.tv\/site\/2018\/08\/17\/investimento-de-mais-de-800-mil-euros-facilita-acessos-a-arcos-de-valdevez\/","url":"https:\/\/www.altominho.tv\/site\/2018\/08\/17\/investimento-de-mais-de-800-mil-euros-facilita-acessos-a-arcos-de-valdevez\/","name":"Investimento de mais de 800 mil euros facilita acessos a Arcos de Valdevez","isPartOf":{"@id":"https:\/\/www.altominho.tv\/site\/#website"},"primaryImageOfPage":{"@id":"https:\/\/www.altominho.tv\/site\/2018\/08\/17\/investimento-de-mais-de-800-mil-euros-facilita-acessos-a-arcos-de-valdevez\/#primaryimage"},"image":{"@id":"https:\/\/www.altominho.tv\/site\/2018\/08\/17\/investimento-de-mais-de-800-mil-euros-facilita-acessos-a-arcos-de-valdevez\/#primaryimage"},"thumbnailUrl":"https:\/\/www.altominho.tv\/site\/wp-content\/uploads\/2018\/08\/arcose.jpg","datePublished":"2018-08-17T12:42:33+00:00","author":{"@id":"https:\/\/www.altominho.tv\/site\/#\/schema\/person\/a0e4ef6d041f98ca284393d8f1d97153"},"breadcrumb":{"@id":"https:\/\/www.altominho.tv\/site\/2018\/08\/17\/investimento-de-mais-de-800-mil-euros-facilita-acessos-a-arcos-de-valdevez\/#breadcrumb"},"inLanguage":"pt-PT","potentialAction":[{"@type":"ReadAction","target":["https:\/\/www.altominho.tv\/site\/2018\/08\/17\/investimento-de-mais-de-800-mil-euros-facilita-acessos-a-arcos-de-valdevez\/"]}]},{"@type":"ImageObject","inLanguage":"pt-PT","@id":"https:\/\/www.altominho.tv\/site\/2018\/08\/17\/investimento-de-mais-de-800-mil-euros-facilita-acessos-a-arcos-de-valdevez\/#primaryimage","url":"https:\/\/www.altominho.tv\/site\/wp-content\/uploads\/2018\/08\/arcose.jpg","contentUrl":"https:\/\/www.altominho.tv\/site\/wp-content\/uploads\/2018\/08\/arcose.jpg","width":679,"height":350},{"@type":"BreadcrumbList","@id":"https:\/\/www.altominho.tv\/site\/2018\/08\/17\/investimento-de-mais-de-800-mil-euros-facilita-acessos-a-arcos-de-valdevez\/#breadcrumb","itemListElement":[{"@type":"ListItem","position":1,"name":"In\u00edcio","item":"https:\/\/www.altominho.tv\/site\/"},{"@type":"ListItem","position":2,"name":"Investimento de mais de 800 mil euros facilita acessos a Arcos de Valdevez"}]},{"@type":"WebSite","@id":"https:\/\/www.altominho.tv\/site\/#website","url":"https:\/\/www.altominho.tv\/site\/","name":"Altominho.tv","description":"A sua regi\u00e3o \u00e0 dist\u00e2ncia de um clique...","potentialAction":[{"@type":"SearchAction","target":{"@type":"EntryPoint","urlTemplate":"https:\/\/www.altominho.tv\/site\/?s={search_term_string}"},"query-input":{"@type":"PropertyValueSpecification","valueRequired":true,"valueName":"search_term_string"}}],"inLanguage":"pt-PT"},{"@type":"Person","@id":"https:\/\/www.altominho.tv\/site\/#\/schema\/person\/a0e4ef6d041f98ca284393d8f1d97153","name":"Andreia Cunha","image":{"@type":"ImageObject","inLanguage":"pt-PT","@id":"https:\/\/www.altominho.tv\/site\/wp-content\/uploads\/2017\/11\/Andreia_Cunha-1-150x150.jpg","url":"https:\/\/www.altominho.tv\/site\/wp-content\/uploads\/2017\/11\/Andreia_Cunha-1-150x150.jpg","contentUrl":"https:\/\/www.altominho.tv\/site\/wp-content\/uploads\/2017\/11\/Andreia_Cunha-1-150x150.jpg","caption":"Andreia Cunha"},"url":"https:\/\/www.altominho.tv\/site\/author\/andreiacunha\/"}]}},"_links":{"self":[{"href":"https:\/\/www.altominho.tv\/site\/wp-json\/wp\/v2\/posts\/17657","targetHints":{"allow":["GET"]}}],"collection":[{"href":"https:\/\/www.altominho.tv\/site\/wp-json\/wp\/v2\/posts"}],"about":[{"href":"https:\/\/www.altominho.tv\/site\/wp-json\/wp\/v2\/types\/post"}],"author":[{"embeddable":true,"href":"https:\/\/www.altominho.tv\/site\/wp-json\/wp\/v2\/users\/7"}],"replies":[{"embeddable":true,"href":"https:\/\/www.altominho.tv\/site\/wp-json\/wp\/v2\/comments?post=17657"}],"version-history":[{"count":0,"href":"https:\/\/www.altominho.tv\/site\/wp-json\/wp\/v2\/posts\/17657\/revisions"}],"wp:featuredmedia":[{"embeddable":true,"href":"https:\/\/www.altominho.tv\/site\/wp-json\/wp\/v2\/media\/17658"}],"wp:attachment":[{"href":"https:\/\/www.altominho.tv\/site\/wp-json\/wp\/v2\/media?parent=17657"}],"wp:term":[{"taxonomy":"category","embeddable":true,"href":"https:\/\/www.altominho.tv\/site\/wp-json\/wp\/v2\/categories?post=17657"},{"taxonomy":"post_tag","embeddable":true,"href":"https:\/\/www.altominho.tv\/site\/wp-json\/wp\/v2\/tags?post=17657"}],"curies":[{"name":"wp","href":"https:\/\/api.w.org\/{rel}","templated":true}]}}